{"id":136113,"date":"2024-07-16T00:03:00","date_gmt":"2024-07-15T22:03:00","guid":{"rendered":"https:\/\/weisetech.dev\/fc-barcelona-noticias\/en\/surprising-decision-of-aubameyang-on-his-future_305472_102\/"},"modified":"2024-07-16T04:33:00","modified_gmt":"2024-07-16T02:33:00","slug":"surprising-decision-of-aubameyang-on-his-future_305472_102","status":"publish","type":"post","link":"https:\/\/www.fcbarcelonanoticias.com\/en\/transfers\/surprising-decision-of-aubameyang-on-his-future_305472_102.html","title":{"rendered":"Aubameyang&#8217;s surprising decision about his future"},"content":{"rendered":"<h2 class=\"wp-block-heading\">The former FC Barcelona player, Pierre-Emerick Aubameyang, could leave Olympique de Marseille despite the fact that his contract ends in 2026. While that happens, some Arab clubs could be interested in the footballer<\/h2>  \r\n<div class=\"article-addons\">\r\n    <a href=\"https:\/\/www.fcbarcelonanoticias.com\/en\/calendar-fc-barcelona.html\"\r\n       target=\"_self\"\r\n       title=\"Calendar of FC Barcelona\"\r\n       class=\"blue-gredient-btn\">\r\n       \r\n        Calendar of FC Barcelona    <\/a>\r\n<\/div>   <p>The footballer <strong>Pierre-Emerick Aubameyang was leading of the FC Barcelona during half season<\/strong>. In the market of winter of the season 2021-22, the forward decided to leave without effect his agreement with <a data-external=\"0\" data-intl-links-en=\"https:\/\/www.fcbarcelonanoticias.com\/en\/tags\/arsenal\" data-intl-links-es=\"https:\/\/www.fcbarcelonanoticias.com\/tags\/arsenal\" href=\"https:\/\/www.fcbarcelonanoticias.com\/en\/tags\/arsenal.html\" rel=\"follow\" target=\"_self\" title=\"Arsenal\">the Arsenal<\/a>. Later the attacker arrived free to the Barcelona entity when Xavi Hern\u00e1ndez began the task to improve the staff after the exit of Ronald Koeman.<\/p>  <p>On 20 March 2022, <strong>the player conquered to the fans cul\u00e9s after annotating 2 so many in the 4-0 in front of the Real Madrid, during the party contested in Santiago Bernab\u00e9u<\/strong>. However, the Bar\u00e7a finish traspasando to the gabon\u00e9s to Chelsea. In this moment, the team blaugrana was centred in the signing of a new goalkeeper:<a data-external=\"0\" data-intl-links-en=\"https:\/\/www.fcbarcelonanoticias.com\/en\/tags\/robert-lewandowski\" data-intl-links-es=\"https:\/\/www.fcbarcelonanoticias.com\/tags\/robert-lewandowski\" href=\"https:\/\/www.fcbarcelonanoticias.com\/en\/player\/robert-lewandowski.html\" rel=\"follow\" target=\"_self\" title=\"Robert Lewandowski\"> Robert Lewandowski<\/a>. Besides, the club was not crossing by a good moment to economic level.<\/p>  <p>At present, <strong>Aubameyang is one of the forwards of the Olympique of Marseilles and his agreement finalises on 30 June 2026<\/strong>. However, the footballer could leave, something that leaves in a position to complicated to &#8216;The Focenses&#8217;, since will have look for a replacement with a good performance. So much the directors of the team like the technical Roberto of Zerbi are conscious that his possible withdrawal would affect a lot to the staff.<\/p>  <h2>The clubs interested in the gabon\u00e9s<\/h2>  <p>As &#8216;Foot Mercato&#8217;, several clubs Saudis have interested in the profile of the attacker. The newspaper mentioned previously informed that <strong>in the To the-Shabab have showed a lot of interest in the exdelantero of the Bar\u00e7a<\/strong>. However, the Italian club where plays the gabon\u00e9s has not received any formal offer. In the same half, the journalist Guillaume Tarpi sustained that the forward could arrive to an agreement with another Arab team.<\/p>  <p>The communicator commented that<strong> Aubameyang would have decided to displace until Saudi Arabia after accepting the offer of the To the-Qadisiyah<\/strong>. In case to confirm this information, the decision of the player could call a lot the attention. It fits to remember that the attacker descart\u00f3 accept the millionaire offer that the Arabs put on the table when it signed with the Olympique of Marseilles.<\/p>  <p>&nbsp;<\/p> ","protected":false},"excerpt":{"rendered":"<p>The former FC Barcelona player, Pierre-Emerick Aubameyang, could leave Olympique de Marseille despite the fact that his contract ends in 2026. While that happens, some Arab clubs could be interested in the footballer The footballer Pierre-Emerick Aubameyang was leading of the FC Barcelona during half season. In the market of winter of the season 2021-22, [&hellip;]<\/p>\n","protected":false},"author":350,"featured_media":136116,"comment_status":"closed","ping_status":"open","sticky":false,"template":"","format":"standard","meta":{"_acf_changed":false,"inline_featured_image":false,"_nextfly_llmd_date_locked":false,"footnotes":""},"categories":[106,449],"tags":[230],"class_list":["post-136113","post","type-post","status-publish","format-standard","has-post-thumbnail","hentry","category-transfers","category-transfers-2","tag-aubameyang"],"acf":[],"yoast_head":"<!-- This site is optimized with the Yoast SEO plugin v27.3 - https:\/\/yoast.com\/product\/yoast-seo-wordpress\/ -->\n<title>Surprising decision of Aubameyang on his future<\/title>\n<meta name=\"description\" content=\"The exjugador of the FC Barcelona, Pierre-Emerick Aubameyang, could leave of the Olympique of Marseilles although his agreement finish in the year 2026. While this occurs, some Arab clubs could be moving interested by the footballer\" \/>\n<meta name=\"robots\" content=\"index, follow, max-snippet:-1, max-image-preview:large, max-video-preview:-1\" \/>\n<link rel=\"canonical\" href=\"https:\/\/www.fcbarcelonanoticias.com\/en\/transfers\/surprising-decision-of-aubameyang-on-his-future_305472_102.html\" \/>\n<meta property=\"og:locale\" content=\"en_US\" \/>\n<meta property=\"og:type\" content=\"article\" \/>\n<meta property=\"og:title\" content=\"Surprising decision of Aubameyang on his future\" \/>\n<meta property=\"og:description\" content=\"The exjugador of the FC Barcelona, Pierre-Emerick Aubameyang, could leave of the Olympique of Marseilles although his agreement finish in the year 2026. While this occurs, some Arab clubs could be moving interested by the footballer\" \/>\n<meta property=\"og:url\" content=\"https:\/\/www.fcbarcelonanoticias.com\/en\/transfers\/surprising-decision-of-aubameyang-on-his-future_305472_102.html\" \/>\n<meta property=\"og:site_name\" content=\"EN - FC Barcelona Noticias\" \/>\n<meta property=\"article:published_time\" content=\"2024-07-15T22:03:00+00:00\" \/>\n<meta property=\"article:modified_time\" content=\"2024-07-16T02:33:00+00:00\" \/>\n<meta property=\"og:image\" content=\"https:\/\/www.fcbarcelonanoticias.com\/en\/wp-content\/uploads\/sites\/2\/2024\/07\/aubameyang.gif\" \/>\n\t<meta property=\"og:image:width\" content=\"1300\" \/>\n\t<meta property=\"og:image:height\" content=\"733\" \/>\n\t<meta property=\"og:image:type\" content=\"image\/gif\" \/>\n<meta name=\"author\" content=\"Jes\u00fas Bol\u00edvar\" \/>\n<meta name=\"twitter:card\" content=\"summary_large_image\" \/>\n<meta name=\"twitter:label1\" content=\"Written by\" \/>\n\t<meta name=\"twitter:data1\" content=\"Jes\u00fas Bol\u00edvar\" \/>\n\t<meta name=\"twitter:label2\" content=\"Est. reading time\" \/>\n\t<meta name=\"twitter:data2\" content=\"2 minutes\" \/>\n<script type=\"application\/ld+json\" class=\"yoast-schema-graph\">{\"@context\":\"https:\\\/\\\/schema.org\",\"@graph\":[{\"@type\":\"Article\",\"@id\":\"https:\\\/\\\/www.fcbarcelonanoticias.com\\\/en\\\/transfers\\\/surprising-decision-of-aubameyang-on-his-future_305472_102.html#article\",\"isPartOf\":{\"@id\":\"https:\\\/\\\/www.fcbarcelonanoticias.com\\\/en\\\/transfers\\\/surprising-decision-of-aubameyang-on-his-future_305472_102.html\"},\"author\":{\"name\":\"Jes\u00fas Bol\u00edvar\",\"@id\":\"https:\\\/\\\/www.fcbarcelonanoticias.com\\\/en\\\/#\\\/schema\\\/person\\\/5dbbcfa0643340852c9294383c353679\"},\"headline\":\"Aubameyang&#8217;s surprising decision about his future\",\"datePublished\":\"2024-07-15T22:03:00+00:00\",\"dateModified\":\"2024-07-16T02:33:00+00:00\",\"mainEntityOfPage\":{\"@id\":\"https:\\\/\\\/www.fcbarcelonanoticias.com\\\/en\\\/transfers\\\/surprising-decision-of-aubameyang-on-his-future_305472_102.html\"},\"wordCount\":390,\"image\":{\"@id\":\"https:\\\/\\\/www.fcbarcelonanoticias.com\\\/en\\\/transfers\\\/surprising-decision-of-aubameyang-on-his-future_305472_102.html#primaryimage\"},\"thumbnailUrl\":\"https:\\\/\\\/www.fcbarcelonanoticias.com\\\/en\\\/wp-content\\\/uploads\\\/sites\\\/2\\\/2024\\\/07\\\/aubameyang.gif\",\"keywords\":[\"Aubameyang\"],\"articleSection\":[\"Transfers\",\"Transfers\"],\"inLanguage\":\"en-US\"},{\"@type\":\"WebPage\",\"@id\":\"https:\\\/\\\/www.fcbarcelonanoticias.com\\\/en\\\/transfers\\\/surprising-decision-of-aubameyang-on-his-future_305472_102.html\",\"url\":\"https:\\\/\\\/www.fcbarcelonanoticias.com\\\/en\\\/transfers\\\/surprising-decision-of-aubameyang-on-his-future_305472_102.html\",\"name\":\"Surprising decision of Aubameyang on his future\",\"isPartOf\":{\"@id\":\"https:\\\/\\\/www.fcbarcelonanoticias.com\\\/en\\\/#website\"},\"primaryImageOfPage\":{\"@id\":\"https:\\\/\\\/www.fcbarcelonanoticias.com\\\/en\\\/transfers\\\/surprising-decision-of-aubameyang-on-his-future_305472_102.html#primaryimage\"},\"image\":{\"@id\":\"https:\\\/\\\/www.fcbarcelonanoticias.com\\\/en\\\/transfers\\\/surprising-decision-of-aubameyang-on-his-future_305472_102.html#primaryimage\"},\"thumbnailUrl\":\"https:\\\/\\\/www.fcbarcelonanoticias.com\\\/en\\\/wp-content\\\/uploads\\\/sites\\\/2\\\/2024\\\/07\\\/aubameyang.gif\",\"datePublished\":\"2024-07-15T22:03:00+00:00\",\"dateModified\":\"2024-07-16T02:33:00+00:00\",\"author\":{\"@id\":\"https:\\\/\\\/www.fcbarcelonanoticias.com\\\/en\\\/#\\\/schema\\\/person\\\/5dbbcfa0643340852c9294383c353679\"},\"description\":\"The exjugador of the FC Barcelona, Pierre-Emerick Aubameyang, could leave of the Olympique of Marseilles although his agreement finish in the year 2026. While this occurs, some Arab clubs could be moving interested by the footballer\",\"breadcrumb\":{\"@id\":\"https:\\\/\\\/www.fcbarcelonanoticias.com\\\/en\\\/transfers\\\/surprising-decision-of-aubameyang-on-his-future_305472_102.html#breadcrumb\"},\"inLanguage\":\"en-US\",\"potentialAction\":[{\"@type\":\"ReadAction\",\"target\":[\"https:\\\/\\\/www.fcbarcelonanoticias.com\\\/en\\\/transfers\\\/surprising-decision-of-aubameyang-on-his-future_305472_102.html\"]}]},{\"@type\":\"ImageObject\",\"inLanguage\":\"en-US\",\"@id\":\"https:\\\/\\\/www.fcbarcelonanoticias.com\\\/en\\\/transfers\\\/surprising-decision-of-aubameyang-on-his-future_305472_102.html#primaryimage\",\"url\":\"https:\\\/\\\/www.fcbarcelonanoticias.com\\\/en\\\/wp-content\\\/uploads\\\/sites\\\/2\\\/2024\\\/07\\\/aubameyang.gif\",\"contentUrl\":\"https:\\\/\\\/www.fcbarcelonanoticias.com\\\/en\\\/wp-content\\\/uploads\\\/sites\\\/2\\\/2024\\\/07\\\/aubameyang.gif\",\"width\":1300,\"height\":733},{\"@type\":\"BreadcrumbList\",\"@id\":\"https:\\\/\\\/www.fcbarcelonanoticias.com\\\/en\\\/transfers\\\/surprising-decision-of-aubameyang-on-his-future_305472_102.html#breadcrumb\",\"itemListElement\":[{\"@type\":\"ListItem\",\"position\":1,\"name\":\"Portada\",\"item\":\"https:\\\/\\\/www.fcbarcelonanoticias.com\\\/en\\\/\"},{\"@type\":\"ListItem\",\"position\":2,\"name\":\"Aubameyang&#8217;s surprising decision about his future\"}]},{\"@type\":\"WebSite\",\"@id\":\"https:\\\/\\\/www.fcbarcelonanoticias.com\\\/en\\\/#website\",\"url\":\"https:\\\/\\\/www.fcbarcelonanoticias.com\\\/en\\\/\",\"name\":\"EN - FC Barcelona Noticias\",\"description\":\"\",\"potentialAction\":[{\"@type\":\"SearchAction\",\"target\":{\"@type\":\"EntryPoint\",\"urlTemplate\":\"https:\\\/\\\/www.fcbarcelonanoticias.com\\\/en\\\/?s={search_term_string}\"},\"query-input\":{\"@type\":\"PropertyValueSpecification\",\"valueRequired\":true,\"valueName\":\"search_term_string\"}}],\"inLanguage\":\"en-US\"},{\"@type\":\"Person\",\"@id\":\"https:\\\/\\\/www.fcbarcelonanoticias.com\\\/en\\\/#\\\/schema\\\/person\\\/5dbbcfa0643340852c9294383c353679\",\"name\":\"Jes\u00fas Bol\u00edvar\",\"image\":{\"@type\":\"ImageObject\",\"inLanguage\":\"en-US\",\"@id\":\"https:\\\/\\\/secure.gravatar.com\\\/avatar\\\/?s=96&d=mm&r=g\",\"url\":\"https:\\\/\\\/secure.gravatar.com\\\/avatar\\\/?s=96&d=mm&r=g\",\"contentUrl\":\"https:\\\/\\\/secure.gravatar.com\\\/avatar\\\/?s=96&d=mm&r=g\",\"caption\":\"Jes\u00fas Bol\u00edvar\"},\"url\":\"https:\\\/\\\/www.fcbarcelonanoticias.com\\\/en\\\/jesus-bolivar_28_115.html\"}]}<\/script>\n<!-- \/ Yoast SEO plugin. -->","yoast_head_json":{"title":"Surprising decision of Aubameyang on his future","description":"The exjugador of the FC Barcelona, Pierre-Emerick Aubameyang, could leave of the Olympique of Marseilles although his agreement finish in the year 2026. While this occurs, some Arab clubs could be moving interested by the footballer","robots":{"index":"index","follow":"follow","max-snippet":"max-snippet:-1","max-image-preview":"max-image-preview:large","max-video-preview":"max-video-preview:-1"},"canonical":"https:\/\/www.fcbarcelonanoticias.com\/en\/transfers\/surprising-decision-of-aubameyang-on-his-future_305472_102.html","og_locale":"en_US","og_type":"article","og_title":"Surprising decision of Aubameyang on his future","og_description":"The exjugador of the FC Barcelona, Pierre-Emerick Aubameyang, could leave of the Olympique of Marseilles although his agreement finish in the year 2026. While this occurs, some Arab clubs could be moving interested by the footballer","og_url":"https:\/\/www.fcbarcelonanoticias.com\/en\/transfers\/surprising-decision-of-aubameyang-on-his-future_305472_102.html","og_site_name":"EN - FC Barcelona Noticias","article_published_time":"2024-07-15T22:03:00+00:00","article_modified_time":"2024-07-16T02:33:00+00:00","og_image":[{"width":1300,"height":733,"url":"https:\/\/www.fcbarcelonanoticias.com\/en\/wp-content\/uploads\/sites\/2\/2024\/07\/aubameyang.gif","type":"image\/gif"}],"author":"Jes\u00fas Bol\u00edvar","twitter_card":"summary_large_image","twitter_misc":{"Written by":"Jes\u00fas Bol\u00edvar","Est. reading time":"2 minutes"},"schema":{"@context":"https:\/\/schema.org","@graph":[{"@type":"Article","@id":"https:\/\/www.fcbarcelonanoticias.com\/en\/transfers\/surprising-decision-of-aubameyang-on-his-future_305472_102.html#article","isPartOf":{"@id":"https:\/\/www.fcbarcelonanoticias.com\/en\/transfers\/surprising-decision-of-aubameyang-on-his-future_305472_102.html"},"author":{"name":"Jes\u00fas Bol\u00edvar","@id":"https:\/\/www.fcbarcelonanoticias.com\/en\/#\/schema\/person\/5dbbcfa0643340852c9294383c353679"},"headline":"Aubameyang&#8217;s surprising decision about his future","datePublished":"2024-07-15T22:03:00+00:00","dateModified":"2024-07-16T02:33:00+00:00","mainEntityOfPage":{"@id":"https:\/\/www.fcbarcelonanoticias.com\/en\/transfers\/surprising-decision-of-aubameyang-on-his-future_305472_102.html"},"wordCount":390,"image":{"@id":"https:\/\/www.fcbarcelonanoticias.com\/en\/transfers\/surprising-decision-of-aubameyang-on-his-future_305472_102.html#primaryimage"},"thumbnailUrl":"https:\/\/www.fcbarcelonanoticias.com\/en\/wp-content\/uploads\/sites\/2\/2024\/07\/aubameyang.gif","keywords":["Aubameyang"],"articleSection":["Transfers","Transfers"],"inLanguage":"en-US"},{"@type":"WebPage","@id":"https:\/\/www.fcbarcelonanoticias.com\/en\/transfers\/surprising-decision-of-aubameyang-on-his-future_305472_102.html","url":"https:\/\/www.fcbarcelonanoticias.com\/en\/transfers\/surprising-decision-of-aubameyang-on-his-future_305472_102.html","name":"Surprising decision of Aubameyang on his future","isPartOf":{"@id":"https:\/\/www.fcbarcelonanoticias.com\/en\/#website"},"primaryImageOfPage":{"@id":"https:\/\/www.fcbarcelonanoticias.com\/en\/transfers\/surprising-decision-of-aubameyang-on-his-future_305472_102.html#primaryimage"},"image":{"@id":"https:\/\/www.fcbarcelonanoticias.com\/en\/transfers\/surprising-decision-of-aubameyang-on-his-future_305472_102.html#primaryimage"},"thumbnailUrl":"https:\/\/www.fcbarcelonanoticias.com\/en\/wp-content\/uploads\/sites\/2\/2024\/07\/aubameyang.gif","datePublished":"2024-07-15T22:03:00+00:00","dateModified":"2024-07-16T02:33:00+00:00","author":{"@id":"https:\/\/www.fcbarcelonanoticias.com\/en\/#\/schema\/person\/5dbbcfa0643340852c9294383c353679"},"description":"The exjugador of the FC Barcelona, Pierre-Emerick Aubameyang, could leave of the Olympique of Marseilles although his agreement finish in the year 2026. While this occurs, some Arab clubs could be moving interested by the footballer","breadcrumb":{"@id":"https:\/\/www.fcbarcelonanoticias.com\/en\/transfers\/surprising-decision-of-aubameyang-on-his-future_305472_102.html#breadcrumb"},"inLanguage":"en-US","potentialAction":[{"@type":"ReadAction","target":["https:\/\/www.fcbarcelonanoticias.com\/en\/transfers\/surprising-decision-of-aubameyang-on-his-future_305472_102.html"]}]},{"@type":"ImageObject","inLanguage":"en-US","@id":"https:\/\/www.fcbarcelonanoticias.com\/en\/transfers\/surprising-decision-of-aubameyang-on-his-future_305472_102.html#primaryimage","url":"https:\/\/www.fcbarcelonanoticias.com\/en\/wp-content\/uploads\/sites\/2\/2024\/07\/aubameyang.gif","contentUrl":"https:\/\/www.fcbarcelonanoticias.com\/en\/wp-content\/uploads\/sites\/2\/2024\/07\/aubameyang.gif","width":1300,"height":733},{"@type":"BreadcrumbList","@id":"https:\/\/www.fcbarcelonanoticias.com\/en\/transfers\/surprising-decision-of-aubameyang-on-his-future_305472_102.html#breadcrumb","itemListElement":[{"@type":"ListItem","position":1,"name":"Portada","item":"https:\/\/www.fcbarcelonanoticias.com\/en\/"},{"@type":"ListItem","position":2,"name":"Aubameyang&#8217;s surprising decision about his future"}]},{"@type":"WebSite","@id":"https:\/\/www.fcbarcelonanoticias.com\/en\/#website","url":"https:\/\/www.fcbarcelonanoticias.com\/en\/","name":"EN - FC Barcelona Noticias","description":"","potentialAction":[{"@type":"SearchAction","target":{"@type":"EntryPoint","urlTemplate":"https:\/\/www.fcbarcelonanoticias.com\/en\/?s={search_term_string}"},"query-input":{"@type":"PropertyValueSpecification","valueRequired":true,"valueName":"search_term_string"}}],"inLanguage":"en-US"},{"@type":"Person","@id":"https:\/\/www.fcbarcelonanoticias.com\/en\/#\/schema\/person\/5dbbcfa0643340852c9294383c353679","name":"Jes\u00fas Bol\u00edvar","image":{"@type":"ImageObject","inLanguage":"en-US","@id":"https:\/\/secure.gravatar.com\/avatar\/?s=96&d=mm&r=g","url":"https:\/\/secure.gravatar.com\/avatar\/?s=96&d=mm&r=g","contentUrl":"https:\/\/secure.gravatar.com\/avatar\/?s=96&d=mm&r=g","caption":"Jes\u00fas Bol\u00edvar"},"url":"https:\/\/www.fcbarcelonanoticias.com\/en\/jesus-bolivar_28_115.html"}]}},"_links":{"self":[{"href":"https:\/\/www.fcbarcelonanoticias.com\/en\/wp-json\/wp\/v2\/posts\/136113","targetHints":{"allow":["GET"]}}],"collection":[{"href":"https:\/\/www.fcbarcelonanoticias.com\/en\/wp-json\/wp\/v2\/posts"}],"about":[{"href":"https:\/\/www.fcbarcelonanoticias.com\/en\/wp-json\/wp\/v2\/types\/post"}],"author":[{"embeddable":true,"href":"https:\/\/www.fcbarcelonanoticias.com\/en\/wp-json\/wp\/v2\/users\/350"}],"replies":[{"embeddable":true,"href":"https:\/\/www.fcbarcelonanoticias.com\/en\/wp-json\/wp\/v2\/comments?post=136113"}],"version-history":[{"count":1,"href":"https:\/\/www.fcbarcelonanoticias.com\/en\/wp-json\/wp\/v2\/posts\/136113\/revisions"}],"predecessor-version":[{"id":139840,"href":"https:\/\/www.fcbarcelonanoticias.com\/en\/wp-json\/wp\/v2\/posts\/136113\/revisions\/139840"}],"wp:featuredmedia":[{"embeddable":true,"href":"https:\/\/www.fcbarcelonanoticias.com\/en\/wp-json\/wp\/v2\/media\/136116"}],"wp:attachment":[{"href":"https:\/\/www.fcbarcelonanoticias.com\/en\/wp-json\/wp\/v2\/media?parent=136113"}],"wp:term":[{"taxonomy":"category","embeddable":true,"href":"https:\/\/www.fcbarcelonanoticias.com\/en\/wp-json\/wp\/v2\/categories?post=136113"},{"taxonomy":"post_tag","embeddable":true,"href":"https:\/\/www.fcbarcelonanoticias.com\/en\/wp-json\/wp\/v2\/tags?post=136113"}],"curies":[{"name":"wp","href":"https:\/\/api.w.org\/{rel}","templated":true}]}}