{"id":136139,"date":"2023-05-31T17:26:00","date_gmt":"2023-05-31T15:26:00","guid":{"rendered":"https:\/\/weisetech.dev\/fc-barcelona-noticias\/en\/surprise-joan-laporta-returns-to-barcelona-with-pavard-and-carrasco-agent_292818_102\/"},"modified":"2023-05-31T20:21:00","modified_gmt":"2023-05-31T18:21:00","slug":"surprise-joan-laporta-returns-to-barcelona-with-pavard-and-carrasco-agent_292818_102","status":"publish","type":"post","link":"https:\/\/www.fcbarcelonanoticias.com\/en\/transfers\/surprise-joan-laporta-returns-to-barcelona-with-pavard-and-carrasco-agent_292818_102.html","title":{"rendered":"Surprise! Joan Laporta returns to Barcelona with Pavard and Carrasco&#8217;s agent"},"content":{"rendered":"<h2 class=\"wp-block-heading\">Joan Laporta is having quite busy days. The president of Bar\u00e7a must say goodbye to Busquets, be in the final with Bar\u00e7a Femen\u00ed and also continue to advance in the summer market, something he seems to be able to do at the same time<\/h2>  \r\n<div class=\"article-addons\">\r\n    <a href=\"https:\/\/www.fcbarcelonanoticias.com\/en\/calendar-fc-barcelona.html\"\r\n       target=\"_self\"\r\n       title=\"Calendar of FC Barcelona\"\r\n       class=\"blue-gredient-btn\">\r\n       \r\n        Calendar of FC Barcelona    <\/a>\r\n<\/div>   <p>The FC Barcelona continues with his leaf of route of face to the summer and thus the president of the FC Barcelona, Joan Laporta, had done a fast trip to Saudi Arabia to converse with the president of the federation of the Arab country in relation with the signing of Leo Messi. <strong>The leader cul\u00e9 already did his return to the City Condal, although it surprised to many with his companion in the exit of the airport.<\/strong><\/p>  <p>Laporta Has landed in Barcelona from Ryad beside the representative Pini Zahavi, agent Robert Lewandowski and of other players that interest to the Barcelona club like Pavard, Carrasco and <a data-external=\"0\" data-intl-links-en=\"https:\/\/www.fcbarcelonanoticias.com\/en\/transfers\/madrid-lags-behind-of-barca-in-the-race-for-the-signing-of-gabri-veiga_292816_102.html\" data-intl-links-es=\"https:\/\/www.fcbarcelonanoticias.com\/fichajes\/madrid-se-rezaga-barcelona-en-carrera-por-fichaje-de-gabri-veiga_292816_102.html\" href=\"https:\/\/www.fcbarcelonanoticias.com\/en\/transfers\/madrid-lags-behind-of-barca-in-the-race-for-the-signing-of-gabri-veiga_292816_102.html\" rel=\"follow\" target=\"_self\" title=\"El Madrid se rezaga ante el Bar\u00e7a en la 'carrera' por el fichaje&nbsp;de&nbsp;Gabri&nbsp;Veiga\">the youngster Gabri Veiga<\/a>. And<strong>l Israeli employer, besides, has served like intermediary between the president of the Bar\u00e7a and the one of the UEFA, Aleksander Ceferin,<\/strong> to try approach postures between both parts <a data-external=\"0\" data-intl-links-en=\"https:\/\/www.fcbarcelonanoticias.com\/en\/fc-barcelona\/uefa-verdict-on-barca-and-negreira-case-closer-than-ever_292761_102.html\" data-intl-links-es=\"https:\/\/www.fcbarcelonanoticias.com\/fc-barcelona\/veredicto-uefa-sobre-barcelona-caso-nagreira-mas-cerca-que-nunca_292761_102.html\" href=\"https:\/\/www.fcbarcelonanoticias.com\/en\/fc-barcelona\/uefa-verdict-on-barca-and-negreira-case-closer-than-ever_292761_102.html\" rel=\"follow\" target=\"_self\" title=\"El veredicto de la UEFA sobre el Bar\u00e7a y el 'Caso Nagreira', m\u00e1s cerca&nbsp;que&nbsp;nunca\">in relation to the &#8216;case Negreira&#8217;<\/a>.<\/p>  <blockquote class=\"twitter-tweet\"> <p dir=\"ltr\" lang=\"es\">\ud83d\udcfa DIRECT<br><br> \u203c It finish to arrive to Barcelona Joan Laporta of his trip to Riad. Accompanied surprisingly by Pini Zahavi, that could do of intermediary for the possible arrival of Kimmich to the Bar\u00e7a. Zahavi Also is representative of Gabri Veiga<br><br> \ud83d\udd17 <a href=\"https:\/\/t.co\/en\/OGW0AKAWMl\">https:\/\/t.co\/ogw0akawml<\/a> <a href=\"https:\/\/t.co\/en\/E4Ogp9D8xj\">pic.twitter.com\/e4ogp9d8xj<\/a><\/p> \u2014 Jijantes FC (@JijantesFC) <a href=\"https:\/\/twitter.com\/en\/JijantesFC\/status\/1663898619617878016?ref_src=twsrc%5Etfw\">May 31, 2023<\/a> <\/blockquote> <h2>Several open folders with the employer<\/h2>  <p>In his arrival, Zahavi has not wanted to comment on if the decision of the maximum organism of the European football is imminent, neither neither on if it considers that Messi is near of fichar by the Bar\u00e7a in spite of the big interest of the Saudis for achieving his incorporation. <strong>In the Asian league follow having on the table of the Argentinian an offer of more than billion of euros by two seasons. <\/strong><\/p>  <p>Regarding the represented of the employer that are in the Barcelona diary, Laporta could have progressed especially in the case of Carrasco, the most accessible option of the three more commented. <strong>The Belgian finishes agreement in 2024 and the Athletic of Madrid is opened to leave him go out if the offer of the Bar\u00e7a surpasses the 10 million euros, something that in the Camp Nou try to avoid.<\/strong><\/p>  <h2>A lot that resolve by Munich<\/h2>  <p>Of the side of Pavard the situation is similar, but by the age and good present of the French the Bayern is not had to facilitate his exit. Besides, <strong>the Germans still follow esperanzados in achieving an agreement of renewal with the defender, <\/strong>although Zahavi himself that it can play against of the Bavarians in the case of Kimmich, the one who interests seriously in Can Bar\u00e7a.<\/p> ","protected":false},"excerpt":{"rendered":"<p>Joan Laporta is having quite busy days. The president of Bar\u00e7a must say goodbye to Busquets, be in the final with Bar\u00e7a Femen\u00ed and also continue to advance in the summer market, something he seems to be able to do at the same time The FC Barcelona continues with his leaf of route of face [&hellip;]<\/p>\n","protected":false},"author":345,"featured_media":136141,"comment_status":"closed","ping_status":"open","sticky":false,"template":"","format":"standard","meta":{"_acf_changed":false,"inline_featured_image":false,"_nextfly_llmd_date_locked":false,"footnotes":""},"categories":[449,106],"tags":[158,329],"class_list":["post-136139","post","type-post","status-publish","format-standard","has-post-thumbnail","hentry","category-transfers-2","category-transfers","tag-joan-laporta","tag-mateu-alemany"],"acf":[],"yoast_head":"<!-- This site is optimized with the Yoast SEO plugin v27.3 - https:\/\/yoast.com\/product\/yoast-seo-wordpress\/ -->\n<title>Surprise! Joan Laporta returns to Barcelona with Pavard and Carrasco&#039;s agent<\/title>\n<meta name=\"description\" content=\"Joan Laporta is having quite busy days. The president of Bar\u00e7a must say goodbye to Busquets, be in the final with Bar\u00e7a Femen\u00ed and also continue to advance in the summer market, something he seems to be able to do at the same time\" \/>\n<meta name=\"robots\" content=\"index, follow, max-snippet:-1, max-image-preview:large, max-video-preview:-1\" \/>\n<link rel=\"canonical\" href=\"https:\/\/www.fcbarcelonanoticias.com\/en\/transfers\/surprise-joan-laporta-returns-to-barcelona-with-pavard-and-carrasco-agent_292818_102.html\" \/>\n<meta property=\"og:locale\" content=\"en_US\" \/>\n<meta property=\"og:type\" content=\"article\" \/>\n<meta property=\"og:title\" content=\"Surprise! Joan Laporta returns to Barcelona with Pavard and Carrasco&#039;s agent\" \/>\n<meta property=\"og:description\" content=\"Joan Laporta is having quite busy days. The president of Bar\u00e7a must say goodbye to Busquets, be in the final with Bar\u00e7a Femen\u00ed and also continue to advance in the summer market, something he seems to be able to do at the same time\" \/>\n<meta property=\"og:url\" content=\"https:\/\/www.fcbarcelonanoticias.com\/en\/transfers\/surprise-joan-laporta-returns-to-barcelona-with-pavard-and-carrasco-agent_292818_102.html\" \/>\n<meta property=\"og:site_name\" content=\"EN - FC Barcelona Noticias\" \/>\n<meta property=\"article:published_time\" content=\"2023-05-31T15:26:00+00:00\" \/>\n<meta property=\"article:modified_time\" content=\"2023-05-31T18:21:00+00:00\" \/>\n<meta property=\"og:image\" content=\"https:\/\/www.fcbarcelonanoticias.com\/en\/wp-content\/uploads\/sites\/2\/2023\/05\/joan-laporta-presidente-del-fc-barcelona-copy.jpeg\" \/>\n\t<meta property=\"og:image:width\" content=\"1200\" \/>\n\t<meta property=\"og:image:height\" content=\"675\" \/>\n\t<meta property=\"og:image:type\" content=\"image\/jpeg\" \/>\n<meta name=\"author\" content=\"Carlos Montenegro\" \/>\n<meta name=\"twitter:card\" content=\"summary_large_image\" \/>\n<meta name=\"twitter:label1\" content=\"Written by\" \/>\n\t<meta name=\"twitter:data1\" content=\"Carlos Montenegro\" \/>\n\t<meta name=\"twitter:label2\" content=\"Est. reading time\" \/>\n\t<meta name=\"twitter:data2\" content=\"2 minutes\" \/>\n<script type=\"application\/ld+json\" class=\"yoast-schema-graph\">{\"@context\":\"https:\\\/\\\/schema.org\",\"@graph\":[{\"@type\":\"Article\",\"@id\":\"https:\\\/\\\/www.fcbarcelonanoticias.com\\\/en\\\/transfers\\\/surprise-joan-laporta-returns-to-barcelona-with-pavard-and-carrasco-agent_292818_102.html#article\",\"isPartOf\":{\"@id\":\"https:\\\/\\\/www.fcbarcelonanoticias.com\\\/en\\\/transfers\\\/surprise-joan-laporta-returns-to-barcelona-with-pavard-and-carrasco-agent_292818_102.html\"},\"author\":{\"name\":\"Carlos Montenegro\",\"@id\":\"https:\\\/\\\/www.fcbarcelonanoticias.com\\\/en\\\/#\\\/schema\\\/person\\\/aa1d038709c262cb247e240f6b39bbf5\"},\"headline\":\"Surprise! Joan Laporta returns to Barcelona with Pavard and Carrasco&#8217;s agent\",\"datePublished\":\"2023-05-31T15:26:00+00:00\",\"dateModified\":\"2023-05-31T18:21:00+00:00\",\"mainEntityOfPage\":{\"@id\":\"https:\\\/\\\/www.fcbarcelonanoticias.com\\\/en\\\/transfers\\\/surprise-joan-laporta-returns-to-barcelona-with-pavard-and-carrasco-agent_292818_102.html\"},\"wordCount\":484,\"image\":{\"@id\":\"https:\\\/\\\/www.fcbarcelonanoticias.com\\\/en\\\/transfers\\\/surprise-joan-laporta-returns-to-barcelona-with-pavard-and-carrasco-agent_292818_102.html#primaryimage\"},\"thumbnailUrl\":\"https:\\\/\\\/www.fcbarcelonanoticias.com\\\/en\\\/wp-content\\\/uploads\\\/sites\\\/2\\\/2023\\\/05\\\/joan-laporta-presidente-del-fc-barcelona-copy.jpeg\",\"keywords\":[\"Joan Laporta\",\"Mateu Alemany\"],\"articleSection\":[\"Transfers\",\"Transfers\"],\"inLanguage\":\"en-US\"},{\"@type\":\"WebPage\",\"@id\":\"https:\\\/\\\/www.fcbarcelonanoticias.com\\\/en\\\/transfers\\\/surprise-joan-laporta-returns-to-barcelona-with-pavard-and-carrasco-agent_292818_102.html\",\"url\":\"https:\\\/\\\/www.fcbarcelonanoticias.com\\\/en\\\/transfers\\\/surprise-joan-laporta-returns-to-barcelona-with-pavard-and-carrasco-agent_292818_102.html\",\"name\":\"Surprise! Joan Laporta returns to Barcelona with Pavard and Carrasco's agent\",\"isPartOf\":{\"@id\":\"https:\\\/\\\/www.fcbarcelonanoticias.com\\\/en\\\/#website\"},\"primaryImageOfPage\":{\"@id\":\"https:\\\/\\\/www.fcbarcelonanoticias.com\\\/en\\\/transfers\\\/surprise-joan-laporta-returns-to-barcelona-with-pavard-and-carrasco-agent_292818_102.html#primaryimage\"},\"image\":{\"@id\":\"https:\\\/\\\/www.fcbarcelonanoticias.com\\\/en\\\/transfers\\\/surprise-joan-laporta-returns-to-barcelona-with-pavard-and-carrasco-agent_292818_102.html#primaryimage\"},\"thumbnailUrl\":\"https:\\\/\\\/www.fcbarcelonanoticias.com\\\/en\\\/wp-content\\\/uploads\\\/sites\\\/2\\\/2023\\\/05\\\/joan-laporta-presidente-del-fc-barcelona-copy.jpeg\",\"datePublished\":\"2023-05-31T15:26:00+00:00\",\"dateModified\":\"2023-05-31T18:21:00+00:00\",\"author\":{\"@id\":\"https:\\\/\\\/www.fcbarcelonanoticias.com\\\/en\\\/#\\\/schema\\\/person\\\/aa1d038709c262cb247e240f6b39bbf5\"},\"description\":\"Joan Laporta is having quite busy days. The president of Bar\u00e7a must say goodbye to Busquets, be in the final with Bar\u00e7a Femen\u00ed and also continue to advance in the summer market, something he seems to be able to do at the same time\",\"breadcrumb\":{\"@id\":\"https:\\\/\\\/www.fcbarcelonanoticias.com\\\/en\\\/transfers\\\/surprise-joan-laporta-returns-to-barcelona-with-pavard-and-carrasco-agent_292818_102.html#breadcrumb\"},\"inLanguage\":\"en-US\",\"potentialAction\":[{\"@type\":\"ReadAction\",\"target\":[\"https:\\\/\\\/www.fcbarcelonanoticias.com\\\/en\\\/transfers\\\/surprise-joan-laporta-returns-to-barcelona-with-pavard-and-carrasco-agent_292818_102.html\"]}]},{\"@type\":\"ImageObject\",\"inLanguage\":\"en-US\",\"@id\":\"https:\\\/\\\/www.fcbarcelonanoticias.com\\\/en\\\/transfers\\\/surprise-joan-laporta-returns-to-barcelona-with-pavard-and-carrasco-agent_292818_102.html#primaryimage\",\"url\":\"https:\\\/\\\/www.fcbarcelonanoticias.com\\\/en\\\/wp-content\\\/uploads\\\/sites\\\/2\\\/2023\\\/05\\\/joan-laporta-presidente-del-fc-barcelona-copy.jpeg\",\"contentUrl\":\"https:\\\/\\\/www.fcbarcelonanoticias.com\\\/en\\\/wp-content\\\/uploads\\\/sites\\\/2\\\/2023\\\/05\\\/joan-laporta-presidente-del-fc-barcelona-copy.jpeg\",\"width\":1200,\"height\":675},{\"@type\":\"BreadcrumbList\",\"@id\":\"https:\\\/\\\/www.fcbarcelonanoticias.com\\\/en\\\/transfers\\\/surprise-joan-laporta-returns-to-barcelona-with-pavard-and-carrasco-agent_292818_102.html#breadcrumb\",\"itemListElement\":[{\"@type\":\"ListItem\",\"position\":1,\"name\":\"Portada\",\"item\":\"https:\\\/\\\/www.fcbarcelonanoticias.com\\\/en\\\/\"},{\"@type\":\"ListItem\",\"position\":2,\"name\":\"Surprise! Joan Laporta returns to Barcelona with Pavard and Carrasco&#8217;s agent\"}]},{\"@type\":\"WebSite\",\"@id\":\"https:\\\/\\\/www.fcbarcelonanoticias.com\\\/en\\\/#website\",\"url\":\"https:\\\/\\\/www.fcbarcelonanoticias.com\\\/en\\\/\",\"name\":\"EN - FC Barcelona Noticias\",\"description\":\"\",\"potentialAction\":[{\"@type\":\"SearchAction\",\"target\":{\"@type\":\"EntryPoint\",\"urlTemplate\":\"https:\\\/\\\/www.fcbarcelonanoticias.com\\\/en\\\/?s={search_term_string}\"},\"query-input\":{\"@type\":\"PropertyValueSpecification\",\"valueRequired\":true,\"valueName\":\"search_term_string\"}}],\"inLanguage\":\"en-US\"},{\"@type\":\"Person\",\"@id\":\"https:\\\/\\\/www.fcbarcelonanoticias.com\\\/en\\\/#\\\/schema\\\/person\\\/aa1d038709c262cb247e240f6b39bbf5\",\"name\":\"Carlos Montenegro\",\"image\":{\"@type\":\"ImageObject\",\"inLanguage\":\"en-US\",\"@id\":\"https:\\\/\\\/secure.gravatar.com\\\/avatar\\\/?s=96&d=mm&r=g\",\"url\":\"https:\\\/\\\/secure.gravatar.com\\\/avatar\\\/?s=96&d=mm&r=g\",\"contentUrl\":\"https:\\\/\\\/secure.gravatar.com\\\/avatar\\\/?s=96&d=mm&r=g\",\"caption\":\"Carlos Montenegro\"},\"url\":\"https:\\\/\\\/www.fcbarcelonanoticias.com\\\/en\\\/carlos-montenegro_20_115.html\"}]}<\/script>\n<!-- \/ Yoast SEO plugin. -->","yoast_head_json":{"title":"Surprise! Joan Laporta returns to Barcelona with Pavard and Carrasco's agent","description":"Joan Laporta is having quite busy days. The president of Bar\u00e7a must say goodbye to Busquets, be in the final with Bar\u00e7a Femen\u00ed and also continue to advance in the summer market, something he seems to be able to do at the same time","robots":{"index":"index","follow":"follow","max-snippet":"max-snippet:-1","max-image-preview":"max-image-preview:large","max-video-preview":"max-video-preview:-1"},"canonical":"https:\/\/www.fcbarcelonanoticias.com\/en\/transfers\/surprise-joan-laporta-returns-to-barcelona-with-pavard-and-carrasco-agent_292818_102.html","og_locale":"en_US","og_type":"article","og_title":"Surprise! Joan Laporta returns to Barcelona with Pavard and Carrasco's agent","og_description":"Joan Laporta is having quite busy days. The president of Bar\u00e7a must say goodbye to Busquets, be in the final with Bar\u00e7a Femen\u00ed and also continue to advance in the summer market, something he seems to be able to do at the same time","og_url":"https:\/\/www.fcbarcelonanoticias.com\/en\/transfers\/surprise-joan-laporta-returns-to-barcelona-with-pavard-and-carrasco-agent_292818_102.html","og_site_name":"EN - FC Barcelona Noticias","article_published_time":"2023-05-31T15:26:00+00:00","article_modified_time":"2023-05-31T18:21:00+00:00","og_image":[{"width":1200,"height":675,"url":"https:\/\/www.fcbarcelonanoticias.com\/en\/wp-content\/uploads\/sites\/2\/2023\/05\/joan-laporta-presidente-del-fc-barcelona-copy.jpeg","type":"image\/jpeg"}],"author":"Carlos Montenegro","twitter_card":"summary_large_image","twitter_misc":{"Written by":"Carlos Montenegro","Est. reading time":"2 minutes"},"schema":{"@context":"https:\/\/schema.org","@graph":[{"@type":"Article","@id":"https:\/\/www.fcbarcelonanoticias.com\/en\/transfers\/surprise-joan-laporta-returns-to-barcelona-with-pavard-and-carrasco-agent_292818_102.html#article","isPartOf":{"@id":"https:\/\/www.fcbarcelonanoticias.com\/en\/transfers\/surprise-joan-laporta-returns-to-barcelona-with-pavard-and-carrasco-agent_292818_102.html"},"author":{"name":"Carlos Montenegro","@id":"https:\/\/www.fcbarcelonanoticias.com\/en\/#\/schema\/person\/aa1d038709c262cb247e240f6b39bbf5"},"headline":"Surprise! Joan Laporta returns to Barcelona with Pavard and Carrasco&#8217;s agent","datePublished":"2023-05-31T15:26:00+00:00","dateModified":"2023-05-31T18:21:00+00:00","mainEntityOfPage":{"@id":"https:\/\/www.fcbarcelonanoticias.com\/en\/transfers\/surprise-joan-laporta-returns-to-barcelona-with-pavard-and-carrasco-agent_292818_102.html"},"wordCount":484,"image":{"@id":"https:\/\/www.fcbarcelonanoticias.com\/en\/transfers\/surprise-joan-laporta-returns-to-barcelona-with-pavard-and-carrasco-agent_292818_102.html#primaryimage"},"thumbnailUrl":"https:\/\/www.fcbarcelonanoticias.com\/en\/wp-content\/uploads\/sites\/2\/2023\/05\/joan-laporta-presidente-del-fc-barcelona-copy.jpeg","keywords":["Joan Laporta","Mateu Alemany"],"articleSection":["Transfers","Transfers"],"inLanguage":"en-US"},{"@type":"WebPage","@id":"https:\/\/www.fcbarcelonanoticias.com\/en\/transfers\/surprise-joan-laporta-returns-to-barcelona-with-pavard-and-carrasco-agent_292818_102.html","url":"https:\/\/www.fcbarcelonanoticias.com\/en\/transfers\/surprise-joan-laporta-returns-to-barcelona-with-pavard-and-carrasco-agent_292818_102.html","name":"Surprise! Joan Laporta returns to Barcelona with Pavard and Carrasco's agent","isPartOf":{"@id":"https:\/\/www.fcbarcelonanoticias.com\/en\/#website"},"primaryImageOfPage":{"@id":"https:\/\/www.fcbarcelonanoticias.com\/en\/transfers\/surprise-joan-laporta-returns-to-barcelona-with-pavard-and-carrasco-agent_292818_102.html#primaryimage"},"image":{"@id":"https:\/\/www.fcbarcelonanoticias.com\/en\/transfers\/surprise-joan-laporta-returns-to-barcelona-with-pavard-and-carrasco-agent_292818_102.html#primaryimage"},"thumbnailUrl":"https:\/\/www.fcbarcelonanoticias.com\/en\/wp-content\/uploads\/sites\/2\/2023\/05\/joan-laporta-presidente-del-fc-barcelona-copy.jpeg","datePublished":"2023-05-31T15:26:00+00:00","dateModified":"2023-05-31T18:21:00+00:00","author":{"@id":"https:\/\/www.fcbarcelonanoticias.com\/en\/#\/schema\/person\/aa1d038709c262cb247e240f6b39bbf5"},"description":"Joan Laporta is having quite busy days. The president of Bar\u00e7a must say goodbye to Busquets, be in the final with Bar\u00e7a Femen\u00ed and also continue to advance in the summer market, something he seems to be able to do at the same time","breadcrumb":{"@id":"https:\/\/www.fcbarcelonanoticias.com\/en\/transfers\/surprise-joan-laporta-returns-to-barcelona-with-pavard-and-carrasco-agent_292818_102.html#breadcrumb"},"inLanguage":"en-US","potentialAction":[{"@type":"ReadAction","target":["https:\/\/www.fcbarcelonanoticias.com\/en\/transfers\/surprise-joan-laporta-returns-to-barcelona-with-pavard-and-carrasco-agent_292818_102.html"]}]},{"@type":"ImageObject","inLanguage":"en-US","@id":"https:\/\/www.fcbarcelonanoticias.com\/en\/transfers\/surprise-joan-laporta-returns-to-barcelona-with-pavard-and-carrasco-agent_292818_102.html#primaryimage","url":"https:\/\/www.fcbarcelonanoticias.com\/en\/wp-content\/uploads\/sites\/2\/2023\/05\/joan-laporta-presidente-del-fc-barcelona-copy.jpeg","contentUrl":"https:\/\/www.fcbarcelonanoticias.com\/en\/wp-content\/uploads\/sites\/2\/2023\/05\/joan-laporta-presidente-del-fc-barcelona-copy.jpeg","width":1200,"height":675},{"@type":"BreadcrumbList","@id":"https:\/\/www.fcbarcelonanoticias.com\/en\/transfers\/surprise-joan-laporta-returns-to-barcelona-with-pavard-and-carrasco-agent_292818_102.html#breadcrumb","itemListElement":[{"@type":"ListItem","position":1,"name":"Portada","item":"https:\/\/www.fcbarcelonanoticias.com\/en\/"},{"@type":"ListItem","position":2,"name":"Surprise! Joan Laporta returns to Barcelona with Pavard and Carrasco&#8217;s agent"}]},{"@type":"WebSite","@id":"https:\/\/www.fcbarcelonanoticias.com\/en\/#website","url":"https:\/\/www.fcbarcelonanoticias.com\/en\/","name":"EN - FC Barcelona Noticias","description":"","potentialAction":[{"@type":"SearchAction","target":{"@type":"EntryPoint","urlTemplate":"https:\/\/www.fcbarcelonanoticias.com\/en\/?s={search_term_string}"},"query-input":{"@type":"PropertyValueSpecification","valueRequired":true,"valueName":"search_term_string"}}],"inLanguage":"en-US"},{"@type":"Person","@id":"https:\/\/www.fcbarcelonanoticias.com\/en\/#\/schema\/person\/aa1d038709c262cb247e240f6b39bbf5","name":"Carlos Montenegro","image":{"@type":"ImageObject","inLanguage":"en-US","@id":"https:\/\/secure.gravatar.com\/avatar\/?s=96&d=mm&r=g","url":"https:\/\/secure.gravatar.com\/avatar\/?s=96&d=mm&r=g","contentUrl":"https:\/\/secure.gravatar.com\/avatar\/?s=96&d=mm&r=g","caption":"Carlos Montenegro"},"url":"https:\/\/www.fcbarcelonanoticias.com\/en\/carlos-montenegro_20_115.html"}]}},"_links":{"self":[{"href":"https:\/\/www.fcbarcelonanoticias.com\/en\/wp-json\/wp\/v2\/posts\/136139","targetHints":{"allow":["GET"]}}],"collection":[{"href":"https:\/\/www.fcbarcelonanoticias.com\/en\/wp-json\/wp\/v2\/posts"}],"about":[{"href":"https:\/\/www.fcbarcelonanoticias.com\/en\/wp-json\/wp\/v2\/types\/post"}],"author":[{"embeddable":true,"href":"https:\/\/www.fcbarcelonanoticias.com\/en\/wp-json\/wp\/v2\/users\/345"}],"replies":[{"embeddable":true,"href":"https:\/\/www.fcbarcelonanoticias.com\/en\/wp-json\/wp\/v2\/comments?post=136139"}],"version-history":[{"count":1,"href":"https:\/\/www.fcbarcelonanoticias.com\/en\/wp-json\/wp\/v2\/posts\/136139\/revisions"}],"predecessor-version":[{"id":139849,"href":"https:\/\/www.fcbarcelonanoticias.com\/en\/wp-json\/wp\/v2\/posts\/136139\/revisions\/139849"}],"wp:featuredmedia":[{"embeddable":true,"href":"https:\/\/www.fcbarcelonanoticias.com\/en\/wp-json\/wp\/v2\/media\/136141"}],"wp:attachment":[{"href":"https:\/\/www.fcbarcelonanoticias.com\/en\/wp-json\/wp\/v2\/media?parent=136139"}],"wp:term":[{"taxonomy":"category","embeddable":true,"href":"https:\/\/www.fcbarcelonanoticias.com\/en\/wp-json\/wp\/v2\/categories?post=136139"},{"taxonomy":"post_tag","embeddable":true,"href":"https:\/\/www.fcbarcelonanoticias.com\/en\/wp-json\/wp\/v2\/tags?post=136139"}],"curies":[{"name":"wp","href":"https:\/\/api.w.org\/{rel}","templated":true}]}}