{"id":136164,"date":"2024-12-27T17:39:00","date_gmt":"2024-12-27T16:39:00","guid":{"rendered":"https:\/\/weisetech.dev\/fc-barcelona-noticias\/en\/survey-what-should-be-barca-priority-in-the-summer-transfer-market_309649_102\/"},"modified":"2024-12-27T22:42:00","modified_gmt":"2024-12-27T21:42:00","slug":"survey-what-should-be-barca-priority-in-the-summer-transfer-market_309649_102","status":"publish","type":"post","link":"https:\/\/www.fcbarcelonanoticias.com\/en\/transfers\/survey-what-should-be-barca-priority-in-the-summer-transfer-market_309649_102.html","title":{"rendered":"SURVEY: What should be Bar\u00e7a&#8217;s priority in the summer transfer market?"},"content":{"rendered":"<h2 class=\"wp-block-heading\">Bar\u00e7a is looking to strengthen the squad with a forward, a left winger, and two full-backs. Additionally, players like Wirtz and Musiala are also being considered.<\/h2>  \r\n<div class=\"article-addons\">\r\n    <a href=\"https:\/\/www.fcbarcelonanoticias.com\/en\/calendar-fc-barcelona.html\"\r\n       target=\"_self\"\r\n       title=\"Calendar of FC Barcelona\"\r\n       class=\"blue-gredient-btn\">\r\n       \r\n        Calendar of FC Barcelona    <\/a>\r\n<\/div>   <p>Although the season has barely completed its first half, <a data-external=\"0\" data-intl-links-en=\"https:\/\/www.fcbarcelonanoticias.com\/en\/football-soccer\/transfers\" data-intl-links-es=\"https:\/\/www.fcbarcelonanoticias.com\/futbol\/fichajes\" href=\"https:\/\/www.fcbarcelonanoticias.com\/en\/football-soccer\/transfers.html\" rel=\"follow\" target=\"_self\" title=\"Transfers\">FC Barcelona is already thinking about the 2025 transfer market<\/a>. The Catalans would prioritize the arrival of a left winger, but they are also analyzing the incorporation of a center forward and two full-backs. Furthermore, top-level players like <strong>Jamal Musiala<\/strong> and <strong>Florian Wirtz<\/strong> are also being closely monitored as potential &#8216;bombshells&#8217; of the summer.<\/p>  <p>            <\/p> <div class=\"poll-wrapper\" id=\"poll_431\">             <div class=\"poll-content\">                 <div class=\"poll-top\">                     <span class=\"category\">THE POLL<\/span>                     <span class=\"title\">What should be Bar\u00e7a&#8217;s priority in the summer market?<\/span>                 <\/div>                 <div class=\"poll-bottom loading\" data-container=\"43160dee1eb5bb200.08625500 1763099204en\">                 <\/div>             <\/div>         <\/div>                 <div data-poll-element=\"poll_431\" data-poll-id=\"431\" data-fetch-url=\"\/_call?controller=ComitiumSuite%5CBundle%5CCSBundle%5CWidgets%5CPoll%5CController%5CWidgetController&amp;action=fetchPoll&amp;_parameters=kqC4I1IfX63opO%252FsCjT6AI%252B25kJVa%252BSbTtC0%252FJXzkWcoEFWKjBXJrVasjziA8F6xCKXlJ9JgbwjNMETgUfvxvM5Unk0fGa65vGA1ofMO6xHaGJSsSb%252FlCuw7MyJzocu8UnXIJoFRpAWuXJ8gpjRi8Zpb1mFKMSPHSEmOeRzKXEK9uD0wOZLON%252BB8ipE3pwckpSYvM%252FHFrg3R3hxFegxi3yp9rRRAFqP46tIRhGUK47QS%252FYYkEffXYr2XCczqfTFYXXMM155J1dcAittMH0iJ6CDk1qAyyuN5YH9EVV9fcS7NQUPEzKcxEm0y8KgeRnzCWvhN8WRn70BgPkh4P%252FwIy8AKeOzcGSRHFwEr5wTnhiV90fYjmhk02PVESRkHmngjwDBuLyHxXM9dS3tJTsImNiSMHxaDjnR%252FmspcONl%252FPVbg%252Bfba4m%252FX0ampj%252F2MvvowEkzqroTmrGZDytoREqjkhUPJqqekjgFmeDkPTnA23vsIInM1aoX8P%252B%252F85s1bsLAbn8DSvPU5rqi%252Br0bxM2CbARruTWUHhr1N6eX3ePxDBZPqeeAdsud6l%252BkRFcShyCwb8Q4f3zlOdc1UMxz3YQzjaDvOizJ9R50vHxyRrxiVlg1di3LGFq9DvpSX43RDy6etTu4M4YtLjo2mELcTvJ24MJ84gIdU8PRnyXpqmLm0OyMntEPJ%252BsxNap8GVCfg5C9q9ClqMsFp%252BZ1qE%252BBviEl5gzTT40F3Y%252B9iLFHboG9Pgg6jQ%252FjP5kvABwEi7HXMX9cs237I7VXrfodX4i9MkS7dMJfl%252BYtuYoEvjYw9W9n7Bit96xG1qDvQaoCDue%252B1jn%252FxuUwG5mQg8hRJCWg9A2SwxT4HVFzjWJnlbqsimIfjP%252BQ%253D&amp;_locale=en&amp;_poll_id=431\" data-save-url=\"\/_call?controller=ComitiumSuite%5CBundle%5CCSBundle%5CWidgets%5CPoll%5CController%5CWidgetController&amp;action=saveVoteToQueue&amp;_parameters=kqC4I1IfX63opO%252FsCjT6AI%252B25kJVa%252BSbTtC0%252FJXzkWcoEFWKjBXJrVasjziA8F6xCKXlJ9JgbwjNMETgUfvxvM5Unk0fGa65vGA1ofMO6xHaGJSsSb%252FlCuw7MyJzocu8UnXIJoFRpAWuXJ8gpjRi8Zpb1mFKMSPHSEmOeRzKXEK9uD0wOZLON%252BB8ipE3pwckpSYvM%252FHFrg3R3hxFegxi3yp9rRRAFqP46tIRhGUK47QS%252FYYkEffXYr2XCczqfTFYXXMM155J1dcAittMH0iJ6CDk1qAyyuN5YH9EVV9fcS7NQUPEzKcxEm0y8KgeRnzCWvhN8WRn70BgPkh4P%252FwIy8AKeOzcGSRHFwEr5wTnhiV90fYjmhk02PVESRkHmngjwDBuLyHxXM9dS3tJTsImNiSMHxaDjnR%252FmspcONl%252FPVbg%252Bfba4m%252FX0ampj%252F2MvvowEkzqroTmrGZDytoREqjkhUPJqqekjgFmeDkPTnA23vsIInM1aoX8P%252B%252F85s1bsLAbn8DSvPU5rqi%252Br0bxM2CbARruTWUHhr1N6eX3ePxDBZPqeeAdsud6l%252BkRFcShyCwb8Q4f3zlOdc1UMxz3YQzjaDvOizJ9R50vHxyRrxiVlg1di3LGFq9DvpSX43RDy6etTu4M4YtLjo2mELcTvJ24MJ84gIdU8PRnyXpqmLm0OyMntEPJ%252BsxNap8GVCfg5C9q9ClqMsFp%252BZ1qE%252BBviEl5gzTT40F3Y%252B9iLFHboG9Pgg6jQ%252FjP5kvABwEi7HXMX9cs237I7VXrfodX4i9MkS7dMJfl%252BYtuYoEvjYw9W9n7Bit96xG1qDvQaoCDue%252B1jn%252FxuUwG5mQg8hRJCWg9A2SwxT4HVFzjWJnlbqsimIfjP%252BQ%253D&amp;_poll_id=431\" data-locale=\"en\" data-uuid=\"60dee1eb5bb200.08625500 1763099204\"><\/div> ","protected":false},"excerpt":{"rendered":"<p>Bar\u00e7a is looking to strengthen the squad with a forward, a left winger, and two full-backs. Additionally, players like Wirtz and Musiala are also being considered. Although the season has barely completed its first half, FC Barcelona is already thinking about the 2025 transfer market. The Catalans would prioritize the arrival of a left winger, [&hellip;]<\/p>\n","protected":false},"author":358,"featured_media":136166,"comment_status":"closed","ping_status":"open","sticky":false,"template":"","format":"standard","meta":{"_acf_changed":false,"inline_featured_image":false,"_nextfly_llmd_date_locked":false,"footnotes":""},"categories":[106,449],"tags":[154,283,212,174,216,235],"class_list":["post-136164","post","type-post","status-publish","format-standard","has-post-thumbnail","hentry","category-transfers","category-transfers-2","tag-erling-haaland","tag-florian-wirtz","tag-jamal-musiala","tag-nico-williams","tag-surveys","tag-viktor-gyokeres"],"acf":[],"yoast_head":"<!-- This site is optimized with the Yoast SEO plugin v27.3 - https:\/\/yoast.com\/product\/yoast-seo-wordpress\/ -->\n<title>SURVEY: What should be Bar\u00e7a&#039;s priority in the summer transfer market?<\/title>\n<meta name=\"description\" content=\"Bar\u00e7a is looking to strengthen the squad with a forward, a left winger, and two full-backs. Additionally, players like Wirtz and Musiala are also being considered.\" \/>\n<meta name=\"robots\" content=\"index, follow, max-snippet:-1, max-image-preview:large, max-video-preview:-1\" \/>\n<link rel=\"canonical\" href=\"https:\/\/www.fcbarcelonanoticias.com\/en\/transfers\/survey-what-should-be-barca-priority-in-the-summer-transfer-market_309649_102.html\" \/>\n<meta property=\"og:locale\" content=\"en_US\" \/>\n<meta property=\"og:type\" content=\"article\" \/>\n<meta property=\"og:title\" content=\"SURVEY: What should be Bar\u00e7a&#039;s priority in the summer transfer market?\" \/>\n<meta property=\"og:description\" content=\"Bar\u00e7a is looking to strengthen the squad with a forward, a left winger, and two full-backs. Additionally, players like Wirtz and Musiala are also being considered.\" \/>\n<meta property=\"og:url\" content=\"https:\/\/www.fcbarcelonanoticias.com\/en\/transfers\/survey-what-should-be-barca-priority-in-the-summer-transfer-market_309649_102.html\" \/>\n<meta property=\"og:site_name\" content=\"EN - FC Barcelona Noticias\" \/>\n<meta property=\"article:published_time\" content=\"2024-12-27T16:39:00+00:00\" \/>\n<meta property=\"article:modified_time\" content=\"2024-12-27T21:42:00+00:00\" \/>\n<meta property=\"og:image\" content=\"https:\/\/www.fcbarcelonanoticias.com\/en\/wp-content\/uploads\/sites\/2\/2024\/12\/florian-wirtz-erling-haaland-jamal-musiala.jpeg\" \/>\n\t<meta property=\"og:image:width\" content=\"1250\" \/>\n\t<meta property=\"og:image:height\" content=\"730\" \/>\n\t<meta property=\"og:image:type\" content=\"image\/jpeg\" \/>\n<meta name=\"author\" content=\"Juan Pablo Berdugo\" \/>\n<meta name=\"twitter:card\" content=\"summary_large_image\" \/>\n<meta name=\"twitter:label1\" content=\"Written by\" \/>\n\t<meta name=\"twitter:data1\" content=\"Juan Pablo Berdugo\" \/>\n\t<meta name=\"twitter:label2\" content=\"Est. reading time\" \/>\n\t<meta name=\"twitter:data2\" content=\"1 minute\" \/>\n<script type=\"application\/ld+json\" class=\"yoast-schema-graph\">{\"@context\":\"https:\\\/\\\/schema.org\",\"@graph\":[{\"@type\":\"Article\",\"@id\":\"https:\\\/\\\/www.fcbarcelonanoticias.com\\\/en\\\/transfers\\\/survey-what-should-be-barca-priority-in-the-summer-transfer-market_309649_102.html#article\",\"isPartOf\":{\"@id\":\"https:\\\/\\\/www.fcbarcelonanoticias.com\\\/en\\\/transfers\\\/survey-what-should-be-barca-priority-in-the-summer-transfer-market_309649_102.html\"},\"author\":{\"name\":\"Juan Pablo Berdugo\",\"@id\":\"https:\\\/\\\/www.fcbarcelonanoticias.com\\\/en\\\/#\\\/schema\\\/person\\\/88d756918a0a1ae9fa593b5edddd1815\"},\"headline\":\"SURVEY: What should be Bar\u00e7a&#8217;s priority in the summer transfer market?\",\"datePublished\":\"2024-12-27T16:39:00+00:00\",\"dateModified\":\"2024-12-27T21:42:00+00:00\",\"mainEntityOfPage\":{\"@id\":\"https:\\\/\\\/www.fcbarcelonanoticias.com\\\/en\\\/transfers\\\/survey-what-should-be-barca-priority-in-the-summer-transfer-market_309649_102.html\"},\"wordCount\":115,\"image\":{\"@id\":\"https:\\\/\\\/www.fcbarcelonanoticias.com\\\/en\\\/transfers\\\/survey-what-should-be-barca-priority-in-the-summer-transfer-market_309649_102.html#primaryimage\"},\"thumbnailUrl\":\"https:\\\/\\\/www.fcbarcelonanoticias.com\\\/en\\\/wp-content\\\/uploads\\\/sites\\\/2\\\/2024\\\/12\\\/florian-wirtz-erling-haaland-jamal-musiala.jpeg\",\"keywords\":[\"Erling Haaland\",\"Florian Wirtz\",\"Jamal Musiala\",\"Nico Williams\",\"Surveys\",\"Viktor Gy\u00f6keres\"],\"articleSection\":[\"Transfers\",\"Transfers\"],\"inLanguage\":\"en-US\"},{\"@type\":\"WebPage\",\"@id\":\"https:\\\/\\\/www.fcbarcelonanoticias.com\\\/en\\\/transfers\\\/survey-what-should-be-barca-priority-in-the-summer-transfer-market_309649_102.html\",\"url\":\"https:\\\/\\\/www.fcbarcelonanoticias.com\\\/en\\\/transfers\\\/survey-what-should-be-barca-priority-in-the-summer-transfer-market_309649_102.html\",\"name\":\"SURVEY: What should be Bar\u00e7a's priority in the summer transfer market?\",\"isPartOf\":{\"@id\":\"https:\\\/\\\/www.fcbarcelonanoticias.com\\\/en\\\/#website\"},\"primaryImageOfPage\":{\"@id\":\"https:\\\/\\\/www.fcbarcelonanoticias.com\\\/en\\\/transfers\\\/survey-what-should-be-barca-priority-in-the-summer-transfer-market_309649_102.html#primaryimage\"},\"image\":{\"@id\":\"https:\\\/\\\/www.fcbarcelonanoticias.com\\\/en\\\/transfers\\\/survey-what-should-be-barca-priority-in-the-summer-transfer-market_309649_102.html#primaryimage\"},\"thumbnailUrl\":\"https:\\\/\\\/www.fcbarcelonanoticias.com\\\/en\\\/wp-content\\\/uploads\\\/sites\\\/2\\\/2024\\\/12\\\/florian-wirtz-erling-haaland-jamal-musiala.jpeg\",\"datePublished\":\"2024-12-27T16:39:00+00:00\",\"dateModified\":\"2024-12-27T21:42:00+00:00\",\"author\":{\"@id\":\"https:\\\/\\\/www.fcbarcelonanoticias.com\\\/en\\\/#\\\/schema\\\/person\\\/88d756918a0a1ae9fa593b5edddd1815\"},\"description\":\"Bar\u00e7a is looking to strengthen the squad with a forward, a left winger, and two full-backs. Additionally, players like Wirtz and Musiala are also being considered.\",\"breadcrumb\":{\"@id\":\"https:\\\/\\\/www.fcbarcelonanoticias.com\\\/en\\\/transfers\\\/survey-what-should-be-barca-priority-in-the-summer-transfer-market_309649_102.html#breadcrumb\"},\"inLanguage\":\"en-US\",\"potentialAction\":[{\"@type\":\"ReadAction\",\"target\":[\"https:\\\/\\\/www.fcbarcelonanoticias.com\\\/en\\\/transfers\\\/survey-what-should-be-barca-priority-in-the-summer-transfer-market_309649_102.html\"]}]},{\"@type\":\"ImageObject\",\"inLanguage\":\"en-US\",\"@id\":\"https:\\\/\\\/www.fcbarcelonanoticias.com\\\/en\\\/transfers\\\/survey-what-should-be-barca-priority-in-the-summer-transfer-market_309649_102.html#primaryimage\",\"url\":\"https:\\\/\\\/www.fcbarcelonanoticias.com\\\/en\\\/wp-content\\\/uploads\\\/sites\\\/2\\\/2024\\\/12\\\/florian-wirtz-erling-haaland-jamal-musiala.jpeg\",\"contentUrl\":\"https:\\\/\\\/www.fcbarcelonanoticias.com\\\/en\\\/wp-content\\\/uploads\\\/sites\\\/2\\\/2024\\\/12\\\/florian-wirtz-erling-haaland-jamal-musiala.jpeg\",\"width\":1250,\"height\":730},{\"@type\":\"BreadcrumbList\",\"@id\":\"https:\\\/\\\/www.fcbarcelonanoticias.com\\\/en\\\/transfers\\\/survey-what-should-be-barca-priority-in-the-summer-transfer-market_309649_102.html#breadcrumb\",\"itemListElement\":[{\"@type\":\"ListItem\",\"position\":1,\"name\":\"Portada\",\"item\":\"https:\\\/\\\/www.fcbarcelonanoticias.com\\\/en\\\/\"},{\"@type\":\"ListItem\",\"position\":2,\"name\":\"SURVEY: What should be Bar\u00e7a&#8217;s priority in the summer transfer market?\"}]},{\"@type\":\"WebSite\",\"@id\":\"https:\\\/\\\/www.fcbarcelonanoticias.com\\\/en\\\/#website\",\"url\":\"https:\\\/\\\/www.fcbarcelonanoticias.com\\\/en\\\/\",\"name\":\"EN - FC Barcelona Noticias\",\"description\":\"\",\"potentialAction\":[{\"@type\":\"SearchAction\",\"target\":{\"@type\":\"EntryPoint\",\"urlTemplate\":\"https:\\\/\\\/www.fcbarcelonanoticias.com\\\/en\\\/?s={search_term_string}\"},\"query-input\":{\"@type\":\"PropertyValueSpecification\",\"valueRequired\":true,\"valueName\":\"search_term_string\"}}],\"inLanguage\":\"en-US\"},{\"@type\":\"Person\",\"@id\":\"https:\\\/\\\/www.fcbarcelonanoticias.com\\\/en\\\/#\\\/schema\\\/person\\\/88d756918a0a1ae9fa593b5edddd1815\",\"name\":\"Juan Pablo Berdugo\",\"image\":{\"@type\":\"ImageObject\",\"inLanguage\":\"en-US\",\"@id\":\"https:\\\/\\\/secure.gravatar.com\\\/avatar\\\/?s=96&d=mm&r=g\",\"url\":\"https:\\\/\\\/secure.gravatar.com\\\/avatar\\\/?s=96&d=mm&r=g\",\"contentUrl\":\"https:\\\/\\\/secure.gravatar.com\\\/avatar\\\/?s=96&d=mm&r=g\",\"caption\":\"Juan Pablo Berdugo\"},\"description\":\"Juan Pablo Berdugo es graduado en Periodismo. Colabora con FCBN como especialista en informaci\u00f3n del primer equipo del FC Barcelona, f\u00fatbol internacional y mercado de fichajes. Destaca por su enfoque anal\u00edtico, su rigor informativo y su capacidad para detectar tendencias emergentes en el f\u00fatbol global.\",\"url\":\"https:\\\/\\\/www.fcbarcelonanoticias.com\\\/en\\\/fc-barcelona\\\/juan-pablo-berdugo_18_115.html\"}]}<\/script>\n<!-- \/ Yoast SEO plugin. -->","yoast_head_json":{"title":"SURVEY: What should be Bar\u00e7a's priority in the summer transfer market?","description":"Bar\u00e7a is looking to strengthen the squad with a forward, a left winger, and two full-backs. Additionally, players like Wirtz and Musiala are also being considered.","robots":{"index":"index","follow":"follow","max-snippet":"max-snippet:-1","max-image-preview":"max-image-preview:large","max-video-preview":"max-video-preview:-1"},"canonical":"https:\/\/www.fcbarcelonanoticias.com\/en\/transfers\/survey-what-should-be-barca-priority-in-the-summer-transfer-market_309649_102.html","og_locale":"en_US","og_type":"article","og_title":"SURVEY: What should be Bar\u00e7a's priority in the summer transfer market?","og_description":"Bar\u00e7a is looking to strengthen the squad with a forward, a left winger, and two full-backs. Additionally, players like Wirtz and Musiala are also being considered.","og_url":"https:\/\/www.fcbarcelonanoticias.com\/en\/transfers\/survey-what-should-be-barca-priority-in-the-summer-transfer-market_309649_102.html","og_site_name":"EN - FC Barcelona Noticias","article_published_time":"2024-12-27T16:39:00+00:00","article_modified_time":"2024-12-27T21:42:00+00:00","og_image":[{"width":1250,"height":730,"url":"https:\/\/www.fcbarcelonanoticias.com\/en\/wp-content\/uploads\/sites\/2\/2024\/12\/florian-wirtz-erling-haaland-jamal-musiala.jpeg","type":"image\/jpeg"}],"author":"Juan Pablo Berdugo","twitter_card":"summary_large_image","twitter_misc":{"Written by":"Juan Pablo Berdugo","Est. reading time":"1 minute"},"schema":{"@context":"https:\/\/schema.org","@graph":[{"@type":"Article","@id":"https:\/\/www.fcbarcelonanoticias.com\/en\/transfers\/survey-what-should-be-barca-priority-in-the-summer-transfer-market_309649_102.html#article","isPartOf":{"@id":"https:\/\/www.fcbarcelonanoticias.com\/en\/transfers\/survey-what-should-be-barca-priority-in-the-summer-transfer-market_309649_102.html"},"author":{"name":"Juan Pablo Berdugo","@id":"https:\/\/www.fcbarcelonanoticias.com\/en\/#\/schema\/person\/88d756918a0a1ae9fa593b5edddd1815"},"headline":"SURVEY: What should be Bar\u00e7a&#8217;s priority in the summer transfer market?","datePublished":"2024-12-27T16:39:00+00:00","dateModified":"2024-12-27T21:42:00+00:00","mainEntityOfPage":{"@id":"https:\/\/www.fcbarcelonanoticias.com\/en\/transfers\/survey-what-should-be-barca-priority-in-the-summer-transfer-market_309649_102.html"},"wordCount":115,"image":{"@id":"https:\/\/www.fcbarcelonanoticias.com\/en\/transfers\/survey-what-should-be-barca-priority-in-the-summer-transfer-market_309649_102.html#primaryimage"},"thumbnailUrl":"https:\/\/www.fcbarcelonanoticias.com\/en\/wp-content\/uploads\/sites\/2\/2024\/12\/florian-wirtz-erling-haaland-jamal-musiala.jpeg","keywords":["Erling Haaland","Florian Wirtz","Jamal Musiala","Nico Williams","Surveys","Viktor Gy\u00f6keres"],"articleSection":["Transfers","Transfers"],"inLanguage":"en-US"},{"@type":"WebPage","@id":"https:\/\/www.fcbarcelonanoticias.com\/en\/transfers\/survey-what-should-be-barca-priority-in-the-summer-transfer-market_309649_102.html","url":"https:\/\/www.fcbarcelonanoticias.com\/en\/transfers\/survey-what-should-be-barca-priority-in-the-summer-transfer-market_309649_102.html","name":"SURVEY: What should be Bar\u00e7a's priority in the summer transfer market?","isPartOf":{"@id":"https:\/\/www.fcbarcelonanoticias.com\/en\/#website"},"primaryImageOfPage":{"@id":"https:\/\/www.fcbarcelonanoticias.com\/en\/transfers\/survey-what-should-be-barca-priority-in-the-summer-transfer-market_309649_102.html#primaryimage"},"image":{"@id":"https:\/\/www.fcbarcelonanoticias.com\/en\/transfers\/survey-what-should-be-barca-priority-in-the-summer-transfer-market_309649_102.html#primaryimage"},"thumbnailUrl":"https:\/\/www.fcbarcelonanoticias.com\/en\/wp-content\/uploads\/sites\/2\/2024\/12\/florian-wirtz-erling-haaland-jamal-musiala.jpeg","datePublished":"2024-12-27T16:39:00+00:00","dateModified":"2024-12-27T21:42:00+00:00","author":{"@id":"https:\/\/www.fcbarcelonanoticias.com\/en\/#\/schema\/person\/88d756918a0a1ae9fa593b5edddd1815"},"description":"Bar\u00e7a is looking to strengthen the squad with a forward, a left winger, and two full-backs. Additionally, players like Wirtz and Musiala are also being considered.","breadcrumb":{"@id":"https:\/\/www.fcbarcelonanoticias.com\/en\/transfers\/survey-what-should-be-barca-priority-in-the-summer-transfer-market_309649_102.html#breadcrumb"},"inLanguage":"en-US","potentialAction":[{"@type":"ReadAction","target":["https:\/\/www.fcbarcelonanoticias.com\/en\/transfers\/survey-what-should-be-barca-priority-in-the-summer-transfer-market_309649_102.html"]}]},{"@type":"ImageObject","inLanguage":"en-US","@id":"https:\/\/www.fcbarcelonanoticias.com\/en\/transfers\/survey-what-should-be-barca-priority-in-the-summer-transfer-market_309649_102.html#primaryimage","url":"https:\/\/www.fcbarcelonanoticias.com\/en\/wp-content\/uploads\/sites\/2\/2024\/12\/florian-wirtz-erling-haaland-jamal-musiala.jpeg","contentUrl":"https:\/\/www.fcbarcelonanoticias.com\/en\/wp-content\/uploads\/sites\/2\/2024\/12\/florian-wirtz-erling-haaland-jamal-musiala.jpeg","width":1250,"height":730},{"@type":"BreadcrumbList","@id":"https:\/\/www.fcbarcelonanoticias.com\/en\/transfers\/survey-what-should-be-barca-priority-in-the-summer-transfer-market_309649_102.html#breadcrumb","itemListElement":[{"@type":"ListItem","position":1,"name":"Portada","item":"https:\/\/www.fcbarcelonanoticias.com\/en\/"},{"@type":"ListItem","position":2,"name":"SURVEY: What should be Bar\u00e7a&#8217;s priority in the summer transfer market?"}]},{"@type":"WebSite","@id":"https:\/\/www.fcbarcelonanoticias.com\/en\/#website","url":"https:\/\/www.fcbarcelonanoticias.com\/en\/","name":"EN - FC Barcelona Noticias","description":"","potentialAction":[{"@type":"SearchAction","target":{"@type":"EntryPoint","urlTemplate":"https:\/\/www.fcbarcelonanoticias.com\/en\/?s={search_term_string}"},"query-input":{"@type":"PropertyValueSpecification","valueRequired":true,"valueName":"search_term_string"}}],"inLanguage":"en-US"},{"@type":"Person","@id":"https:\/\/www.fcbarcelonanoticias.com\/en\/#\/schema\/person\/88d756918a0a1ae9fa593b5edddd1815","name":"Juan Pablo Berdugo","image":{"@type":"ImageObject","inLanguage":"en-US","@id":"https:\/\/secure.gravatar.com\/avatar\/?s=96&d=mm&r=g","url":"https:\/\/secure.gravatar.com\/avatar\/?s=96&d=mm&r=g","contentUrl":"https:\/\/secure.gravatar.com\/avatar\/?s=96&d=mm&r=g","caption":"Juan Pablo Berdugo"},"description":"Juan Pablo Berdugo es graduado en Periodismo. Colabora con FCBN como especialista en informaci\u00f3n del primer equipo del FC Barcelona, f\u00fatbol internacional y mercado de fichajes. Destaca por su enfoque anal\u00edtico, su rigor informativo y su capacidad para detectar tendencias emergentes en el f\u00fatbol global.","url":"https:\/\/www.fcbarcelonanoticias.com\/en\/fc-barcelona\/juan-pablo-berdugo_18_115.html"}]}},"_links":{"self":[{"href":"https:\/\/www.fcbarcelonanoticias.com\/en\/wp-json\/wp\/v2\/posts\/136164","targetHints":{"allow":["GET"]}}],"collection":[{"href":"https:\/\/www.fcbarcelonanoticias.com\/en\/wp-json\/wp\/v2\/posts"}],"about":[{"href":"https:\/\/www.fcbarcelonanoticias.com\/en\/wp-json\/wp\/v2\/types\/post"}],"author":[{"embeddable":true,"href":"https:\/\/www.fcbarcelonanoticias.com\/en\/wp-json\/wp\/v2\/users\/358"}],"replies":[{"embeddable":true,"href":"https:\/\/www.fcbarcelonanoticias.com\/en\/wp-json\/wp\/v2\/comments?post=136164"}],"version-history":[{"count":1,"href":"https:\/\/www.fcbarcelonanoticias.com\/en\/wp-json\/wp\/v2\/posts\/136164\/revisions"}],"predecessor-version":[{"id":139854,"href":"https:\/\/www.fcbarcelonanoticias.com\/en\/wp-json\/wp\/v2\/posts\/136164\/revisions\/139854"}],"wp:featuredmedia":[{"embeddable":true,"href":"https:\/\/www.fcbarcelonanoticias.com\/en\/wp-json\/wp\/v2\/media\/136166"}],"wp:attachment":[{"href":"https:\/\/www.fcbarcelonanoticias.com\/en\/wp-json\/wp\/v2\/media?parent=136164"}],"wp:term":[{"taxonomy":"category","embeddable":true,"href":"https:\/\/www.fcbarcelonanoticias.com\/en\/wp-json\/wp\/v2\/categories?post=136164"},{"taxonomy":"post_tag","embeddable":true,"href":"https:\/\/www.fcbarcelonanoticias.com\/en\/wp-json\/wp\/v2\/tags?post=136164"}],"curies":[{"name":"wp","href":"https:\/\/api.w.org\/{rel}","templated":true}]}}