{"id":136171,"date":"2022-05-01T22:26:00","date_gmt":"2022-05-01T20:26:00","guid":{"rendered":"https:\/\/weisetech.dev\/fc-barcelona-noticias\/en\/survey-to-left-back-would-have-to-sign-barcelona-this-summer_279914_102\/"},"modified":"2022-05-01T22:26:00","modified_gmt":"2022-05-01T20:26:00","slug":"survey-to-left-back-would-have-to-sign-barcelona-this-summer_279914_102","status":"publish","type":"post","link":"https:\/\/www.fcbarcelonanoticias.com\/en\/transfers\/survey-to-left-back-would-have-to-sign-barcelona-this-summer_279914_102.html","title":{"rendered":"POLL: Which left-back would Bar\u00e7a have to sign this summer?"},"content":{"rendered":"<h2 class=\"wp-block-heading\">Bar\u00e7a is working on the search for a replacement for Jordi Alba. The left-back does not have a replacement of guarantees within the squad, so the Catalans will try to sign a replacement and manage several alternatives<\/h2>  \r\n<div class=\"article-addons\">\r\n    <a href=\"https:\/\/www.fcbarcelonanoticias.com\/en\/calendar-fc-barcelona.html\"\r\n       target=\"_self\"\r\n       title=\"Calendar of FC Barcelona\"\r\n       class=\"blue-gredient-btn\">\r\n       \r\n        Calendar of FC Barcelona    <\/a>\r\n<\/div>   <p>The <a data-external=\"0\" data-intl-links-en=\"https:\/\/www.fcbarcelonanoticias.com\/en\/fc-barcelona\" data-intl-links-es=\"https:\/\/www.fcbarcelonanoticias.com\/fc-barcelona\" href=\"https:\/\/www.fcbarcelonanoticias.com\/en\/football-soccer\/fc-barcelona.html\" rel=\"follow\" target=\"_self\" title=\"FC Barcelona\">FC Barcelona<\/a> schedules a summer &#8216;moved&#8217; regarding signings refers . From the offices of the Camp Nou are conscious that they need to reinforce diverse positions of the square of Xavi Hern\u00e1ndez to go back to be candidates to everything during the next season. In spite of that the economy of the institution goes through a moment &#8216;delicate&#8217;, the Catalans <strong>will try to close several contractings to a low price that ensure a good performance of immediate form<\/strong>.<\/p>  <p>One of the demarcations that will see modified is the left side. Xavi Hern\u00e1ndez only has <a data-external=\"0\" data-intl-links-en=\"https:\/\/www.fcbarcelonanoticias.com\/en\/tags\/jordi-alba\" data-intl-links-es=\"https:\/\/www.fcbarcelonanoticias.com\/tags\/jordi-alba\" href=\"https:\/\/www.fcbarcelonanoticias.com\/en\/tags\/jordi-alba.html\" rel=\"follow\" target=\"_self\" title=\"Jordi Alba\">Jordi Alba<\/a> like active &#8216;reliable&#8217; in this zone of the field, by what from Can Bar\u00e7a are in research of a spare of guarantees for the one of L&#8217;Hospitalet. The last name in adding to the list is the one of Marcos Alonso, of the one who ensure that it plans to leave the rows of Chelsea during the window estival, with the City Condal like destination preferred. However, the Madrilenian is not the last alternative that handle the cul\u00e9s, <strong>and therefore in &#8216;FCBN&#8217; ask us which is the left-handed side that they would have to fichar the blaugranas<\/strong>:<\/p>  <p>            <\/p> <div class=\"poll-wrapper\" id=\"poll_181\">             <div class=\"poll-content\">                 <div class=\"poll-top\">                     <span class=\"category\">THE POLL<\/span>                     <span class=\"title\">To which left side would have to fichar the Bar\u00e7a this summer?<\/span>                 <\/div>                 <div class=\"poll-bottom loading\" data-container=\"18160dee1eb5bb200.33558500 1763243673en\">                 <\/div>             <\/div>         <\/div>                 <div data-poll-element=\"poll_181\" data-poll-id=\"181\" data-fetch-url=\"\/_call?controller=ComitiumSuite%5CBundle%5CCSBundle%5CWidgets%5CPoll%5CController%5CWidgetController&amp;action=fetchPoll&amp;_parameters=kqC4I1IfX63opO%252FsCjT6AO5qmaaW5uSEe6K%252Fnu4slbfGPSVfW%252F99o2nTpvZ%252FtYC20MTxB3D5eLpR%252FZUmAtSlfZMsn%252F38N2Ye%252Bn8YsT2KhGmKfLXO7mwnOrFyIC63FvcSgh39x69ArlOfdvPjDMauX1AB3ISwaMEgneGQsA0ef8ciBCdKdO5YhJzOUF8rbm7pWrHqczr7E4y0lWNm4%252Fndl7aBicOY9HkIvbexP1wSt9jnyNfvyV%252B5nLOfWvH3btu4xAYDV96YtNN8pnNrrhC18DuOUrMB%252FpJ745O3htIc8pPMolwzaB9teRpReBa%252Fb4IrSpY6rwQ9rJ0Pqq22xuoxXr5vPmV9sBZsYZQReG%252FwKfagdfJLY22LFxATX8e3XTyLgTC0Ud0b7MY9lJeBYoxLj8j2kWbph72s263q7OwNTP2NBH%252FtOLYu1mcr47WPuVyiRykk51yMeN2owKbR%252FAbJnYqQBt1KLsnykmXYnXSH60XXRGQxCuPBkNM%252FvnfGUyyIbQJ8L1cjNdDc7ZBPDMSLvBRm9GzVCK4we0be9HrUgBMsLdH03qGSeL1Oa1rgsG8DSyaz1aiRqtBAVnnz%252BSqGXg3RnjdKs%252BxDtySdlykqibKO%252FEL%252FcwJNLJNkXrBPT1TtjJ2QZVpMfjZ3WVcLZBE2wEYoFJrAL4%252FMhng1K2uUaPCwCHSnC6gQIOD%252BMfxHrpWPLz6hF5KAPvoilVFNwYR40mt2wNL73OAHwWabDUtuJs0Quf4qBJcO9pEy6sPpKOqAnQT7mZSPg%252FR9DEfto%252B6riymEMkV8gz%252FO%252BB0BzJtt4TgHmo0kXPvt3BhhYwa2NLGWVnWgNl%252BygnDKzXYUWDUA2Gdj1lE4AdVtx1ENMCU9Ca8%253D&amp;_locale=en&amp;_poll_id=181\" data-save-url=\"\/_call?controller=ComitiumSuite%5CBundle%5CCSBundle%5CWidgets%5CPoll%5CController%5CWidgetController&amp;action=saveVoteToQueue&amp;_parameters=kqC4I1IfX63opO%252FsCjT6AO5qmaaW5uSEe6K%252Fnu4slbfGPSVfW%252F99o2nTpvZ%252FtYC20MTxB3D5eLpR%252FZUmAtSlfZMsn%252F38N2Ye%252Bn8YsT2KhGmKfLXO7mwnOrFyIC63FvcSgh39x69ArlOfdvPjDMauX1AB3ISwaMEgneGQsA0ef8ciBCdKdO5YhJzOUF8rbm7pWrHqczr7E4y0lWNm4%252Fndl7aBicOY9HkIvbexP1wSt9jnyNfvyV%252B5nLOfWvH3btu4xAYDV96YtNN8pnNrrhC18DuOUrMB%252FpJ745O3htIc8pPMolwzaB9teRpReBa%252Fb4IrSpY6rwQ9rJ0Pqq22xuoxXr5vPmV9sBZsYZQReG%252FwKfagdfJLY22LFxATX8e3XTyLgTC0Ud0b7MY9lJeBYoxLj8j2kWbph72s263q7OwNTP2NBH%252FtOLYu1mcr47WPuVyiRykk51yMeN2owKbR%252FAbJnYqQBt1KLsnykmXYnXSH60XXRGQxCuPBkNM%252FvnfGUyyIbQJ8L1cjNdDc7ZBPDMSLvBRm9GzVCK4we0be9HrUgBMsLdH03qGSeL1Oa1rgsG8DSyaz1aiRqtBAVnnz%252BSqGXg3RnjdKs%252BxDtySdlykqibKO%252FEL%252FcwJNLJNkXrBPT1TtjJ2QZVpMfjZ3WVcLZBE2wEYoFJrAL4%252FMhng1K2uUaPCwCHSnC6gQIOD%252BMfxHrpWPLz6hF5KAPvoilVFNwYR40mt2wNL73OAHwWabDUtuJs0Quf4qBJcO9pEy6sPpKOqAnQT7mZSPg%252FR9DEfto%252B6riymEMkV8gz%252FO%252BB0BzJtt4TgHmo0kXPvt3BhhYwa2NLGWVnWgNl%252BygnDKzXYUWDUA2Gdj1lE4AdVtx1ENMCU9Ca8%253D&amp;_poll_id=181\" data-locale=\"en\" data-uuid=\"60dee1eb5bb200.33558500 1763243673\"><\/div>       <h3>They will prioritise LaLiga<\/h3>  <p>From the City Condal, sabedores that his financial situation does not invite them to make big investments, will look for a reinforcement of &#8216;low profile&#8217;, that know to assume his place of acting and that have experience in LaLiga Santander. Thus, <strong>the one who splits like favourite in the &#8216;career&#8217; is the player of the Celtic of Vigo, Javi Gal\u00e1n<\/strong>. The footballer is one of the disclosures of the championship and his low cost puts it &#8216;to shot&#8217; for the cul\u00e9s. Besides, Xavi Hern\u00e1ndez considers that it would fit in his diagram, by what in the Barcelona breast is very valued.<\/p>  <p>Likewise, <strong>Alejandro Grimaldo also would be in the plans blaugranas<\/strong>. The player is one of the &#8216;pieces&#8217; keys of the Benfica and the barcelonistas have it in the &#8216;look&#8217; from does a time. In spite of have not played never in the First Spanish Division, his condition of canterano gives him the sufficient credit to be considered like relief of Jordi Alba. <strong>On the same line it handles the name of Marcos Alonso<\/strong>, that has known to shine abroad without having had an opportunity in LaLiga. However, his experience and good performance showed in big leagues like the Premier and the Series To move away any type of doubts that can generate his signing.<\/p>  <p>Finally, <strong>they are the names of \u00c1lex Moreno and Nicol\u00e1s Tagliafico<\/strong>. The first is &#8216;going out&#8217; in the Real Betis, where is one of the pillars of the team of the &#8216;engineer&#8217; Pellegrini and is one of the reasons of the good walk of the Andalusians this season. Whereas the Argentinian, in spite of having lost his place in the Ajax to the detriment of Daley Blind, has a long back that certifies that has the sufficient quality to visit the band of the feudo Catalan. Nevertheless, they are the names with less &#8216;weight&#8217; in the offices cul\u00e9s and his incorporations are in a second flat.<\/p> ","protected":false},"excerpt":{"rendered":"<p>Bar\u00e7a is working on the search for a replacement for Jordi Alba. The left-back does not have a replacement of guarantees within the squad, so the Catalans will try to sign a replacement and manage several alternatives The FC Barcelona schedules a summer &#8216;moved&#8217; regarding signings refers . From the offices of the Camp Nou [&hellip;]<\/p>\n","protected":false},"author":358,"featured_media":136175,"comment_status":"closed","ping_status":"open","sticky":false,"template":"","format":"standard","meta":{"_acf_changed":false,"inline_featured_image":false,"_nextfly_llmd_date_locked":false,"footnotes":""},"categories":[449,106],"tags":[213,204,71,161,63],"class_list":["post-136171","post","type-post","status-publish","format-standard","has-post-thumbnail","hentry","category-transfers-2","category-transfers","tag-ajax","tag-benfica","tag-celtic-of-vigo","tag-chelsea","tag-real-betis"],"acf":[],"yoast_head":"<!-- This site is optimized with the Yoast SEO plugin v27.3 - https:\/\/yoast.com\/product\/yoast-seo-wordpress\/ -->\n<title>POLL: Which left-back would Bar\u00e7a have to sign this summer?<\/title>\n<meta name=\"description\" content=\"The Bar\u00e7a works in the research of a substitute for Jordi Alba. The left side does not have a spare of guarantees inside the staff, by the q...\" \/>\n<meta name=\"robots\" content=\"index, follow, max-snippet:-1, max-image-preview:large, max-video-preview:-1\" \/>\n<link rel=\"canonical\" href=\"https:\/\/www.fcbarcelonanoticias.com\/en\/transfers\/survey-to-left-back-would-have-to-sign-barcelona-this-summer_279914_102.html\" \/>\n<meta property=\"og:locale\" content=\"en_US\" \/>\n<meta property=\"og:type\" content=\"article\" \/>\n<meta property=\"og:title\" content=\"POLL: Which left-back would Bar\u00e7a have to sign this summer?\" \/>\n<meta property=\"og:description\" content=\"The Bar\u00e7a works in the research of a substitute for Jordi Alba. The left side does not have a spare of guarantees inside the staff, by the q...\" \/>\n<meta property=\"og:url\" content=\"https:\/\/www.fcbarcelonanoticias.com\/en\/transfers\/survey-to-left-back-would-have-to-sign-barcelona-this-summer_279914_102.html\" \/>\n<meta property=\"og:site_name\" content=\"EN - FC Barcelona Noticias\" \/>\n<meta property=\"article:published_time\" content=\"2022-05-01T20:26:00+00:00\" \/>\n<meta property=\"og:image\" content=\"https:\/\/www.fcbarcelonanoticias.com\/en\/wp-content\/uploads\/sites\/2\/2022\/05\/encuesta-lateral-izquierdo.jpeg\" \/>\n\t<meta property=\"og:image:width\" content=\"1300\" \/>\n\t<meta property=\"og:image:height\" content=\"731\" \/>\n\t<meta property=\"og:image:type\" content=\"image\/jpeg\" \/>\n<meta name=\"author\" content=\"Juan Pablo Berdugo\" \/>\n<meta name=\"twitter:card\" content=\"summary_large_image\" \/>\n<meta name=\"twitter:label1\" content=\"Written by\" \/>\n\t<meta name=\"twitter:data1\" content=\"Juan Pablo Berdugo\" \/>\n\t<meta name=\"twitter:label2\" content=\"Est. reading time\" \/>\n\t<meta name=\"twitter:data2\" content=\"3 minutes\" \/>\n<script type=\"application\/ld+json\" class=\"yoast-schema-graph\">{\"@context\":\"https:\\\/\\\/schema.org\",\"@graph\":[{\"@type\":\"Article\",\"@id\":\"https:\\\/\\\/www.fcbarcelonanoticias.com\\\/en\\\/transfers\\\/survey-to-left-back-would-have-to-sign-barcelona-this-summer_279914_102.html#article\",\"isPartOf\":{\"@id\":\"https:\\\/\\\/www.fcbarcelonanoticias.com\\\/en\\\/transfers\\\/survey-to-left-back-would-have-to-sign-barcelona-this-summer_279914_102.html\"},\"author\":{\"name\":\"Juan Pablo Berdugo\",\"@id\":\"https:\\\/\\\/www.fcbarcelonanoticias.com\\\/en\\\/#\\\/schema\\\/person\\\/88d756918a0a1ae9fa593b5edddd1815\"},\"headline\":\"POLL: Which left-back would Bar\u00e7a have to sign this summer?\",\"datePublished\":\"2022-05-01T20:26:00+00:00\",\"mainEntityOfPage\":{\"@id\":\"https:\\\/\\\/www.fcbarcelonanoticias.com\\\/en\\\/transfers\\\/survey-to-left-back-would-have-to-sign-barcelona-this-summer_279914_102.html\"},\"wordCount\":592,\"image\":{\"@id\":\"https:\\\/\\\/www.fcbarcelonanoticias.com\\\/en\\\/transfers\\\/survey-to-left-back-would-have-to-sign-barcelona-this-summer_279914_102.html#primaryimage\"},\"thumbnailUrl\":\"https:\\\/\\\/www.fcbarcelonanoticias.com\\\/en\\\/wp-content\\\/uploads\\\/sites\\\/2\\\/2022\\\/05\\\/encuesta-lateral-izquierdo.jpeg\",\"keywords\":[\"Ajax\",\"Benfica\",\"Celtic of Vigo\",\"Chelsea\",\"Real Betis\"],\"articleSection\":[\"Transfers\",\"Transfers\"],\"inLanguage\":\"en-US\"},{\"@type\":\"WebPage\",\"@id\":\"https:\\\/\\\/www.fcbarcelonanoticias.com\\\/en\\\/transfers\\\/survey-to-left-back-would-have-to-sign-barcelona-this-summer_279914_102.html\",\"url\":\"https:\\\/\\\/www.fcbarcelonanoticias.com\\\/en\\\/transfers\\\/survey-to-left-back-would-have-to-sign-barcelona-this-summer_279914_102.html\",\"name\":\"POLL: Which left-back would Bar\u00e7a have to sign this summer?\",\"isPartOf\":{\"@id\":\"https:\\\/\\\/www.fcbarcelonanoticias.com\\\/en\\\/#website\"},\"primaryImageOfPage\":{\"@id\":\"https:\\\/\\\/www.fcbarcelonanoticias.com\\\/en\\\/transfers\\\/survey-to-left-back-would-have-to-sign-barcelona-this-summer_279914_102.html#primaryimage\"},\"image\":{\"@id\":\"https:\\\/\\\/www.fcbarcelonanoticias.com\\\/en\\\/transfers\\\/survey-to-left-back-would-have-to-sign-barcelona-this-summer_279914_102.html#primaryimage\"},\"thumbnailUrl\":\"https:\\\/\\\/www.fcbarcelonanoticias.com\\\/en\\\/wp-content\\\/uploads\\\/sites\\\/2\\\/2022\\\/05\\\/encuesta-lateral-izquierdo.jpeg\",\"datePublished\":\"2022-05-01T20:26:00+00:00\",\"author\":{\"@id\":\"https:\\\/\\\/www.fcbarcelonanoticias.com\\\/en\\\/#\\\/schema\\\/person\\\/88d756918a0a1ae9fa593b5edddd1815\"},\"description\":\"The Bar\u00e7a works in the research of a substitute for Jordi Alba. The left side does not have a spare of guarantees inside the staff, by the q...\",\"breadcrumb\":{\"@id\":\"https:\\\/\\\/www.fcbarcelonanoticias.com\\\/en\\\/transfers\\\/survey-to-left-back-would-have-to-sign-barcelona-this-summer_279914_102.html#breadcrumb\"},\"inLanguage\":\"en-US\",\"potentialAction\":[{\"@type\":\"ReadAction\",\"target\":[\"https:\\\/\\\/www.fcbarcelonanoticias.com\\\/en\\\/transfers\\\/survey-to-left-back-would-have-to-sign-barcelona-this-summer_279914_102.html\"]}]},{\"@type\":\"ImageObject\",\"inLanguage\":\"en-US\",\"@id\":\"https:\\\/\\\/www.fcbarcelonanoticias.com\\\/en\\\/transfers\\\/survey-to-left-back-would-have-to-sign-barcelona-this-summer_279914_102.html#primaryimage\",\"url\":\"https:\\\/\\\/www.fcbarcelonanoticias.com\\\/en\\\/wp-content\\\/uploads\\\/sites\\\/2\\\/2022\\\/05\\\/encuesta-lateral-izquierdo.jpeg\",\"contentUrl\":\"https:\\\/\\\/www.fcbarcelonanoticias.com\\\/en\\\/wp-content\\\/uploads\\\/sites\\\/2\\\/2022\\\/05\\\/encuesta-lateral-izquierdo.jpeg\",\"width\":1300,\"height\":731},{\"@type\":\"BreadcrumbList\",\"@id\":\"https:\\\/\\\/www.fcbarcelonanoticias.com\\\/en\\\/transfers\\\/survey-to-left-back-would-have-to-sign-barcelona-this-summer_279914_102.html#breadcrumb\",\"itemListElement\":[{\"@type\":\"ListItem\",\"position\":1,\"name\":\"Portada\",\"item\":\"https:\\\/\\\/www.fcbarcelonanoticias.com\\\/en\\\/\"},{\"@type\":\"ListItem\",\"position\":2,\"name\":\"POLL: Which left-back would Bar\u00e7a have to sign this summer?\"}]},{\"@type\":\"WebSite\",\"@id\":\"https:\\\/\\\/www.fcbarcelonanoticias.com\\\/en\\\/#website\",\"url\":\"https:\\\/\\\/www.fcbarcelonanoticias.com\\\/en\\\/\",\"name\":\"EN - FC Barcelona Noticias\",\"description\":\"\",\"potentialAction\":[{\"@type\":\"SearchAction\",\"target\":{\"@type\":\"EntryPoint\",\"urlTemplate\":\"https:\\\/\\\/www.fcbarcelonanoticias.com\\\/en\\\/?s={search_term_string}\"},\"query-input\":{\"@type\":\"PropertyValueSpecification\",\"valueRequired\":true,\"valueName\":\"search_term_string\"}}],\"inLanguage\":\"en-US\"},{\"@type\":\"Person\",\"@id\":\"https:\\\/\\\/www.fcbarcelonanoticias.com\\\/en\\\/#\\\/schema\\\/person\\\/88d756918a0a1ae9fa593b5edddd1815\",\"name\":\"Juan Pablo Berdugo\",\"image\":{\"@type\":\"ImageObject\",\"inLanguage\":\"en-US\",\"@id\":\"https:\\\/\\\/secure.gravatar.com\\\/avatar\\\/?s=96&d=mm&r=g\",\"url\":\"https:\\\/\\\/secure.gravatar.com\\\/avatar\\\/?s=96&d=mm&r=g\",\"contentUrl\":\"https:\\\/\\\/secure.gravatar.com\\\/avatar\\\/?s=96&d=mm&r=g\",\"caption\":\"Juan Pablo Berdugo\"},\"description\":\"Juan Pablo Berdugo es graduado en Periodismo. Colabora con FCBN como especialista en informaci\u00f3n del primer equipo del FC Barcelona, f\u00fatbol internacional y mercado de fichajes. Destaca por su enfoque anal\u00edtico, su rigor informativo y su capacidad para detectar tendencias emergentes en el f\u00fatbol global.\",\"url\":\"https:\\\/\\\/www.fcbarcelonanoticias.com\\\/en\\\/fc-barcelona\\\/juan-pablo-berdugo_18_115.html\"}]}<\/script>\n<!-- \/ Yoast SEO plugin. -->","yoast_head_json":{"title":"POLL: Which left-back would Bar\u00e7a have to sign this summer?","description":"The Bar\u00e7a works in the research of a substitute for Jordi Alba. The left side does not have a spare of guarantees inside the staff, by the q...","robots":{"index":"index","follow":"follow","max-snippet":"max-snippet:-1","max-image-preview":"max-image-preview:large","max-video-preview":"max-video-preview:-1"},"canonical":"https:\/\/www.fcbarcelonanoticias.com\/en\/transfers\/survey-to-left-back-would-have-to-sign-barcelona-this-summer_279914_102.html","og_locale":"en_US","og_type":"article","og_title":"POLL: Which left-back would Bar\u00e7a have to sign this summer?","og_description":"The Bar\u00e7a works in the research of a substitute for Jordi Alba. The left side does not have a spare of guarantees inside the staff, by the q...","og_url":"https:\/\/www.fcbarcelonanoticias.com\/en\/transfers\/survey-to-left-back-would-have-to-sign-barcelona-this-summer_279914_102.html","og_site_name":"EN - FC Barcelona Noticias","article_published_time":"2022-05-01T20:26:00+00:00","og_image":[{"width":1300,"height":731,"url":"https:\/\/www.fcbarcelonanoticias.com\/en\/wp-content\/uploads\/sites\/2\/2022\/05\/encuesta-lateral-izquierdo.jpeg","type":"image\/jpeg"}],"author":"Juan Pablo Berdugo","twitter_card":"summary_large_image","twitter_misc":{"Written by":"Juan Pablo Berdugo","Est. reading time":"3 minutes"},"schema":{"@context":"https:\/\/schema.org","@graph":[{"@type":"Article","@id":"https:\/\/www.fcbarcelonanoticias.com\/en\/transfers\/survey-to-left-back-would-have-to-sign-barcelona-this-summer_279914_102.html#article","isPartOf":{"@id":"https:\/\/www.fcbarcelonanoticias.com\/en\/transfers\/survey-to-left-back-would-have-to-sign-barcelona-this-summer_279914_102.html"},"author":{"name":"Juan Pablo Berdugo","@id":"https:\/\/www.fcbarcelonanoticias.com\/en\/#\/schema\/person\/88d756918a0a1ae9fa593b5edddd1815"},"headline":"POLL: Which left-back would Bar\u00e7a have to sign this summer?","datePublished":"2022-05-01T20:26:00+00:00","mainEntityOfPage":{"@id":"https:\/\/www.fcbarcelonanoticias.com\/en\/transfers\/survey-to-left-back-would-have-to-sign-barcelona-this-summer_279914_102.html"},"wordCount":592,"image":{"@id":"https:\/\/www.fcbarcelonanoticias.com\/en\/transfers\/survey-to-left-back-would-have-to-sign-barcelona-this-summer_279914_102.html#primaryimage"},"thumbnailUrl":"https:\/\/www.fcbarcelonanoticias.com\/en\/wp-content\/uploads\/sites\/2\/2022\/05\/encuesta-lateral-izquierdo.jpeg","keywords":["Ajax","Benfica","Celtic of Vigo","Chelsea","Real Betis"],"articleSection":["Transfers","Transfers"],"inLanguage":"en-US"},{"@type":"WebPage","@id":"https:\/\/www.fcbarcelonanoticias.com\/en\/transfers\/survey-to-left-back-would-have-to-sign-barcelona-this-summer_279914_102.html","url":"https:\/\/www.fcbarcelonanoticias.com\/en\/transfers\/survey-to-left-back-would-have-to-sign-barcelona-this-summer_279914_102.html","name":"POLL: Which left-back would Bar\u00e7a have to sign this summer?","isPartOf":{"@id":"https:\/\/www.fcbarcelonanoticias.com\/en\/#website"},"primaryImageOfPage":{"@id":"https:\/\/www.fcbarcelonanoticias.com\/en\/transfers\/survey-to-left-back-would-have-to-sign-barcelona-this-summer_279914_102.html#primaryimage"},"image":{"@id":"https:\/\/www.fcbarcelonanoticias.com\/en\/transfers\/survey-to-left-back-would-have-to-sign-barcelona-this-summer_279914_102.html#primaryimage"},"thumbnailUrl":"https:\/\/www.fcbarcelonanoticias.com\/en\/wp-content\/uploads\/sites\/2\/2022\/05\/encuesta-lateral-izquierdo.jpeg","datePublished":"2022-05-01T20:26:00+00:00","author":{"@id":"https:\/\/www.fcbarcelonanoticias.com\/en\/#\/schema\/person\/88d756918a0a1ae9fa593b5edddd1815"},"description":"The Bar\u00e7a works in the research of a substitute for Jordi Alba. The left side does not have a spare of guarantees inside the staff, by the q...","breadcrumb":{"@id":"https:\/\/www.fcbarcelonanoticias.com\/en\/transfers\/survey-to-left-back-would-have-to-sign-barcelona-this-summer_279914_102.html#breadcrumb"},"inLanguage":"en-US","potentialAction":[{"@type":"ReadAction","target":["https:\/\/www.fcbarcelonanoticias.com\/en\/transfers\/survey-to-left-back-would-have-to-sign-barcelona-this-summer_279914_102.html"]}]},{"@type":"ImageObject","inLanguage":"en-US","@id":"https:\/\/www.fcbarcelonanoticias.com\/en\/transfers\/survey-to-left-back-would-have-to-sign-barcelona-this-summer_279914_102.html#primaryimage","url":"https:\/\/www.fcbarcelonanoticias.com\/en\/wp-content\/uploads\/sites\/2\/2022\/05\/encuesta-lateral-izquierdo.jpeg","contentUrl":"https:\/\/www.fcbarcelonanoticias.com\/en\/wp-content\/uploads\/sites\/2\/2022\/05\/encuesta-lateral-izquierdo.jpeg","width":1300,"height":731},{"@type":"BreadcrumbList","@id":"https:\/\/www.fcbarcelonanoticias.com\/en\/transfers\/survey-to-left-back-would-have-to-sign-barcelona-this-summer_279914_102.html#breadcrumb","itemListElement":[{"@type":"ListItem","position":1,"name":"Portada","item":"https:\/\/www.fcbarcelonanoticias.com\/en\/"},{"@type":"ListItem","position":2,"name":"POLL: Which left-back would Bar\u00e7a have to sign this summer?"}]},{"@type":"WebSite","@id":"https:\/\/www.fcbarcelonanoticias.com\/en\/#website","url":"https:\/\/www.fcbarcelonanoticias.com\/en\/","name":"EN - FC Barcelona Noticias","description":"","potentialAction":[{"@type":"SearchAction","target":{"@type":"EntryPoint","urlTemplate":"https:\/\/www.fcbarcelonanoticias.com\/en\/?s={search_term_string}"},"query-input":{"@type":"PropertyValueSpecification","valueRequired":true,"valueName":"search_term_string"}}],"inLanguage":"en-US"},{"@type":"Person","@id":"https:\/\/www.fcbarcelonanoticias.com\/en\/#\/schema\/person\/88d756918a0a1ae9fa593b5edddd1815","name":"Juan Pablo Berdugo","image":{"@type":"ImageObject","inLanguage":"en-US","@id":"https:\/\/secure.gravatar.com\/avatar\/?s=96&d=mm&r=g","url":"https:\/\/secure.gravatar.com\/avatar\/?s=96&d=mm&r=g","contentUrl":"https:\/\/secure.gravatar.com\/avatar\/?s=96&d=mm&r=g","caption":"Juan Pablo Berdugo"},"description":"Juan Pablo Berdugo es graduado en Periodismo. Colabora con FCBN como especialista en informaci\u00f3n del primer equipo del FC Barcelona, f\u00fatbol internacional y mercado de fichajes. Destaca por su enfoque anal\u00edtico, su rigor informativo y su capacidad para detectar tendencias emergentes en el f\u00fatbol global.","url":"https:\/\/www.fcbarcelonanoticias.com\/en\/fc-barcelona\/juan-pablo-berdugo_18_115.html"}]}},"_links":{"self":[{"href":"https:\/\/www.fcbarcelonanoticias.com\/en\/wp-json\/wp\/v2\/posts\/136171","targetHints":{"allow":["GET"]}}],"collection":[{"href":"https:\/\/www.fcbarcelonanoticias.com\/en\/wp-json\/wp\/v2\/posts"}],"about":[{"href":"https:\/\/www.fcbarcelonanoticias.com\/en\/wp-json\/wp\/v2\/types\/post"}],"author":[{"embeddable":true,"href":"https:\/\/www.fcbarcelonanoticias.com\/en\/wp-json\/wp\/v2\/users\/358"}],"replies":[{"embeddable":true,"href":"https:\/\/www.fcbarcelonanoticias.com\/en\/wp-json\/wp\/v2\/comments?post=136171"}],"version-history":[{"count":1,"href":"https:\/\/www.fcbarcelonanoticias.com\/en\/wp-json\/wp\/v2\/posts\/136171\/revisions"}],"predecessor-version":[{"id":139856,"href":"https:\/\/www.fcbarcelonanoticias.com\/en\/wp-json\/wp\/v2\/posts\/136171\/revisions\/139856"}],"wp:featuredmedia":[{"embeddable":true,"href":"https:\/\/www.fcbarcelonanoticias.com\/en\/wp-json\/wp\/v2\/media\/136175"}],"wp:attachment":[{"href":"https:\/\/www.fcbarcelonanoticias.com\/en\/wp-json\/wp\/v2\/media?parent=136171"}],"wp:term":[{"taxonomy":"category","embeddable":true,"href":"https:\/\/www.fcbarcelonanoticias.com\/en\/wp-json\/wp\/v2\/categories?post=136171"},{"taxonomy":"post_tag","embeddable":true,"href":"https:\/\/www.fcbarcelonanoticias.com\/en\/wp-json\/wp\/v2\/tags?post=136171"}],"curies":[{"name":"wp","href":"https:\/\/api.w.org\/{rel}","templated":true}]}}