{"id":136197,"date":"2023-01-17T01:35:00","date_gmt":"2023-01-17T00:35:00","guid":{"rendered":"https:\/\/weisetech.dev\/fc-barcelona-noticias\/en\/survey-it-would-hit-the-barca-changing-to-kessie-by-brozovic_288696_102\/"},"modified":"2023-01-17T01:35:00","modified_gmt":"2023-01-17T00:35:00","slug":"survey-it-would-hit-the-barca-changing-to-kessie-by-brozovic_288696_102","status":"publish","type":"post","link":"https:\/\/www.fcbarcelonanoticias.com\/en\/transfers\/survey-it-would-hit-the-barca-changing-to-kessie-by-brozovic_288696_102.html","title":{"rendered":"SURVEY: Would Bar\u00e7a be right changing Kessi\u00e9 for Brozovic?"},"content":{"rendered":"<h2 class=\"wp-block-heading\">FC Barcelona and Inter Milan are advancing in the negotiations for a barter that, in principle, would leave both clubs satisfied: Franck Kessi\u00e9 for Marcelo Brozovic. Would Bar\u00e7a really win by letting the Ivorian go?<\/h2>  \r\n<div class=\"article-addons\">\r\n    <a href=\"https:\/\/www.fcbarcelonanoticias.com\/en\/calendar-fc-barcelona.html\"\r\n       target=\"_self\"\r\n       title=\"Calendar of FC Barcelona\"\r\n       class=\"blue-gredient-btn\">\r\n       \r\n        Calendar of FC Barcelona    <\/a>\r\n<\/div>   <p>Franck Kessi\u00e9 could return to Milan in brief to dress the T-shirt of the archirrival of his ex club, the Inter. <strong>The FC Barcelona and the group &#8216;nerazzurri&#8217; advance in <a data-external=\"0\" data-intl-links-en=\"https:\/\/www.fcbarcelonanoticias.com\/en\/transfers\/pros-and-contras-of-the-possible-barter-between-kessie-and-brozovic_288688_102.html\" data-intl-links-es=\"https:\/\/www.fcbarcelonanoticias.com\/fichajes\/pros-contras-posible-trueque-entre-kessie-brozovic_288688_102.html\" href=\"https:\/\/www.fcbarcelonanoticias.com\/en\/transfers\/pros-and-contras-of-the-possible-barter-between-kessie-and-brozovic_288688_102.html\" rel=\"follow\" target=\"_self\" title=\"Pros y contras del posible trueque entre Kessi\u00e9 y Brozovic\">the negotiation<\/a><\/strong> to send to the marfile\u00f1o of turn to the Series To and dress of blaugrana to the Croat Marcelo Brozovic, the one who has lost weight this season under the orders of the technician Simone Izaghi after six years like indisputable.<\/p>  <p>            <\/p> <div class=\"poll-wrapper\" id=\"poll_240\">             <div class=\"poll-content\">                 <div class=\"poll-top\">                     <span class=\"category\">THE POLL<\/span>                     <span class=\"title\">It would hit the Bar\u00e7a changing to Kessi\u00e9 by Brozovic?<\/span>                 <\/div>                 <div class=\"poll-bottom loading\" data-container=\"24060dee1eb5bb200.58639400 1769819153en\">                 <\/div>             <\/div>         <\/div>                 <div data-poll-element=\"poll_240\" data-poll-id=\"240\" data-fetch-url=\"\/_call?controller=ComitiumSuite%5CBundle%5CCSBundle%5CWidgets%5CPoll%5CController%5CWidgetController&amp;action=fetchPoll&amp;_parameters=kqC4I1IfX63opO%252FsCjT6AFpJvXuJLpvvUFVG1c0%252FSrVwD6bDa7VIAaYxOCtg053TfcjSSEtKMZUm%252BqRgLtbBI9lMwT9qkgqe%252Fo8AEpM5ZxtXSf3LCe8dP7RUS9cn0ceX%252BdqY3lsi2HKVUgnyTUzTAJshQGXA8FYzEIWa84D9%252FcmY7A%252BM7Egh8fmktFfVWDDUChNT6uzBLJpXAfCfD54U81U9CgBE1pNBHj2vQ8WcXgYiI4j92XBuonKdZYCwdeief4uxztn%252B4xS%252FJsSLxh%252FAR4ONyZcPwIcG%252FuCfxIok14HzTz%252B6VN0wuFA3vUFU8mvtdZGmBJzqgsyGcFL%252BcZlRTgSHABkKSWaRJCHPwWdSpWCkSfdR0MBCHyiKmzqPBJD0ruBiXuswnLDXw97kaEeZr2%252F1PDzE4JJfHFyRHdLRrgqfbhgVNx%252BI0LNlMtPBGmYDgfCRQnNLyXJfYfch0dJGHYxjvpwTL%252FqZKs48sUx1bPsBvX956I3JP6P8KJ%252FLeGtQbroSWPSNbDinhnQ%252Beo2Bosh5pScEPUZgr2JuIuSjgqEjiCofYXLocUGmdVQAxjMKc%252FEOMCaiaTIInq4grkR1RYkBSNIX%252FqyiIjogRriw6avaq0qnYdF%252FhVaVpYAsU%252FvA%252FhG3rbSMtM812dCDz38Dx%252FFNlLq6M3oLMNZrn2Qr3G1gOs2KDbM1uKeg1zcyfbIbbCtzedsAwoViMZDu1Hj4IqaUtVdpJ8awXp6dl0Ikv0jjjRvj2F4jeZXoftzGi%252B5Qe6qmVgkgTsxNRxAlo2GGwiXhgMA5qk46hwtjtABxrN0Ot%252BPkgnUNO%252BSfQb5kTyMH2bcqwDcRBJU8hLaycu6rcPCoVw1DViMLwIc7mjOaHGY%253D&amp;_locale=en&amp;_poll_id=240\" data-save-url=\"\/_call?controller=ComitiumSuite%5CBundle%5CCSBundle%5CWidgets%5CPoll%5CController%5CWidgetController&amp;action=saveVoteToQueue&amp;_parameters=kqC4I1IfX63opO%252FsCjT6AFpJvXuJLpvvUFVG1c0%252FSrVwD6bDa7VIAaYxOCtg053TfcjSSEtKMZUm%252BqRgLtbBI9lMwT9qkgqe%252Fo8AEpM5ZxtXSf3LCe8dP7RUS9cn0ceX%252BdqY3lsi2HKVUgnyTUzTAJshQGXA8FYzEIWa84D9%252FcmY7A%252BM7Egh8fmktFfVWDDUChNT6uzBLJpXAfCfD54U81U9CgBE1pNBHj2vQ8WcXgYiI4j92XBuonKdZYCwdeief4uxztn%252B4xS%252FJsSLxh%252FAR4ONyZcPwIcG%252FuCfxIok14HzTz%252B6VN0wuFA3vUFU8mvtdZGmBJzqgsyGcFL%252BcZlRTgSHABkKSWaRJCHPwWdSpWCkSfdR0MBCHyiKmzqPBJD0ruBiXuswnLDXw97kaEeZr2%252F1PDzE4JJfHFyRHdLRrgqfbhgVNx%252BI0LNlMtPBGmYDgfCRQnNLyXJfYfch0dJGHYxjvpwTL%252FqZKs48sUx1bPsBvX956I3JP6P8KJ%252FLeGtQbroSWPSNbDinhnQ%252Beo2Bosh5pScEPUZgr2JuIuSjgqEjiCofYXLocUGmdVQAxjMKc%252FEOMCaiaTIInq4grkR1RYkBSNIX%252FqyiIjogRriw6avaq0qnYdF%252FhVaVpYAsU%252FvA%252FhG3rbSMtM812dCDz38Dx%252FFNlLq6M3oLMNZrn2Qr3G1gOs2KDbM1uKeg1zcyfbIbbCtzedsAwoViMZDu1Hj4IqaUtVdpJ8awXp6dl0Ikv0jjjRvj2F4jeZXoftzGi%252B5Qe6qmVgkgTsxNRxAlo2GGwiXhgMA5qk46hwtjtABxrN0Ot%252BPkgnUNO%252BSfQb5kTyMH2bcqwDcRBJU8hLaycu6rcPCoVw1DViMLwIc7mjOaHGY%253D&amp;_poll_id=240\" data-locale=\"en\" data-uuid=\"60dee1eb5bb200.58639400 1769819153\"><\/div>       <p>The one of Zagreb has the advantage to play without problems like l\u00edbero in a line of three head offices or like pivote, according to the needs of the team. In this sense, <strong>Xavi Hern\u00e1ndez would give the &#8216;OK&#8217; to the player of 30 years like possible spare of Sergio Busquets<\/strong> the one who, to these heights, follows without defining his future like cul\u00e9. With agreement until 30 June, the captain could leave in summer to the MLS, although for now there is not at all confirmed.<\/p>  <p>Instead, <strong>Kessi\u00e9 would see truncated his dream to triumph in Catalonia after a semester in which it has not attained to adapt <\/strong>to what the technician egarense asks him. The one of Ouragahio accepted fichar to &#8216;cost zero&#8217; by the Bar\u00e7a before the end of the 2021\/22 and descartando proposals more interesting in the economic, but hardly has played 664 minutes in 17 parties in what it goes of season.<\/p>  <p><strong>The vehemence in the mark has deserved him 3 yellow cards in his first 8 apparitions in LaLiga<\/strong>, where was to title in alone three opportunities. To his time, <strong>his offensive vocation allowed him premi\u00e8re like goleador in Champions <\/strong>in the promising debut cul\u00e9 in the phase of groups in front of Viktoria Plzen. However, his leadership was diluting and, to these heights, everything aims to his exit in January. It does well the <a alto=\"\" data-external=\"0\" data-intl-links-en=\"https:\/\/www.fcbarcelonanoticias.com\/en\/copa-del-rey\/the-ceuta-barca-of-the-glass-of-rey-party-of-high-risk_288690_102.html\" data-intl-links-es=\"https:\/\/www.fcbarcelonanoticias.com\/copa-del-rey\/ceuta-barcelona-copa-rey-partido-alto-riesgo_288690_102.html\" href=\"https:\/\/www.fcbarcelonanoticias.com\/en\/copa-del-rey\/the-ceuta-barca-of-the-glass-of-rey-party-of-high-risk_288690_102.html\" rel=\"follow\" riesgo=\"\" target=\"_self\" title=\"El Ceuta-Bar\u00e7a de la Copa del Rey, un partido de \">Bar\u00e7a<\/a> in leaving him go by a Brozovic perhaps am missing of continuity?<\/p> ","protected":false},"excerpt":{"rendered":"<p>FC Barcelona and Inter Milan are advancing in the negotiations for a barter that, in principle, would leave both clubs satisfied: Franck Kessi\u00e9 for Marcelo Brozovic. Would Bar\u00e7a really win by letting the Ivorian go? Franck Kessi\u00e9 could return to Milan in brief to dress the T-shirt of the archirrival of his ex club, the [&hellip;]<\/p>\n","protected":false},"author":347,"featured_media":136201,"comment_status":"closed","ping_status":"open","sticky":false,"template":"","format":"standard","meta":{"_acf_changed":false,"inline_featured_image":false,"_nextfly_llmd_date_locked":false,"footnotes":""},"categories":[106,449],"tags":[305,100,216],"class_list":["post-136197","post","type-post","status-publish","format-standard","has-post-thumbnail","hentry","category-transfers","category-transfers-2","tag-frank-kessie","tag-inter-milan","tag-surveys"],"acf":[],"yoast_head":"<!-- This site is optimized with the Yoast SEO plugin v27.3 - https:\/\/yoast.com\/product\/yoast-seo-wordpress\/ -->\n<title>SURVEY: it would hit the Bar\u00e7a changing to Kessi\u00e9 by Brozovic?<\/title>\n<meta name=\"description\" content=\"The FC Barcelona and the Inter of Milan advance in the negotiations by a barter that, in principle, would leave to both satisfied clubs: Franck Kessi\u00e9 by Marcelo Brozovic. Really it would win the Bar\u00e7a leaving go to the marfile\u00f1o?\" \/>\n<meta name=\"robots\" content=\"index, follow, max-snippet:-1, max-image-preview:large, max-video-preview:-1\" \/>\n<link rel=\"canonical\" href=\"https:\/\/www.fcbarcelonanoticias.com\/en\/transfers\/survey-it-would-hit-the-barca-changing-to-kessie-by-brozovic_288696_102.html\" \/>\n<meta property=\"og:locale\" content=\"en_US\" \/>\n<meta property=\"og:type\" content=\"article\" \/>\n<meta property=\"og:title\" content=\"SURVEY: it would hit the Bar\u00e7a changing to Kessi\u00e9 by Brozovic?\" \/>\n<meta property=\"og:description\" content=\"The FC Barcelona and the Inter of Milan advance in the negotiations by a barter that, in principle, would leave to both satisfied clubs: Franck Kessi\u00e9 by Marcelo Brozovic. Really it would win the Bar\u00e7a leaving go to the marfile\u00f1o?\" \/>\n<meta property=\"og:url\" content=\"https:\/\/www.fcbarcelonanoticias.com\/en\/transfers\/survey-it-would-hit-the-barca-changing-to-kessie-by-brozovic_288696_102.html\" \/>\n<meta property=\"og:site_name\" content=\"EN - FC Barcelona Noticias\" \/>\n<meta property=\"article:published_time\" content=\"2023-01-17T00:35:00+00:00\" \/>\n<meta property=\"og:image\" content=\"https:\/\/www.fcbarcelonanoticias.com\/en\/wp-content\/uploads\/sites\/2\/2023\/01\/encuesta-cule-franck-kessie.jpeg\" \/>\n\t<meta property=\"og:image:width\" content=\"1200\" \/>\n\t<meta property=\"og:image:height\" content=\"675\" \/>\n\t<meta property=\"og:image:type\" content=\"image\/jpeg\" \/>\n<meta name=\"author\" content=\"Andr\u00e9s Quiroz\" \/>\n<meta name=\"twitter:card\" content=\"summary_large_image\" \/>\n<meta name=\"twitter:label1\" content=\"Written by\" \/>\n\t<meta name=\"twitter:data1\" content=\"Andr\u00e9s Quiroz\" \/>\n\t<meta name=\"twitter:label2\" content=\"Est. reading time\" \/>\n\t<meta name=\"twitter:data2\" content=\"2 minutes\" \/>\n<script type=\"application\/ld+json\" class=\"yoast-schema-graph\">{\"@context\":\"https:\\\/\\\/schema.org\",\"@graph\":[{\"@type\":\"Article\",\"@id\":\"https:\\\/\\\/www.fcbarcelonanoticias.com\\\/en\\\/transfers\\\/survey-it-would-hit-the-barca-changing-to-kessie-by-brozovic_288696_102.html#article\",\"isPartOf\":{\"@id\":\"https:\\\/\\\/www.fcbarcelonanoticias.com\\\/en\\\/transfers\\\/survey-it-would-hit-the-barca-changing-to-kessie-by-brozovic_288696_102.html\"},\"author\":{\"name\":\"Andr\u00e9s Quiroz\",\"@id\":\"https:\\\/\\\/www.fcbarcelonanoticias.com\\\/en\\\/#\\\/schema\\\/person\\\/c2cd9f6fa1af5c0d0eccd0fefa575c88\"},\"headline\":\"SURVEY: Would Bar\u00e7a be right changing Kessi\u00e9 for Brozovic?\",\"datePublished\":\"2023-01-17T00:35:00+00:00\",\"mainEntityOfPage\":{\"@id\":\"https:\\\/\\\/www.fcbarcelonanoticias.com\\\/en\\\/transfers\\\/survey-it-would-hit-the-barca-changing-to-kessie-by-brozovic_288696_102.html\"},\"wordCount\":375,\"image\":{\"@id\":\"https:\\\/\\\/www.fcbarcelonanoticias.com\\\/en\\\/transfers\\\/survey-it-would-hit-the-barca-changing-to-kessie-by-brozovic_288696_102.html#primaryimage\"},\"thumbnailUrl\":\"https:\\\/\\\/www.fcbarcelonanoticias.com\\\/en\\\/wp-content\\\/uploads\\\/sites\\\/2\\\/2023\\\/01\\\/encuesta-cule-franck-kessie.jpeg\",\"keywords\":[\"Frank Kessi\u00e9\",\"Inter Milan\",\"Surveys\"],\"articleSection\":[\"Transfers\",\"Transfers\"],\"inLanguage\":\"en-US\"},{\"@type\":\"WebPage\",\"@id\":\"https:\\\/\\\/www.fcbarcelonanoticias.com\\\/en\\\/transfers\\\/survey-it-would-hit-the-barca-changing-to-kessie-by-brozovic_288696_102.html\",\"url\":\"https:\\\/\\\/www.fcbarcelonanoticias.com\\\/en\\\/transfers\\\/survey-it-would-hit-the-barca-changing-to-kessie-by-brozovic_288696_102.html\",\"name\":\"SURVEY: it would hit the Bar\u00e7a changing to Kessi\u00e9 by Brozovic?\",\"isPartOf\":{\"@id\":\"https:\\\/\\\/www.fcbarcelonanoticias.com\\\/en\\\/#website\"},\"primaryImageOfPage\":{\"@id\":\"https:\\\/\\\/www.fcbarcelonanoticias.com\\\/en\\\/transfers\\\/survey-it-would-hit-the-barca-changing-to-kessie-by-brozovic_288696_102.html#primaryimage\"},\"image\":{\"@id\":\"https:\\\/\\\/www.fcbarcelonanoticias.com\\\/en\\\/transfers\\\/survey-it-would-hit-the-barca-changing-to-kessie-by-brozovic_288696_102.html#primaryimage\"},\"thumbnailUrl\":\"https:\\\/\\\/www.fcbarcelonanoticias.com\\\/en\\\/wp-content\\\/uploads\\\/sites\\\/2\\\/2023\\\/01\\\/encuesta-cule-franck-kessie.jpeg\",\"datePublished\":\"2023-01-17T00:35:00+00:00\",\"author\":{\"@id\":\"https:\\\/\\\/www.fcbarcelonanoticias.com\\\/en\\\/#\\\/schema\\\/person\\\/c2cd9f6fa1af5c0d0eccd0fefa575c88\"},\"description\":\"The FC Barcelona and the Inter of Milan advance in the negotiations by a barter that, in principle, would leave to both satisfied clubs: Franck Kessi\u00e9 by Marcelo Brozovic. Really it would win the Bar\u00e7a leaving go to the marfile\u00f1o?\",\"breadcrumb\":{\"@id\":\"https:\\\/\\\/www.fcbarcelonanoticias.com\\\/en\\\/transfers\\\/survey-it-would-hit-the-barca-changing-to-kessie-by-brozovic_288696_102.html#breadcrumb\"},\"inLanguage\":\"en-US\",\"potentialAction\":[{\"@type\":\"ReadAction\",\"target\":[\"https:\\\/\\\/www.fcbarcelonanoticias.com\\\/en\\\/transfers\\\/survey-it-would-hit-the-barca-changing-to-kessie-by-brozovic_288696_102.html\"]}]},{\"@type\":\"ImageObject\",\"inLanguage\":\"en-US\",\"@id\":\"https:\\\/\\\/www.fcbarcelonanoticias.com\\\/en\\\/transfers\\\/survey-it-would-hit-the-barca-changing-to-kessie-by-brozovic_288696_102.html#primaryimage\",\"url\":\"https:\\\/\\\/www.fcbarcelonanoticias.com\\\/en\\\/wp-content\\\/uploads\\\/sites\\\/2\\\/2023\\\/01\\\/encuesta-cule-franck-kessie.jpeg\",\"contentUrl\":\"https:\\\/\\\/www.fcbarcelonanoticias.com\\\/en\\\/wp-content\\\/uploads\\\/sites\\\/2\\\/2023\\\/01\\\/encuesta-cule-franck-kessie.jpeg\",\"width\":1200,\"height\":675},{\"@type\":\"BreadcrumbList\",\"@id\":\"https:\\\/\\\/www.fcbarcelonanoticias.com\\\/en\\\/transfers\\\/survey-it-would-hit-the-barca-changing-to-kessie-by-brozovic_288696_102.html#breadcrumb\",\"itemListElement\":[{\"@type\":\"ListItem\",\"position\":1,\"name\":\"Portada\",\"item\":\"https:\\\/\\\/www.fcbarcelonanoticias.com\\\/en\\\/\"},{\"@type\":\"ListItem\",\"position\":2,\"name\":\"SURVEY: Would Bar\u00e7a be right changing Kessi\u00e9 for Brozovic?\"}]},{\"@type\":\"WebSite\",\"@id\":\"https:\\\/\\\/www.fcbarcelonanoticias.com\\\/en\\\/#website\",\"url\":\"https:\\\/\\\/www.fcbarcelonanoticias.com\\\/en\\\/\",\"name\":\"EN - FC Barcelona Noticias\",\"description\":\"\",\"potentialAction\":[{\"@type\":\"SearchAction\",\"target\":{\"@type\":\"EntryPoint\",\"urlTemplate\":\"https:\\\/\\\/www.fcbarcelonanoticias.com\\\/en\\\/?s={search_term_string}\"},\"query-input\":{\"@type\":\"PropertyValueSpecification\",\"valueRequired\":true,\"valueName\":\"search_term_string\"}}],\"inLanguage\":\"en-US\"},{\"@type\":\"Person\",\"@id\":\"https:\\\/\\\/www.fcbarcelonanoticias.com\\\/en\\\/#\\\/schema\\\/person\\\/c2cd9f6fa1af5c0d0eccd0fefa575c88\",\"name\":\"Andr\u00e9s Quiroz\",\"image\":{\"@type\":\"ImageObject\",\"inLanguage\":\"en-US\",\"@id\":\"https:\\\/\\\/secure.gravatar.com\\\/avatar\\\/?s=96&d=mm&r=g\",\"url\":\"https:\\\/\\\/secure.gravatar.com\\\/avatar\\\/?s=96&d=mm&r=g\",\"contentUrl\":\"https:\\\/\\\/secure.gravatar.com\\\/avatar\\\/?s=96&d=mm&r=g\",\"caption\":\"Andr\u00e9s Quiroz\"},\"description\":\"Licenciado en Periodismo por la Universidad de los Andes. Me encargo de analizar y compartir los contenidos m\u00e1s destacados de la\u00a0actualidad del F\u00fatbol Club Barcelona, Mercado de Fichajes y F\u00fatbol Internacional en FCBN. La informaci\u00f3n es poder, pero tambi\u00e9n conocimiento.\",\"url\":\"https:\\\/\\\/www.fcbarcelonanoticias.com\\\/en\\\/fc-barcelona\\\/andres-quiroz_17_115.html\"}]}<\/script>\n<!-- \/ Yoast SEO plugin. -->","yoast_head_json":{"title":"SURVEY: it would hit the Bar\u00e7a changing to Kessi\u00e9 by Brozovic?","description":"The FC Barcelona and the Inter of Milan advance in the negotiations by a barter that, in principle, would leave to both satisfied clubs: Franck Kessi\u00e9 by Marcelo Brozovic. Really it would win the Bar\u00e7a leaving go to the marfile\u00f1o?","robots":{"index":"index","follow":"follow","max-snippet":"max-snippet:-1","max-image-preview":"max-image-preview:large","max-video-preview":"max-video-preview:-1"},"canonical":"https:\/\/www.fcbarcelonanoticias.com\/en\/transfers\/survey-it-would-hit-the-barca-changing-to-kessie-by-brozovic_288696_102.html","og_locale":"en_US","og_type":"article","og_title":"SURVEY: it would hit the Bar\u00e7a changing to Kessi\u00e9 by Brozovic?","og_description":"The FC Barcelona and the Inter of Milan advance in the negotiations by a barter that, in principle, would leave to both satisfied clubs: Franck Kessi\u00e9 by Marcelo Brozovic. Really it would win the Bar\u00e7a leaving go to the marfile\u00f1o?","og_url":"https:\/\/www.fcbarcelonanoticias.com\/en\/transfers\/survey-it-would-hit-the-barca-changing-to-kessie-by-brozovic_288696_102.html","og_site_name":"EN - FC Barcelona Noticias","article_published_time":"2023-01-17T00:35:00+00:00","og_image":[{"width":1200,"height":675,"url":"https:\/\/www.fcbarcelonanoticias.com\/en\/wp-content\/uploads\/sites\/2\/2023\/01\/encuesta-cule-franck-kessie.jpeg","type":"image\/jpeg"}],"author":"Andr\u00e9s Quiroz","twitter_card":"summary_large_image","twitter_misc":{"Written by":"Andr\u00e9s Quiroz","Est. reading time":"2 minutes"},"schema":{"@context":"https:\/\/schema.org","@graph":[{"@type":"Article","@id":"https:\/\/www.fcbarcelonanoticias.com\/en\/transfers\/survey-it-would-hit-the-barca-changing-to-kessie-by-brozovic_288696_102.html#article","isPartOf":{"@id":"https:\/\/www.fcbarcelonanoticias.com\/en\/transfers\/survey-it-would-hit-the-barca-changing-to-kessie-by-brozovic_288696_102.html"},"author":{"name":"Andr\u00e9s Quiroz","@id":"https:\/\/www.fcbarcelonanoticias.com\/en\/#\/schema\/person\/c2cd9f6fa1af5c0d0eccd0fefa575c88"},"headline":"SURVEY: Would Bar\u00e7a be right changing Kessi\u00e9 for Brozovic?","datePublished":"2023-01-17T00:35:00+00:00","mainEntityOfPage":{"@id":"https:\/\/www.fcbarcelonanoticias.com\/en\/transfers\/survey-it-would-hit-the-barca-changing-to-kessie-by-brozovic_288696_102.html"},"wordCount":375,"image":{"@id":"https:\/\/www.fcbarcelonanoticias.com\/en\/transfers\/survey-it-would-hit-the-barca-changing-to-kessie-by-brozovic_288696_102.html#primaryimage"},"thumbnailUrl":"https:\/\/www.fcbarcelonanoticias.com\/en\/wp-content\/uploads\/sites\/2\/2023\/01\/encuesta-cule-franck-kessie.jpeg","keywords":["Frank Kessi\u00e9","Inter Milan","Surveys"],"articleSection":["Transfers","Transfers"],"inLanguage":"en-US"},{"@type":"WebPage","@id":"https:\/\/www.fcbarcelonanoticias.com\/en\/transfers\/survey-it-would-hit-the-barca-changing-to-kessie-by-brozovic_288696_102.html","url":"https:\/\/www.fcbarcelonanoticias.com\/en\/transfers\/survey-it-would-hit-the-barca-changing-to-kessie-by-brozovic_288696_102.html","name":"SURVEY: it would hit the Bar\u00e7a changing to Kessi\u00e9 by Brozovic?","isPartOf":{"@id":"https:\/\/www.fcbarcelonanoticias.com\/en\/#website"},"primaryImageOfPage":{"@id":"https:\/\/www.fcbarcelonanoticias.com\/en\/transfers\/survey-it-would-hit-the-barca-changing-to-kessie-by-brozovic_288696_102.html#primaryimage"},"image":{"@id":"https:\/\/www.fcbarcelonanoticias.com\/en\/transfers\/survey-it-would-hit-the-barca-changing-to-kessie-by-brozovic_288696_102.html#primaryimage"},"thumbnailUrl":"https:\/\/www.fcbarcelonanoticias.com\/en\/wp-content\/uploads\/sites\/2\/2023\/01\/encuesta-cule-franck-kessie.jpeg","datePublished":"2023-01-17T00:35:00+00:00","author":{"@id":"https:\/\/www.fcbarcelonanoticias.com\/en\/#\/schema\/person\/c2cd9f6fa1af5c0d0eccd0fefa575c88"},"description":"The FC Barcelona and the Inter of Milan advance in the negotiations by a barter that, in principle, would leave to both satisfied clubs: Franck Kessi\u00e9 by Marcelo Brozovic. Really it would win the Bar\u00e7a leaving go to the marfile\u00f1o?","breadcrumb":{"@id":"https:\/\/www.fcbarcelonanoticias.com\/en\/transfers\/survey-it-would-hit-the-barca-changing-to-kessie-by-brozovic_288696_102.html#breadcrumb"},"inLanguage":"en-US","potentialAction":[{"@type":"ReadAction","target":["https:\/\/www.fcbarcelonanoticias.com\/en\/transfers\/survey-it-would-hit-the-barca-changing-to-kessie-by-brozovic_288696_102.html"]}]},{"@type":"ImageObject","inLanguage":"en-US","@id":"https:\/\/www.fcbarcelonanoticias.com\/en\/transfers\/survey-it-would-hit-the-barca-changing-to-kessie-by-brozovic_288696_102.html#primaryimage","url":"https:\/\/www.fcbarcelonanoticias.com\/en\/wp-content\/uploads\/sites\/2\/2023\/01\/encuesta-cule-franck-kessie.jpeg","contentUrl":"https:\/\/www.fcbarcelonanoticias.com\/en\/wp-content\/uploads\/sites\/2\/2023\/01\/encuesta-cule-franck-kessie.jpeg","width":1200,"height":675},{"@type":"BreadcrumbList","@id":"https:\/\/www.fcbarcelonanoticias.com\/en\/transfers\/survey-it-would-hit-the-barca-changing-to-kessie-by-brozovic_288696_102.html#breadcrumb","itemListElement":[{"@type":"ListItem","position":1,"name":"Portada","item":"https:\/\/www.fcbarcelonanoticias.com\/en\/"},{"@type":"ListItem","position":2,"name":"SURVEY: Would Bar\u00e7a be right changing Kessi\u00e9 for Brozovic?"}]},{"@type":"WebSite","@id":"https:\/\/www.fcbarcelonanoticias.com\/en\/#website","url":"https:\/\/www.fcbarcelonanoticias.com\/en\/","name":"EN - FC Barcelona Noticias","description":"","potentialAction":[{"@type":"SearchAction","target":{"@type":"EntryPoint","urlTemplate":"https:\/\/www.fcbarcelonanoticias.com\/en\/?s={search_term_string}"},"query-input":{"@type":"PropertyValueSpecification","valueRequired":true,"valueName":"search_term_string"}}],"inLanguage":"en-US"},{"@type":"Person","@id":"https:\/\/www.fcbarcelonanoticias.com\/en\/#\/schema\/person\/c2cd9f6fa1af5c0d0eccd0fefa575c88","name":"Andr\u00e9s Quiroz","image":{"@type":"ImageObject","inLanguage":"en-US","@id":"https:\/\/secure.gravatar.com\/avatar\/?s=96&d=mm&r=g","url":"https:\/\/secure.gravatar.com\/avatar\/?s=96&d=mm&r=g","contentUrl":"https:\/\/secure.gravatar.com\/avatar\/?s=96&d=mm&r=g","caption":"Andr\u00e9s Quiroz"},"description":"Licenciado en Periodismo por la Universidad de los Andes. Me encargo de analizar y compartir los contenidos m\u00e1s destacados de la\u00a0actualidad del F\u00fatbol Club Barcelona, Mercado de Fichajes y F\u00fatbol Internacional en FCBN. La informaci\u00f3n es poder, pero tambi\u00e9n conocimiento.","url":"https:\/\/www.fcbarcelonanoticias.com\/en\/fc-barcelona\/andres-quiroz_17_115.html"}]}},"_links":{"self":[{"href":"https:\/\/www.fcbarcelonanoticias.com\/en\/wp-json\/wp\/v2\/posts\/136197","targetHints":{"allow":["GET"]}}],"collection":[{"href":"https:\/\/www.fcbarcelonanoticias.com\/en\/wp-json\/wp\/v2\/posts"}],"about":[{"href":"https:\/\/www.fcbarcelonanoticias.com\/en\/wp-json\/wp\/v2\/types\/post"}],"author":[{"embeddable":true,"href":"https:\/\/www.fcbarcelonanoticias.com\/en\/wp-json\/wp\/v2\/users\/347"}],"replies":[{"embeddable":true,"href":"https:\/\/www.fcbarcelonanoticias.com\/en\/wp-json\/wp\/v2\/comments?post=136197"}],"version-history":[{"count":1,"href":"https:\/\/www.fcbarcelonanoticias.com\/en\/wp-json\/wp\/v2\/posts\/136197\/revisions"}],"predecessor-version":[{"id":139863,"href":"https:\/\/www.fcbarcelonanoticias.com\/en\/wp-json\/wp\/v2\/posts\/136197\/revisions\/139863"}],"wp:featuredmedia":[{"embeddable":true,"href":"https:\/\/www.fcbarcelonanoticias.com\/en\/wp-json\/wp\/v2\/media\/136201"}],"wp:attachment":[{"href":"https:\/\/www.fcbarcelonanoticias.com\/en\/wp-json\/wp\/v2\/media?parent=136197"}],"wp:term":[{"taxonomy":"category","embeddable":true,"href":"https:\/\/www.fcbarcelonanoticias.com\/en\/wp-json\/wp\/v2\/categories?post=136197"},{"taxonomy":"post_tag","embeddable":true,"href":"https:\/\/www.fcbarcelonanoticias.com\/en\/wp-json\/wp\/v2\/tags?post=136197"}],"curies":[{"name":"wp","href":"https:\/\/api.w.org\/{rel}","templated":true}]}}