{"id":136330,"date":"2024-12-26T18:08:00","date_gmt":"2024-12-26T17:08:00","guid":{"rendered":"https:\/\/weisetech.dev\/fc-barcelona-noticias\/en\/the-new-avenue-that-barcelona-would-explore-to-approach-the-signing-of-viktor-gy-keres_309624_102\/"},"modified":"2024-12-26T18:10:00","modified_gmt":"2024-12-26T17:10:00","slug":"the-new-avenue-that-barcelona-would-explore-to-approach-the-signing-of-viktor-gy-keres_309624_102","status":"publish","type":"post","link":"https:\/\/www.fcbarcelonanoticias.com\/en\/transfers\/the-new-avenue-that-barcelona-would-explore-to-approach-the-signing-of-viktor-gy-keres_309624_102.html","title":{"rendered":"The new avenue that Barcelona would explore to approach the signing of Viktor Gy\u00f6keres"},"content":{"rendered":"<h2 class=\"wp-block-heading\">FC Barcelona would be evaluating the option of approaching the signing of Viktor Gy\u00f6keres. There is even speculation about a negotiation in which the cul\u00e9 club could include a player to reduce the costs of the operation<\/h2>  \r\n<div class=\"article-addons\">\r\n    <a href=\"https:\/\/www.fcbarcelonanoticias.com\/en\/calendar-fc-barcelona.html\"\r\n       target=\"_self\"\r\n       title=\"Calendar of FC Barcelona\"\r\n       class=\"blue-gredient-btn\">\r\n       \r\n        Calendar of FC Barcelona    <\/a>\r\n<\/div>   <p>From the sports management of <strong>FC Barcelona<\/strong>, it gives the impression that the idea of acquiring the services of a top-level center forward to replace <strong>Robert Lewandowski<\/strong> is gaining strength, despite Lewandowski remaining productive in scoring goals, a reliable replacement is deemed necessary. Many agree that this need has recently become more pronounced as &#8216;Lewy&#8217; is experiencing a slight but noticeable goal-scoring drought.<\/p>  <p>In this regard, one of the options that most attracts the Blaugrana is that of the 26-year-old Swedish forward, <strong>Viktor Gy\u00f6keres<\/strong>. And why not? The native of Stockholm is having a dream 2024-25 season with Sporting Club de Portugal, amassing <strong>27 goals and five assists in 26 matches,<\/strong> leading the Primeira Liga&#8217;s top scorer chart with 18 goals and a strong contender in the race for the Golden Boot with 27 points, currently led by <strong>Robert Lewandowski<\/strong> with 32 points.<\/p>  <p>However, <strong>Barcelona<\/strong> faces a significant obstacle to overcome: the price of <strong>Gy\u00f6keres<\/strong>. A stellar goalscorer like Viktor is not exactly economical, with <strong>a release clause of \u20ac100 million<\/strong>. Nevertheless, the Portuguese team, which is going through a tough time following R\u00faben Amorim&#8217;s departure as coach, seems willing to negotiate for around \u20ac80 million.<\/p>  <p>Now, even though negotiating down to \u20ac80 million would be seen as a significant step forward, it apparently remains a substantial sum for <strong>Barcelona<\/strong>. Therefore, it is not surprising that the Catalan club is exploring ways to reduce the cost of <strong>Gy\u00f6keres<\/strong>, even considering the option of including a Barcelona player in the deal to cut costs.<\/p>  <h3>Barcelona would attempt to include Vitor Roque in the negotiation for Gy\u00f6keres<\/h3>  <p>In this regard, as reported by the transfer specialist journalist Ekrem Konur, <strong>Barcelona<\/strong> is <strong>considering the option of including Vitor Roque<\/strong> in the negotiation for the transfer of <strong>Gy\u00f6keres<\/strong>. Currently on loan at Real Betis and without a clear place in the Blaugrana&#8217;s sports project, <a data-external=\"0\" href=\"https:\/\/www.fcbarcelonanoticias.com\/en\/football-soccer\/transfers\/the-bidding-intensifies-tottenham-goes-for-barca-big-discard_309601_102.html\" rel=\"follow\" target=\"_self\" title=\"Bidding Intensifies: Tottenham Goes for Bar\u00e7a's Big Discard\">the name &#8216;Tigrinho&#8217; has regained relevance<\/a>.<\/p>  <p>It is worth remembering that during the last summer transfer window, the name of <strong>Vitor Roque<\/strong> was of interest to <strong>Sporting Club de Portugal<\/strong>, who sought to strengthen their forward line. It was even mentioned that the Portuguese offered <strong>\u20ac20 million plus variables for the Tim\u00f3teo native<\/strong>. However, the deal did not materialize, and the former Athletico Paranaense player was loaned to Real Betis for the 2024-25 season.<\/p>  <p>            <\/p> <div class=\"poll-wrapper\" id=\"poll_429\">             <div class=\"poll-content\">                 <div class=\"poll-top\">                     <span class=\"category\">THE POLL<\/span>                     <span class=\"title\">If you were Sporting, would you accept Vitor Roque as part of the negotiation for the sale of Viktor Gy\u00f6keres?<\/span>                 <\/div>                 <div class=\"poll-bottom loading\" data-container=\"42960dee1eb5bb200.56460400 1763054257en\">                 <\/div>             <\/div>         <\/div>                 <div data-poll-element=\"poll_429\" data-poll-id=\"429\" data-fetch-url=\"\/_call?controller=ComitiumSuite%5CBundle%5CCSBundle%5CWidgets%5CPoll%5CController%5CWidgetController&amp;action=fetchPoll&amp;_parameters=kqC4I1IfX63opO%252FsCjT6AF3wkGyuAFKd1M1a%252BgNKd%252BNNJ7xRF1tlqYhRWgkv8q42Nm2NZRLHCULSyBA0kWdc9qVAsl8v9xqt%252Bcg0frA66C16J9tcv%252F7nURpvoeQByruDmINuZWlpngoGNRMMuua3464SHyruVuJzbvNaFsnJJahrtZQfltPf12iluDllAJl33lVHgx13CIXm7Ouvq%252BHaKAYQqK7RihzT5%252FOwzRnjufc%252BEaU6HWRYHdfbOTMVQaTj0OuWg6FPOJ2eCL8qnosz8Jh3SQ800vTxkCYdwuo1nbdwRsI5dI%252BoVFyy%252BgHzXCmgNaNoXvHpeSjYgtWsWaHjdT7M0j0J%252FVbbAXehzeXQBzgbu8wIkNX9HvYH0PLpjs5bGDokn56xNWTqtEJD3e2zNi%252B%252Frh4xcdUhtQ4coNV%252FazFGFcd0Jh%252Bi46%252FaC9ilyqxrCfUxbKj9zCZ9wr01P2M3fzfV41MwGFYn%252FcS67MP7V5su81Ju2Rr8DClSPONbhx9QUfUnedYMkH%252Fap8kZoKhhN3iflVRV59P3nmxoanqiV4VPH5K04VUdpWvpjsGrG0StPdJJzSiw103gJoF8f5ptBEUWFr7QDXqXFOOHrCYToxMq2nWmH1mfzQohLvXotD0P%252F%252BZtsImulyYdQXX8qjBwtI%252BkEZTj4UEJLPrjMDjHDgfb9uxmEp5roHUcbYfwjCK8oU%252Ft15eTS9q7KbhJcQAfVUhgYVpyGHnWboRdOn4YKTFoycFGm%252BhhUaB0JI34uqWVThlk3zAoyaw2xOYJEnhn9IxmZ36%252FGjoo3vLzx%252FTWdhq%252BkJMEYAnO3HKC%252Foib8N9XAQoTMV0R57deGAjdwfeT59V8UaMe1prpXCnzAUPb2N8%253D&amp;_locale=en&amp;_poll_id=429\" data-save-url=\"\/_call?controller=ComitiumSuite%5CBundle%5CCSBundle%5CWidgets%5CPoll%5CController%5CWidgetController&amp;action=saveVoteToQueue&amp;_parameters=kqC4I1IfX63opO%252FsCjT6AF3wkGyuAFKd1M1a%252BgNKd%252BNNJ7xRF1tlqYhRWgkv8q42Nm2NZRLHCULSyBA0kWdc9qVAsl8v9xqt%252Bcg0frA66C16J9tcv%252F7nURpvoeQByruDmINuZWlpngoGNRMMuua3464SHyruVuJzbvNaFsnJJahrtZQfltPf12iluDllAJl33lVHgx13CIXm7Ouvq%252BHaKAYQqK7RihzT5%252FOwzRnjufc%252BEaU6HWRYHdfbOTMVQaTj0OuWg6FPOJ2eCL8qnosz8Jh3SQ800vTxkCYdwuo1nbdwRsI5dI%252BoVFyy%252BgHzXCmgNaNoXvHpeSjYgtWsWaHjdT7M0j0J%252FVbbAXehzeXQBzgbu8wIkNX9HvYH0PLpjs5bGDokn56xNWTqtEJD3e2zNi%252B%252Frh4xcdUhtQ4coNV%252FazFGFcd0Jh%252Bi46%252FaC9ilyqxrCfUxbKj9zCZ9wr01P2M3fzfV41MwGFYn%252FcS67MP7V5su81Ju2Rr8DClSPONbhx9QUfUnedYMkH%252Fap8kZoKhhN3iflVRV59P3nmxoanqiV4VPH5K04VUdpWvpjsGrG0StPdJJzSiw103gJoF8f5ptBEUWFr7QDXqXFOOHrCYToxMq2nWmH1mfzQohLvXotD0P%252F%252BZtsImulyYdQXX8qjBwtI%252BkEZTj4UEJLPrjMDjHDgfb9uxmEp5roHUcbYfwjCK8oU%252Ft15eTS9q7KbhJcQAfVUhgYVpyGHnWboRdOn4YKTFoycFGm%252BhhUaB0JI34uqWVThlk3zAoyaw2xOYJEnhn9IxmZ36%252FGjoo3vLzx%252FTWdhq%252BkJMEYAnO3HKC%252Foib8N9XAQoTMV0R57deGAjdwfeT59V8UaMe1prpXCnzAUPb2N8%253D&amp;_poll_id=429\" data-locale=\"en\" data-uuid=\"60dee1eb5bb200.56460400 1763054257\"><\/div>       <p>Now, it is necessary to assess the viability of this negotiation. Although it may seem feasible, it will undoubtedly present certain complexities. Questions arise about what <strong>Barcelona&#8217;s valuation of Vitor Roque<\/strong> would be, who has been improving his numbers with the &#8216;verdiblanco&#8217; team, scoring six goals in 23 matches.<\/p>  <p>Moreover, it will be crucial to determine if the Portuguese side will accept this valuation, which will likely need to be accompanied by an appropriate financial compensation for the reigning Primeira Liga champions to consider letting go of <strong>Gy\u00f6keres<\/strong>, their star goalscorer.<\/p> ","protected":false},"excerpt":{"rendered":"<p>FC Barcelona would be evaluating the option of approaching the signing of Viktor Gy\u00f6keres. There is even speculation about a negotiation in which the cul\u00e9 club could include a player to reduce the costs of the operation From the sports management of FC Barcelona, it gives the impression that the idea of acquiring the services [&hellip;]<\/p>\n","protected":false},"author":355,"featured_media":136335,"comment_status":"closed","ping_status":"open","sticky":false,"template":"","format":"standard","meta":{"_acf_changed":false,"inline_featured_image":false,"_nextfly_llmd_date_locked":false,"footnotes":""},"categories":[449,106],"tags":[235,327],"class_list":["post-136330","post","type-post","status-publish","format-standard","has-post-thumbnail","hentry","category-transfers-2","category-transfers","tag-viktor-gyokeres","tag-vitor-roque"],"acf":[],"yoast_head":"<!-- This site is optimized with the Yoast SEO plugin v27.3 - https:\/\/yoast.com\/product\/yoast-seo-wordpress\/ -->\n<title>The new avenue that Barcelona would explore to approach the signing of Viktor Gy\u00f6keres<\/title>\n<meta name=\"description\" content=\"FC Barcelona would be evaluating the option of approaching the signing of Viktor Gy\u00f6keres. There is even speculation about a negotiation in which the cul\u00e9 club could include a player to reduce the costs of the operation\" \/>\n<meta name=\"robots\" content=\"index, follow, max-snippet:-1, max-image-preview:large, max-video-preview:-1\" \/>\n<link rel=\"canonical\" href=\"https:\/\/www.fcbarcelonanoticias.com\/en\/transfers\/the-new-avenue-that-barcelona-would-explore-to-approach-the-signing-of-viktor-gy-keres_309624_102.html\" \/>\n<meta property=\"og:locale\" content=\"en_US\" \/>\n<meta property=\"og:type\" content=\"article\" \/>\n<meta property=\"og:title\" content=\"The new avenue that Barcelona would explore to approach the signing of Viktor Gy\u00f6keres\" \/>\n<meta property=\"og:description\" content=\"FC Barcelona would be evaluating the option of approaching the signing of Viktor Gy\u00f6keres. There is even speculation about a negotiation in which the cul\u00e9 club could include a player to reduce the costs of the operation\" \/>\n<meta property=\"og:url\" content=\"https:\/\/www.fcbarcelonanoticias.com\/en\/transfers\/the-new-avenue-that-barcelona-would-explore-to-approach-the-signing-of-viktor-gy-keres_309624_102.html\" \/>\n<meta property=\"og:site_name\" content=\"EN - FC Barcelona Noticias\" \/>\n<meta property=\"article:published_time\" content=\"2024-12-26T17:08:00+00:00\" \/>\n<meta property=\"article:modified_time\" content=\"2024-12-26T17:10:00+00:00\" \/>\n<meta property=\"og:image\" content=\"https:\/\/www.fcbarcelonanoticias.com\/en\/wp-content\/uploads\/sites\/2\/2024\/12\/viktor-gyoekeres-en-el-duelo-entre-el-sporting-club-de-portugal-y-el-amarante.jpeg\" \/>\n\t<meta property=\"og:image:width\" content=\"1200\" \/>\n\t<meta property=\"og:image:height\" content=\"675\" \/>\n\t<meta property=\"og:image:type\" content=\"image\/jpeg\" \/>\n<meta name=\"author\" content=\"Kevin G\u00f3mez\" \/>\n<meta name=\"twitter:card\" content=\"summary_large_image\" \/>\n<meta name=\"twitter:label1\" content=\"Written by\" \/>\n\t<meta name=\"twitter:data1\" content=\"Kevin G\u00f3mez\" \/>\n\t<meta name=\"twitter:label2\" content=\"Est. reading time\" \/>\n\t<meta name=\"twitter:data2\" content=\"3 minutes\" \/>\n<script type=\"application\/ld+json\" class=\"yoast-schema-graph\">{\"@context\":\"https:\\\/\\\/schema.org\",\"@graph\":[{\"@type\":\"Article\",\"@id\":\"https:\\\/\\\/www.fcbarcelonanoticias.com\\\/en\\\/transfers\\\/the-new-avenue-that-barcelona-would-explore-to-approach-the-signing-of-viktor-gy-keres_309624_102.html#article\",\"isPartOf\":{\"@id\":\"https:\\\/\\\/www.fcbarcelonanoticias.com\\\/en\\\/transfers\\\/the-new-avenue-that-barcelona-would-explore-to-approach-the-signing-of-viktor-gy-keres_309624_102.html\"},\"author\":{\"name\":\"Kevin G\u00f3mez\",\"@id\":\"https:\\\/\\\/www.fcbarcelonanoticias.com\\\/en\\\/#\\\/schema\\\/person\\\/991443f134df9a64c6874f96ff984c9d\"},\"headline\":\"The new avenue that Barcelona would explore to approach the signing of Viktor Gy\u00f6keres\",\"datePublished\":\"2024-12-26T17:08:00+00:00\",\"dateModified\":\"2024-12-26T17:10:00+00:00\",\"mainEntityOfPage\":{\"@id\":\"https:\\\/\\\/www.fcbarcelonanoticias.com\\\/en\\\/transfers\\\/the-new-avenue-that-barcelona-would-explore-to-approach-the-signing-of-viktor-gy-keres_309624_102.html\"},\"wordCount\":553,\"image\":{\"@id\":\"https:\\\/\\\/www.fcbarcelonanoticias.com\\\/en\\\/transfers\\\/the-new-avenue-that-barcelona-would-explore-to-approach-the-signing-of-viktor-gy-keres_309624_102.html#primaryimage\"},\"thumbnailUrl\":\"https:\\\/\\\/www.fcbarcelonanoticias.com\\\/en\\\/wp-content\\\/uploads\\\/sites\\\/2\\\/2024\\\/12\\\/viktor-gyoekeres-en-el-duelo-entre-el-sporting-club-de-portugal-y-el-amarante.jpeg\",\"keywords\":[\"Viktor Gy\u00f6keres\",\"Vitor Roque\"],\"articleSection\":[\"Transfers\",\"Transfers\"],\"inLanguage\":\"en-US\"},{\"@type\":\"WebPage\",\"@id\":\"https:\\\/\\\/www.fcbarcelonanoticias.com\\\/en\\\/transfers\\\/the-new-avenue-that-barcelona-would-explore-to-approach-the-signing-of-viktor-gy-keres_309624_102.html\",\"url\":\"https:\\\/\\\/www.fcbarcelonanoticias.com\\\/en\\\/transfers\\\/the-new-avenue-that-barcelona-would-explore-to-approach-the-signing-of-viktor-gy-keres_309624_102.html\",\"name\":\"The new avenue that Barcelona would explore to approach the signing of Viktor Gy\u00f6keres\",\"isPartOf\":{\"@id\":\"https:\\\/\\\/www.fcbarcelonanoticias.com\\\/en\\\/#website\"},\"primaryImageOfPage\":{\"@id\":\"https:\\\/\\\/www.fcbarcelonanoticias.com\\\/en\\\/transfers\\\/the-new-avenue-that-barcelona-would-explore-to-approach-the-signing-of-viktor-gy-keres_309624_102.html#primaryimage\"},\"image\":{\"@id\":\"https:\\\/\\\/www.fcbarcelonanoticias.com\\\/en\\\/transfers\\\/the-new-avenue-that-barcelona-would-explore-to-approach-the-signing-of-viktor-gy-keres_309624_102.html#primaryimage\"},\"thumbnailUrl\":\"https:\\\/\\\/www.fcbarcelonanoticias.com\\\/en\\\/wp-content\\\/uploads\\\/sites\\\/2\\\/2024\\\/12\\\/viktor-gyoekeres-en-el-duelo-entre-el-sporting-club-de-portugal-y-el-amarante.jpeg\",\"datePublished\":\"2024-12-26T17:08:00+00:00\",\"dateModified\":\"2024-12-26T17:10:00+00:00\",\"author\":{\"@id\":\"https:\\\/\\\/www.fcbarcelonanoticias.com\\\/en\\\/#\\\/schema\\\/person\\\/991443f134df9a64c6874f96ff984c9d\"},\"description\":\"FC Barcelona would be evaluating the option of approaching the signing of Viktor Gy\u00f6keres. There is even speculation about a negotiation in which the cul\u00e9 club could include a player to reduce the costs of the operation\",\"breadcrumb\":{\"@id\":\"https:\\\/\\\/www.fcbarcelonanoticias.com\\\/en\\\/transfers\\\/the-new-avenue-that-barcelona-would-explore-to-approach-the-signing-of-viktor-gy-keres_309624_102.html#breadcrumb\"},\"inLanguage\":\"en-US\",\"potentialAction\":[{\"@type\":\"ReadAction\",\"target\":[\"https:\\\/\\\/www.fcbarcelonanoticias.com\\\/en\\\/transfers\\\/the-new-avenue-that-barcelona-would-explore-to-approach-the-signing-of-viktor-gy-keres_309624_102.html\"]}]},{\"@type\":\"ImageObject\",\"inLanguage\":\"en-US\",\"@id\":\"https:\\\/\\\/www.fcbarcelonanoticias.com\\\/en\\\/transfers\\\/the-new-avenue-that-barcelona-would-explore-to-approach-the-signing-of-viktor-gy-keres_309624_102.html#primaryimage\",\"url\":\"https:\\\/\\\/www.fcbarcelonanoticias.com\\\/en\\\/wp-content\\\/uploads\\\/sites\\\/2\\\/2024\\\/12\\\/viktor-gyoekeres-en-el-duelo-entre-el-sporting-club-de-portugal-y-el-amarante.jpeg\",\"contentUrl\":\"https:\\\/\\\/www.fcbarcelonanoticias.com\\\/en\\\/wp-content\\\/uploads\\\/sites\\\/2\\\/2024\\\/12\\\/viktor-gyoekeres-en-el-duelo-entre-el-sporting-club-de-portugal-y-el-amarante.jpeg\",\"width\":1200,\"height\":675},{\"@type\":\"BreadcrumbList\",\"@id\":\"https:\\\/\\\/www.fcbarcelonanoticias.com\\\/en\\\/transfers\\\/the-new-avenue-that-barcelona-would-explore-to-approach-the-signing-of-viktor-gy-keres_309624_102.html#breadcrumb\",\"itemListElement\":[{\"@type\":\"ListItem\",\"position\":1,\"name\":\"Portada\",\"item\":\"https:\\\/\\\/www.fcbarcelonanoticias.com\\\/en\\\/\"},{\"@type\":\"ListItem\",\"position\":2,\"name\":\"The new avenue that Barcelona would explore to approach the signing of Viktor Gy\u00f6keres\"}]},{\"@type\":\"WebSite\",\"@id\":\"https:\\\/\\\/www.fcbarcelonanoticias.com\\\/en\\\/#website\",\"url\":\"https:\\\/\\\/www.fcbarcelonanoticias.com\\\/en\\\/\",\"name\":\"EN - FC Barcelona Noticias\",\"description\":\"\",\"potentialAction\":[{\"@type\":\"SearchAction\",\"target\":{\"@type\":\"EntryPoint\",\"urlTemplate\":\"https:\\\/\\\/www.fcbarcelonanoticias.com\\\/en\\\/?s={search_term_string}\"},\"query-input\":{\"@type\":\"PropertyValueSpecification\",\"valueRequired\":true,\"valueName\":\"search_term_string\"}}],\"inLanguage\":\"en-US\"},{\"@type\":\"Person\",\"@id\":\"https:\\\/\\\/www.fcbarcelonanoticias.com\\\/en\\\/#\\\/schema\\\/person\\\/991443f134df9a64c6874f96ff984c9d\",\"name\":\"Kevin G\u00f3mez\",\"image\":{\"@type\":\"ImageObject\",\"inLanguage\":\"en-US\",\"@id\":\"https:\\\/\\\/secure.gravatar.com\\\/avatar\\\/?s=96&d=mm&r=g\",\"url\":\"https:\\\/\\\/secure.gravatar.com\\\/avatar\\\/?s=96&d=mm&r=g\",\"contentUrl\":\"https:\\\/\\\/secure.gravatar.com\\\/avatar\\\/?s=96&d=mm&r=g\",\"caption\":\"Kevin G\u00f3mez\"},\"description\":\"Licenciado\u00a0en Periodismo y Comunicaci\u00f3n Audiovisual. Redactor en FCBN responsable de cubrir toda\u00a0la informaci\u00f3n del FC Barcelona y las principales competiciones de\u00a0f\u00fatbol.\",\"url\":\"https:\\\/\\\/www.fcbarcelonanoticias.com\\\/en\\\/jugadores\\\/kevin-gomez_23_115.html\"}]}<\/script>\n<!-- \/ Yoast SEO plugin. -->","yoast_head_json":{"title":"The new avenue that Barcelona would explore to approach the signing of Viktor Gy\u00f6keres","description":"FC Barcelona would be evaluating the option of approaching the signing of Viktor Gy\u00f6keres. There is even speculation about a negotiation in which the cul\u00e9 club could include a player to reduce the costs of the operation","robots":{"index":"index","follow":"follow","max-snippet":"max-snippet:-1","max-image-preview":"max-image-preview:large","max-video-preview":"max-video-preview:-1"},"canonical":"https:\/\/www.fcbarcelonanoticias.com\/en\/transfers\/the-new-avenue-that-barcelona-would-explore-to-approach-the-signing-of-viktor-gy-keres_309624_102.html","og_locale":"en_US","og_type":"article","og_title":"The new avenue that Barcelona would explore to approach the signing of Viktor Gy\u00f6keres","og_description":"FC Barcelona would be evaluating the option of approaching the signing of Viktor Gy\u00f6keres. There is even speculation about a negotiation in which the cul\u00e9 club could include a player to reduce the costs of the operation","og_url":"https:\/\/www.fcbarcelonanoticias.com\/en\/transfers\/the-new-avenue-that-barcelona-would-explore-to-approach-the-signing-of-viktor-gy-keres_309624_102.html","og_site_name":"EN - FC Barcelona Noticias","article_published_time":"2024-12-26T17:08:00+00:00","article_modified_time":"2024-12-26T17:10:00+00:00","og_image":[{"width":1200,"height":675,"url":"https:\/\/www.fcbarcelonanoticias.com\/en\/wp-content\/uploads\/sites\/2\/2024\/12\/viktor-gyoekeres-en-el-duelo-entre-el-sporting-club-de-portugal-y-el-amarante.jpeg","type":"image\/jpeg"}],"author":"Kevin G\u00f3mez","twitter_card":"summary_large_image","twitter_misc":{"Written by":"Kevin G\u00f3mez","Est. reading time":"3 minutes"},"schema":{"@context":"https:\/\/schema.org","@graph":[{"@type":"Article","@id":"https:\/\/www.fcbarcelonanoticias.com\/en\/transfers\/the-new-avenue-that-barcelona-would-explore-to-approach-the-signing-of-viktor-gy-keres_309624_102.html#article","isPartOf":{"@id":"https:\/\/www.fcbarcelonanoticias.com\/en\/transfers\/the-new-avenue-that-barcelona-would-explore-to-approach-the-signing-of-viktor-gy-keres_309624_102.html"},"author":{"name":"Kevin G\u00f3mez","@id":"https:\/\/www.fcbarcelonanoticias.com\/en\/#\/schema\/person\/991443f134df9a64c6874f96ff984c9d"},"headline":"The new avenue that Barcelona would explore to approach the signing of Viktor Gy\u00f6keres","datePublished":"2024-12-26T17:08:00+00:00","dateModified":"2024-12-26T17:10:00+00:00","mainEntityOfPage":{"@id":"https:\/\/www.fcbarcelonanoticias.com\/en\/transfers\/the-new-avenue-that-barcelona-would-explore-to-approach-the-signing-of-viktor-gy-keres_309624_102.html"},"wordCount":553,"image":{"@id":"https:\/\/www.fcbarcelonanoticias.com\/en\/transfers\/the-new-avenue-that-barcelona-would-explore-to-approach-the-signing-of-viktor-gy-keres_309624_102.html#primaryimage"},"thumbnailUrl":"https:\/\/www.fcbarcelonanoticias.com\/en\/wp-content\/uploads\/sites\/2\/2024\/12\/viktor-gyoekeres-en-el-duelo-entre-el-sporting-club-de-portugal-y-el-amarante.jpeg","keywords":["Viktor Gy\u00f6keres","Vitor Roque"],"articleSection":["Transfers","Transfers"],"inLanguage":"en-US"},{"@type":"WebPage","@id":"https:\/\/www.fcbarcelonanoticias.com\/en\/transfers\/the-new-avenue-that-barcelona-would-explore-to-approach-the-signing-of-viktor-gy-keres_309624_102.html","url":"https:\/\/www.fcbarcelonanoticias.com\/en\/transfers\/the-new-avenue-that-barcelona-would-explore-to-approach-the-signing-of-viktor-gy-keres_309624_102.html","name":"The new avenue that Barcelona would explore to approach the signing of Viktor Gy\u00f6keres","isPartOf":{"@id":"https:\/\/www.fcbarcelonanoticias.com\/en\/#website"},"primaryImageOfPage":{"@id":"https:\/\/www.fcbarcelonanoticias.com\/en\/transfers\/the-new-avenue-that-barcelona-would-explore-to-approach-the-signing-of-viktor-gy-keres_309624_102.html#primaryimage"},"image":{"@id":"https:\/\/www.fcbarcelonanoticias.com\/en\/transfers\/the-new-avenue-that-barcelona-would-explore-to-approach-the-signing-of-viktor-gy-keres_309624_102.html#primaryimage"},"thumbnailUrl":"https:\/\/www.fcbarcelonanoticias.com\/en\/wp-content\/uploads\/sites\/2\/2024\/12\/viktor-gyoekeres-en-el-duelo-entre-el-sporting-club-de-portugal-y-el-amarante.jpeg","datePublished":"2024-12-26T17:08:00+00:00","dateModified":"2024-12-26T17:10:00+00:00","author":{"@id":"https:\/\/www.fcbarcelonanoticias.com\/en\/#\/schema\/person\/991443f134df9a64c6874f96ff984c9d"},"description":"FC Barcelona would be evaluating the option of approaching the signing of Viktor Gy\u00f6keres. There is even speculation about a negotiation in which the cul\u00e9 club could include a player to reduce the costs of the operation","breadcrumb":{"@id":"https:\/\/www.fcbarcelonanoticias.com\/en\/transfers\/the-new-avenue-that-barcelona-would-explore-to-approach-the-signing-of-viktor-gy-keres_309624_102.html#breadcrumb"},"inLanguage":"en-US","potentialAction":[{"@type":"ReadAction","target":["https:\/\/www.fcbarcelonanoticias.com\/en\/transfers\/the-new-avenue-that-barcelona-would-explore-to-approach-the-signing-of-viktor-gy-keres_309624_102.html"]}]},{"@type":"ImageObject","inLanguage":"en-US","@id":"https:\/\/www.fcbarcelonanoticias.com\/en\/transfers\/the-new-avenue-that-barcelona-would-explore-to-approach-the-signing-of-viktor-gy-keres_309624_102.html#primaryimage","url":"https:\/\/www.fcbarcelonanoticias.com\/en\/wp-content\/uploads\/sites\/2\/2024\/12\/viktor-gyoekeres-en-el-duelo-entre-el-sporting-club-de-portugal-y-el-amarante.jpeg","contentUrl":"https:\/\/www.fcbarcelonanoticias.com\/en\/wp-content\/uploads\/sites\/2\/2024\/12\/viktor-gyoekeres-en-el-duelo-entre-el-sporting-club-de-portugal-y-el-amarante.jpeg","width":1200,"height":675},{"@type":"BreadcrumbList","@id":"https:\/\/www.fcbarcelonanoticias.com\/en\/transfers\/the-new-avenue-that-barcelona-would-explore-to-approach-the-signing-of-viktor-gy-keres_309624_102.html#breadcrumb","itemListElement":[{"@type":"ListItem","position":1,"name":"Portada","item":"https:\/\/www.fcbarcelonanoticias.com\/en\/"},{"@type":"ListItem","position":2,"name":"The new avenue that Barcelona would explore to approach the signing of Viktor Gy\u00f6keres"}]},{"@type":"WebSite","@id":"https:\/\/www.fcbarcelonanoticias.com\/en\/#website","url":"https:\/\/www.fcbarcelonanoticias.com\/en\/","name":"EN - FC Barcelona Noticias","description":"","potentialAction":[{"@type":"SearchAction","target":{"@type":"EntryPoint","urlTemplate":"https:\/\/www.fcbarcelonanoticias.com\/en\/?s={search_term_string}"},"query-input":{"@type":"PropertyValueSpecification","valueRequired":true,"valueName":"search_term_string"}}],"inLanguage":"en-US"},{"@type":"Person","@id":"https:\/\/www.fcbarcelonanoticias.com\/en\/#\/schema\/person\/991443f134df9a64c6874f96ff984c9d","name":"Kevin G\u00f3mez","image":{"@type":"ImageObject","inLanguage":"en-US","@id":"https:\/\/secure.gravatar.com\/avatar\/?s=96&d=mm&r=g","url":"https:\/\/secure.gravatar.com\/avatar\/?s=96&d=mm&r=g","contentUrl":"https:\/\/secure.gravatar.com\/avatar\/?s=96&d=mm&r=g","caption":"Kevin G\u00f3mez"},"description":"Licenciado\u00a0en Periodismo y Comunicaci\u00f3n Audiovisual. Redactor en FCBN responsable de cubrir toda\u00a0la informaci\u00f3n del FC Barcelona y las principales competiciones de\u00a0f\u00fatbol.","url":"https:\/\/www.fcbarcelonanoticias.com\/en\/jugadores\/kevin-gomez_23_115.html"}]}},"_links":{"self":[{"href":"https:\/\/www.fcbarcelonanoticias.com\/en\/wp-json\/wp\/v2\/posts\/136330","targetHints":{"allow":["GET"]}}],"collection":[{"href":"https:\/\/www.fcbarcelonanoticias.com\/en\/wp-json\/wp\/v2\/posts"}],"about":[{"href":"https:\/\/www.fcbarcelonanoticias.com\/en\/wp-json\/wp\/v2\/types\/post"}],"author":[{"embeddable":true,"href":"https:\/\/www.fcbarcelonanoticias.com\/en\/wp-json\/wp\/v2\/users\/355"}],"replies":[{"embeddable":true,"href":"https:\/\/www.fcbarcelonanoticias.com\/en\/wp-json\/wp\/v2\/comments?post=136330"}],"version-history":[{"count":1,"href":"https:\/\/www.fcbarcelonanoticias.com\/en\/wp-json\/wp\/v2\/posts\/136330\/revisions"}],"predecessor-version":[{"id":139141,"href":"https:\/\/www.fcbarcelonanoticias.com\/en\/wp-json\/wp\/v2\/posts\/136330\/revisions\/139141"}],"wp:featuredmedia":[{"embeddable":true,"href":"https:\/\/www.fcbarcelonanoticias.com\/en\/wp-json\/wp\/v2\/media\/136335"}],"wp:attachment":[{"href":"https:\/\/www.fcbarcelonanoticias.com\/en\/wp-json\/wp\/v2\/media?parent=136330"}],"wp:term":[{"taxonomy":"category","embeddable":true,"href":"https:\/\/www.fcbarcelonanoticias.com\/en\/wp-json\/wp\/v2\/categories?post=136330"},{"taxonomy":"post_tag","embeddable":true,"href":"https:\/\/www.fcbarcelonanoticias.com\/en\/wp-json\/wp\/v2\/tags?post=136330"}],"curies":[{"name":"wp","href":"https:\/\/api.w.org\/{rel}","templated":true}]}}