{"id":136557,"date":"2025-10-17T02:04:00","date_gmt":"2025-10-17T00:04:00","guid":{"rendered":"https:\/\/weisetech.dev\/fc-barcelona-noticias\/en\/ter-stegen-imminent-return-and-uncertain-future-in-barcelona_315034_102\/"},"modified":"2026-04-06T19:38:27","modified_gmt":"2026-04-06T17:38:27","slug":"ter-stegen-imminent-return-and-uncertain-future-in-barcelona_315034_102","status":"publish","type":"post","link":"https:\/\/www.fcbarcelonanoticias.com\/en\/transfers\/ter-stegen-imminent-return-and-uncertain-future-in-barcelona_315034_102.html","title":{"rendered":"Ter Stegen is confident he will be medically cleared this year and has no intention of leaving Bar\u00e7a"},"content":{"rendered":"<h2 class=\"wp-block-heading\">Ter Stegen is progressing well with his gym work and could be medically cleared in December. The German is the third option for Bar\u00e7a&#8217;s goal, but for now he is not planning to listen to offers to leave in January<\/h2>  \r\n<div class=\"article-addons\">\r\n    <a href=\"https:\/\/www.fcbarcelonanoticias.com\/en\/calendar-fc-barcelona.html\"\r\n       target=\"_self\"\r\n       title=\"Calendar of FC Barcelona\"\r\n       class=\"blue-gredient-btn\">\r\n       \r\n        Calendar of FC Barcelona    <\/a>\r\n<\/div>   <p><strong>Marc-Andr\u00e9 ter Stegen&#8217;s<\/strong> recovery with <strong>FC Barcelona<\/strong> could happen sooner than expected by the Bar\u00e7a medical team. <a data-external=\"0\" data-intl-links-en=\"https:\/\/www.fcbarcelonanoticias.com\/en\/transfers\/laliga-gives-the-green-light-to-ter-stegen-leave-and-barca-will-register-joan-garcia_314098_102.html\" data-intl-links-es=\"https:\/\/www.fcbarcelonanoticias.com\/fichajes\/laliga-da-luz-verde-baja-ter-stegen-barca-inscribira-joan-garcia_314098_102.html\" href=\"https:\/\/www.fcbarcelonanoticias.com\/en\/transfers\/laliga-gives-the-green-light-to-ter-stegen-leave-and-barca-will-register-joan-garcia_314098_102.html\" rel=\"follow\" target=\"_self\" title=\"LaLiga da luz verde a la baja de Ter Stegen y el Bar\u00e7a inscribir\u00e1 a Joan Garc\u00eda\">The German was ruled out for a long period<\/a> (4 months minimum) and should be out of action for the rest of 2025.<\/p>  <p>However, the goalkeeper believes he will be fit to play again in approximately one month, or <strong>at the latest, in early December this year<\/strong>. This is provided that his progress in the coming weeks continues to be optimal.<\/p>  <p>The Bar\u00e7a &#8216;1&#8217; has incorporated <strong>bike workouts to strengthen his physique<\/strong> into his daily gym routine. The captain underwent surgery at the end of June to treat, once again, lower back pain that already affected him at the end of 2023.<\/p>  <p>Then he was out for three months, <strong>from the end of November to mid-February 2024<\/strong>. In September of last year, &#8216;Matts&#8217; suffered <a data-external=\"0\" data-intl-links-en=\"https:\/\/www.fcbarcelonanoticias.com\/en\/players\/ter-stegen-operated-successfully-of-his-injury-in-the-knee_268664_102.html\" data-intl-links-es=\"https:\/\/www.fcbarcelonanoticias.com\/jugadores\/ter-stegen-operado-con-exito-su-lesion-en-rodilla_268664_102.html\" href=\"https:\/\/www.fcbarcelonanoticias.com\/en\/players\/ter-stegen-operated-successfully-of-his-injury-in-the-knee_268664_102.html\" rel=\"follow\" target=\"_self\" title=\"Ter Stegen, operado con \u00e9xito de su lesi\u00f3n en la rodilla\">a serious injury to his right knee<\/a>, after rupturing his patellar tendon. Although it was feared that he would be out for the rest of the 24\/25 season, the goalkeeper was medically cleared at the end of April this year.<\/p>  <h2>The Complex Scenario Awaiting Ter Stegen Upon His Return to Bar\u00e7a<\/h2>  <p>In that sense, his evolution after suffering serious injuries caused <a data-external=\"0\" data-intl-links-en=\"https:\/\/www.fcbarcelonanoticias.com\/en\/fc-barcelona\/ter-stegen-absence-help-for-barca_314112_102.html\" data-intl-links-es=\"https:\/\/www.fcbarcelonanoticias.com\/fc-barcelona\/baja-ter-stegen-ayuda-barca-conoce-detalles_314112_102.html\" href=\"https:\/\/www.fcbarcelonanoticias.com\/en\/fc-barcelona\/ter-stegen-absence-help-for-barca_314112_102.html\" rel=\"follow\" target=\"_self\" title=\"La baja de Ter Stegen, una 'ayuda' para el Bar\u00e7a: Conoce los detalles\">an uncomfortable situation in the summer between Ter Stegen and Bar\u00e7a<\/a>, finally resolved amicably with the signing of the &#8216;1&#8217; to the official medical report. The &#8216;1&#8217; insisted on being able to return, again, in less than 4 months, while the club prioritized his long-term absence to resolve the registration of <strong>Joan Garc\u00ed<\/strong>a.<\/p>  <p>Beyond the arrival of the Catalan goalkeeper and the subsequent renewal of <strong>Wojciech Szczesny<\/strong>, Marc-Andr\u00e9 believes that, once he receives medical clearance, he will fight again for the starting position in the Bar\u00e7a goal.<\/p>  <div class=\"media media-image\" data-ck-asset-wrapper=\"\"> <div class=\"media-item\"> <img loading=\"lazy\" decoding=\"async\" alt=\"Hansi Flick and Ter Stegen, during the Joan Gamper Trophy 2025\" data-id=\"1512111\" data-resize=\"9\" height=\"563\" src=\"https:\/\/www.fcbarcelonanoticias.com\/wp-content\/uploads\/sites\/2\/2025\/08\/fcbn-030b11f721c4356ad9059b05884df327.webp\" title=\"Hansi Flick and Ter Stegen, during the Joan Gamper Trophy 2025\" width=\"1000\"><div class=\"media-title\">Hansi Flick and Ter Stegen, during the Joan Gamper Trophy 2025<\/div> <\/div> <\/div>  <p><strong>Hansi Flick, however, is already clear on his 1-2 in Bar\u00e7a&#8217;s goal<\/strong>: Joan Garc\u00eda will continue to be the starter when he returns from his meniscus injury in November, while &#8216;Tek&#8217; will remain his substitute.<\/p>  <p>This will relegate Ter Stegen to a role that, in principle, is residual. For that reason, the club prioritizes resolving his departure, as his salary (<strong>around 14 million net<\/strong>) is a problem for the Azulgrana finances, even more so when the German has a current contract until 2028.<\/p>  <p>The dressing room, however, supports the goalkeeper, and the board does not intend to force his departure on bad terms, as the 33-year-old footballer has been a reference for the team in the last decade and <a data-external=\"0\" data-intl-links-en=\"https:\/\/www.fcbarcelonanoticias.com\/en\/transfers\/official-barca-confirms-renewal-ter-stegen-face-future_295468_102.html\" data-intl-links-es=\"https:\/\/www.fcbarcelonanoticias.com\/fichajes\/oficial-barca-confirma-renovacion-ter-stegen-cara-futuro_295468_102.html\" href=\"https:\/\/www.fcbarcelonanoticias.com\/en\/football\/transfers\/official-barca-confirms-renewal-ter-stegen-face-future_295468_102.html\" rel=\"follow\" target=\"_self\" title=\"OFFICIAL: Bar\u00e7a confirms Ter Stegen's renewal for the future\">agreed to renew in 2023<\/a> under the terms proposed by the club (deferring most of his salary to the final years of the contract).<\/p>  <h2>Ter Stegen&#8217;s position, for now, remains unchanged regarding the future<\/h2>  <p>Beyond the complex scenario surrounding his future in Barcelona, Ter Stegen, for now, is only focused on fully overcoming his physical problems. <strong>The man from M\u00f6nchengladbach insists on staying to fight for the starting position<\/strong>, even knowing he is relegated and with the need to play to not risk his presence in the next World Cup.<\/p>  <p>Julian Nagelsmann counts on him as captain and starter, <strong>as long as he manages to be consistent in the second half of the 25\/26 season<\/strong>. In his country, they insist that he accept an offer in the winter market, with a loan being the best alternative to facilitate his departure from Bar\u00e7a.<\/p>  <p><a data-external=\"0\" data-intl-links-en=\"https:\/\/www.fcbarcelonanoticias.com\/en\/transfers\/newcastle-set-their-sights-on-ter-stegen-will-barcelona-sell-him_315017_102.html\" data-intl-links-es=\"https:\/\/www.fcbarcelonanoticias.com\/fichajes\/newcastle-reactiva-interes-ter-stegen-1-debe-salir-barcelona-enero_315017_102.html\" href=\"https:\/\/www.fcbarcelonanoticias.com\/en\/transfers\/newcastle-set-their-sights-on-ter-stegen-will-barcelona-sell-him_315017_102.html\" rel=\"follow\" target=\"_self\" title=\"El Newcastle reactiva su inter\u00e9s en Ter Stegen: el '1' debe salir del Bar\u00e7a en enero\">Several clubs in England, Italy, and other European leagues<\/a> are attentive to his future, but the decision remains in the hands of the &#8216;1&#8217;. &#8216;Matts&#8217; does not want to leave the Bar\u00e7a team through the back door, but in the medium and long term, clearly, the best thing for him is to look for another club.<\/p>  <ul> <li><strong>\ud83d\udc49Don&#8217;t miss the latest rumors from the FC Barcelona and LaLiga market in our <a data-external=\"0\" data-intl-links-en=\"https:\/\/www.fcbarcelonanoticias.com\/en\/transfers\" data-intl-links-es=\"https:\/\/www.fcbarcelonanoticias.com\/fichajes\" href=\"https:\/\/www.fcbarcelonanoticias.com\/en\/fc-barcelona\/transfers.html\" rel=\"follow\" target=\"_self\" title=\"Fichajes\">TRANSFERS<\/a> section.<\/strong><\/li> <\/ul> ","protected":false},"excerpt":{"rendered":"<p>Ter Stegen is progressing well with his gym work and could be medically cleared in December. The German is the third option for Bar\u00e7a&#8217;s goal, but for now he is not planning to listen to offers to leave in January Marc-Andr\u00e9 ter Stegen&#8217;s recovery with FC Barcelona could happen sooner than expected by the Bar\u00e7a [&hellip;]<\/p>\n","protected":false},"author":347,"featured_media":136562,"comment_status":"closed","ping_status":"open","sticky":false,"template":"","format":"standard","meta":{"_acf_changed":false,"inline_featured_image":false,"_nextfly_llmd_date_locked":false,"footnotes":""},"categories":[442,449,106],"tags":[87,136,188],"class_list":["post-136557","post","type-post","status-publish","format-standard","has-post-thumbnail","hentry","category-ter-stegen","category-transfers-2","category-transfers","tag-hansi-flick","tag-injured","tag-ter-stegen"],"acf":[],"yoast_head":"<!-- This site is optimized with the Yoast SEO plugin v27.3 - https:\/\/yoast.com\/product\/yoast-seo-wordpress\/ -->\n<title>Ter Stegen: imminent return and uncertain future in Barcelona<\/title>\n<meta name=\"description\" content=\"Ter Stegen is progressing well and could be medically cleared in December with Bar\u00e7a. The German, for now, insists on staying\" \/>\n<meta name=\"robots\" content=\"index, follow, max-snippet:-1, max-image-preview:large, max-video-preview:-1\" \/>\n<link rel=\"canonical\" href=\"https:\/\/www.fcbarcelonanoticias.com\/en\/transfers\/ter-stegen-imminent-return-and-uncertain-future-in-barcelona_315034_102.html\" \/>\n<meta property=\"og:locale\" content=\"en_US\" \/>\n<meta property=\"og:type\" content=\"article\" \/>\n<meta property=\"og:title\" content=\"Ter Stegen: imminent return and uncertain future in Barcelona\" \/>\n<meta property=\"og:description\" content=\"Ter Stegen is progressing well and could be medically cleared in December with Bar\u00e7a. The German, for now, insists on staying\" \/>\n<meta property=\"og:url\" content=\"https:\/\/www.fcbarcelonanoticias.com\/en\/transfers\/ter-stegen-imminent-return-and-uncertain-future-in-barcelona_315034_102.html\" \/>\n<meta property=\"og:site_name\" content=\"EN - FC Barcelona Noticias\" \/>\n<meta property=\"article:published_time\" content=\"2025-10-17T00:04:00+00:00\" \/>\n<meta property=\"article:modified_time\" content=\"2026-04-06T17:38:27+00:00\" \/>\n<meta property=\"og:image\" content=\"https:\/\/www.fcbarcelonanoticias.com\/en\/wp-content\/uploads\/sites\/2\/2025\/10\/ter-stegen-fc-barcelona.webp\" \/>\n\t<meta property=\"og:image:width\" content=\"1200\" \/>\n\t<meta property=\"og:image:height\" content=\"675\" \/>\n\t<meta property=\"og:image:type\" content=\"image\/webp\" \/>\n<meta name=\"author\" content=\"Andr\u00e9s Quiroz\" \/>\n<meta name=\"twitter:card\" content=\"summary_large_image\" \/>\n<meta name=\"twitter:label1\" content=\"Written by\" \/>\n\t<meta name=\"twitter:data1\" content=\"Andr\u00e9s Quiroz\" \/>\n\t<meta name=\"twitter:label2\" content=\"Est. reading time\" \/>\n\t<meta name=\"twitter:data2\" content=\"3 minutes\" \/>\n<script type=\"application\/ld+json\" class=\"yoast-schema-graph\">{\"@context\":\"https:\\\/\\\/schema.org\",\"@graph\":[{\"@type\":\"Article\",\"@id\":\"https:\\\/\\\/www.fcbarcelonanoticias.com\\\/en\\\/transfers\\\/ter-stegen-imminent-return-and-uncertain-future-in-barcelona_315034_102.html#article\",\"isPartOf\":{\"@id\":\"https:\\\/\\\/www.fcbarcelonanoticias.com\\\/en\\\/transfers\\\/ter-stegen-imminent-return-and-uncertain-future-in-barcelona_315034_102.html\"},\"author\":{\"name\":\"Andr\u00e9s Quiroz\",\"@id\":\"https:\\\/\\\/www.fcbarcelonanoticias.com\\\/en\\\/#\\\/schema\\\/person\\\/c2cd9f6fa1af5c0d0eccd0fefa575c88\"},\"headline\":\"Ter Stegen is confident he will be medically cleared this year and has no intention of leaving Bar\u00e7a\",\"datePublished\":\"2025-10-17T00:04:00+00:00\",\"dateModified\":\"2026-04-06T17:38:27+00:00\",\"mainEntityOfPage\":{\"@id\":\"https:\\\/\\\/www.fcbarcelonanoticias.com\\\/en\\\/transfers\\\/ter-stegen-imminent-return-and-uncertain-future-in-barcelona_315034_102.html\"},\"wordCount\":694,\"image\":{\"@id\":\"https:\\\/\\\/www.fcbarcelonanoticias.com\\\/en\\\/transfers\\\/ter-stegen-imminent-return-and-uncertain-future-in-barcelona_315034_102.html#primaryimage\"},\"thumbnailUrl\":\"https:\\\/\\\/www.fcbarcelonanoticias.com\\\/en\\\/wp-content\\\/uploads\\\/sites\\\/2\\\/2025\\\/10\\\/ter-stegen-fc-barcelona.webp\",\"keywords\":[\"Hansi Flick\",\"injured\",\"Ter Stegen\"],\"articleSection\":[\"Ter Stegen\",\"Transfers\",\"Transfers\"],\"inLanguage\":\"en-US\"},{\"@type\":\"WebPage\",\"@id\":\"https:\\\/\\\/www.fcbarcelonanoticias.com\\\/en\\\/transfers\\\/ter-stegen-imminent-return-and-uncertain-future-in-barcelona_315034_102.html\",\"url\":\"https:\\\/\\\/www.fcbarcelonanoticias.com\\\/en\\\/transfers\\\/ter-stegen-imminent-return-and-uncertain-future-in-barcelona_315034_102.html\",\"name\":\"Ter Stegen: imminent return and uncertain future in Barcelona\",\"isPartOf\":{\"@id\":\"https:\\\/\\\/www.fcbarcelonanoticias.com\\\/en\\\/#website\"},\"primaryImageOfPage\":{\"@id\":\"https:\\\/\\\/www.fcbarcelonanoticias.com\\\/en\\\/transfers\\\/ter-stegen-imminent-return-and-uncertain-future-in-barcelona_315034_102.html#primaryimage\"},\"image\":{\"@id\":\"https:\\\/\\\/www.fcbarcelonanoticias.com\\\/en\\\/transfers\\\/ter-stegen-imminent-return-and-uncertain-future-in-barcelona_315034_102.html#primaryimage\"},\"thumbnailUrl\":\"https:\\\/\\\/www.fcbarcelonanoticias.com\\\/en\\\/wp-content\\\/uploads\\\/sites\\\/2\\\/2025\\\/10\\\/ter-stegen-fc-barcelona.webp\",\"datePublished\":\"2025-10-17T00:04:00+00:00\",\"dateModified\":\"2026-04-06T17:38:27+00:00\",\"author\":{\"@id\":\"https:\\\/\\\/www.fcbarcelonanoticias.com\\\/en\\\/#\\\/schema\\\/person\\\/c2cd9f6fa1af5c0d0eccd0fefa575c88\"},\"description\":\"Ter Stegen is progressing well and could be medically cleared in December with Bar\u00e7a. The German, for now, insists on staying\",\"breadcrumb\":{\"@id\":\"https:\\\/\\\/www.fcbarcelonanoticias.com\\\/en\\\/transfers\\\/ter-stegen-imminent-return-and-uncertain-future-in-barcelona_315034_102.html#breadcrumb\"},\"inLanguage\":\"en-US\",\"potentialAction\":[{\"@type\":\"ReadAction\",\"target\":[\"https:\\\/\\\/www.fcbarcelonanoticias.com\\\/en\\\/transfers\\\/ter-stegen-imminent-return-and-uncertain-future-in-barcelona_315034_102.html\"]}]},{\"@type\":\"ImageObject\",\"inLanguage\":\"en-US\",\"@id\":\"https:\\\/\\\/www.fcbarcelonanoticias.com\\\/en\\\/transfers\\\/ter-stegen-imminent-return-and-uncertain-future-in-barcelona_315034_102.html#primaryimage\",\"url\":\"https:\\\/\\\/www.fcbarcelonanoticias.com\\\/en\\\/wp-content\\\/uploads\\\/sites\\\/2\\\/2025\\\/10\\\/ter-stegen-fc-barcelona.webp\",\"contentUrl\":\"https:\\\/\\\/www.fcbarcelonanoticias.com\\\/en\\\/wp-content\\\/uploads\\\/sites\\\/2\\\/2025\\\/10\\\/ter-stegen-fc-barcelona.webp\",\"width\":1200,\"height\":675},{\"@type\":\"BreadcrumbList\",\"@id\":\"https:\\\/\\\/www.fcbarcelonanoticias.com\\\/en\\\/transfers\\\/ter-stegen-imminent-return-and-uncertain-future-in-barcelona_315034_102.html#breadcrumb\",\"itemListElement\":[{\"@type\":\"ListItem\",\"position\":1,\"name\":\"Portada\",\"item\":\"https:\\\/\\\/www.fcbarcelonanoticias.com\\\/en\\\/\"},{\"@type\":\"ListItem\",\"position\":2,\"name\":\"Ter Stegen is confident he will be medically cleared this year and has no intention of leaving Bar\u00e7a\"}]},{\"@type\":\"WebSite\",\"@id\":\"https:\\\/\\\/www.fcbarcelonanoticias.com\\\/en\\\/#website\",\"url\":\"https:\\\/\\\/www.fcbarcelonanoticias.com\\\/en\\\/\",\"name\":\"EN - FC Barcelona Noticias\",\"description\":\"\",\"potentialAction\":[{\"@type\":\"SearchAction\",\"target\":{\"@type\":\"EntryPoint\",\"urlTemplate\":\"https:\\\/\\\/www.fcbarcelonanoticias.com\\\/en\\\/?s={search_term_string}\"},\"query-input\":{\"@type\":\"PropertyValueSpecification\",\"valueRequired\":true,\"valueName\":\"search_term_string\"}}],\"inLanguage\":\"en-US\"},{\"@type\":\"Person\",\"@id\":\"https:\\\/\\\/www.fcbarcelonanoticias.com\\\/en\\\/#\\\/schema\\\/person\\\/c2cd9f6fa1af5c0d0eccd0fefa575c88\",\"name\":\"Andr\u00e9s Quiroz\",\"image\":{\"@type\":\"ImageObject\",\"inLanguage\":\"en-US\",\"@id\":\"https:\\\/\\\/secure.gravatar.com\\\/avatar\\\/?s=96&d=mm&r=g\",\"url\":\"https:\\\/\\\/secure.gravatar.com\\\/avatar\\\/?s=96&d=mm&r=g\",\"contentUrl\":\"https:\\\/\\\/secure.gravatar.com\\\/avatar\\\/?s=96&d=mm&r=g\",\"caption\":\"Andr\u00e9s Quiroz\"},\"description\":\"Licenciado en Periodismo por la Universidad de los Andes. Me encargo de analizar y compartir los contenidos m\u00e1s destacados de la\u00a0actualidad del F\u00fatbol Club Barcelona, Mercado de Fichajes y F\u00fatbol Internacional en FCBN. La informaci\u00f3n es poder, pero tambi\u00e9n conocimiento.\",\"url\":\"https:\\\/\\\/www.fcbarcelonanoticias.com\\\/en\\\/fc-barcelona\\\/andres-quiroz_17_115.html\"}]}<\/script>\n<!-- \/ Yoast SEO plugin. -->","yoast_head_json":{"title":"Ter Stegen: imminent return and uncertain future in Barcelona","description":"Ter Stegen is progressing well and could be medically cleared in December with Bar\u00e7a. The German, for now, insists on staying","robots":{"index":"index","follow":"follow","max-snippet":"max-snippet:-1","max-image-preview":"max-image-preview:large","max-video-preview":"max-video-preview:-1"},"canonical":"https:\/\/www.fcbarcelonanoticias.com\/en\/transfers\/ter-stegen-imminent-return-and-uncertain-future-in-barcelona_315034_102.html","og_locale":"en_US","og_type":"article","og_title":"Ter Stegen: imminent return and uncertain future in Barcelona","og_description":"Ter Stegen is progressing well and could be medically cleared in December with Bar\u00e7a. The German, for now, insists on staying","og_url":"https:\/\/www.fcbarcelonanoticias.com\/en\/transfers\/ter-stegen-imminent-return-and-uncertain-future-in-barcelona_315034_102.html","og_site_name":"EN - FC Barcelona Noticias","article_published_time":"2025-10-17T00:04:00+00:00","article_modified_time":"2026-04-06T17:38:27+00:00","og_image":[{"width":1200,"height":675,"url":"https:\/\/www.fcbarcelonanoticias.com\/en\/wp-content\/uploads\/sites\/2\/2025\/10\/ter-stegen-fc-barcelona.webp","type":"image\/webp"}],"author":"Andr\u00e9s Quiroz","twitter_card":"summary_large_image","twitter_misc":{"Written by":"Andr\u00e9s Quiroz","Est. reading time":"3 minutes"},"schema":{"@context":"https:\/\/schema.org","@graph":[{"@type":"Article","@id":"https:\/\/www.fcbarcelonanoticias.com\/en\/transfers\/ter-stegen-imminent-return-and-uncertain-future-in-barcelona_315034_102.html#article","isPartOf":{"@id":"https:\/\/www.fcbarcelonanoticias.com\/en\/transfers\/ter-stegen-imminent-return-and-uncertain-future-in-barcelona_315034_102.html"},"author":{"name":"Andr\u00e9s Quiroz","@id":"https:\/\/www.fcbarcelonanoticias.com\/en\/#\/schema\/person\/c2cd9f6fa1af5c0d0eccd0fefa575c88"},"headline":"Ter Stegen is confident he will be medically cleared this year and has no intention of leaving Bar\u00e7a","datePublished":"2025-10-17T00:04:00+00:00","dateModified":"2026-04-06T17:38:27+00:00","mainEntityOfPage":{"@id":"https:\/\/www.fcbarcelonanoticias.com\/en\/transfers\/ter-stegen-imminent-return-and-uncertain-future-in-barcelona_315034_102.html"},"wordCount":694,"image":{"@id":"https:\/\/www.fcbarcelonanoticias.com\/en\/transfers\/ter-stegen-imminent-return-and-uncertain-future-in-barcelona_315034_102.html#primaryimage"},"thumbnailUrl":"https:\/\/www.fcbarcelonanoticias.com\/en\/wp-content\/uploads\/sites\/2\/2025\/10\/ter-stegen-fc-barcelona.webp","keywords":["Hansi Flick","injured","Ter Stegen"],"articleSection":["Ter Stegen","Transfers","Transfers"],"inLanguage":"en-US"},{"@type":"WebPage","@id":"https:\/\/www.fcbarcelonanoticias.com\/en\/transfers\/ter-stegen-imminent-return-and-uncertain-future-in-barcelona_315034_102.html","url":"https:\/\/www.fcbarcelonanoticias.com\/en\/transfers\/ter-stegen-imminent-return-and-uncertain-future-in-barcelona_315034_102.html","name":"Ter Stegen: imminent return and uncertain future in Barcelona","isPartOf":{"@id":"https:\/\/www.fcbarcelonanoticias.com\/en\/#website"},"primaryImageOfPage":{"@id":"https:\/\/www.fcbarcelonanoticias.com\/en\/transfers\/ter-stegen-imminent-return-and-uncertain-future-in-barcelona_315034_102.html#primaryimage"},"image":{"@id":"https:\/\/www.fcbarcelonanoticias.com\/en\/transfers\/ter-stegen-imminent-return-and-uncertain-future-in-barcelona_315034_102.html#primaryimage"},"thumbnailUrl":"https:\/\/www.fcbarcelonanoticias.com\/en\/wp-content\/uploads\/sites\/2\/2025\/10\/ter-stegen-fc-barcelona.webp","datePublished":"2025-10-17T00:04:00+00:00","dateModified":"2026-04-06T17:38:27+00:00","author":{"@id":"https:\/\/www.fcbarcelonanoticias.com\/en\/#\/schema\/person\/c2cd9f6fa1af5c0d0eccd0fefa575c88"},"description":"Ter Stegen is progressing well and could be medically cleared in December with Bar\u00e7a. The German, for now, insists on staying","breadcrumb":{"@id":"https:\/\/www.fcbarcelonanoticias.com\/en\/transfers\/ter-stegen-imminent-return-and-uncertain-future-in-barcelona_315034_102.html#breadcrumb"},"inLanguage":"en-US","potentialAction":[{"@type":"ReadAction","target":["https:\/\/www.fcbarcelonanoticias.com\/en\/transfers\/ter-stegen-imminent-return-and-uncertain-future-in-barcelona_315034_102.html"]}]},{"@type":"ImageObject","inLanguage":"en-US","@id":"https:\/\/www.fcbarcelonanoticias.com\/en\/transfers\/ter-stegen-imminent-return-and-uncertain-future-in-barcelona_315034_102.html#primaryimage","url":"https:\/\/www.fcbarcelonanoticias.com\/en\/wp-content\/uploads\/sites\/2\/2025\/10\/ter-stegen-fc-barcelona.webp","contentUrl":"https:\/\/www.fcbarcelonanoticias.com\/en\/wp-content\/uploads\/sites\/2\/2025\/10\/ter-stegen-fc-barcelona.webp","width":1200,"height":675},{"@type":"BreadcrumbList","@id":"https:\/\/www.fcbarcelonanoticias.com\/en\/transfers\/ter-stegen-imminent-return-and-uncertain-future-in-barcelona_315034_102.html#breadcrumb","itemListElement":[{"@type":"ListItem","position":1,"name":"Portada","item":"https:\/\/www.fcbarcelonanoticias.com\/en\/"},{"@type":"ListItem","position":2,"name":"Ter Stegen is confident he will be medically cleared this year and has no intention of leaving Bar\u00e7a"}]},{"@type":"WebSite","@id":"https:\/\/www.fcbarcelonanoticias.com\/en\/#website","url":"https:\/\/www.fcbarcelonanoticias.com\/en\/","name":"EN - FC Barcelona Noticias","description":"","potentialAction":[{"@type":"SearchAction","target":{"@type":"EntryPoint","urlTemplate":"https:\/\/www.fcbarcelonanoticias.com\/en\/?s={search_term_string}"},"query-input":{"@type":"PropertyValueSpecification","valueRequired":true,"valueName":"search_term_string"}}],"inLanguage":"en-US"},{"@type":"Person","@id":"https:\/\/www.fcbarcelonanoticias.com\/en\/#\/schema\/person\/c2cd9f6fa1af5c0d0eccd0fefa575c88","name":"Andr\u00e9s Quiroz","image":{"@type":"ImageObject","inLanguage":"en-US","@id":"https:\/\/secure.gravatar.com\/avatar\/?s=96&d=mm&r=g","url":"https:\/\/secure.gravatar.com\/avatar\/?s=96&d=mm&r=g","contentUrl":"https:\/\/secure.gravatar.com\/avatar\/?s=96&d=mm&r=g","caption":"Andr\u00e9s Quiroz"},"description":"Licenciado en Periodismo por la Universidad de los Andes. Me encargo de analizar y compartir los contenidos m\u00e1s destacados de la\u00a0actualidad del F\u00fatbol Club Barcelona, Mercado de Fichajes y F\u00fatbol Internacional en FCBN. La informaci\u00f3n es poder, pero tambi\u00e9n conocimiento.","url":"https:\/\/www.fcbarcelonanoticias.com\/en\/fc-barcelona\/andres-quiroz_17_115.html"}]}},"_links":{"self":[{"href":"https:\/\/www.fcbarcelonanoticias.com\/en\/wp-json\/wp\/v2\/posts\/136557","targetHints":{"allow":["GET"]}}],"collection":[{"href":"https:\/\/www.fcbarcelonanoticias.com\/en\/wp-json\/wp\/v2\/posts"}],"about":[{"href":"https:\/\/www.fcbarcelonanoticias.com\/en\/wp-json\/wp\/v2\/types\/post"}],"author":[{"embeddable":true,"href":"https:\/\/www.fcbarcelonanoticias.com\/en\/wp-json\/wp\/v2\/users\/347"}],"replies":[{"embeddable":true,"href":"https:\/\/www.fcbarcelonanoticias.com\/en\/wp-json\/wp\/v2\/comments?post=136557"}],"version-history":[{"count":2,"href":"https:\/\/www.fcbarcelonanoticias.com\/en\/wp-json\/wp\/v2\/posts\/136557\/revisions"}],"predecessor-version":[{"id":160178,"href":"https:\/\/www.fcbarcelonanoticias.com\/en\/wp-json\/wp\/v2\/posts\/136557\/revisions\/160178"}],"wp:featuredmedia":[{"embeddable":true,"href":"https:\/\/www.fcbarcelonanoticias.com\/en\/wp-json\/wp\/v2\/media\/136562"}],"wp:attachment":[{"href":"https:\/\/www.fcbarcelonanoticias.com\/en\/wp-json\/wp\/v2\/media?parent=136557"}],"wp:term":[{"taxonomy":"category","embeddable":true,"href":"https:\/\/www.fcbarcelonanoticias.com\/en\/wp-json\/wp\/v2\/categories?post=136557"},{"taxonomy":"post_tag","embeddable":true,"href":"https:\/\/www.fcbarcelonanoticias.com\/en\/wp-json\/wp\/v2\/tags?post=136557"}],"curies":[{"name":"wp","href":"https:\/\/api.w.org\/{rel}","templated":true}]}}