{"id":136653,"date":"2024-10-12T06:48:00","date_gmt":"2024-10-12T04:48:00","guid":{"rendered":"https:\/\/weisetech.dev\/fc-barcelona-noticias\/en\/ter-stegen-possible-replacement-gives-clues-about-his-future-and-barca-interest_307870_102\/"},"modified":"2024-10-12T12:34:00","modified_gmt":"2024-10-12T10:34:00","slug":"ter-stegen-possible-replacement-gives-clues-about-his-future-and-barca-interest_307870_102","status":"publish","type":"post","link":"https:\/\/www.fcbarcelonanoticias.com\/en\/transfers\/ter-stegen-possible-replacement-gives-clues-about-his-future-and-barca-interest_307870_102.html","title":{"rendered":"Ter Stegen&#8217;s possible replacement gives clues about his future and Bar\u00e7a&#8217;s interest"},"content":{"rendered":"<h2 class=\"wp-block-heading\">Marcin Bulka has &#8220;confirmed&#8221; Bar\u00e7a&#8217;s interest in signing him. The Pole has &#8216;exploded&#8217; in Nice and the Catalans see him as Ter Stegen&#8217;s replacement<\/h2>  \r\n<div class=\"article-addons\">\r\n    <a href=\"https:\/\/www.fcbarcelonanoticias.com\/en\/calendar-fc-barcelona.html\"\r\n       target=\"_self\"\r\n       title=\"Calendar of FC Barcelona\"\r\n       class=\"blue-gredient-btn\">\r\n       \r\n        Calendar of FC Barcelona    <\/a>\r\n<\/div>   <p>The name of <strong>Marcin Bulka<\/strong> is beginning to resonate in the corridors of <strong>FC Barcelona<\/strong>. <a data-external=\"0\" data-intl-links-en=\"https:\/\/www.fcbarcelonanoticias.com\/en\/transfers\/barca-reportedly-have-the-signing-of-star-goalkeeper-on-the-table-to-replace-ter-stegen_307780_102.html\" data-intl-links-es=\"https:\/\/www.fcbarcelonanoticias.com\/fichajes\/barca-tendria-sobre-mesa-fichaje-portero-estrella-sustituir-ter-stegen_307780_102.html\" href=\"https:\/\/www.fcbarcelonanoticias.com\/en\/transfers\/barca-reportedly-have-the-signing-of-star-goalkeeper-on-the-table-to-replace-ter-stegen_307780_102.html\" rel=\"follow\" target=\"_self\" title=\"Bar\u00e7a reportedly have the signing of a star goalkeeper on the table to replace Ter Stegen\">The Blaugrana are studying the incorporation of a goalkeeper with potential during the next summer<\/a> to take over from <strong>Ter Stegen<\/strong> in the short and medium term, and the spectacular form of the Pole in <strong>Nice <\/strong>has led to the Catalans including him on their list of potential players for the 2025 transfer market.<\/p>  <p>The promising goalkeeper is aware of this and is not hiding it either, as he has made clear since the concentration of <strong>Poland<\/strong>. In the hours before the clashes against Portugal and Croatia, the goalkeeper spoke to the national media and spoke about his present and the uncertainty of his future, <strong>since he has been negotiating his renewal with the French team for months without reaching an agreement<\/strong>, which has triggered rumours regarding his departure.<\/p>  <p><strong>Bulka<\/strong>, whose contract expires in 2026, made it clear that he is aware of <strong>Bar\u00e7a&#8217;s <\/strong>interest in signing him, although he &#8216;cleared the ball&#8217; by saying that he prefers that issues related to his future be handled by his agent.<\/p>  <blockquote> <p>&#8220;As they say, in every rumour there is a grain of truth. When it comes to transfer issues, I would prefer my agent to speak&#8221;<\/p> <\/blockquote>  <p>&#8220;It is definitely a compliment. <strong>When someone talks about these clubs it is always an extra incentive for me<\/strong> and a sign that I am doing something right. If I did not play well, probably no one would say that. Today I am in Nice and I am focusing on the club, because we are only at the beginning of a long season. I have to be even more focused on the here and now to prove that those who say it are right,&#8221; he added.<\/p>  <h2>Szczesny&#8217;s replacement in Poland&#8230; and also at Bar\u00e7a?<\/h2>  <p><strong>Bulka <\/strong>took over from <strong>Szczesny <\/strong>in the Poland national team once the now Bar\u00e7a goalkeeper announced his retirement from football. At 25, <strong>Marcin <\/strong>is clear that the time has come to step up and play for a big club with the chance of winning major European titles.<\/p>  <p>&#8220;I have my dreams and goals. <strong>I want to play in the Champions League, I want to play for the national team in major tournaments and be one of the best goalkeepers in the world<\/strong>. I don&#8217;t have a dream club where I would like to play. You have to be realistic, today I am in Nice and I have a contract until 2026. I want to have a very good season and help the club qualify for the Champions League, because that also depends on me. Then we will see what happens next,&#8221; he said.<\/p>  <p>Finally, he made it clear that his relationship with <strong>Nice <\/strong>is going through a tense moment and his renewal remains &#8216;stalled&#8217;. &#8220;I&#8217;m talking to the club, but nothing has been clarified. <strong>We started the conversation ourselves a year ago, the response was not what we expected<\/strong>. We just had to wait, although we were the first to approach and want to talk. Obviously, people don&#8217;t stay still, they develop, so it&#8217;s also necessary to talk about the future. Time goes by quickly and you have to take everything you can,&#8221; he concluded.<\/p> ","protected":false},"excerpt":{"rendered":"<p>Marcin Bulka has &#8220;confirmed&#8221; Bar\u00e7a&#8217;s interest in signing him. The Pole has &#8216;exploded&#8217; in Nice and the Catalans see him as Ter Stegen&#8217;s replacement The name of Marcin Bulka is beginning to resonate in the corridors of FC Barcelona. The Blaugrana are studying the incorporation of a goalkeeper with potential during the next summer to [&hellip;]<\/p>\n","protected":false},"author":358,"featured_media":136655,"comment_status":"closed","ping_status":"open","sticky":false,"template":"","format":"standard","meta":{"_acf_changed":false,"inline_featured_image":false,"_nextfly_llmd_date_locked":false,"footnotes":""},"categories":[106,449],"tags":[],"class_list":["post-136653","post","type-post","status-publish","format-standard","has-post-thumbnail","hentry","category-transfers","category-transfers-2"],"acf":[],"yoast_head":"<!-- This site is optimized with the Yoast SEO plugin v27.3 - https:\/\/yoast.com\/product\/yoast-seo-wordpress\/ -->\n<title>Ter Stegen&#039;s possible replacement gives clues about his future and Bar\u00e7a&#039;s interest<\/title>\n<meta name=\"description\" content=\"Marcin Bulka has &quot;confirmed&quot; Bar\u00e7a&#039;s interest in signing him. The Pole has &#039;exploded&#039; in Nice and the Catalans see him as Ter Stegen&#039;s replacement\" \/>\n<meta name=\"robots\" content=\"index, follow, max-snippet:-1, max-image-preview:large, max-video-preview:-1\" \/>\n<link rel=\"canonical\" href=\"https:\/\/www.fcbarcelonanoticias.com\/en\/transfers\/ter-stegen-possible-replacement-gives-clues-about-his-future-and-barca-interest_307870_102.html\" \/>\n<meta property=\"og:locale\" content=\"en_US\" \/>\n<meta property=\"og:type\" content=\"article\" \/>\n<meta property=\"og:title\" content=\"Ter Stegen&#039;s possible replacement gives clues about his future and Bar\u00e7a&#039;s interest\" \/>\n<meta property=\"og:description\" content=\"Marcin Bulka has &quot;confirmed&quot; Bar\u00e7a&#039;s interest in signing him. The Pole has &#039;exploded&#039; in Nice and the Catalans see him as Ter Stegen&#039;s replacement\" \/>\n<meta property=\"og:url\" content=\"https:\/\/www.fcbarcelonanoticias.com\/en\/transfers\/ter-stegen-possible-replacement-gives-clues-about-his-future-and-barca-interest_307870_102.html\" \/>\n<meta property=\"og:site_name\" content=\"EN - FC Barcelona Noticias\" \/>\n<meta property=\"article:published_time\" content=\"2024-10-12T04:48:00+00:00\" \/>\n<meta property=\"article:modified_time\" content=\"2024-10-12T10:34:00+00:00\" \/>\n<meta property=\"og:image\" content=\"https:\/\/www.fcbarcelonanoticias.com\/en\/wp-content\/uploads\/sites\/2\/2024\/10\/marcin-bulka-polonia-2.jpeg\" \/>\n\t<meta property=\"og:image:width\" content=\"1250\" \/>\n\t<meta property=\"og:image:height\" content=\"730\" \/>\n\t<meta property=\"og:image:type\" content=\"image\/jpeg\" \/>\n<meta name=\"author\" content=\"Juan Pablo Berdugo\" \/>\n<meta name=\"twitter:card\" content=\"summary_large_image\" \/>\n<meta name=\"twitter:label1\" content=\"Written by\" \/>\n\t<meta name=\"twitter:data1\" content=\"Juan Pablo Berdugo\" \/>\n\t<meta name=\"twitter:label2\" content=\"Est. reading time\" \/>\n\t<meta name=\"twitter:data2\" content=\"3 minutes\" \/>\n<script type=\"application\/ld+json\" class=\"yoast-schema-graph\">{\"@context\":\"https:\\\/\\\/schema.org\",\"@graph\":[{\"@type\":\"Article\",\"@id\":\"https:\\\/\\\/www.fcbarcelonanoticias.com\\\/en\\\/transfers\\\/ter-stegen-possible-replacement-gives-clues-about-his-future-and-barca-interest_307870_102.html#article\",\"isPartOf\":{\"@id\":\"https:\\\/\\\/www.fcbarcelonanoticias.com\\\/en\\\/transfers\\\/ter-stegen-possible-replacement-gives-clues-about-his-future-and-barca-interest_307870_102.html\"},\"author\":{\"name\":\"Juan Pablo Berdugo\",\"@id\":\"https:\\\/\\\/www.fcbarcelonanoticias.com\\\/en\\\/#\\\/schema\\\/person\\\/88d756918a0a1ae9fa593b5edddd1815\"},\"headline\":\"Ter Stegen&#8217;s possible replacement gives clues about his future and Bar\u00e7a&#8217;s interest\",\"datePublished\":\"2024-10-12T04:48:00+00:00\",\"dateModified\":\"2024-10-12T10:34:00+00:00\",\"mainEntityOfPage\":{\"@id\":\"https:\\\/\\\/www.fcbarcelonanoticias.com\\\/en\\\/transfers\\\/ter-stegen-possible-replacement-gives-clues-about-his-future-and-barca-interest_307870_102.html\"},\"wordCount\":585,\"image\":{\"@id\":\"https:\\\/\\\/www.fcbarcelonanoticias.com\\\/en\\\/transfers\\\/ter-stegen-possible-replacement-gives-clues-about-his-future-and-barca-interest_307870_102.html#primaryimage\"},\"thumbnailUrl\":\"https:\\\/\\\/www.fcbarcelonanoticias.com\\\/en\\\/wp-content\\\/uploads\\\/sites\\\/2\\\/2024\\\/10\\\/marcin-bulka-polonia-2.jpeg\",\"articleSection\":[\"Transfers\",\"Transfers\"],\"inLanguage\":\"en-US\"},{\"@type\":\"WebPage\",\"@id\":\"https:\\\/\\\/www.fcbarcelonanoticias.com\\\/en\\\/transfers\\\/ter-stegen-possible-replacement-gives-clues-about-his-future-and-barca-interest_307870_102.html\",\"url\":\"https:\\\/\\\/www.fcbarcelonanoticias.com\\\/en\\\/transfers\\\/ter-stegen-possible-replacement-gives-clues-about-his-future-and-barca-interest_307870_102.html\",\"name\":\"Ter Stegen's possible replacement gives clues about his future and Bar\u00e7a's interest\",\"isPartOf\":{\"@id\":\"https:\\\/\\\/www.fcbarcelonanoticias.com\\\/en\\\/#website\"},\"primaryImageOfPage\":{\"@id\":\"https:\\\/\\\/www.fcbarcelonanoticias.com\\\/en\\\/transfers\\\/ter-stegen-possible-replacement-gives-clues-about-his-future-and-barca-interest_307870_102.html#primaryimage\"},\"image\":{\"@id\":\"https:\\\/\\\/www.fcbarcelonanoticias.com\\\/en\\\/transfers\\\/ter-stegen-possible-replacement-gives-clues-about-his-future-and-barca-interest_307870_102.html#primaryimage\"},\"thumbnailUrl\":\"https:\\\/\\\/www.fcbarcelonanoticias.com\\\/en\\\/wp-content\\\/uploads\\\/sites\\\/2\\\/2024\\\/10\\\/marcin-bulka-polonia-2.jpeg\",\"datePublished\":\"2024-10-12T04:48:00+00:00\",\"dateModified\":\"2024-10-12T10:34:00+00:00\",\"author\":{\"@id\":\"https:\\\/\\\/www.fcbarcelonanoticias.com\\\/en\\\/#\\\/schema\\\/person\\\/88d756918a0a1ae9fa593b5edddd1815\"},\"description\":\"Marcin Bulka has \\\"confirmed\\\" Bar\u00e7a's interest in signing him. The Pole has 'exploded' in Nice and the Catalans see him as Ter Stegen's replacement\",\"breadcrumb\":{\"@id\":\"https:\\\/\\\/www.fcbarcelonanoticias.com\\\/en\\\/transfers\\\/ter-stegen-possible-replacement-gives-clues-about-his-future-and-barca-interest_307870_102.html#breadcrumb\"},\"inLanguage\":\"en-US\",\"potentialAction\":[{\"@type\":\"ReadAction\",\"target\":[\"https:\\\/\\\/www.fcbarcelonanoticias.com\\\/en\\\/transfers\\\/ter-stegen-possible-replacement-gives-clues-about-his-future-and-barca-interest_307870_102.html\"]}]},{\"@type\":\"ImageObject\",\"inLanguage\":\"en-US\",\"@id\":\"https:\\\/\\\/www.fcbarcelonanoticias.com\\\/en\\\/transfers\\\/ter-stegen-possible-replacement-gives-clues-about-his-future-and-barca-interest_307870_102.html#primaryimage\",\"url\":\"https:\\\/\\\/www.fcbarcelonanoticias.com\\\/en\\\/wp-content\\\/uploads\\\/sites\\\/2\\\/2024\\\/10\\\/marcin-bulka-polonia-2.jpeg\",\"contentUrl\":\"https:\\\/\\\/www.fcbarcelonanoticias.com\\\/en\\\/wp-content\\\/uploads\\\/sites\\\/2\\\/2024\\\/10\\\/marcin-bulka-polonia-2.jpeg\",\"width\":1250,\"height\":730},{\"@type\":\"BreadcrumbList\",\"@id\":\"https:\\\/\\\/www.fcbarcelonanoticias.com\\\/en\\\/transfers\\\/ter-stegen-possible-replacement-gives-clues-about-his-future-and-barca-interest_307870_102.html#breadcrumb\",\"itemListElement\":[{\"@type\":\"ListItem\",\"position\":1,\"name\":\"Portada\",\"item\":\"https:\\\/\\\/www.fcbarcelonanoticias.com\\\/en\\\/\"},{\"@type\":\"ListItem\",\"position\":2,\"name\":\"Ter Stegen&#8217;s possible replacement gives clues about his future and Bar\u00e7a&#8217;s interest\"}]},{\"@type\":\"WebSite\",\"@id\":\"https:\\\/\\\/www.fcbarcelonanoticias.com\\\/en\\\/#website\",\"url\":\"https:\\\/\\\/www.fcbarcelonanoticias.com\\\/en\\\/\",\"name\":\"EN - FC Barcelona Noticias\",\"description\":\"\",\"potentialAction\":[{\"@type\":\"SearchAction\",\"target\":{\"@type\":\"EntryPoint\",\"urlTemplate\":\"https:\\\/\\\/www.fcbarcelonanoticias.com\\\/en\\\/?s={search_term_string}\"},\"query-input\":{\"@type\":\"PropertyValueSpecification\",\"valueRequired\":true,\"valueName\":\"search_term_string\"}}],\"inLanguage\":\"en-US\"},{\"@type\":\"Person\",\"@id\":\"https:\\\/\\\/www.fcbarcelonanoticias.com\\\/en\\\/#\\\/schema\\\/person\\\/88d756918a0a1ae9fa593b5edddd1815\",\"name\":\"Juan Pablo Berdugo\",\"image\":{\"@type\":\"ImageObject\",\"inLanguage\":\"en-US\",\"@id\":\"https:\\\/\\\/secure.gravatar.com\\\/avatar\\\/?s=96&d=mm&r=g\",\"url\":\"https:\\\/\\\/secure.gravatar.com\\\/avatar\\\/?s=96&d=mm&r=g\",\"contentUrl\":\"https:\\\/\\\/secure.gravatar.com\\\/avatar\\\/?s=96&d=mm&r=g\",\"caption\":\"Juan Pablo Berdugo\"},\"description\":\"Juan Pablo Berdugo es graduado en Periodismo. Colabora con FCBN como especialista en informaci\u00f3n del primer equipo del FC Barcelona, f\u00fatbol internacional y mercado de fichajes. Destaca por su enfoque anal\u00edtico, su rigor informativo y su capacidad para detectar tendencias emergentes en el f\u00fatbol global.\",\"url\":\"https:\\\/\\\/www.fcbarcelonanoticias.com\\\/en\\\/fc-barcelona\\\/juan-pablo-berdugo_18_115.html\"}]}<\/script>\n<!-- \/ Yoast SEO plugin. -->","yoast_head_json":{"title":"Ter Stegen's possible replacement gives clues about his future and Bar\u00e7a's interest","description":"Marcin Bulka has \"confirmed\" Bar\u00e7a's interest in signing him. The Pole has 'exploded' in Nice and the Catalans see him as Ter Stegen's replacement","robots":{"index":"index","follow":"follow","max-snippet":"max-snippet:-1","max-image-preview":"max-image-preview:large","max-video-preview":"max-video-preview:-1"},"canonical":"https:\/\/www.fcbarcelonanoticias.com\/en\/transfers\/ter-stegen-possible-replacement-gives-clues-about-his-future-and-barca-interest_307870_102.html","og_locale":"en_US","og_type":"article","og_title":"Ter Stegen's possible replacement gives clues about his future and Bar\u00e7a's interest","og_description":"Marcin Bulka has \"confirmed\" Bar\u00e7a's interest in signing him. The Pole has 'exploded' in Nice and the Catalans see him as Ter Stegen's replacement","og_url":"https:\/\/www.fcbarcelonanoticias.com\/en\/transfers\/ter-stegen-possible-replacement-gives-clues-about-his-future-and-barca-interest_307870_102.html","og_site_name":"EN - FC Barcelona Noticias","article_published_time":"2024-10-12T04:48:00+00:00","article_modified_time":"2024-10-12T10:34:00+00:00","og_image":[{"width":1250,"height":730,"url":"https:\/\/www.fcbarcelonanoticias.com\/en\/wp-content\/uploads\/sites\/2\/2024\/10\/marcin-bulka-polonia-2.jpeg","type":"image\/jpeg"}],"author":"Juan Pablo Berdugo","twitter_card":"summary_large_image","twitter_misc":{"Written by":"Juan Pablo Berdugo","Est. reading time":"3 minutes"},"schema":{"@context":"https:\/\/schema.org","@graph":[{"@type":"Article","@id":"https:\/\/www.fcbarcelonanoticias.com\/en\/transfers\/ter-stegen-possible-replacement-gives-clues-about-his-future-and-barca-interest_307870_102.html#article","isPartOf":{"@id":"https:\/\/www.fcbarcelonanoticias.com\/en\/transfers\/ter-stegen-possible-replacement-gives-clues-about-his-future-and-barca-interest_307870_102.html"},"author":{"name":"Juan Pablo Berdugo","@id":"https:\/\/www.fcbarcelonanoticias.com\/en\/#\/schema\/person\/88d756918a0a1ae9fa593b5edddd1815"},"headline":"Ter Stegen&#8217;s possible replacement gives clues about his future and Bar\u00e7a&#8217;s interest","datePublished":"2024-10-12T04:48:00+00:00","dateModified":"2024-10-12T10:34:00+00:00","mainEntityOfPage":{"@id":"https:\/\/www.fcbarcelonanoticias.com\/en\/transfers\/ter-stegen-possible-replacement-gives-clues-about-his-future-and-barca-interest_307870_102.html"},"wordCount":585,"image":{"@id":"https:\/\/www.fcbarcelonanoticias.com\/en\/transfers\/ter-stegen-possible-replacement-gives-clues-about-his-future-and-barca-interest_307870_102.html#primaryimage"},"thumbnailUrl":"https:\/\/www.fcbarcelonanoticias.com\/en\/wp-content\/uploads\/sites\/2\/2024\/10\/marcin-bulka-polonia-2.jpeg","articleSection":["Transfers","Transfers"],"inLanguage":"en-US"},{"@type":"WebPage","@id":"https:\/\/www.fcbarcelonanoticias.com\/en\/transfers\/ter-stegen-possible-replacement-gives-clues-about-his-future-and-barca-interest_307870_102.html","url":"https:\/\/www.fcbarcelonanoticias.com\/en\/transfers\/ter-stegen-possible-replacement-gives-clues-about-his-future-and-barca-interest_307870_102.html","name":"Ter Stegen's possible replacement gives clues about his future and Bar\u00e7a's interest","isPartOf":{"@id":"https:\/\/www.fcbarcelonanoticias.com\/en\/#website"},"primaryImageOfPage":{"@id":"https:\/\/www.fcbarcelonanoticias.com\/en\/transfers\/ter-stegen-possible-replacement-gives-clues-about-his-future-and-barca-interest_307870_102.html#primaryimage"},"image":{"@id":"https:\/\/www.fcbarcelonanoticias.com\/en\/transfers\/ter-stegen-possible-replacement-gives-clues-about-his-future-and-barca-interest_307870_102.html#primaryimage"},"thumbnailUrl":"https:\/\/www.fcbarcelonanoticias.com\/en\/wp-content\/uploads\/sites\/2\/2024\/10\/marcin-bulka-polonia-2.jpeg","datePublished":"2024-10-12T04:48:00+00:00","dateModified":"2024-10-12T10:34:00+00:00","author":{"@id":"https:\/\/www.fcbarcelonanoticias.com\/en\/#\/schema\/person\/88d756918a0a1ae9fa593b5edddd1815"},"description":"Marcin Bulka has \"confirmed\" Bar\u00e7a's interest in signing him. The Pole has 'exploded' in Nice and the Catalans see him as Ter Stegen's replacement","breadcrumb":{"@id":"https:\/\/www.fcbarcelonanoticias.com\/en\/transfers\/ter-stegen-possible-replacement-gives-clues-about-his-future-and-barca-interest_307870_102.html#breadcrumb"},"inLanguage":"en-US","potentialAction":[{"@type":"ReadAction","target":["https:\/\/www.fcbarcelonanoticias.com\/en\/transfers\/ter-stegen-possible-replacement-gives-clues-about-his-future-and-barca-interest_307870_102.html"]}]},{"@type":"ImageObject","inLanguage":"en-US","@id":"https:\/\/www.fcbarcelonanoticias.com\/en\/transfers\/ter-stegen-possible-replacement-gives-clues-about-his-future-and-barca-interest_307870_102.html#primaryimage","url":"https:\/\/www.fcbarcelonanoticias.com\/en\/wp-content\/uploads\/sites\/2\/2024\/10\/marcin-bulka-polonia-2.jpeg","contentUrl":"https:\/\/www.fcbarcelonanoticias.com\/en\/wp-content\/uploads\/sites\/2\/2024\/10\/marcin-bulka-polonia-2.jpeg","width":1250,"height":730},{"@type":"BreadcrumbList","@id":"https:\/\/www.fcbarcelonanoticias.com\/en\/transfers\/ter-stegen-possible-replacement-gives-clues-about-his-future-and-barca-interest_307870_102.html#breadcrumb","itemListElement":[{"@type":"ListItem","position":1,"name":"Portada","item":"https:\/\/www.fcbarcelonanoticias.com\/en\/"},{"@type":"ListItem","position":2,"name":"Ter Stegen&#8217;s possible replacement gives clues about his future and Bar\u00e7a&#8217;s interest"}]},{"@type":"WebSite","@id":"https:\/\/www.fcbarcelonanoticias.com\/en\/#website","url":"https:\/\/www.fcbarcelonanoticias.com\/en\/","name":"EN - FC Barcelona Noticias","description":"","potentialAction":[{"@type":"SearchAction","target":{"@type":"EntryPoint","urlTemplate":"https:\/\/www.fcbarcelonanoticias.com\/en\/?s={search_term_string}"},"query-input":{"@type":"PropertyValueSpecification","valueRequired":true,"valueName":"search_term_string"}}],"inLanguage":"en-US"},{"@type":"Person","@id":"https:\/\/www.fcbarcelonanoticias.com\/en\/#\/schema\/person\/88d756918a0a1ae9fa593b5edddd1815","name":"Juan Pablo Berdugo","image":{"@type":"ImageObject","inLanguage":"en-US","@id":"https:\/\/secure.gravatar.com\/avatar\/?s=96&d=mm&r=g","url":"https:\/\/secure.gravatar.com\/avatar\/?s=96&d=mm&r=g","contentUrl":"https:\/\/secure.gravatar.com\/avatar\/?s=96&d=mm&r=g","caption":"Juan Pablo Berdugo"},"description":"Juan Pablo Berdugo es graduado en Periodismo. Colabora con FCBN como especialista en informaci\u00f3n del primer equipo del FC Barcelona, f\u00fatbol internacional y mercado de fichajes. Destaca por su enfoque anal\u00edtico, su rigor informativo y su capacidad para detectar tendencias emergentes en el f\u00fatbol global.","url":"https:\/\/www.fcbarcelonanoticias.com\/en\/fc-barcelona\/juan-pablo-berdugo_18_115.html"}]}},"_links":{"self":[{"href":"https:\/\/www.fcbarcelonanoticias.com\/en\/wp-json\/wp\/v2\/posts\/136653","targetHints":{"allow":["GET"]}}],"collection":[{"href":"https:\/\/www.fcbarcelonanoticias.com\/en\/wp-json\/wp\/v2\/posts"}],"about":[{"href":"https:\/\/www.fcbarcelonanoticias.com\/en\/wp-json\/wp\/v2\/types\/post"}],"author":[{"embeddable":true,"href":"https:\/\/www.fcbarcelonanoticias.com\/en\/wp-json\/wp\/v2\/users\/358"}],"replies":[{"embeddable":true,"href":"https:\/\/www.fcbarcelonanoticias.com\/en\/wp-json\/wp\/v2\/comments?post=136653"}],"version-history":[{"count":1,"href":"https:\/\/www.fcbarcelonanoticias.com\/en\/wp-json\/wp\/v2\/posts\/136653\/revisions"}],"predecessor-version":[{"id":140001,"href":"https:\/\/www.fcbarcelonanoticias.com\/en\/wp-json\/wp\/v2\/posts\/136653\/revisions\/140001"}],"wp:featuredmedia":[{"embeddable":true,"href":"https:\/\/www.fcbarcelonanoticias.com\/en\/wp-json\/wp\/v2\/media\/136655"}],"wp:attachment":[{"href":"https:\/\/www.fcbarcelonanoticias.com\/en\/wp-json\/wp\/v2\/media?parent=136653"}],"wp:term":[{"taxonomy":"category","embeddable":true,"href":"https:\/\/www.fcbarcelonanoticias.com\/en\/wp-json\/wp\/v2\/categories?post=136653"},{"taxonomy":"post_tag","embeddable":true,"href":"https:\/\/www.fcbarcelonanoticias.com\/en\/wp-json\/wp\/v2\/tags?post=136653"}],"curies":[{"name":"wp","href":"https:\/\/api.w.org\/{rel}","templated":true}]}}