{"id":136664,"date":"2026-01-17T23:08:00","date_gmt":"2026-01-17T22:08:00","guid":{"rendered":"https:\/\/weisetech.dev\/fc-barcelona-noticias\/en\/ter-stegen-finalizes-details-of-his-loan-to-girona_315776_102\/"},"modified":"2026-01-17T23:08:00","modified_gmt":"2026-01-17T22:08:00","slug":"ter-stegen-finalizes-details-of-his-loan-to-girona_315776_102","status":"publish","type":"post","link":"https:\/\/www.fcbarcelonanoticias.com\/en\/transfers\/ter-stegen-finalizes-details-of-his-loan-to-girona_315776_102.html","title":{"rendered":"Ter Stegen finalizes the details of his loan to Girona"},"content":{"rendered":"<h2 class=\"wp-block-heading\">Ter Stegen seems to have his days numbered at Bar\u00e7a. The captain has accepted Girona&#8217;s offer to go on loan for the rest of 25\/26, knowing that he will count for little or nothing for Hansi Flick<\/h2>  \r\n<div class=\"article-addons\">\r\n    <a href=\"https:\/\/www.fcbarcelonanoticias.com\/en\/calendar-fc-barcelona.html\"\r\n       target=\"_self\"\r\n       title=\"Calendar of FC Barcelona\"\r\n       class=\"blue-gredient-btn\">\r\n       \r\n        Calendar of FC Barcelona    <\/a>\r\n<\/div>   <p><strong>FC Barcelona<\/strong> is very close to finalizing a six-month loan deal for <strong>Marc-Andr\u00e9 ter Stegen<\/strong> to <strong>Girona<\/strong>. The club has left the resolution of his future in the goalkeeper&#8217;s hands, once his role as backup to <a data-external=\"0\" data-intl-links-en=\"https:\/\/www.fcbarcelonanoticias.com\/en\/copa-del-rey\/flick-keeps-joan-garcia-in-goal-for-copa-del-rey-and-sentences-ter-stegen_315760_102.html\" data-intl-links-es=\"https:\/\/www.fcbarcelonanoticias.com\/copa-del-rey\/flick-mantiene-joan-garcia-arco-copa-sentencia-ter-stegen_315760_102.html\" href=\"https:\/\/www.fcbarcelonanoticias.com\/en\/copa-del-rey\/flick-keeps-joan-garcia-in-goal-for-copa-del-rey-and-sentences-ter-stegen_315760_102.html\" rel=\"follow\" target=\"_self\" title=\"Flick mantiene a Joan Garc\u00eda en el arco para la Copa y 'sentencia' a Ter Stegen\">Joan Garc\u00eda<\/a> in the three competitions at stake (League, Cup, and Champions League) for the remainder of the 2025\/26 season has been defined.<\/p>  <p><a data-external=\"0\" data-intl-links-en=\"https:\/\/www.fcbarcelonanoticias.com\/en\/fc-barcelona\/flick-laments-dro-departure-and-opens-the-door-to-ter-stegen_315770_102.html\" data-intl-links-es=\"https:\/\/www.fcbarcelonanoticias.com\/fc-barcelona\/flick-se-sincera-sobre-mercado-barca-inminentes-salidas-dro-ter-stegen_315770_102.html\" href=\"https:\/\/www.fcbarcelonanoticias.com\/en\/fc-barcelona\/flick-laments-dro-departure-and-opens-the-door-to-ter-stegen_315770_102.html\" rel=\"follow\" target=\"_self\" title=\"Flick se sincera sobre el mercado del Bar\u00e7a ante las inminentes salidas de Dro y Ter Stegen\">Hansi Flick<\/a> was blunt with the captain about the decision to keep the goalkeeper from Sallent as number one in all competitions. In this regard, &#8216;Matts&#8217;, who needs to play regularly in the second half of the season to arrive in good shape for the <strong>World Cup<\/strong>, has had no choice but to listen to offers from other clubs to go on loan for six months.<\/p>  <h2>Ter Stegen&#8217;s reasons for accepting Girona&#8217;s offer<\/h2>  <p>Girona&#8217;s option, whose main objective is to stay in the league, did not seem the most attractive sportingly. However, Ter Stegen valued the possibility of <strong>staying in Barcelona, close to his children and in a city where he feels very comfortable<\/strong> after more than a decade with the Blaugrana team.<\/p>  <p>For the 31-year-old goalkeeper, the important thing is to regain the lost prominence at Can Bar\u00e7a, something that **M\u00edchel** seems to guarantee him at Montilivi. After the failed signing of the Croatian **Dominik Livakovic**, Girona will go for another goalkeeper to replace the experienced **Paulo Gazzaniga**, who has conceded 28 goals in 19 league matches this season.<\/p>  <p>M\u00edchel is confident that the signing of Ter Stegen will allow the Girona team to **definitively move away from the relegation places**, after occupying the red zone of the table during the first third of the season.<\/p>  <p>In fact, the &#8216;albirrojos&#8217; are already ninth after stringing together a streak of three consecutive victories and have moved closer to the Conference League zone. Girona played in the Champions League in 24\/25 and **dreams of returning to Europe** next season, although the priority is to stay in the First Division after a 2025 to forget.<\/p>  <h2>Bar\u00e7a will continue to pay the majority of Ter Stegen&#8217;s salary<\/h2>  <p>Marc-Andr\u00e9 ter Stegen, for his part, will meet the objective of regaining the consistency that the German national team demands of him to secure his starting position and captaincy in the World Cup. **Bar\u00e7a will assume a majority percentage of his salary (14 million gross)**, with hopes that his time at Montilivi will serve to improve his market options for next summer.<\/p>  <p>&#8216;Matts&#8217; will return to the club in July and the idea is to resolve a permanent transfer before the start of 26\/27. **The 33-year-old goalkeeper is still under contract until 2028** and has no intention of forgiving any of his remaining salary to the club with which he last renewed in 2023, agreeing to defer the bulk of his salary for the last three seasons of his contract.<\/p>  <p>In principle, the loan to Girona should be made official next week, although the winter transfer window closes on February 2. While the parties finalize details, Ter Stegen will continue training with the <a data-external=\"0\" data-intl-links-en=\"https:\/\/www.fcbarcelonanoticias.com\/en\/fc-barcelona-squad.html\" data-intl-links-es=\"https:\/\/www.fcbarcelonanoticias.com\/jugadores-fcbarcelona.html\" href=\"https:\/\/www.fcbarcelonanoticias.com\/en\/fc-barcelona-squad.html\" rel=\"follow\" target=\"_self\" title=\"FC Barcelona Squad 2025-26\">Bar\u00e7a squad<\/a>. On Sunday, he will once again be a substitute at Anoeta for the Catalans&#8217; visit to <a data-external=\"0\" data-intl-links-en=\"https:\/\/www.fcbarcelonanoticias.com\/en\/laliga\/real-sociedad-barcelona-live-and-online-when-and-where-to-watch_315769_102.html\" data-intl-links-es=\"https:\/\/www.fcbarcelonanoticias.com\/laliga\/real-sociedad-vs-barcelona-directo-online-cuando-donde-ver-partido-liga-tv_315769_102.html\" href=\"https:\/\/www.fcbarcelonanoticias.com\/en\/laliga\/real-sociedad-barcelona-live-and-online-when-and-where-to-watch_315769_102.html\" rel=\"follow\" target=\"_self\" title=\"Real Sociedad vs Barcelona live and online: when and where to watch the league match on TV\">Real Sociedad (21:00 h)<\/a><\/p> ","protected":false},"excerpt":{"rendered":"<p>Ter Stegen seems to have his days numbered at Bar\u00e7a. The captain has accepted Girona&#8217;s offer to go on loan for the rest of 25\/26, knowing that he will count for little or nothing for Hansi Flick FC Barcelona is very close to finalizing a six-month loan deal for Marc-Andr\u00e9 ter Stegen to Girona. The [&hellip;]<\/p>\n","protected":false},"author":347,"featured_media":136668,"comment_status":"closed","ping_status":"open","sticky":false,"template":"","format":"standard","meta":{"_acf_changed":false,"inline_featured_image":false,"_nextfly_llmd_date_locked":false,"footnotes":""},"categories":[449,106],"tags":[50,87,188],"class_list":["post-136664","post","type-post","status-publish","format-standard","has-post-thumbnail","hentry","category-transfers-2","category-transfers","tag-girona","tag-hansi-flick","tag-ter-stegen"],"acf":[],"yoast_head":"<!-- This site is optimized with the Yoast SEO plugin v27.3 - https:\/\/yoast.com\/product\/yoast-seo-wordpress\/ -->\n<title>Ter Stegen finalizes the details of his loan to Girona<\/title>\n<meta name=\"description\" content=\"Ter Stegen seems to have his days numbered at Bar\u00e7a. The captain has accepted Girona&#039;s offer to go on loan for the rest of 25\/26\" \/>\n<meta name=\"robots\" content=\"index, follow, max-snippet:-1, max-image-preview:large, max-video-preview:-1\" \/>\n<link rel=\"canonical\" href=\"https:\/\/www.fcbarcelonanoticias.com\/en\/transfers\/ter-stegen-finalizes-details-of-his-loan-to-girona_315776_102.html\" \/>\n<meta property=\"og:locale\" content=\"en_US\" \/>\n<meta property=\"og:type\" content=\"article\" \/>\n<meta property=\"og:title\" content=\"Ter Stegen finalizes the details of his loan to Girona\" \/>\n<meta property=\"og:description\" content=\"Ter Stegen seems to have his days numbered at Bar\u00e7a. The captain has accepted Girona&#039;s offer to go on loan for the rest of 25\/26\" \/>\n<meta property=\"og:url\" content=\"https:\/\/www.fcbarcelonanoticias.com\/en\/transfers\/ter-stegen-finalizes-details-of-his-loan-to-girona_315776_102.html\" \/>\n<meta property=\"og:site_name\" content=\"EN - FC Barcelona Noticias\" \/>\n<meta property=\"article:published_time\" content=\"2026-01-17T22:08:00+00:00\" \/>\n<meta property=\"og:image\" content=\"https:\/\/www.fcbarcelonanoticias.com\/en\/wp-content\/uploads\/sites\/2\/2026\/01\/ter-stegen-fc-barcelona-25-26-3.jpeg\" \/>\n\t<meta property=\"og:image:width\" content=\"1300\" \/>\n\t<meta property=\"og:image:height\" content=\"732\" \/>\n\t<meta property=\"og:image:type\" content=\"image\/jpeg\" \/>\n<meta name=\"author\" content=\"Andr\u00e9s Quiroz\" \/>\n<meta name=\"twitter:card\" content=\"summary_large_image\" \/>\n<meta name=\"twitter:label1\" content=\"Written by\" \/>\n\t<meta name=\"twitter:data1\" content=\"Andr\u00e9s Quiroz\" \/>\n\t<meta name=\"twitter:label2\" content=\"Est. reading time\" \/>\n\t<meta name=\"twitter:data2\" content=\"3 minutes\" \/>\n<script type=\"application\/ld+json\" class=\"yoast-schema-graph\">{\"@context\":\"https:\\\/\\\/schema.org\",\"@graph\":[{\"@type\":\"Article\",\"@id\":\"https:\\\/\\\/www.fcbarcelonanoticias.com\\\/en\\\/transfers\\\/ter-stegen-finalizes-details-of-his-loan-to-girona_315776_102.html#article\",\"isPartOf\":{\"@id\":\"https:\\\/\\\/www.fcbarcelonanoticias.com\\\/en\\\/transfers\\\/ter-stegen-finalizes-details-of-his-loan-to-girona_315776_102.html\"},\"author\":{\"name\":\"Andr\u00e9s Quiroz\",\"@id\":\"https:\\\/\\\/www.fcbarcelonanoticias.com\\\/en\\\/#\\\/schema\\\/person\\\/c2cd9f6fa1af5c0d0eccd0fefa575c88\"},\"headline\":\"Ter Stegen finalizes the details of his loan to Girona\",\"datePublished\":\"2026-01-17T22:08:00+00:00\",\"mainEntityOfPage\":{\"@id\":\"https:\\\/\\\/www.fcbarcelonanoticias.com\\\/en\\\/transfers\\\/ter-stegen-finalizes-details-of-his-loan-to-girona_315776_102.html\"},\"wordCount\":577,\"image\":{\"@id\":\"https:\\\/\\\/www.fcbarcelonanoticias.com\\\/en\\\/transfers\\\/ter-stegen-finalizes-details-of-his-loan-to-girona_315776_102.html#primaryimage\"},\"thumbnailUrl\":\"https:\\\/\\\/www.fcbarcelonanoticias.com\\\/en\\\/wp-content\\\/uploads\\\/sites\\\/2\\\/2026\\\/01\\\/ter-stegen-fc-barcelona-25-26-3.jpeg\",\"keywords\":[\"Girona\",\"Hansi Flick\",\"Ter Stegen\"],\"articleSection\":[\"Transfers\",\"Transfers\"],\"inLanguage\":\"en-US\"},{\"@type\":\"WebPage\",\"@id\":\"https:\\\/\\\/www.fcbarcelonanoticias.com\\\/en\\\/transfers\\\/ter-stegen-finalizes-details-of-his-loan-to-girona_315776_102.html\",\"url\":\"https:\\\/\\\/www.fcbarcelonanoticias.com\\\/en\\\/transfers\\\/ter-stegen-finalizes-details-of-his-loan-to-girona_315776_102.html\",\"name\":\"Ter Stegen finalizes the details of his loan to Girona\",\"isPartOf\":{\"@id\":\"https:\\\/\\\/www.fcbarcelonanoticias.com\\\/en\\\/#website\"},\"primaryImageOfPage\":{\"@id\":\"https:\\\/\\\/www.fcbarcelonanoticias.com\\\/en\\\/transfers\\\/ter-stegen-finalizes-details-of-his-loan-to-girona_315776_102.html#primaryimage\"},\"image\":{\"@id\":\"https:\\\/\\\/www.fcbarcelonanoticias.com\\\/en\\\/transfers\\\/ter-stegen-finalizes-details-of-his-loan-to-girona_315776_102.html#primaryimage\"},\"thumbnailUrl\":\"https:\\\/\\\/www.fcbarcelonanoticias.com\\\/en\\\/wp-content\\\/uploads\\\/sites\\\/2\\\/2026\\\/01\\\/ter-stegen-fc-barcelona-25-26-3.jpeg\",\"datePublished\":\"2026-01-17T22:08:00+00:00\",\"author\":{\"@id\":\"https:\\\/\\\/www.fcbarcelonanoticias.com\\\/en\\\/#\\\/schema\\\/person\\\/c2cd9f6fa1af5c0d0eccd0fefa575c88\"},\"description\":\"Ter Stegen seems to have his days numbered at Bar\u00e7a. The captain has accepted Girona's offer to go on loan for the rest of 25\\\/26\",\"breadcrumb\":{\"@id\":\"https:\\\/\\\/www.fcbarcelonanoticias.com\\\/en\\\/transfers\\\/ter-stegen-finalizes-details-of-his-loan-to-girona_315776_102.html#breadcrumb\"},\"inLanguage\":\"en-US\",\"potentialAction\":[{\"@type\":\"ReadAction\",\"target\":[\"https:\\\/\\\/www.fcbarcelonanoticias.com\\\/en\\\/transfers\\\/ter-stegen-finalizes-details-of-his-loan-to-girona_315776_102.html\"]}]},{\"@type\":\"ImageObject\",\"inLanguage\":\"en-US\",\"@id\":\"https:\\\/\\\/www.fcbarcelonanoticias.com\\\/en\\\/transfers\\\/ter-stegen-finalizes-details-of-his-loan-to-girona_315776_102.html#primaryimage\",\"url\":\"https:\\\/\\\/www.fcbarcelonanoticias.com\\\/en\\\/wp-content\\\/uploads\\\/sites\\\/2\\\/2026\\\/01\\\/ter-stegen-fc-barcelona-25-26-3.jpeg\",\"contentUrl\":\"https:\\\/\\\/www.fcbarcelonanoticias.com\\\/en\\\/wp-content\\\/uploads\\\/sites\\\/2\\\/2026\\\/01\\\/ter-stegen-fc-barcelona-25-26-3.jpeg\",\"width\":1300,\"height\":732},{\"@type\":\"BreadcrumbList\",\"@id\":\"https:\\\/\\\/www.fcbarcelonanoticias.com\\\/en\\\/transfers\\\/ter-stegen-finalizes-details-of-his-loan-to-girona_315776_102.html#breadcrumb\",\"itemListElement\":[{\"@type\":\"ListItem\",\"position\":1,\"name\":\"Portada\",\"item\":\"https:\\\/\\\/www.fcbarcelonanoticias.com\\\/en\\\/\"},{\"@type\":\"ListItem\",\"position\":2,\"name\":\"Ter Stegen finalizes the details of his loan to Girona\"}]},{\"@type\":\"WebSite\",\"@id\":\"https:\\\/\\\/www.fcbarcelonanoticias.com\\\/en\\\/#website\",\"url\":\"https:\\\/\\\/www.fcbarcelonanoticias.com\\\/en\\\/\",\"name\":\"EN - FC Barcelona Noticias\",\"description\":\"\",\"potentialAction\":[{\"@type\":\"SearchAction\",\"target\":{\"@type\":\"EntryPoint\",\"urlTemplate\":\"https:\\\/\\\/www.fcbarcelonanoticias.com\\\/en\\\/?s={search_term_string}\"},\"query-input\":{\"@type\":\"PropertyValueSpecification\",\"valueRequired\":true,\"valueName\":\"search_term_string\"}}],\"inLanguage\":\"en-US\"},{\"@type\":\"Person\",\"@id\":\"https:\\\/\\\/www.fcbarcelonanoticias.com\\\/en\\\/#\\\/schema\\\/person\\\/c2cd9f6fa1af5c0d0eccd0fefa575c88\",\"name\":\"Andr\u00e9s Quiroz\",\"image\":{\"@type\":\"ImageObject\",\"inLanguage\":\"en-US\",\"@id\":\"https:\\\/\\\/secure.gravatar.com\\\/avatar\\\/?s=96&d=mm&r=g\",\"url\":\"https:\\\/\\\/secure.gravatar.com\\\/avatar\\\/?s=96&d=mm&r=g\",\"contentUrl\":\"https:\\\/\\\/secure.gravatar.com\\\/avatar\\\/?s=96&d=mm&r=g\",\"caption\":\"Andr\u00e9s Quiroz\"},\"description\":\"Licenciado en Periodismo por la Universidad de los Andes. Me encargo de analizar y compartir los contenidos m\u00e1s destacados de la\u00a0actualidad del F\u00fatbol Club Barcelona, Mercado de Fichajes y F\u00fatbol Internacional en FCBN. La informaci\u00f3n es poder, pero tambi\u00e9n conocimiento.\",\"url\":\"https:\\\/\\\/www.fcbarcelonanoticias.com\\\/en\\\/fc-barcelona\\\/andres-quiroz_17_115.html\"}]}<\/script>\n<!-- \/ Yoast SEO plugin. -->","yoast_head_json":{"title":"Ter Stegen finalizes the details of his loan to Girona","description":"Ter Stegen seems to have his days numbered at Bar\u00e7a. The captain has accepted Girona's offer to go on loan for the rest of 25\/26","robots":{"index":"index","follow":"follow","max-snippet":"max-snippet:-1","max-image-preview":"max-image-preview:large","max-video-preview":"max-video-preview:-1"},"canonical":"https:\/\/www.fcbarcelonanoticias.com\/en\/transfers\/ter-stegen-finalizes-details-of-his-loan-to-girona_315776_102.html","og_locale":"en_US","og_type":"article","og_title":"Ter Stegen finalizes the details of his loan to Girona","og_description":"Ter Stegen seems to have his days numbered at Bar\u00e7a. The captain has accepted Girona's offer to go on loan for the rest of 25\/26","og_url":"https:\/\/www.fcbarcelonanoticias.com\/en\/transfers\/ter-stegen-finalizes-details-of-his-loan-to-girona_315776_102.html","og_site_name":"EN - FC Barcelona Noticias","article_published_time":"2026-01-17T22:08:00+00:00","og_image":[{"width":1300,"height":732,"url":"https:\/\/www.fcbarcelonanoticias.com\/en\/wp-content\/uploads\/sites\/2\/2026\/01\/ter-stegen-fc-barcelona-25-26-3.jpeg","type":"image\/jpeg"}],"author":"Andr\u00e9s Quiroz","twitter_card":"summary_large_image","twitter_misc":{"Written by":"Andr\u00e9s Quiroz","Est. reading time":"3 minutes"},"schema":{"@context":"https:\/\/schema.org","@graph":[{"@type":"Article","@id":"https:\/\/www.fcbarcelonanoticias.com\/en\/transfers\/ter-stegen-finalizes-details-of-his-loan-to-girona_315776_102.html#article","isPartOf":{"@id":"https:\/\/www.fcbarcelonanoticias.com\/en\/transfers\/ter-stegen-finalizes-details-of-his-loan-to-girona_315776_102.html"},"author":{"name":"Andr\u00e9s Quiroz","@id":"https:\/\/www.fcbarcelonanoticias.com\/en\/#\/schema\/person\/c2cd9f6fa1af5c0d0eccd0fefa575c88"},"headline":"Ter Stegen finalizes the details of his loan to Girona","datePublished":"2026-01-17T22:08:00+00:00","mainEntityOfPage":{"@id":"https:\/\/www.fcbarcelonanoticias.com\/en\/transfers\/ter-stegen-finalizes-details-of-his-loan-to-girona_315776_102.html"},"wordCount":577,"image":{"@id":"https:\/\/www.fcbarcelonanoticias.com\/en\/transfers\/ter-stegen-finalizes-details-of-his-loan-to-girona_315776_102.html#primaryimage"},"thumbnailUrl":"https:\/\/www.fcbarcelonanoticias.com\/en\/wp-content\/uploads\/sites\/2\/2026\/01\/ter-stegen-fc-barcelona-25-26-3.jpeg","keywords":["Girona","Hansi Flick","Ter Stegen"],"articleSection":["Transfers","Transfers"],"inLanguage":"en-US"},{"@type":"WebPage","@id":"https:\/\/www.fcbarcelonanoticias.com\/en\/transfers\/ter-stegen-finalizes-details-of-his-loan-to-girona_315776_102.html","url":"https:\/\/www.fcbarcelonanoticias.com\/en\/transfers\/ter-stegen-finalizes-details-of-his-loan-to-girona_315776_102.html","name":"Ter Stegen finalizes the details of his loan to Girona","isPartOf":{"@id":"https:\/\/www.fcbarcelonanoticias.com\/en\/#website"},"primaryImageOfPage":{"@id":"https:\/\/www.fcbarcelonanoticias.com\/en\/transfers\/ter-stegen-finalizes-details-of-his-loan-to-girona_315776_102.html#primaryimage"},"image":{"@id":"https:\/\/www.fcbarcelonanoticias.com\/en\/transfers\/ter-stegen-finalizes-details-of-his-loan-to-girona_315776_102.html#primaryimage"},"thumbnailUrl":"https:\/\/www.fcbarcelonanoticias.com\/en\/wp-content\/uploads\/sites\/2\/2026\/01\/ter-stegen-fc-barcelona-25-26-3.jpeg","datePublished":"2026-01-17T22:08:00+00:00","author":{"@id":"https:\/\/www.fcbarcelonanoticias.com\/en\/#\/schema\/person\/c2cd9f6fa1af5c0d0eccd0fefa575c88"},"description":"Ter Stegen seems to have his days numbered at Bar\u00e7a. The captain has accepted Girona's offer to go on loan for the rest of 25\/26","breadcrumb":{"@id":"https:\/\/www.fcbarcelonanoticias.com\/en\/transfers\/ter-stegen-finalizes-details-of-his-loan-to-girona_315776_102.html#breadcrumb"},"inLanguage":"en-US","potentialAction":[{"@type":"ReadAction","target":["https:\/\/www.fcbarcelonanoticias.com\/en\/transfers\/ter-stegen-finalizes-details-of-his-loan-to-girona_315776_102.html"]}]},{"@type":"ImageObject","inLanguage":"en-US","@id":"https:\/\/www.fcbarcelonanoticias.com\/en\/transfers\/ter-stegen-finalizes-details-of-his-loan-to-girona_315776_102.html#primaryimage","url":"https:\/\/www.fcbarcelonanoticias.com\/en\/wp-content\/uploads\/sites\/2\/2026\/01\/ter-stegen-fc-barcelona-25-26-3.jpeg","contentUrl":"https:\/\/www.fcbarcelonanoticias.com\/en\/wp-content\/uploads\/sites\/2\/2026\/01\/ter-stegen-fc-barcelona-25-26-3.jpeg","width":1300,"height":732},{"@type":"BreadcrumbList","@id":"https:\/\/www.fcbarcelonanoticias.com\/en\/transfers\/ter-stegen-finalizes-details-of-his-loan-to-girona_315776_102.html#breadcrumb","itemListElement":[{"@type":"ListItem","position":1,"name":"Portada","item":"https:\/\/www.fcbarcelonanoticias.com\/en\/"},{"@type":"ListItem","position":2,"name":"Ter Stegen finalizes the details of his loan to Girona"}]},{"@type":"WebSite","@id":"https:\/\/www.fcbarcelonanoticias.com\/en\/#website","url":"https:\/\/www.fcbarcelonanoticias.com\/en\/","name":"EN - FC Barcelona Noticias","description":"","potentialAction":[{"@type":"SearchAction","target":{"@type":"EntryPoint","urlTemplate":"https:\/\/www.fcbarcelonanoticias.com\/en\/?s={search_term_string}"},"query-input":{"@type":"PropertyValueSpecification","valueRequired":true,"valueName":"search_term_string"}}],"inLanguage":"en-US"},{"@type":"Person","@id":"https:\/\/www.fcbarcelonanoticias.com\/en\/#\/schema\/person\/c2cd9f6fa1af5c0d0eccd0fefa575c88","name":"Andr\u00e9s Quiroz","image":{"@type":"ImageObject","inLanguage":"en-US","@id":"https:\/\/secure.gravatar.com\/avatar\/?s=96&d=mm&r=g","url":"https:\/\/secure.gravatar.com\/avatar\/?s=96&d=mm&r=g","contentUrl":"https:\/\/secure.gravatar.com\/avatar\/?s=96&d=mm&r=g","caption":"Andr\u00e9s Quiroz"},"description":"Licenciado en Periodismo por la Universidad de los Andes. Me encargo de analizar y compartir los contenidos m\u00e1s destacados de la\u00a0actualidad del F\u00fatbol Club Barcelona, Mercado de Fichajes y F\u00fatbol Internacional en FCBN. La informaci\u00f3n es poder, pero tambi\u00e9n conocimiento.","url":"https:\/\/www.fcbarcelonanoticias.com\/en\/fc-barcelona\/andres-quiroz_17_115.html"}]}},"_links":{"self":[{"href":"https:\/\/www.fcbarcelonanoticias.com\/en\/wp-json\/wp\/v2\/posts\/136664","targetHints":{"allow":["GET"]}}],"collection":[{"href":"https:\/\/www.fcbarcelonanoticias.com\/en\/wp-json\/wp\/v2\/posts"}],"about":[{"href":"https:\/\/www.fcbarcelonanoticias.com\/en\/wp-json\/wp\/v2\/types\/post"}],"author":[{"embeddable":true,"href":"https:\/\/www.fcbarcelonanoticias.com\/en\/wp-json\/wp\/v2\/users\/347"}],"replies":[{"embeddable":true,"href":"https:\/\/www.fcbarcelonanoticias.com\/en\/wp-json\/wp\/v2\/comments?post=136664"}],"version-history":[{"count":1,"href":"https:\/\/www.fcbarcelonanoticias.com\/en\/wp-json\/wp\/v2\/posts\/136664\/revisions"}],"predecessor-version":[{"id":140005,"href":"https:\/\/www.fcbarcelonanoticias.com\/en\/wp-json\/wp\/v2\/posts\/136664\/revisions\/140005"}],"wp:featuredmedia":[{"embeddable":true,"href":"https:\/\/www.fcbarcelonanoticias.com\/en\/wp-json\/wp\/v2\/media\/136668"}],"wp:attachment":[{"href":"https:\/\/www.fcbarcelonanoticias.com\/en\/wp-json\/wp\/v2\/media?parent=136664"}],"wp:term":[{"taxonomy":"category","embeddable":true,"href":"https:\/\/www.fcbarcelonanoticias.com\/en\/wp-json\/wp\/v2\/categories?post=136664"},{"taxonomy":"post_tag","embeddable":true,"href":"https:\/\/www.fcbarcelonanoticias.com\/en\/wp-json\/wp\/v2\/tags?post=136664"}],"curies":[{"name":"wp","href":"https:\/\/api.w.org\/{rel}","templated":true}]}}