{"id":136712,"date":"2019-05-22T00:49:00","date_gmt":"2019-05-21T22:49:00","guid":{"rendered":"https:\/\/weisetech.dev\/fc-barcelona-noticias\/en\/the-next-weeks-will-be-keys-to-define-the-future-of-cucurella_224855_102\/"},"modified":"2026-04-16T09:11:40","modified_gmt":"2026-04-16T07:11:40","slug":"the-next-weeks-will-be-keys-to-define-the-future-of-cucurella_224855_102","status":"publish","type":"post","link":"https:\/\/www.fcbarcelonanoticias.com\/en\/transfers\/the-next-weeks-will-be-keys-to-define-the-future-of-cucurella_224855_102.html","title":{"rendered":"The next weeks will be keys to define the future of Cucurella"},"content":{"rendered":"<h2 class=\"wp-block-heading\">It left  of the FC Barcelona the past summer and has grown a lot in the Eibar, what has opened several possible ways of face to his future. The clubs will begin to move  prompt and the next weeks will be keys to confirm the next destination of Marc Cucurella<\/h2>  \r\n<div class=\"article-addons\">\r\n    <a href=\"https:\/\/www.fcbarcelonanoticias.com\/en\/calendar-fc-barcelona.html\"\r\n       target=\"_self\"\r\n       title=\"Calendar of FC Barcelona\"\r\n       class=\"blue-gredient-btn\">\r\n       \r\n        Calendar of FC Barcelona    <\/a>\r\n<\/div>   <p><strong>The FC Barcelona has a lot of pending work of face to the summer 2019, and no only regarding the <a href=\"https:\/\/www.fcbarcelonanoticias.com\/jugadores-fcbarcelona.html\">staff of the first team<\/a><\/strong>. In addition to his own planning of high and low, the Catalans have to take into account to the yielded and to the footballers that are a member of the inferior categories, that will go in in several important operations along the window estival.<\/p> <p><strong>One of the cases that has novelties is the one of Marc Cucurella, with which the Barcelona crossed  does hardly some days<\/strong>. The clash against the Eibar closed LaLiga 2018-19 and meant, besides, the premi\u00e8re scorer of the young in the First Spanish Division, precisely in front of the group in which it formed  and that it is proprietary of his federative rights.<\/p> <p><strong>The year of cession in Ipurua has come him to the canterano like ring to the finger, and has grown notably&nbsp;<\/strong>to the orders of Jos\u00e9 Luis Mendilibar. Usually ranged in a double side and by in front of Jos\u00e9 \u00c1ngel -as inner or left extreme-, the one of Alella has contested until 33 parties between League and Glass of Rey, in which it has enjoyed of 2.536 minutes and contributed two so many and two assistances.<\/p> <p>The big feelings of the Catalan have pushed to the &#8216;armeros&#8217; to exert the option of purchase that included  in his agreement of loan, but <strong>the cul\u00e9s will react repurchasing him by four million euros<\/strong>. Several means inform that this same week there will be contacts with the Gipuzkoan, that will suppose the starting signal to the career that will determine his next destination.<\/p> <p>To his 20 years, <strong>Cucurella has turned into aim of several clubs, and his <a href=\"https:\/\/www.fcbarcelonanoticias.com\/fc-barcelona\/fichajes.html\">signing<\/a> is valued in near of 10 million euros<\/strong>. That is the basic figure on which pretends to negotiate the Bar\u00e7a, and beaux like the Seville, the Real Betis, the Eintracht of Frankfurt or the Borussia M\u00f6nchengladbach already have interested  in taking advantage of this opportunity.<\/p> <h2>Cucurella Could keep growing far of the Bar\u00e7a<\/h2> <p><strong>The options to go back to the Bar\u00e7a to exert of acting of <a href=\"https:\/\/www.fcbarcelonanoticias.com\/en\/tags\/jordi-alba.html\">Jordi Alba<\/a> are very low, and this stage has moved away by several reasons<\/strong>. In the first place, in the City Condal need  income to face several strategic and very expensive incorporations. But besides also it is necessary to value that Cucurella could keep growing to base of minutes in another team, without obstacles like which would suppose the one of L&#8217;Hospitalet de Llobregat and controlled by the technicians, again with an option of repurchase in case it explodes definitively.<\/p> ","protected":false},"excerpt":{"rendered":"<p>It left of the FC Barcelona the past summer and has grown a lot in the Eibar, what has opened several possible ways of face to his future. The clubs will begin to move prompt and the next weeks will be keys to confirm the next destination of Marc Cucurella The FC Barcelona has a [&hellip;]<\/p>\n","protected":false},"author":382,"featured_media":136716,"comment_status":"closed","ping_status":"open","sticky":false,"template":"","format":"standard","meta":{"_acf_changed":false,"inline_featured_image":false,"_nextfly_llmd_date_locked":false,"footnotes":""},"categories":[449,106],"tags":[181],"class_list":["post-136712","post","type-post","status-publish","format-standard","has-post-thumbnail","hentry","category-transfers-2","category-transfers","tag-the-masia"],"acf":[],"yoast_head":"<!-- This site is optimized with the Yoast SEO plugin v27.3 - https:\/\/yoast.com\/product\/yoast-seo-wordpress\/ -->\n<title>The next weeks will be keys to define the future of Marc Cucurella<\/title>\n<meta name=\"description\" content=\"It left of the FC Barcelona the past summer and has grown a lot in the Eibar, what has opened several possible ways of face to his future. The...\" \/>\n<meta name=\"robots\" content=\"index, follow, max-snippet:-1, max-image-preview:large, max-video-preview:-1\" \/>\n<link rel=\"canonical\" href=\"https:\/\/www.fcbarcelonanoticias.com\/en\/transfers\/the-next-weeks-will-be-keys-to-define-the-future-of-cucurella_224855_102.html\" \/>\n<meta property=\"og:locale\" content=\"en_US\" \/>\n<meta property=\"og:type\" content=\"article\" \/>\n<meta property=\"og:title\" content=\"The next weeks will be keys to define the future of Marc Cucurella\" \/>\n<meta property=\"og:description\" content=\"It left of the FC Barcelona the past summer and has grown a lot in the Eibar, what has opened several possible ways of face to his future. The...\" \/>\n<meta property=\"og:url\" content=\"https:\/\/www.fcbarcelonanoticias.com\/en\/transfers\/the-next-weeks-will-be-keys-to-define-the-future-of-cucurella_224855_102.html\" \/>\n<meta property=\"og:site_name\" content=\"EN - FC Barcelona Noticias\" \/>\n<meta property=\"article:published_time\" content=\"2019-05-21T22:49:00+00:00\" \/>\n<meta property=\"article:modified_time\" content=\"2026-04-16T07:11:40+00:00\" \/>\n<meta property=\"og:image\" content=\"https:\/\/www.fcbarcelonanoticias.com\/en\/wp-content\/uploads\/sites\/2\/2019\/05\/cucurella-eibar2-291889.jpeg\" \/>\n\t<meta property=\"og:image:width\" content=\"760\" \/>\n\t<meta property=\"og:image:height\" content=\"428\" \/>\n\t<meta property=\"og:image:type\" content=\"image\/jpeg\" \/>\n<meta name=\"author\" content=\"user_4038\" \/>\n<meta name=\"twitter:card\" content=\"summary_large_image\" \/>\n<meta name=\"twitter:label1\" content=\"Written by\" \/>\n\t<meta name=\"twitter:data1\" content=\"user_4038\" \/>\n\t<meta name=\"twitter:label2\" content=\"Est. reading time\" \/>\n\t<meta name=\"twitter:data2\" content=\"2 minutes\" \/>\n<script type=\"application\/ld+json\" class=\"yoast-schema-graph\">{\"@context\":\"https:\\\/\\\/schema.org\",\"@graph\":[{\"@type\":\"Article\",\"@id\":\"https:\\\/\\\/www.fcbarcelonanoticias.com\\\/en\\\/transfers\\\/the-next-weeks-will-be-keys-to-define-the-future-of-cucurella_224855_102.html#article\",\"isPartOf\":{\"@id\":\"https:\\\/\\\/www.fcbarcelonanoticias.com\\\/en\\\/transfers\\\/the-next-weeks-will-be-keys-to-define-the-future-of-cucurella_224855_102.html\"},\"author\":{\"name\":\"user_4038\",\"@id\":\"https:\\\/\\\/www.fcbarcelonanoticias.com\\\/en\\\/#\\\/schema\\\/person\\\/d496eb2867fed0dac243bde8b6b84dc7\"},\"headline\":\"The next weeks will be keys to define the future of Cucurella\",\"datePublished\":\"2019-05-21T22:49:00+00:00\",\"dateModified\":\"2026-04-16T07:11:40+00:00\",\"mainEntityOfPage\":{\"@id\":\"https:\\\/\\\/www.fcbarcelonanoticias.com\\\/en\\\/transfers\\\/the-next-weeks-will-be-keys-to-define-the-future-of-cucurella_224855_102.html\"},\"wordCount\":499,\"image\":{\"@id\":\"https:\\\/\\\/www.fcbarcelonanoticias.com\\\/en\\\/transfers\\\/the-next-weeks-will-be-keys-to-define-the-future-of-cucurella_224855_102.html#primaryimage\"},\"thumbnailUrl\":\"https:\\\/\\\/www.fcbarcelonanoticias.com\\\/en\\\/wp-content\\\/uploads\\\/sites\\\/2\\\/2019\\\/05\\\/cucurella-eibar2-291889.jpeg\",\"keywords\":[\"The Masia\"],\"articleSection\":[\"Transfers\",\"Transfers\"],\"inLanguage\":\"en-US\"},{\"@type\":\"WebPage\",\"@id\":\"https:\\\/\\\/www.fcbarcelonanoticias.com\\\/en\\\/transfers\\\/the-next-weeks-will-be-keys-to-define-the-future-of-cucurella_224855_102.html\",\"url\":\"https:\\\/\\\/www.fcbarcelonanoticias.com\\\/en\\\/transfers\\\/the-next-weeks-will-be-keys-to-define-the-future-of-cucurella_224855_102.html\",\"name\":\"The next weeks will be keys to define the future of Marc Cucurella\",\"isPartOf\":{\"@id\":\"https:\\\/\\\/www.fcbarcelonanoticias.com\\\/en\\\/#website\"},\"primaryImageOfPage\":{\"@id\":\"https:\\\/\\\/www.fcbarcelonanoticias.com\\\/en\\\/transfers\\\/the-next-weeks-will-be-keys-to-define-the-future-of-cucurella_224855_102.html#primaryimage\"},\"image\":{\"@id\":\"https:\\\/\\\/www.fcbarcelonanoticias.com\\\/en\\\/transfers\\\/the-next-weeks-will-be-keys-to-define-the-future-of-cucurella_224855_102.html#primaryimage\"},\"thumbnailUrl\":\"https:\\\/\\\/www.fcbarcelonanoticias.com\\\/en\\\/wp-content\\\/uploads\\\/sites\\\/2\\\/2019\\\/05\\\/cucurella-eibar2-291889.jpeg\",\"datePublished\":\"2019-05-21T22:49:00+00:00\",\"dateModified\":\"2026-04-16T07:11:40+00:00\",\"author\":{\"@id\":\"https:\\\/\\\/www.fcbarcelonanoticias.com\\\/en\\\/#\\\/schema\\\/person\\\/d496eb2867fed0dac243bde8b6b84dc7\"},\"description\":\"It left of the FC Barcelona the past summer and has grown a lot in the Eibar, what has opened several possible ways of face to his future. The...\",\"breadcrumb\":{\"@id\":\"https:\\\/\\\/www.fcbarcelonanoticias.com\\\/en\\\/transfers\\\/the-next-weeks-will-be-keys-to-define-the-future-of-cucurella_224855_102.html#breadcrumb\"},\"inLanguage\":\"en-US\",\"potentialAction\":[{\"@type\":\"ReadAction\",\"target\":[\"https:\\\/\\\/www.fcbarcelonanoticias.com\\\/en\\\/transfers\\\/the-next-weeks-will-be-keys-to-define-the-future-of-cucurella_224855_102.html\"]}]},{\"@type\":\"ImageObject\",\"inLanguage\":\"en-US\",\"@id\":\"https:\\\/\\\/www.fcbarcelonanoticias.com\\\/en\\\/transfers\\\/the-next-weeks-will-be-keys-to-define-the-future-of-cucurella_224855_102.html#primaryimage\",\"url\":\"https:\\\/\\\/www.fcbarcelonanoticias.com\\\/en\\\/wp-content\\\/uploads\\\/sites\\\/2\\\/2019\\\/05\\\/cucurella-eibar2-291889.jpeg\",\"contentUrl\":\"https:\\\/\\\/www.fcbarcelonanoticias.com\\\/en\\\/wp-content\\\/uploads\\\/sites\\\/2\\\/2019\\\/05\\\/cucurella-eibar2-291889.jpeg\",\"width\":760,\"height\":428},{\"@type\":\"BreadcrumbList\",\"@id\":\"https:\\\/\\\/www.fcbarcelonanoticias.com\\\/en\\\/transfers\\\/the-next-weeks-will-be-keys-to-define-the-future-of-cucurella_224855_102.html#breadcrumb\",\"itemListElement\":[{\"@type\":\"ListItem\",\"position\":1,\"name\":\"Portada\",\"item\":\"https:\\\/\\\/www.fcbarcelonanoticias.com\\\/en\\\/\"},{\"@type\":\"ListItem\",\"position\":2,\"name\":\"The next weeks will be keys to define the future of Cucurella\"}]},{\"@type\":\"WebSite\",\"@id\":\"https:\\\/\\\/www.fcbarcelonanoticias.com\\\/en\\\/#website\",\"url\":\"https:\\\/\\\/www.fcbarcelonanoticias.com\\\/en\\\/\",\"name\":\"EN - FC Barcelona Noticias\",\"description\":\"\",\"potentialAction\":[{\"@type\":\"SearchAction\",\"target\":{\"@type\":\"EntryPoint\",\"urlTemplate\":\"https:\\\/\\\/www.fcbarcelonanoticias.com\\\/en\\\/?s={search_term_string}\"},\"query-input\":{\"@type\":\"PropertyValueSpecification\",\"valueRequired\":true,\"valueName\":\"search_term_string\"}}],\"inLanguage\":\"en-US\"},{\"@type\":\"Person\",\"@id\":\"https:\\\/\\\/www.fcbarcelonanoticias.com\\\/en\\\/#\\\/schema\\\/person\\\/d496eb2867fed0dac243bde8b6b84dc7\",\"name\":\"user_4038\",\"image\":{\"@type\":\"ImageObject\",\"inLanguage\":\"en-US\",\"@id\":\"https:\\\/\\\/secure.gravatar.com\\\/avatar\\\/?s=96&d=mm&r=g\",\"url\":\"https:\\\/\\\/secure.gravatar.com\\\/avatar\\\/?s=96&d=mm&r=g\",\"contentUrl\":\"https:\\\/\\\/secure.gravatar.com\\\/avatar\\\/?s=96&d=mm&r=g\",\"caption\":\"user_4038\"},\"url\":\"https:\\\/\\\/www.fcbarcelonanoticias.com\\\/en\\\/user_4038.html\"}]}<\/script>\n<!-- \/ Yoast SEO plugin. -->","yoast_head_json":{"title":"The next weeks will be keys to define the future of Marc Cucurella","description":"It left of the FC Barcelona the past summer and has grown a lot in the Eibar, what has opened several possible ways of face to his future. The...","robots":{"index":"index","follow":"follow","max-snippet":"max-snippet:-1","max-image-preview":"max-image-preview:large","max-video-preview":"max-video-preview:-1"},"canonical":"https:\/\/www.fcbarcelonanoticias.com\/en\/transfers\/the-next-weeks-will-be-keys-to-define-the-future-of-cucurella_224855_102.html","og_locale":"en_US","og_type":"article","og_title":"The next weeks will be keys to define the future of Marc Cucurella","og_description":"It left of the FC Barcelona the past summer and has grown a lot in the Eibar, what has opened several possible ways of face to his future. The...","og_url":"https:\/\/www.fcbarcelonanoticias.com\/en\/transfers\/the-next-weeks-will-be-keys-to-define-the-future-of-cucurella_224855_102.html","og_site_name":"EN - FC Barcelona Noticias","article_published_time":"2019-05-21T22:49:00+00:00","article_modified_time":"2026-04-16T07:11:40+00:00","og_image":[{"width":760,"height":428,"url":"https:\/\/www.fcbarcelonanoticias.com\/en\/wp-content\/uploads\/sites\/2\/2019\/05\/cucurella-eibar2-291889.jpeg","type":"image\/jpeg"}],"author":"user_4038","twitter_card":"summary_large_image","twitter_misc":{"Written by":"user_4038","Est. reading time":"2 minutes"},"schema":{"@context":"https:\/\/schema.org","@graph":[{"@type":"Article","@id":"https:\/\/www.fcbarcelonanoticias.com\/en\/transfers\/the-next-weeks-will-be-keys-to-define-the-future-of-cucurella_224855_102.html#article","isPartOf":{"@id":"https:\/\/www.fcbarcelonanoticias.com\/en\/transfers\/the-next-weeks-will-be-keys-to-define-the-future-of-cucurella_224855_102.html"},"author":{"name":"user_4038","@id":"https:\/\/www.fcbarcelonanoticias.com\/en\/#\/schema\/person\/d496eb2867fed0dac243bde8b6b84dc7"},"headline":"The next weeks will be keys to define the future of Cucurella","datePublished":"2019-05-21T22:49:00+00:00","dateModified":"2026-04-16T07:11:40+00:00","mainEntityOfPage":{"@id":"https:\/\/www.fcbarcelonanoticias.com\/en\/transfers\/the-next-weeks-will-be-keys-to-define-the-future-of-cucurella_224855_102.html"},"wordCount":499,"image":{"@id":"https:\/\/www.fcbarcelonanoticias.com\/en\/transfers\/the-next-weeks-will-be-keys-to-define-the-future-of-cucurella_224855_102.html#primaryimage"},"thumbnailUrl":"https:\/\/www.fcbarcelonanoticias.com\/en\/wp-content\/uploads\/sites\/2\/2019\/05\/cucurella-eibar2-291889.jpeg","keywords":["The Masia"],"articleSection":["Transfers","Transfers"],"inLanguage":"en-US"},{"@type":"WebPage","@id":"https:\/\/www.fcbarcelonanoticias.com\/en\/transfers\/the-next-weeks-will-be-keys-to-define-the-future-of-cucurella_224855_102.html","url":"https:\/\/www.fcbarcelonanoticias.com\/en\/transfers\/the-next-weeks-will-be-keys-to-define-the-future-of-cucurella_224855_102.html","name":"The next weeks will be keys to define the future of Marc Cucurella","isPartOf":{"@id":"https:\/\/www.fcbarcelonanoticias.com\/en\/#website"},"primaryImageOfPage":{"@id":"https:\/\/www.fcbarcelonanoticias.com\/en\/transfers\/the-next-weeks-will-be-keys-to-define-the-future-of-cucurella_224855_102.html#primaryimage"},"image":{"@id":"https:\/\/www.fcbarcelonanoticias.com\/en\/transfers\/the-next-weeks-will-be-keys-to-define-the-future-of-cucurella_224855_102.html#primaryimage"},"thumbnailUrl":"https:\/\/www.fcbarcelonanoticias.com\/en\/wp-content\/uploads\/sites\/2\/2019\/05\/cucurella-eibar2-291889.jpeg","datePublished":"2019-05-21T22:49:00+00:00","dateModified":"2026-04-16T07:11:40+00:00","author":{"@id":"https:\/\/www.fcbarcelonanoticias.com\/en\/#\/schema\/person\/d496eb2867fed0dac243bde8b6b84dc7"},"description":"It left of the FC Barcelona the past summer and has grown a lot in the Eibar, what has opened several possible ways of face to his future. The...","breadcrumb":{"@id":"https:\/\/www.fcbarcelonanoticias.com\/en\/transfers\/the-next-weeks-will-be-keys-to-define-the-future-of-cucurella_224855_102.html#breadcrumb"},"inLanguage":"en-US","potentialAction":[{"@type":"ReadAction","target":["https:\/\/www.fcbarcelonanoticias.com\/en\/transfers\/the-next-weeks-will-be-keys-to-define-the-future-of-cucurella_224855_102.html"]}]},{"@type":"ImageObject","inLanguage":"en-US","@id":"https:\/\/www.fcbarcelonanoticias.com\/en\/transfers\/the-next-weeks-will-be-keys-to-define-the-future-of-cucurella_224855_102.html#primaryimage","url":"https:\/\/www.fcbarcelonanoticias.com\/en\/wp-content\/uploads\/sites\/2\/2019\/05\/cucurella-eibar2-291889.jpeg","contentUrl":"https:\/\/www.fcbarcelonanoticias.com\/en\/wp-content\/uploads\/sites\/2\/2019\/05\/cucurella-eibar2-291889.jpeg","width":760,"height":428},{"@type":"BreadcrumbList","@id":"https:\/\/www.fcbarcelonanoticias.com\/en\/transfers\/the-next-weeks-will-be-keys-to-define-the-future-of-cucurella_224855_102.html#breadcrumb","itemListElement":[{"@type":"ListItem","position":1,"name":"Portada","item":"https:\/\/www.fcbarcelonanoticias.com\/en\/"},{"@type":"ListItem","position":2,"name":"The next weeks will be keys to define the future of Cucurella"}]},{"@type":"WebSite","@id":"https:\/\/www.fcbarcelonanoticias.com\/en\/#website","url":"https:\/\/www.fcbarcelonanoticias.com\/en\/","name":"EN - FC Barcelona Noticias","description":"","potentialAction":[{"@type":"SearchAction","target":{"@type":"EntryPoint","urlTemplate":"https:\/\/www.fcbarcelonanoticias.com\/en\/?s={search_term_string}"},"query-input":{"@type":"PropertyValueSpecification","valueRequired":true,"valueName":"search_term_string"}}],"inLanguage":"en-US"},{"@type":"Person","@id":"https:\/\/www.fcbarcelonanoticias.com\/en\/#\/schema\/person\/d496eb2867fed0dac243bde8b6b84dc7","name":"user_4038","image":{"@type":"ImageObject","inLanguage":"en-US","@id":"https:\/\/secure.gravatar.com\/avatar\/?s=96&d=mm&r=g","url":"https:\/\/secure.gravatar.com\/avatar\/?s=96&d=mm&r=g","contentUrl":"https:\/\/secure.gravatar.com\/avatar\/?s=96&d=mm&r=g","caption":"user_4038"},"url":"https:\/\/www.fcbarcelonanoticias.com\/en\/user_4038.html"}]}},"_links":{"self":[{"href":"https:\/\/www.fcbarcelonanoticias.com\/en\/wp-json\/wp\/v2\/posts\/136712","targetHints":{"allow":["GET"]}}],"collection":[{"href":"https:\/\/www.fcbarcelonanoticias.com\/en\/wp-json\/wp\/v2\/posts"}],"about":[{"href":"https:\/\/www.fcbarcelonanoticias.com\/en\/wp-json\/wp\/v2\/types\/post"}],"author":[{"embeddable":true,"href":"https:\/\/www.fcbarcelonanoticias.com\/en\/wp-json\/wp\/v2\/users\/382"}],"replies":[{"embeddable":true,"href":"https:\/\/www.fcbarcelonanoticias.com\/en\/wp-json\/wp\/v2\/comments?post=136712"}],"version-history":[{"count":3,"href":"https:\/\/www.fcbarcelonanoticias.com\/en\/wp-json\/wp\/v2\/posts\/136712\/revisions"}],"predecessor-version":[{"id":168314,"href":"https:\/\/www.fcbarcelonanoticias.com\/en\/wp-json\/wp\/v2\/posts\/136712\/revisions\/168314"}],"wp:featuredmedia":[{"embeddable":true,"href":"https:\/\/www.fcbarcelonanoticias.com\/en\/wp-json\/wp\/v2\/media\/136716"}],"wp:attachment":[{"href":"https:\/\/www.fcbarcelonanoticias.com\/en\/wp-json\/wp\/v2\/media?parent=136712"}],"wp:term":[{"taxonomy":"category","embeddable":true,"href":"https:\/\/www.fcbarcelonanoticias.com\/en\/wp-json\/wp\/v2\/categories?post=136712"},{"taxonomy":"post_tag","embeddable":true,"href":"https:\/\/www.fcbarcelonanoticias.com\/en\/wp-json\/wp\/v2\/tags?post=136712"}],"curies":[{"name":"wp","href":"https:\/\/api.w.org\/{rel}","templated":true}]}}