{"id":136762,"date":"2024-10-02T13:20:00","date_gmt":"2024-10-02T11:20:00","guid":{"rendered":"https:\/\/weisetech.dev\/fc-barcelona-noticias\/en\/the-number-that-wojciech-szcz-sny-will-wear-in-his-new-adventure-with-fc-barcelona_307662_102\/"},"modified":"2026-04-16T09:46:34","modified_gmt":"2026-04-16T07:46:34","slug":"the-number-that-wojciech-szcz-sny-will-wear-in-his-new-adventure-with-fc-barcelona_307662_102","status":"publish","type":"post","link":"https:\/\/www.fcbarcelonanoticias.com\/en\/transfers\/the-number-that-wojciech-szcz-sny-will-wear-in-his-new-adventure-with-fc-barcelona_307662_102.html","title":{"rendered":"The number that Wojciech Szcz\u0119sny will wear in his new adventure with FC Barcelona"},"content":{"rendered":"<h2 class=\"wp-block-heading\">Wojciech Szcz\u0119sny will be a luxury addition to reinforce the Bar\u00e7a goal. A signing whose number is not a great mystery. Do you want to know what it is? We tell you about it at FCBN<\/h2>  \r\n<div class=\"article-addons\">\r\n    <a href=\"https:\/\/www.fcbarcelonanoticias.com\/en\/calendar-fc-barcelona.html\"\r\n       target=\"_self\"\r\n       title=\"Calendar of FC Barcelona\"\r\n       class=\"blue-gredient-btn\">\r\n       \r\n        Calendar of FC Barcelona    <\/a>\r\n<\/div>   <p>The arrival of <strong>Wojciech Szcz\u0119sny<\/strong> at <strong>FC Barcelona<\/strong> will mark a significant move in the market for the Blaugrana team. <a data-external=\"0\" data-intl-links-en=\"https:\/\/www.fcbarcelonanoticias.com\/en\/fc-barcelona\/official-fc-barcelona-confirms-worst-case-scenario-regarding-ter-stegen-knee-injury_307445_102.html\" data-intl-links-es=\"https:\/\/www.fcbarcelonanoticias.com\/fc-barcelona\/oficial-fc-barcelona-confirma-peor-presagios-sobre-lesion-rodilla-ter-stegen_307445_102.html\" href=\"https:\/\/www.fcbarcelonanoticias.com\/fc-barcelona\/oficial-fc-barcelona-confirma-peor-presagios-sobre-lesion-rodilla-ter-stegen_307445_102.html\" rel=\"follow\" target=\"_self\" title=\"OFFICIAL! FC Barcelona confirms the worst news about Ter Stegen's injury\">Given Marc-Andr\u00e9 ter Stegen&#8217;s unfortunate long-term injury<\/a>, the club has opted to look to free agents for an experienced option to strengthen a position where <strong>I\u00f1aki Pe\u00f1a<\/strong>, despite some standout performances, seems to be a constantly debated alternative.<\/p>  <p>At this point, the Polish goalkeeper, who came out of retirement just over a month after announcing it, solely to answer the call of <strong>Barcelona<\/strong>, will don the Blaugrana jersey with a number that he hasn&#8217;t used frequently. What is it? We&#8217;ll tell you on FCBN.<\/p>  <p>In this regard, there won&#8217;t be much surprise in the number that <a data-external=\"0\" data-intl-links-en=\"https:\/\/www.fcbarcelonanoticias.com\/en\/transfers\/wojciech-szczesny-passes-medical-tests-with-barca-and-his-signing-is-imminent_307611_102.html\" data-intl-links-es=\"https:\/\/www.fcbarcelonanoticias.com\/fichajes\/wojciech-szczesny-pasa-pruebas-medicas-con-barca-su-fichaje-es-inminente_307611_102.html\" href=\"https:\/\/www.fcbarcelonanoticias.com\/fichajes\/wojciech-szczesny-pasa-pruebas-medicas-con-barca-su-fichaje-es-inminente_307611_102.html\" rel=\"follow\" target=\"_self\" title=\"Wojciech Szczesny passes medical tests with Bar\u00e7a and his signing is imminent\">Wojciech Szcz\u0119sny will wear as a Cul\u00e9<\/a>. The Warsaw native <strong>will have to wear the number 25<\/strong>. This is due to the regulations of the Royal Spanish Football Federation (RFEF), which suggest that: &#8220;Player numbers shall be between 1 and 25, reserving 1 and 13 for goalkeepers. In the event of a potential third goalkeeper with a first-team license, he will be assigned the number 25.&#8221;<\/p>  <h2>Why must <strong>Szcz\u0119sny<\/strong> wear the number 25?<\/h2>  <p>As a goalkeeper registered in the first team, <strong>Szcz\u0119sny<\/strong> is destined to wear that number, as 1 and 13 are assigned to <strong>Marc-Andr\u00e9 ter Stegen and I\u00f1aki Pe\u00f1a<\/strong>, respectively. Therefore, the Polish player&#8217;s options are limited, and he must choose a number he hasn&#8217;t used since the 2015\/16 season when he played for AS Roma.<\/p>  <p>Now, the &#8217;25&#8217; jersey will be back in use at <strong>FC Barcelona<\/strong> after two seasons of inactivity. It&#8217;s worth noting that the last player to wear this shirt was Gabonese forward <strong>Pierre-Emerick Aubameyang<\/strong> in the 2021\/22 season. Before him, other names like <strong>Thomas Vermaelen<\/strong> (17\/18 &#8211; 18\/19), <strong>Jordi Masip<\/strong> (14\/15 &#8211; 16\/17), <strong>Oier Olaz\u00e1bal<\/strong> (13\/14), and <strong>Alex Song<\/strong> (12\/13) also sported it.<\/p> ","protected":false},"excerpt":{"rendered":"<p>Wojciech Szcz\u0119sny will be a luxury addition to reinforce the Bar\u00e7a goal. A signing whose number is not a great mystery. Do you want to know what it is? We tell you about it at FCBN The arrival of Wojciech Szcz\u0119sny at FC Barcelona will mark a significant move in the market for the Blaugrana [&hellip;]<\/p>\n","protected":false},"author":355,"featured_media":136766,"comment_status":"closed","ping_status":"open","sticky":false,"template":"","format":"standard","meta":{"_acf_changed":false,"inline_featured_image":false,"_nextfly_llmd_date_locked":false,"footnotes":""},"categories":[106,449],"tags":[277],"class_list":["post-136762","post","type-post","status-publish","format-standard","has-post-thumbnail","hentry","category-transfers","category-transfers-2","tag-dorsal"],"acf":[],"yoast_head":"<!-- This site is optimized with the Yoast SEO plugin v27.3 - https:\/\/yoast.com\/product\/yoast-seo-wordpress\/ -->\n<title>The number that Wojciech Szcz\u0119sny will wear in his new adventure with FC Barcelona<\/title>\n<meta name=\"description\" content=\"Wojciech Szcz\u0119sny will be a luxury addition to reinforce the Bar\u00e7a goal. A signing whose number is not a great mystery. Do you want to know what it is? We tell you about it at FCBN\" \/>\n<meta name=\"robots\" content=\"index, follow, max-snippet:-1, max-image-preview:large, max-video-preview:-1\" \/>\n<link rel=\"canonical\" href=\"https:\/\/www.fcbarcelonanoticias.com\/en\/transfers\/the-number-that-wojciech-szcz-sny-will-wear-in-his-new-adventure-with-fc-barcelona_307662_102.html\" \/>\n<meta property=\"og:locale\" content=\"en_US\" \/>\n<meta property=\"og:type\" content=\"article\" \/>\n<meta property=\"og:title\" content=\"The number that Wojciech Szcz\u0119sny will wear in his new adventure with FC Barcelona\" \/>\n<meta property=\"og:description\" content=\"Wojciech Szcz\u0119sny will be a luxury addition to reinforce the Bar\u00e7a goal. A signing whose number is not a great mystery. Do you want to know what it is? We tell you about it at FCBN\" \/>\n<meta property=\"og:url\" content=\"https:\/\/www.fcbarcelonanoticias.com\/en\/transfers\/the-number-that-wojciech-szcz-sny-will-wear-in-his-new-adventure-with-fc-barcelona_307662_102.html\" \/>\n<meta property=\"og:site_name\" content=\"EN - FC Barcelona Noticias\" \/>\n<meta property=\"article:published_time\" content=\"2024-10-02T11:20:00+00:00\" \/>\n<meta property=\"article:modified_time\" content=\"2026-04-16T07:46:34+00:00\" \/>\n<meta property=\"og:image\" content=\"https:\/\/www.fcbarcelonanoticias.com\/en\/wp-content\/uploads\/sites\/2\/2024\/10\/wojciech-szczesny-en-el-duelo-entre-el-fc-barcelona-y-el-young-boys-en-la-uefa-champions-league-2024-25.jpeg\" \/>\n\t<meta property=\"og:image:width\" content=\"1300\" \/>\n\t<meta property=\"og:image:height\" content=\"732\" \/>\n\t<meta property=\"og:image:type\" content=\"image\/jpeg\" \/>\n<meta name=\"author\" content=\"Kevin G\u00f3mez\" \/>\n<meta name=\"twitter:card\" content=\"summary_large_image\" \/>\n<meta name=\"twitter:label1\" content=\"Written by\" \/>\n\t<meta name=\"twitter:data1\" content=\"Kevin G\u00f3mez\" \/>\n\t<meta name=\"twitter:label2\" content=\"Est. reading time\" \/>\n\t<meta name=\"twitter:data2\" content=\"2 minutes\" \/>\n<script type=\"application\/ld+json\" class=\"yoast-schema-graph\">{\"@context\":\"https:\\\/\\\/schema.org\",\"@graph\":[{\"@type\":\"Article\",\"@id\":\"https:\\\/\\\/www.fcbarcelonanoticias.com\\\/en\\\/transfers\\\/the-number-that-wojciech-szcz-sny-will-wear-in-his-new-adventure-with-fc-barcelona_307662_102.html#article\",\"isPartOf\":{\"@id\":\"https:\\\/\\\/www.fcbarcelonanoticias.com\\\/en\\\/transfers\\\/the-number-that-wojciech-szcz-sny-will-wear-in-his-new-adventure-with-fc-barcelona_307662_102.html\"},\"author\":{\"name\":\"Kevin G\u00f3mez\",\"@id\":\"https:\\\/\\\/www.fcbarcelonanoticias.com\\\/en\\\/#\\\/schema\\\/person\\\/991443f134df9a64c6874f96ff984c9d\"},\"headline\":\"The number that Wojciech Szcz\u0119sny will wear in his new adventure with FC Barcelona\",\"datePublished\":\"2024-10-02T11:20:00+00:00\",\"dateModified\":\"2026-04-16T07:46:34+00:00\",\"mainEntityOfPage\":{\"@id\":\"https:\\\/\\\/www.fcbarcelonanoticias.com\\\/en\\\/transfers\\\/the-number-that-wojciech-szcz-sny-will-wear-in-his-new-adventure-with-fc-barcelona_307662_102.html\"},\"wordCount\":357,\"image\":{\"@id\":\"https:\\\/\\\/www.fcbarcelonanoticias.com\\\/en\\\/transfers\\\/the-number-that-wojciech-szcz-sny-will-wear-in-his-new-adventure-with-fc-barcelona_307662_102.html#primaryimage\"},\"thumbnailUrl\":\"https:\\\/\\\/www.fcbarcelonanoticias.com\\\/en\\\/wp-content\\\/uploads\\\/sites\\\/2\\\/2024\\\/10\\\/wojciech-szczesny-en-el-duelo-entre-el-fc-barcelona-y-el-young-boys-en-la-uefa-champions-league-2024-25.jpeg\",\"keywords\":[\"Dorsal\"],\"articleSection\":[\"Transfers\",\"Transfers\"],\"inLanguage\":\"en-US\"},{\"@type\":\"WebPage\",\"@id\":\"https:\\\/\\\/www.fcbarcelonanoticias.com\\\/en\\\/transfers\\\/the-number-that-wojciech-szcz-sny-will-wear-in-his-new-adventure-with-fc-barcelona_307662_102.html\",\"url\":\"https:\\\/\\\/www.fcbarcelonanoticias.com\\\/en\\\/transfers\\\/the-number-that-wojciech-szcz-sny-will-wear-in-his-new-adventure-with-fc-barcelona_307662_102.html\",\"name\":\"The number that Wojciech Szcz\u0119sny will wear in his new adventure with FC Barcelona\",\"isPartOf\":{\"@id\":\"https:\\\/\\\/www.fcbarcelonanoticias.com\\\/en\\\/#website\"},\"primaryImageOfPage\":{\"@id\":\"https:\\\/\\\/www.fcbarcelonanoticias.com\\\/en\\\/transfers\\\/the-number-that-wojciech-szcz-sny-will-wear-in-his-new-adventure-with-fc-barcelona_307662_102.html#primaryimage\"},\"image\":{\"@id\":\"https:\\\/\\\/www.fcbarcelonanoticias.com\\\/en\\\/transfers\\\/the-number-that-wojciech-szcz-sny-will-wear-in-his-new-adventure-with-fc-barcelona_307662_102.html#primaryimage\"},\"thumbnailUrl\":\"https:\\\/\\\/www.fcbarcelonanoticias.com\\\/en\\\/wp-content\\\/uploads\\\/sites\\\/2\\\/2024\\\/10\\\/wojciech-szczesny-en-el-duelo-entre-el-fc-barcelona-y-el-young-boys-en-la-uefa-champions-league-2024-25.jpeg\",\"datePublished\":\"2024-10-02T11:20:00+00:00\",\"dateModified\":\"2026-04-16T07:46:34+00:00\",\"author\":{\"@id\":\"https:\\\/\\\/www.fcbarcelonanoticias.com\\\/en\\\/#\\\/schema\\\/person\\\/991443f134df9a64c6874f96ff984c9d\"},\"description\":\"Wojciech Szcz\u0119sny will be a luxury addition to reinforce the Bar\u00e7a goal. A signing whose number is not a great mystery. Do you want to know what it is? We tell you about it at FCBN\",\"breadcrumb\":{\"@id\":\"https:\\\/\\\/www.fcbarcelonanoticias.com\\\/en\\\/transfers\\\/the-number-that-wojciech-szcz-sny-will-wear-in-his-new-adventure-with-fc-barcelona_307662_102.html#breadcrumb\"},\"inLanguage\":\"en-US\",\"potentialAction\":[{\"@type\":\"ReadAction\",\"target\":[\"https:\\\/\\\/www.fcbarcelonanoticias.com\\\/en\\\/transfers\\\/the-number-that-wojciech-szcz-sny-will-wear-in-his-new-adventure-with-fc-barcelona_307662_102.html\"]}]},{\"@type\":\"ImageObject\",\"inLanguage\":\"en-US\",\"@id\":\"https:\\\/\\\/www.fcbarcelonanoticias.com\\\/en\\\/transfers\\\/the-number-that-wojciech-szcz-sny-will-wear-in-his-new-adventure-with-fc-barcelona_307662_102.html#primaryimage\",\"url\":\"https:\\\/\\\/www.fcbarcelonanoticias.com\\\/en\\\/wp-content\\\/uploads\\\/sites\\\/2\\\/2024\\\/10\\\/wojciech-szczesny-en-el-duelo-entre-el-fc-barcelona-y-el-young-boys-en-la-uefa-champions-league-2024-25.jpeg\",\"contentUrl\":\"https:\\\/\\\/www.fcbarcelonanoticias.com\\\/en\\\/wp-content\\\/uploads\\\/sites\\\/2\\\/2024\\\/10\\\/wojciech-szczesny-en-el-duelo-entre-el-fc-barcelona-y-el-young-boys-en-la-uefa-champions-league-2024-25.jpeg\",\"width\":1300,\"height\":732},{\"@type\":\"BreadcrumbList\",\"@id\":\"https:\\\/\\\/www.fcbarcelonanoticias.com\\\/en\\\/transfers\\\/the-number-that-wojciech-szcz-sny-will-wear-in-his-new-adventure-with-fc-barcelona_307662_102.html#breadcrumb\",\"itemListElement\":[{\"@type\":\"ListItem\",\"position\":1,\"name\":\"Portada\",\"item\":\"https:\\\/\\\/www.fcbarcelonanoticias.com\\\/en\\\/\"},{\"@type\":\"ListItem\",\"position\":2,\"name\":\"The number that Wojciech Szcz\u0119sny will wear in his new adventure with FC Barcelona\"}]},{\"@type\":\"WebSite\",\"@id\":\"https:\\\/\\\/www.fcbarcelonanoticias.com\\\/en\\\/#website\",\"url\":\"https:\\\/\\\/www.fcbarcelonanoticias.com\\\/en\\\/\",\"name\":\"EN - FC Barcelona Noticias\",\"description\":\"\",\"potentialAction\":[{\"@type\":\"SearchAction\",\"target\":{\"@type\":\"EntryPoint\",\"urlTemplate\":\"https:\\\/\\\/www.fcbarcelonanoticias.com\\\/en\\\/?s={search_term_string}\"},\"query-input\":{\"@type\":\"PropertyValueSpecification\",\"valueRequired\":true,\"valueName\":\"search_term_string\"}}],\"inLanguage\":\"en-US\"},{\"@type\":\"Person\",\"@id\":\"https:\\\/\\\/www.fcbarcelonanoticias.com\\\/en\\\/#\\\/schema\\\/person\\\/991443f134df9a64c6874f96ff984c9d\",\"name\":\"Kevin G\u00f3mez\",\"image\":{\"@type\":\"ImageObject\",\"inLanguage\":\"en-US\",\"@id\":\"https:\\\/\\\/secure.gravatar.com\\\/avatar\\\/?s=96&d=mm&r=g\",\"url\":\"https:\\\/\\\/secure.gravatar.com\\\/avatar\\\/?s=96&d=mm&r=g\",\"contentUrl\":\"https:\\\/\\\/secure.gravatar.com\\\/avatar\\\/?s=96&d=mm&r=g\",\"caption\":\"Kevin G\u00f3mez\"},\"description\":\"Licenciado\u00a0en Periodismo y Comunicaci\u00f3n Audiovisual. Redactor en FCBN responsable de cubrir toda\u00a0la informaci\u00f3n del FC Barcelona y las principales competiciones de\u00a0f\u00fatbol.\",\"url\":\"https:\\\/\\\/www.fcbarcelonanoticias.com\\\/en\\\/jugadores\\\/kevin-gomez_23_115.html\"}]}<\/script>\n<!-- \/ Yoast SEO plugin. -->","yoast_head_json":{"title":"The number that Wojciech Szcz\u0119sny will wear in his new adventure with FC Barcelona","description":"Wojciech Szcz\u0119sny will be a luxury addition to reinforce the Bar\u00e7a goal. A signing whose number is not a great mystery. Do you want to know what it is? We tell you about it at FCBN","robots":{"index":"index","follow":"follow","max-snippet":"max-snippet:-1","max-image-preview":"max-image-preview:large","max-video-preview":"max-video-preview:-1"},"canonical":"https:\/\/www.fcbarcelonanoticias.com\/en\/transfers\/the-number-that-wojciech-szcz-sny-will-wear-in-his-new-adventure-with-fc-barcelona_307662_102.html","og_locale":"en_US","og_type":"article","og_title":"The number that Wojciech Szcz\u0119sny will wear in his new adventure with FC Barcelona","og_description":"Wojciech Szcz\u0119sny will be a luxury addition to reinforce the Bar\u00e7a goal. A signing whose number is not a great mystery. Do you want to know what it is? We tell you about it at FCBN","og_url":"https:\/\/www.fcbarcelonanoticias.com\/en\/transfers\/the-number-that-wojciech-szcz-sny-will-wear-in-his-new-adventure-with-fc-barcelona_307662_102.html","og_site_name":"EN - FC Barcelona Noticias","article_published_time":"2024-10-02T11:20:00+00:00","article_modified_time":"2026-04-16T07:46:34+00:00","og_image":[{"width":1300,"height":732,"url":"https:\/\/www.fcbarcelonanoticias.com\/en\/wp-content\/uploads\/sites\/2\/2024\/10\/wojciech-szczesny-en-el-duelo-entre-el-fc-barcelona-y-el-young-boys-en-la-uefa-champions-league-2024-25.jpeg","type":"image\/jpeg"}],"author":"Kevin G\u00f3mez","twitter_card":"summary_large_image","twitter_misc":{"Written by":"Kevin G\u00f3mez","Est. reading time":"2 minutes"},"schema":{"@context":"https:\/\/schema.org","@graph":[{"@type":"Article","@id":"https:\/\/www.fcbarcelonanoticias.com\/en\/transfers\/the-number-that-wojciech-szcz-sny-will-wear-in-his-new-adventure-with-fc-barcelona_307662_102.html#article","isPartOf":{"@id":"https:\/\/www.fcbarcelonanoticias.com\/en\/transfers\/the-number-that-wojciech-szcz-sny-will-wear-in-his-new-adventure-with-fc-barcelona_307662_102.html"},"author":{"name":"Kevin G\u00f3mez","@id":"https:\/\/www.fcbarcelonanoticias.com\/en\/#\/schema\/person\/991443f134df9a64c6874f96ff984c9d"},"headline":"The number that Wojciech Szcz\u0119sny will wear in his new adventure with FC Barcelona","datePublished":"2024-10-02T11:20:00+00:00","dateModified":"2026-04-16T07:46:34+00:00","mainEntityOfPage":{"@id":"https:\/\/www.fcbarcelonanoticias.com\/en\/transfers\/the-number-that-wojciech-szcz-sny-will-wear-in-his-new-adventure-with-fc-barcelona_307662_102.html"},"wordCount":357,"image":{"@id":"https:\/\/www.fcbarcelonanoticias.com\/en\/transfers\/the-number-that-wojciech-szcz-sny-will-wear-in-his-new-adventure-with-fc-barcelona_307662_102.html#primaryimage"},"thumbnailUrl":"https:\/\/www.fcbarcelonanoticias.com\/en\/wp-content\/uploads\/sites\/2\/2024\/10\/wojciech-szczesny-en-el-duelo-entre-el-fc-barcelona-y-el-young-boys-en-la-uefa-champions-league-2024-25.jpeg","keywords":["Dorsal"],"articleSection":["Transfers","Transfers"],"inLanguage":"en-US"},{"@type":"WebPage","@id":"https:\/\/www.fcbarcelonanoticias.com\/en\/transfers\/the-number-that-wojciech-szcz-sny-will-wear-in-his-new-adventure-with-fc-barcelona_307662_102.html","url":"https:\/\/www.fcbarcelonanoticias.com\/en\/transfers\/the-number-that-wojciech-szcz-sny-will-wear-in-his-new-adventure-with-fc-barcelona_307662_102.html","name":"The number that Wojciech Szcz\u0119sny will wear in his new adventure with FC Barcelona","isPartOf":{"@id":"https:\/\/www.fcbarcelonanoticias.com\/en\/#website"},"primaryImageOfPage":{"@id":"https:\/\/www.fcbarcelonanoticias.com\/en\/transfers\/the-number-that-wojciech-szcz-sny-will-wear-in-his-new-adventure-with-fc-barcelona_307662_102.html#primaryimage"},"image":{"@id":"https:\/\/www.fcbarcelonanoticias.com\/en\/transfers\/the-number-that-wojciech-szcz-sny-will-wear-in-his-new-adventure-with-fc-barcelona_307662_102.html#primaryimage"},"thumbnailUrl":"https:\/\/www.fcbarcelonanoticias.com\/en\/wp-content\/uploads\/sites\/2\/2024\/10\/wojciech-szczesny-en-el-duelo-entre-el-fc-barcelona-y-el-young-boys-en-la-uefa-champions-league-2024-25.jpeg","datePublished":"2024-10-02T11:20:00+00:00","dateModified":"2026-04-16T07:46:34+00:00","author":{"@id":"https:\/\/www.fcbarcelonanoticias.com\/en\/#\/schema\/person\/991443f134df9a64c6874f96ff984c9d"},"description":"Wojciech Szcz\u0119sny will be a luxury addition to reinforce the Bar\u00e7a goal. A signing whose number is not a great mystery. Do you want to know what it is? We tell you about it at FCBN","breadcrumb":{"@id":"https:\/\/www.fcbarcelonanoticias.com\/en\/transfers\/the-number-that-wojciech-szcz-sny-will-wear-in-his-new-adventure-with-fc-barcelona_307662_102.html#breadcrumb"},"inLanguage":"en-US","potentialAction":[{"@type":"ReadAction","target":["https:\/\/www.fcbarcelonanoticias.com\/en\/transfers\/the-number-that-wojciech-szcz-sny-will-wear-in-his-new-adventure-with-fc-barcelona_307662_102.html"]}]},{"@type":"ImageObject","inLanguage":"en-US","@id":"https:\/\/www.fcbarcelonanoticias.com\/en\/transfers\/the-number-that-wojciech-szcz-sny-will-wear-in-his-new-adventure-with-fc-barcelona_307662_102.html#primaryimage","url":"https:\/\/www.fcbarcelonanoticias.com\/en\/wp-content\/uploads\/sites\/2\/2024\/10\/wojciech-szczesny-en-el-duelo-entre-el-fc-barcelona-y-el-young-boys-en-la-uefa-champions-league-2024-25.jpeg","contentUrl":"https:\/\/www.fcbarcelonanoticias.com\/en\/wp-content\/uploads\/sites\/2\/2024\/10\/wojciech-szczesny-en-el-duelo-entre-el-fc-barcelona-y-el-young-boys-en-la-uefa-champions-league-2024-25.jpeg","width":1300,"height":732},{"@type":"BreadcrumbList","@id":"https:\/\/www.fcbarcelonanoticias.com\/en\/transfers\/the-number-that-wojciech-szcz-sny-will-wear-in-his-new-adventure-with-fc-barcelona_307662_102.html#breadcrumb","itemListElement":[{"@type":"ListItem","position":1,"name":"Portada","item":"https:\/\/www.fcbarcelonanoticias.com\/en\/"},{"@type":"ListItem","position":2,"name":"The number that Wojciech Szcz\u0119sny will wear in his new adventure with FC Barcelona"}]},{"@type":"WebSite","@id":"https:\/\/www.fcbarcelonanoticias.com\/en\/#website","url":"https:\/\/www.fcbarcelonanoticias.com\/en\/","name":"EN - FC Barcelona Noticias","description":"","potentialAction":[{"@type":"SearchAction","target":{"@type":"EntryPoint","urlTemplate":"https:\/\/www.fcbarcelonanoticias.com\/en\/?s={search_term_string}"},"query-input":{"@type":"PropertyValueSpecification","valueRequired":true,"valueName":"search_term_string"}}],"inLanguage":"en-US"},{"@type":"Person","@id":"https:\/\/www.fcbarcelonanoticias.com\/en\/#\/schema\/person\/991443f134df9a64c6874f96ff984c9d","name":"Kevin G\u00f3mez","image":{"@type":"ImageObject","inLanguage":"en-US","@id":"https:\/\/secure.gravatar.com\/avatar\/?s=96&d=mm&r=g","url":"https:\/\/secure.gravatar.com\/avatar\/?s=96&d=mm&r=g","contentUrl":"https:\/\/secure.gravatar.com\/avatar\/?s=96&d=mm&r=g","caption":"Kevin G\u00f3mez"},"description":"Licenciado\u00a0en Periodismo y Comunicaci\u00f3n Audiovisual. Redactor en FCBN responsable de cubrir toda\u00a0la informaci\u00f3n del FC Barcelona y las principales competiciones de\u00a0f\u00fatbol.","url":"https:\/\/www.fcbarcelonanoticias.com\/en\/jugadores\/kevin-gomez_23_115.html"}]}},"_links":{"self":[{"href":"https:\/\/www.fcbarcelonanoticias.com\/en\/wp-json\/wp\/v2\/posts\/136762","targetHints":{"allow":["GET"]}}],"collection":[{"href":"https:\/\/www.fcbarcelonanoticias.com\/en\/wp-json\/wp\/v2\/posts"}],"about":[{"href":"https:\/\/www.fcbarcelonanoticias.com\/en\/wp-json\/wp\/v2\/types\/post"}],"author":[{"embeddable":true,"href":"https:\/\/www.fcbarcelonanoticias.com\/en\/wp-json\/wp\/v2\/users\/355"}],"replies":[{"embeddable":true,"href":"https:\/\/www.fcbarcelonanoticias.com\/en\/wp-json\/wp\/v2\/comments?post=136762"}],"version-history":[{"count":3,"href":"https:\/\/www.fcbarcelonanoticias.com\/en\/wp-json\/wp\/v2\/posts\/136762\/revisions"}],"predecessor-version":[{"id":179976,"href":"https:\/\/www.fcbarcelonanoticias.com\/en\/wp-json\/wp\/v2\/posts\/136762\/revisions\/179976"}],"wp:featuredmedia":[{"embeddable":true,"href":"https:\/\/www.fcbarcelonanoticias.com\/en\/wp-json\/wp\/v2\/media\/136766"}],"wp:attachment":[{"href":"https:\/\/www.fcbarcelonanoticias.com\/en\/wp-json\/wp\/v2\/media?parent=136762"}],"wp:term":[{"taxonomy":"category","embeddable":true,"href":"https:\/\/www.fcbarcelonanoticias.com\/en\/wp-json\/wp\/v2\/categories?post=136762"},{"taxonomy":"post_tag","embeddable":true,"href":"https:\/\/www.fcbarcelonanoticias.com\/en\/wp-json\/wp\/v2\/tags?post=136762"}],"curies":[{"name":"wp","href":"https:\/\/api.w.org\/{rel}","templated":true}]}}