{"id":136977,"date":"2024-08-12T18:18:00","date_gmt":"2024-08-12T16:18:00","guid":{"rendered":"https:\/\/weisetech.dev\/fc-barcelona-noticias\/en\/the-factor-that-could-bring-frenkie-jong-departure-from-barcelona-closer-than-ever_306391_102\/"},"modified":"2024-08-12T18:18:00","modified_gmt":"2024-08-12T16:18:00","slug":"the-factor-that-could-bring-frenkie-jong-departure-from-barcelona-closer-than-ever_306391_102","status":"publish","type":"post","link":"https:\/\/www.fcbarcelonanoticias.com\/en\/transfers\/the-factor-that-could-bring-frenkie-jong-departure-from-barcelona-closer-than-ever_306391_102.html","title":{"rendered":"The factor that could bring Frenkie de Jong&#8217;s departure from Barcelona closer than ever"},"content":{"rendered":"<h2 class=\"wp-block-heading\">At FC Barcelona they are moving to reduce the squad. The cul\u00e9s want to lighten the number of players to be able to carry out operations in the transfer market. In that context, Frenkie de Jong could be one of the transfers on Deco&#8217;s agenda<\/h2>  \r\n<div class=\"article-addons\">\r\n    <a href=\"https:\/\/www.fcbarcelonanoticias.com\/en\/calendar-fc-barcelona.html\"\r\n       target=\"_self\"\r\n       title=\"Calendar of FC Barcelona\"\r\n       class=\"blue-gredient-btn\">\r\n       \r\n        Calendar of FC Barcelona    <\/a>\r\n<\/div>   <p>The sportive director of the FC Barcelona, Deco, is the attendant to reduce the quantity of players by means of the sale. <strong>The director blaugrana is conscious that they have to do without footballers like Mika Faye and Vitor Roque, to be able to receive income in the accounts, something that would help them to move in the market of signings<\/strong>. Raphinha And G\u00fandogan are some of the names that could go out, although one of which more sounds is Frenkie of Jong.<\/p>  <p>The trainer of the &#8216;red devils&#8217;<strong> <\/strong>Erik have Hag, would have communicated them to the directors of the English institution that would like him the incorporation of the Dutch to his team. The technician thinks that could convince to the footballer, in spite of that his wage would be inferior to the current. As &#8216;The Nacional.cat&#8217;, <strong>exists another factor that can finish accelerating the arrival of the mediocampista to the club with headquarters in Old Trafford: Matthijs of Ligt<\/strong>.<\/p>  <h2>The central is a big fellow of Frenkie of Jong<\/h2>  <p>Although in the past, the midfield player refused several offers of the Manchester United, now the situation could give a twist. Of Ligt finish to arrive to the team where plays Leny Yoro, his signing produced after an agreement of the English with the Bayern Munich. Likewise, <strong>the defence is one of the big friends of the midfield player of the Bar\u00e7a and both always have wanted together player in a team<\/strong>. It fits to stand out that the two footballers were mates in the selection and in the Ajax.<\/p>  <p>Of Jong is conscious that his performance in <a data-external=\"0\" data-intl-links-en=\"https:\/\/www.fcbarcelonanoticias.com\/en\/tags\/t-shirt-fc-barcelona\" data-intl-links-es=\"https:\/\/www.fcbarcelonanoticias.com\/tags\/camiseta-fc-barcelona\" href=\"https:\/\/www.fcbarcelonanoticias.com\/en\/tags\/t-shirt-fc-barcelona.html\" rel=\"follow\" target=\"_self\" title=\"Camiseta FC Barcelona\">the FC Barcelona <\/a>no longer is the same and that it can show his talent in the United in a perfect pair. Up to now, the &#8216;Network Devils&#8217; have not presented formally an offer to the Barcelona club. However, <strong>some informations aim to that the team directed by Erik have Hag would be had to disburse 30 and 40 million euros to carry to the player<\/strong>.<\/p>  <h2>Deco Wants to take out benefit of a sale<\/h2>  <p>The manager of the sportive area of the Bar\u00e7a wants to carry 60 millions by the sale of the midfield player. Nevertheless, <strong>the managerial Barcelona club would be had to listen the proposal of the English with the aim to reach an agreement that benefit to both parts<\/strong>. Of this way, the Catalan institution keeps his plan to go out of <a data-external=\"0\" data-intl-links-en=\"https:\/\/www.fcbarcelonanoticias.com\/en\/tags\/de-jong\" data-intl-links-es=\"https:\/\/www.fcbarcelonanoticias.com\/tags\/de-jong\" href=\"https:\/\/www.fcbarcelonanoticias.com\/en\/tags\/de-jong.html\" rel=\"follow\" target=\"_self\" title=\"Frenkie de Jong\">Frenkie of Jong<\/a> and receive a new entry in his accounts.<\/p> ","protected":false},"excerpt":{"rendered":"<p>At FC Barcelona they are moving to reduce the squad. The cul\u00e9s want to lighten the number of players to be able to carry out operations in the transfer market. In that context, Frenkie de Jong could be one of the transfers on Deco&#8217;s agenda The sportive director of the FC Barcelona, Deco, is the [&hellip;]<\/p>\n","protected":false},"author":350,"featured_media":140129,"comment_status":"closed","ping_status":"open","sticky":false,"template":"","format":"standard","meta":{"_acf_changed":false,"inline_featured_image":false,"_nextfly_llmd_date_locked":false,"footnotes":""},"categories":[106,449],"tags":[213,322,335,197],"class_list":["post-136977","post","type-post","status-publish","format-standard","has-post-thumbnail","hentry","category-transfers","category-transfers-2","tag-ajax","tag-de-ligt","tag-deco","tag-manchester-united"],"acf":[],"yoast_head":"<!-- This site is optimized with the Yoast SEO plugin v27.3 - https:\/\/yoast.com\/product\/yoast-seo-wordpress\/ -->\n<title>The factor that could bring Frenkie de Jong&#039;s departure from Barcelona closer than ever<\/title>\n<meta name=\"description\" content=\"At FC Barcelona they are moving to reduce the squad. The cul\u00e9s want to lighten the number of players to be able to carry out operations in the transfer market. In that context, Frenkie de Jong could be one of the transfers on Deco&#039;s agenda\" \/>\n<meta name=\"robots\" content=\"index, follow, max-snippet:-1, max-image-preview:large, max-video-preview:-1\" \/>\n<link rel=\"canonical\" href=\"https:\/\/www.fcbarcelonanoticias.com\/en\/transfers\/the-factor-that-could-bring-frenkie-jong-departure-from-barcelona-closer-than-ever_306391_102.html\" \/>\n<meta property=\"og:locale\" content=\"en_US\" \/>\n<meta property=\"og:type\" content=\"article\" \/>\n<meta property=\"og:title\" content=\"The factor that could bring Frenkie de Jong&#039;s departure from Barcelona closer than ever\" \/>\n<meta property=\"og:description\" content=\"At FC Barcelona they are moving to reduce the squad. The cul\u00e9s want to lighten the number of players to be able to carry out operations in the transfer market. In that context, Frenkie de Jong could be one of the transfers on Deco&#039;s agenda\" \/>\n<meta property=\"og:url\" content=\"https:\/\/www.fcbarcelonanoticias.com\/en\/transfers\/the-factor-that-could-bring-frenkie-jong-departure-from-barcelona-closer-than-ever_306391_102.html\" \/>\n<meta property=\"og:site_name\" content=\"EN - FC Barcelona Noticias\" \/>\n<meta property=\"article:published_time\" content=\"2024-08-12T16:18:00+00:00\" \/>\n<meta property=\"og:image\" content=\"https:\/\/www.fcbarcelonanoticias.com\/en\/wp-content\/uploads\/sites\/2\/2024\/08\/de-jong-en-un-partido-del-fc-barcelona.gif\" \/>\n\t<meta property=\"og:image:width\" content=\"1300\" \/>\n\t<meta property=\"og:image:height\" content=\"728\" \/>\n\t<meta property=\"og:image:type\" content=\"image\/gif\" \/>\n<meta name=\"author\" content=\"Jes\u00fas Bol\u00edvar\" \/>\n<meta name=\"twitter:card\" content=\"summary_large_image\" \/>\n<meta name=\"twitter:label1\" content=\"Written by\" \/>\n\t<meta name=\"twitter:data1\" content=\"Jes\u00fas Bol\u00edvar\" \/>\n\t<meta name=\"twitter:label2\" content=\"Est. reading time\" \/>\n\t<meta name=\"twitter:data2\" content=\"2 minutes\" \/>\n<script type=\"application\/ld+json\" class=\"yoast-schema-graph\">{\"@context\":\"https:\\\/\\\/schema.org\",\"@graph\":[{\"@type\":\"Article\",\"@id\":\"https:\\\/\\\/www.fcbarcelonanoticias.com\\\/en\\\/transfers\\\/the-factor-that-could-bring-frenkie-jong-departure-from-barcelona-closer-than-ever_306391_102.html#article\",\"isPartOf\":{\"@id\":\"https:\\\/\\\/www.fcbarcelonanoticias.com\\\/en\\\/transfers\\\/the-factor-that-could-bring-frenkie-jong-departure-from-barcelona-closer-than-ever_306391_102.html\"},\"author\":{\"name\":\"Jes\u00fas Bol\u00edvar\",\"@id\":\"https:\\\/\\\/www.fcbarcelonanoticias.com\\\/en\\\/#\\\/schema\\\/person\\\/5dbbcfa0643340852c9294383c353679\"},\"headline\":\"The factor that could bring Frenkie de Jong&#8217;s departure from Barcelona closer than ever\",\"datePublished\":\"2024-08-12T16:18:00+00:00\",\"mainEntityOfPage\":{\"@id\":\"https:\\\/\\\/www.fcbarcelonanoticias.com\\\/en\\\/transfers\\\/the-factor-that-could-bring-frenkie-jong-departure-from-barcelona-closer-than-ever_306391_102.html\"},\"wordCount\":480,\"image\":{\"@id\":\"https:\\\/\\\/www.fcbarcelonanoticias.com\\\/en\\\/transfers\\\/the-factor-that-could-bring-frenkie-jong-departure-from-barcelona-closer-than-ever_306391_102.html#primaryimage\"},\"thumbnailUrl\":\"https:\\\/\\\/www.fcbarcelonanoticias.com\\\/en\\\/wp-content\\\/uploads\\\/sites\\\/2\\\/2024\\\/08\\\/de-jong-en-un-partido-del-fc-barcelona.gif\",\"keywords\":[\"Ajax\",\"De Ligt\",\"Deco\",\"Manchester United\"],\"articleSection\":[\"Transfers\",\"Transfers\"],\"inLanguage\":\"en-US\"},{\"@type\":\"WebPage\",\"@id\":\"https:\\\/\\\/www.fcbarcelonanoticias.com\\\/en\\\/transfers\\\/the-factor-that-could-bring-frenkie-jong-departure-from-barcelona-closer-than-ever_306391_102.html\",\"url\":\"https:\\\/\\\/www.fcbarcelonanoticias.com\\\/en\\\/transfers\\\/the-factor-that-could-bring-frenkie-jong-departure-from-barcelona-closer-than-ever_306391_102.html\",\"name\":\"The factor that could bring Frenkie de Jong's departure from Barcelona closer than ever\",\"isPartOf\":{\"@id\":\"https:\\\/\\\/www.fcbarcelonanoticias.com\\\/en\\\/#website\"},\"primaryImageOfPage\":{\"@id\":\"https:\\\/\\\/www.fcbarcelonanoticias.com\\\/en\\\/transfers\\\/the-factor-that-could-bring-frenkie-jong-departure-from-barcelona-closer-than-ever_306391_102.html#primaryimage\"},\"image\":{\"@id\":\"https:\\\/\\\/www.fcbarcelonanoticias.com\\\/en\\\/transfers\\\/the-factor-that-could-bring-frenkie-jong-departure-from-barcelona-closer-than-ever_306391_102.html#primaryimage\"},\"thumbnailUrl\":\"https:\\\/\\\/www.fcbarcelonanoticias.com\\\/en\\\/wp-content\\\/uploads\\\/sites\\\/2\\\/2024\\\/08\\\/de-jong-en-un-partido-del-fc-barcelona.gif\",\"datePublished\":\"2024-08-12T16:18:00+00:00\",\"author\":{\"@id\":\"https:\\\/\\\/www.fcbarcelonanoticias.com\\\/en\\\/#\\\/schema\\\/person\\\/5dbbcfa0643340852c9294383c353679\"},\"description\":\"At FC Barcelona they are moving to reduce the squad. The cul\u00e9s want to lighten the number of players to be able to carry out operations in the transfer market. In that context, Frenkie de Jong could be one of the transfers on Deco's agenda\",\"breadcrumb\":{\"@id\":\"https:\\\/\\\/www.fcbarcelonanoticias.com\\\/en\\\/transfers\\\/the-factor-that-could-bring-frenkie-jong-departure-from-barcelona-closer-than-ever_306391_102.html#breadcrumb\"},\"inLanguage\":\"en-US\",\"potentialAction\":[{\"@type\":\"ReadAction\",\"target\":[\"https:\\\/\\\/www.fcbarcelonanoticias.com\\\/en\\\/transfers\\\/the-factor-that-could-bring-frenkie-jong-departure-from-barcelona-closer-than-ever_306391_102.html\"]}]},{\"@type\":\"ImageObject\",\"inLanguage\":\"en-US\",\"@id\":\"https:\\\/\\\/www.fcbarcelonanoticias.com\\\/en\\\/transfers\\\/the-factor-that-could-bring-frenkie-jong-departure-from-barcelona-closer-than-ever_306391_102.html#primaryimage\",\"url\":\"https:\\\/\\\/www.fcbarcelonanoticias.com\\\/en\\\/wp-content\\\/uploads\\\/sites\\\/2\\\/2024\\\/08\\\/de-jong-en-un-partido-del-fc-barcelona.gif\",\"contentUrl\":\"https:\\\/\\\/www.fcbarcelonanoticias.com\\\/en\\\/wp-content\\\/uploads\\\/sites\\\/2\\\/2024\\\/08\\\/de-jong-en-un-partido-del-fc-barcelona.gif\",\"width\":1300,\"height\":728},{\"@type\":\"BreadcrumbList\",\"@id\":\"https:\\\/\\\/www.fcbarcelonanoticias.com\\\/en\\\/transfers\\\/the-factor-that-could-bring-frenkie-jong-departure-from-barcelona-closer-than-ever_306391_102.html#breadcrumb\",\"itemListElement\":[{\"@type\":\"ListItem\",\"position\":1,\"name\":\"Portada\",\"item\":\"https:\\\/\\\/www.fcbarcelonanoticias.com\\\/en\\\/\"},{\"@type\":\"ListItem\",\"position\":2,\"name\":\"The factor that could bring Frenkie de Jong&#8217;s departure from Barcelona closer than ever\"}]},{\"@type\":\"WebSite\",\"@id\":\"https:\\\/\\\/www.fcbarcelonanoticias.com\\\/en\\\/#website\",\"url\":\"https:\\\/\\\/www.fcbarcelonanoticias.com\\\/en\\\/\",\"name\":\"EN - FC Barcelona Noticias\",\"description\":\"\",\"potentialAction\":[{\"@type\":\"SearchAction\",\"target\":{\"@type\":\"EntryPoint\",\"urlTemplate\":\"https:\\\/\\\/www.fcbarcelonanoticias.com\\\/en\\\/?s={search_term_string}\"},\"query-input\":{\"@type\":\"PropertyValueSpecification\",\"valueRequired\":true,\"valueName\":\"search_term_string\"}}],\"inLanguage\":\"en-US\"},{\"@type\":\"Person\",\"@id\":\"https:\\\/\\\/www.fcbarcelonanoticias.com\\\/en\\\/#\\\/schema\\\/person\\\/5dbbcfa0643340852c9294383c353679\",\"name\":\"Jes\u00fas Bol\u00edvar\",\"image\":{\"@type\":\"ImageObject\",\"inLanguage\":\"en-US\",\"@id\":\"https:\\\/\\\/secure.gravatar.com\\\/avatar\\\/?s=96&d=mm&r=g\",\"url\":\"https:\\\/\\\/secure.gravatar.com\\\/avatar\\\/?s=96&d=mm&r=g\",\"contentUrl\":\"https:\\\/\\\/secure.gravatar.com\\\/avatar\\\/?s=96&d=mm&r=g\",\"caption\":\"Jes\u00fas Bol\u00edvar\"},\"url\":\"https:\\\/\\\/www.fcbarcelonanoticias.com\\\/en\\\/jesus-bolivar_28_115.html\"}]}<\/script>\n<!-- \/ Yoast SEO plugin. -->","yoast_head_json":{"title":"The factor that could bring Frenkie de Jong's departure from Barcelona closer than ever","description":"At FC Barcelona they are moving to reduce the squad. The cul\u00e9s want to lighten the number of players to be able to carry out operations in the transfer market. In that context, Frenkie de Jong could be one of the transfers on Deco's agenda","robots":{"index":"index","follow":"follow","max-snippet":"max-snippet:-1","max-image-preview":"max-image-preview:large","max-video-preview":"max-video-preview:-1"},"canonical":"https:\/\/www.fcbarcelonanoticias.com\/en\/transfers\/the-factor-that-could-bring-frenkie-jong-departure-from-barcelona-closer-than-ever_306391_102.html","og_locale":"en_US","og_type":"article","og_title":"The factor that could bring Frenkie de Jong's departure from Barcelona closer than ever","og_description":"At FC Barcelona they are moving to reduce the squad. The cul\u00e9s want to lighten the number of players to be able to carry out operations in the transfer market. In that context, Frenkie de Jong could be one of the transfers on Deco's agenda","og_url":"https:\/\/www.fcbarcelonanoticias.com\/en\/transfers\/the-factor-that-could-bring-frenkie-jong-departure-from-barcelona-closer-than-ever_306391_102.html","og_site_name":"EN - FC Barcelona Noticias","article_published_time":"2024-08-12T16:18:00+00:00","og_image":[{"width":1300,"height":728,"url":"https:\/\/www.fcbarcelonanoticias.com\/en\/wp-content\/uploads\/sites\/2\/2024\/08\/de-jong-en-un-partido-del-fc-barcelona.gif","type":"image\/gif"}],"author":"Jes\u00fas Bol\u00edvar","twitter_card":"summary_large_image","twitter_misc":{"Written by":"Jes\u00fas Bol\u00edvar","Est. reading time":"2 minutes"},"schema":{"@context":"https:\/\/schema.org","@graph":[{"@type":"Article","@id":"https:\/\/www.fcbarcelonanoticias.com\/en\/transfers\/the-factor-that-could-bring-frenkie-jong-departure-from-barcelona-closer-than-ever_306391_102.html#article","isPartOf":{"@id":"https:\/\/www.fcbarcelonanoticias.com\/en\/transfers\/the-factor-that-could-bring-frenkie-jong-departure-from-barcelona-closer-than-ever_306391_102.html"},"author":{"name":"Jes\u00fas Bol\u00edvar","@id":"https:\/\/www.fcbarcelonanoticias.com\/en\/#\/schema\/person\/5dbbcfa0643340852c9294383c353679"},"headline":"The factor that could bring Frenkie de Jong&#8217;s departure from Barcelona closer than ever","datePublished":"2024-08-12T16:18:00+00:00","mainEntityOfPage":{"@id":"https:\/\/www.fcbarcelonanoticias.com\/en\/transfers\/the-factor-that-could-bring-frenkie-jong-departure-from-barcelona-closer-than-ever_306391_102.html"},"wordCount":480,"image":{"@id":"https:\/\/www.fcbarcelonanoticias.com\/en\/transfers\/the-factor-that-could-bring-frenkie-jong-departure-from-barcelona-closer-than-ever_306391_102.html#primaryimage"},"thumbnailUrl":"https:\/\/www.fcbarcelonanoticias.com\/en\/wp-content\/uploads\/sites\/2\/2024\/08\/de-jong-en-un-partido-del-fc-barcelona.gif","keywords":["Ajax","De Ligt","Deco","Manchester United"],"articleSection":["Transfers","Transfers"],"inLanguage":"en-US"},{"@type":"WebPage","@id":"https:\/\/www.fcbarcelonanoticias.com\/en\/transfers\/the-factor-that-could-bring-frenkie-jong-departure-from-barcelona-closer-than-ever_306391_102.html","url":"https:\/\/www.fcbarcelonanoticias.com\/en\/transfers\/the-factor-that-could-bring-frenkie-jong-departure-from-barcelona-closer-than-ever_306391_102.html","name":"The factor that could bring Frenkie de Jong's departure from Barcelona closer than ever","isPartOf":{"@id":"https:\/\/www.fcbarcelonanoticias.com\/en\/#website"},"primaryImageOfPage":{"@id":"https:\/\/www.fcbarcelonanoticias.com\/en\/transfers\/the-factor-that-could-bring-frenkie-jong-departure-from-barcelona-closer-than-ever_306391_102.html#primaryimage"},"image":{"@id":"https:\/\/www.fcbarcelonanoticias.com\/en\/transfers\/the-factor-that-could-bring-frenkie-jong-departure-from-barcelona-closer-than-ever_306391_102.html#primaryimage"},"thumbnailUrl":"https:\/\/www.fcbarcelonanoticias.com\/en\/wp-content\/uploads\/sites\/2\/2024\/08\/de-jong-en-un-partido-del-fc-barcelona.gif","datePublished":"2024-08-12T16:18:00+00:00","author":{"@id":"https:\/\/www.fcbarcelonanoticias.com\/en\/#\/schema\/person\/5dbbcfa0643340852c9294383c353679"},"description":"At FC Barcelona they are moving to reduce the squad. The cul\u00e9s want to lighten the number of players to be able to carry out operations in the transfer market. In that context, Frenkie de Jong could be one of the transfers on Deco's agenda","breadcrumb":{"@id":"https:\/\/www.fcbarcelonanoticias.com\/en\/transfers\/the-factor-that-could-bring-frenkie-jong-departure-from-barcelona-closer-than-ever_306391_102.html#breadcrumb"},"inLanguage":"en-US","potentialAction":[{"@type":"ReadAction","target":["https:\/\/www.fcbarcelonanoticias.com\/en\/transfers\/the-factor-that-could-bring-frenkie-jong-departure-from-barcelona-closer-than-ever_306391_102.html"]}]},{"@type":"ImageObject","inLanguage":"en-US","@id":"https:\/\/www.fcbarcelonanoticias.com\/en\/transfers\/the-factor-that-could-bring-frenkie-jong-departure-from-barcelona-closer-than-ever_306391_102.html#primaryimage","url":"https:\/\/www.fcbarcelonanoticias.com\/en\/wp-content\/uploads\/sites\/2\/2024\/08\/de-jong-en-un-partido-del-fc-barcelona.gif","contentUrl":"https:\/\/www.fcbarcelonanoticias.com\/en\/wp-content\/uploads\/sites\/2\/2024\/08\/de-jong-en-un-partido-del-fc-barcelona.gif","width":1300,"height":728},{"@type":"BreadcrumbList","@id":"https:\/\/www.fcbarcelonanoticias.com\/en\/transfers\/the-factor-that-could-bring-frenkie-jong-departure-from-barcelona-closer-than-ever_306391_102.html#breadcrumb","itemListElement":[{"@type":"ListItem","position":1,"name":"Portada","item":"https:\/\/www.fcbarcelonanoticias.com\/en\/"},{"@type":"ListItem","position":2,"name":"The factor that could bring Frenkie de Jong&#8217;s departure from Barcelona closer than ever"}]},{"@type":"WebSite","@id":"https:\/\/www.fcbarcelonanoticias.com\/en\/#website","url":"https:\/\/www.fcbarcelonanoticias.com\/en\/","name":"EN - FC Barcelona Noticias","description":"","potentialAction":[{"@type":"SearchAction","target":{"@type":"EntryPoint","urlTemplate":"https:\/\/www.fcbarcelonanoticias.com\/en\/?s={search_term_string}"},"query-input":{"@type":"PropertyValueSpecification","valueRequired":true,"valueName":"search_term_string"}}],"inLanguage":"en-US"},{"@type":"Person","@id":"https:\/\/www.fcbarcelonanoticias.com\/en\/#\/schema\/person\/5dbbcfa0643340852c9294383c353679","name":"Jes\u00fas Bol\u00edvar","image":{"@type":"ImageObject","inLanguage":"en-US","@id":"https:\/\/secure.gravatar.com\/avatar\/?s=96&d=mm&r=g","url":"https:\/\/secure.gravatar.com\/avatar\/?s=96&d=mm&r=g","contentUrl":"https:\/\/secure.gravatar.com\/avatar\/?s=96&d=mm&r=g","caption":"Jes\u00fas Bol\u00edvar"},"url":"https:\/\/www.fcbarcelonanoticias.com\/en\/jesus-bolivar_28_115.html"}]}},"_links":{"self":[{"href":"https:\/\/www.fcbarcelonanoticias.com\/en\/wp-json\/wp\/v2\/posts\/136977","targetHints":{"allow":["GET"]}}],"collection":[{"href":"https:\/\/www.fcbarcelonanoticias.com\/en\/wp-json\/wp\/v2\/posts"}],"about":[{"href":"https:\/\/www.fcbarcelonanoticias.com\/en\/wp-json\/wp\/v2\/types\/post"}],"author":[{"embeddable":true,"href":"https:\/\/www.fcbarcelonanoticias.com\/en\/wp-json\/wp\/v2\/users\/350"}],"replies":[{"embeddable":true,"href":"https:\/\/www.fcbarcelonanoticias.com\/en\/wp-json\/wp\/v2\/comments?post=136977"}],"version-history":[{"count":1,"href":"https:\/\/www.fcbarcelonanoticias.com\/en\/wp-json\/wp\/v2\/posts\/136977\/revisions"}],"predecessor-version":[{"id":140128,"href":"https:\/\/www.fcbarcelonanoticias.com\/en\/wp-json\/wp\/v2\/posts\/136977\/revisions\/140128"}],"wp:featuredmedia":[{"embeddable":true,"href":"https:\/\/www.fcbarcelonanoticias.com\/en\/wp-json\/wp\/v2\/media\/140129"}],"wp:attachment":[{"href":"https:\/\/www.fcbarcelonanoticias.com\/en\/wp-json\/wp\/v2\/media?parent=136977"}],"wp:term":[{"taxonomy":"category","embeddable":true,"href":"https:\/\/www.fcbarcelonanoticias.com\/en\/wp-json\/wp\/v2\/categories?post=136977"},{"taxonomy":"post_tag","embeddable":true,"href":"https:\/\/www.fcbarcelonanoticias.com\/en\/wp-json\/wp\/v2\/tags?post=136977"}],"curies":[{"name":"wp","href":"https:\/\/api.w.org\/{rel}","templated":true}]}}