{"id":137008,"date":"2022-08-21T08:42:00","date_gmt":"2022-08-21T06:42:00","guid":{"rendered":"https:\/\/weisetech.dev\/fc-barcelona-noticias\/en\/the-exit-of-aubameyang-of-the-barca-remains-paralysed_283468_102\/"},"modified":"2022-08-21T11:01:00","modified_gmt":"2022-08-21T09:01:00","slug":"the-exit-of-aubameyang-of-the-barca-remains-paralysed_283468_102","status":"publish","type":"post","link":"https:\/\/www.fcbarcelonanoticias.com\/en\/transfers\/the-exit-of-aubameyang-of-the-barca-remains-paralysed_283468_102.html","title":{"rendered":"Aubameyang&#8217;s departure from Bar\u00e7a is paralyzed"},"content":{"rendered":"<h2 class=\"wp-block-heading\">Although the agreement between club and player is complete, the departure of Pierre-Emerick Aubameyang is not yet closed for FC Barcelona. The cul\u00e9 board is still waiting for a &#8216;blue&#8217; offer that meets expectations and, for the moment, there is no agreement<\/h2>  \r\n<div class=\"article-addons\">\r\n    <a href=\"https:\/\/www.fcbarcelonanoticias.com\/en\/calendar-fc-barcelona.html\"\r\n       target=\"_self\"\r\n       title=\"Calendar of FC Barcelona\"\r\n       class=\"blue-gredient-btn\">\r\n       \r\n        Calendar of FC Barcelona    <\/a>\r\n<\/div>   <p>Pierre-Emerick Aubameyang has very directed his exit of the <a data-external=\"0\" data-intl-links-en=\"https:\/\/www.fcbarcelonanoticias.com\/en\/laliga\/barca-ilusionado-looks-for-in-donosti-his-first-triumph-of-the-2022-2023_283465_102.html\" data-intl-links-es=\"https:\/\/www.fcbarcelonanoticias.com\/laliga\/barcelona-ilusionado-busca-en-donosti-su-primer-triunfo-2022-2023_283465_102.html\" href=\"https:\/\/www.fcbarcelonanoticias.com\/en\/laliga\/barca-ilusionado-looks-for-in-donosti-his-first-triumph-of-the-2022-2023_283465_102.html\" rel=\"follow\" target=\"_self\" title=\"Un Bar\u00e7a ilusionado busca en Donosti su primer triunfo de la 2022-2023\">FC Barcelona<\/a>. The gabon\u00e9s already reached a verbal agreement with the managerial &#8216;blue&#8217; to sign by the next three seasons, but <strong>lacking the most important: the seen well of the Bar\u00e7a. <\/strong>Waiting for an offer that satisfy the expectations of the directive,<strong> the agreement is still in will see and the first offer londinense does not finish to convince.<\/strong><\/p>  <p>In this sense, the newspaper &#8216;SPORT&#8217; ensures that <strong>Chelsea offers 19 million euros in cash more Marcos Alonso, elevating the mount total of the operation until the 30 &#8216;kilos&#8217; <\/strong>that the cul\u00e9s aspire to perceive by the traspaso of the gabon\u00e9s. However, Joan Laporta expected to close the purchase of the defender of 31 years by less than 10M, by which expects that the group &#8216;blue&#8217; elevate at least to 21 &#8216;kilos&#8217; the mount credited immediately by the forward.<\/p>  <blockquote class=\"twitter-tweet\"> <p dir=\"ltr\" lang=\"en\">\ud83d\udea8\ud83c\udf96| Aubameyang may NOT leave now and the operation to Chelsea is not as clear as this morning. Even so, that doesn\u2019t mean the action won\u2019t happen. [<a href=\"https:\/\/twitter.com\/en\/gerardromero?ref_src=twsrc%5Etfw\">@gerardromero<\/a>] <a href=\"https:\/\/twitter.com\/en\/hashtag\/fcblive?src=hash&amp;ref_src=twsrc%5Etfw\">#fcblive<\/a> <a href=\"https:\/\/t.co\/en\/XYZv9RVRJW\">pic.twitter.com\/XYZv9RVRJW<\/a><\/p> \u2014 Bar\u00e7aTimes (@BarcaTimes) <a href=\"https:\/\/twitter.com\/en\/BarcaTimes\/status\/1561116883579027456?ref_src=twsrc%5Etfw\">August 20, 2022<\/a> <\/blockquote> <p>This yes, what does not change is the interest blaugrana in the Madrilenian side, objective number one to reinforce a left lane in which Jordi Alba has left to be indisputable. In the meantime, <strong>the group directed by Thomas Tuchel expects to close what before the traspaso of &#8216;Auba&#8217; for afterwards go to by Frenkie of Jong<\/strong>. The Dutch keeps on being a &#8216;serial&#8217; for resolving for the Bar\u00e7a and, if it can concretise his traspaso, much better.<\/p>  <p>And it is that, <strong>if Of Jong accessed to leave to Stamford Bridge, the cul\u00e9s would go after <a data-external=\"0\" data-intl-links-en=\"https:\/\/www.fcbarcelonanoticias.com\/en\/transfers\/in-paris-already-know-it-the-manchester-city-no-will-give-to-bernardo-silva_283457_102.html\" data-intl-links-es=\"https:\/\/www.fcbarcelonanoticias.com\/fichajes\/en-paris-ya-saben-manchester-city-no-regalara-bernardo-silva_283457_102.html\" href=\"https:\/\/www.fcbarcelonanoticias.com\/en\/transfers\/in-paris-already-know-it-the-manchester-city-no-will-give-to-bernardo-silva_283457_102.html\" rel=\"follow\" target=\"_self\" title=\"En Par\u00eds ya lo saben: El Manchester City no 'regalar\u00e1' a Bernardo Silva\">Bernardo Silva<\/a><\/strong>, by the one who Xavi Hern\u00e1ndez follows sighing to finish to reinforce the staff. The problem is that the price of the Portuguese will be greater to the perceived by Frenkie (around 75 &#8216;kilos&#8217;), since the Manchester City insists in avoiding the exit of the &#8217;20&#8217; by less than 100 million euros, a figure inalcanzable for the Bar\u00e7a. Of this way, all this served for a final week of market very intense.<\/p>  <h3>Aubameyang Will earn more in Chelsea that in the Bar\u00e7a<\/h3>  <p>For the Bar\u00e7a, the exit of Pierre was not in the plans, but <strong>the problems with the limit salarial that have prevented to inscribe to <a data-external=\"0\" data-intl-links-en=\"https:\/\/www.fcbarcelonanoticias.com\/en\/fc-barcelona\/jules-kounde-will-not-be-inscribed-in-league-before-the-real-sociedad-barca_283467_102.html\" data-intl-links-es=\"https:\/\/www.fcbarcelonanoticias.com\/fc-barcelona\/jules-kounde-no-sera-inscrito-en-liga-antes-real-sociedad-barcelona_283467_102.html\" href=\"https:\/\/www.fcbarcelonanoticias.com\/en\/fc-barcelona\/jules-kounde-will-not-be-inscribed-in-league-before-the-real-sociedad-barca_283467_102.html\" rel=\"follow\" target=\"_self\" title=\"\u00a1Jules Kound\u00e9 no ser\u00e1 inscrito en Liga antes del Real Sociedad-Bar\u00e7a!\">Jules Kound\u00e9<\/a> did to change to the directive to seem.<\/strong> The player of 33 years would earn 18 &#8216;kilos&#8217; net from this season, with which do without his index card comes to be the same that go out of Frenkie, the initial plan. Nevertheless, the gabon\u00e9s will ensure an agreement by three years with a near wage to the 20M and, thus, has not doubted in accepting the offer &#8216;blue&#8217;.<\/p>  <p>Instead, <strong>his agreement with the Barcelona included a clause of performance that could have him left out of the club in June of 2023.<\/strong> Now, Aubameyang ensures the last big agreement of his career and, probably, will hang the booties in June of 2026, already with 36 years, once culminate the agreement that is about to to sign. This week would have to resolve the operation, which will carry, to his time, to Marcos Alonso in Catalonia. And the market still is far to close &#8230;<\/p> ","protected":false},"excerpt":{"rendered":"<p>Although the agreement between club and player is complete, the departure of Pierre-Emerick Aubameyang is not yet closed for FC Barcelona. The cul\u00e9 board is still waiting for a &#8216;blue&#8217; offer that meets expectations and, for the moment, there is no agreement Pierre-Emerick Aubameyang has very directed his exit of the FC Barcelona. The gabon\u00e9s [&hellip;]<\/p>\n","protected":false},"author":347,"featured_media":140179,"comment_status":"closed","ping_status":"open","sticky":false,"template":"","format":"standard","meta":{"_acf_changed":false,"inline_featured_image":false,"_nextfly_llmd_date_locked":false,"footnotes":""},"categories":[449,106],"tags":[230,161],"class_list":["post-137008","post","type-post","status-publish","format-standard","has-post-thumbnail","hentry","category-transfers-2","category-transfers","tag-aubameyang","tag-chelsea"],"acf":[],"yoast_head":"<!-- This site is optimized with the Yoast SEO plugin v27.3 - https:\/\/yoast.com\/product\/yoast-seo-wordpress\/ -->\n<title>The exit of Aubameyang of the Bar\u00e7a remains paralysed<\/title>\n<meta name=\"description\" content=\"Although the agreement between club and player is total, the exit of Pierre-Emerick Aubameyang still is not closed for the FC Barcelona. The managerial cul\u00e9 still waters...\" \/>\n<meta name=\"robots\" content=\"index, follow, max-snippet:-1, max-image-preview:large, max-video-preview:-1\" \/>\n<link rel=\"canonical\" href=\"https:\/\/www.fcbarcelonanoticias.com\/en\/transfers\/the-exit-of-aubameyang-of-the-barca-remains-paralysed_283468_102.html\" \/>\n<meta property=\"og:locale\" content=\"en_US\" \/>\n<meta property=\"og:type\" content=\"article\" \/>\n<meta property=\"og:title\" content=\"The exit of Aubameyang of the Bar\u00e7a remains paralysed\" \/>\n<meta property=\"og:description\" content=\"Although the agreement between club and player is total, the exit of Pierre-Emerick Aubameyang still is not closed for the FC Barcelona. The managerial cul\u00e9 still waters...\" \/>\n<meta property=\"og:url\" content=\"https:\/\/www.fcbarcelonanoticias.com\/en\/transfers\/the-exit-of-aubameyang-of-the-barca-remains-paralysed_283468_102.html\" \/>\n<meta property=\"og:site_name\" content=\"EN - FC Barcelona Noticias\" \/>\n<meta property=\"article:published_time\" content=\"2022-08-21T06:42:00+00:00\" \/>\n<meta property=\"article:modified_time\" content=\"2022-08-21T09:01:00+00:00\" \/>\n<meta property=\"og:image\" content=\"https:\/\/www.fcbarcelonanoticias.com\/en\/wp-content\/uploads\/sites\/2\/2022\/08\/aubameyang-frente-al-rayo.jpeg\" \/>\n\t<meta property=\"og:image:width\" content=\"1300\" \/>\n\t<meta property=\"og:image:height\" content=\"737\" \/>\n\t<meta property=\"og:image:type\" content=\"image\/jpeg\" \/>\n<meta name=\"author\" content=\"Andr\u00e9s Quiroz\" \/>\n<meta name=\"twitter:card\" content=\"summary_large_image\" \/>\n<meta name=\"twitter:label1\" content=\"Written by\" \/>\n\t<meta name=\"twitter:data1\" content=\"Andr\u00e9s Quiroz\" \/>\n\t<meta name=\"twitter:label2\" content=\"Est. reading time\" \/>\n\t<meta name=\"twitter:data2\" content=\"3 minutes\" \/>\n<script type=\"application\/ld+json\" class=\"yoast-schema-graph\">{\"@context\":\"https:\\\/\\\/schema.org\",\"@graph\":[{\"@type\":\"Article\",\"@id\":\"https:\\\/\\\/www.fcbarcelonanoticias.com\\\/en\\\/transfers\\\/the-exit-of-aubameyang-of-the-barca-remains-paralysed_283468_102.html#article\",\"isPartOf\":{\"@id\":\"https:\\\/\\\/www.fcbarcelonanoticias.com\\\/en\\\/transfers\\\/the-exit-of-aubameyang-of-the-barca-remains-paralysed_283468_102.html\"},\"author\":{\"name\":\"Andr\u00e9s Quiroz\",\"@id\":\"https:\\\/\\\/www.fcbarcelonanoticias.com\\\/en\\\/#\\\/schema\\\/person\\\/c2cd9f6fa1af5c0d0eccd0fefa575c88\"},\"headline\":\"Aubameyang&#8217;s departure from Bar\u00e7a is paralyzed\",\"datePublished\":\"2022-08-21T06:42:00+00:00\",\"dateModified\":\"2022-08-21T09:01:00+00:00\",\"mainEntityOfPage\":{\"@id\":\"https:\\\/\\\/www.fcbarcelonanoticias.com\\\/en\\\/transfers\\\/the-exit-of-aubameyang-of-the-barca-remains-paralysed_283468_102.html\"},\"wordCount\":595,\"image\":{\"@id\":\"https:\\\/\\\/www.fcbarcelonanoticias.com\\\/en\\\/transfers\\\/the-exit-of-aubameyang-of-the-barca-remains-paralysed_283468_102.html#primaryimage\"},\"thumbnailUrl\":\"https:\\\/\\\/www.fcbarcelonanoticias.com\\\/en\\\/wp-content\\\/uploads\\\/sites\\\/2\\\/2022\\\/08\\\/aubameyang-frente-al-rayo.jpeg\",\"keywords\":[\"Aubameyang\",\"Chelsea\"],\"articleSection\":[\"Transfers\",\"Transfers\"],\"inLanguage\":\"en-US\"},{\"@type\":\"WebPage\",\"@id\":\"https:\\\/\\\/www.fcbarcelonanoticias.com\\\/en\\\/transfers\\\/the-exit-of-aubameyang-of-the-barca-remains-paralysed_283468_102.html\",\"url\":\"https:\\\/\\\/www.fcbarcelonanoticias.com\\\/en\\\/transfers\\\/the-exit-of-aubameyang-of-the-barca-remains-paralysed_283468_102.html\",\"name\":\"The exit of Aubameyang of the Bar\u00e7a remains paralysed\",\"isPartOf\":{\"@id\":\"https:\\\/\\\/www.fcbarcelonanoticias.com\\\/en\\\/#website\"},\"primaryImageOfPage\":{\"@id\":\"https:\\\/\\\/www.fcbarcelonanoticias.com\\\/en\\\/transfers\\\/the-exit-of-aubameyang-of-the-barca-remains-paralysed_283468_102.html#primaryimage\"},\"image\":{\"@id\":\"https:\\\/\\\/www.fcbarcelonanoticias.com\\\/en\\\/transfers\\\/the-exit-of-aubameyang-of-the-barca-remains-paralysed_283468_102.html#primaryimage\"},\"thumbnailUrl\":\"https:\\\/\\\/www.fcbarcelonanoticias.com\\\/en\\\/wp-content\\\/uploads\\\/sites\\\/2\\\/2022\\\/08\\\/aubameyang-frente-al-rayo.jpeg\",\"datePublished\":\"2022-08-21T06:42:00+00:00\",\"dateModified\":\"2022-08-21T09:01:00+00:00\",\"author\":{\"@id\":\"https:\\\/\\\/www.fcbarcelonanoticias.com\\\/en\\\/#\\\/schema\\\/person\\\/c2cd9f6fa1af5c0d0eccd0fefa575c88\"},\"description\":\"Although the agreement between club and player is total, the exit of Pierre-Emerick Aubameyang still is not closed for the FC Barcelona. The managerial cul\u00e9 still waters...\",\"breadcrumb\":{\"@id\":\"https:\\\/\\\/www.fcbarcelonanoticias.com\\\/en\\\/transfers\\\/the-exit-of-aubameyang-of-the-barca-remains-paralysed_283468_102.html#breadcrumb\"},\"inLanguage\":\"en-US\",\"potentialAction\":[{\"@type\":\"ReadAction\",\"target\":[\"https:\\\/\\\/www.fcbarcelonanoticias.com\\\/en\\\/transfers\\\/the-exit-of-aubameyang-of-the-barca-remains-paralysed_283468_102.html\"]}]},{\"@type\":\"ImageObject\",\"inLanguage\":\"en-US\",\"@id\":\"https:\\\/\\\/www.fcbarcelonanoticias.com\\\/en\\\/transfers\\\/the-exit-of-aubameyang-of-the-barca-remains-paralysed_283468_102.html#primaryimage\",\"url\":\"https:\\\/\\\/www.fcbarcelonanoticias.com\\\/en\\\/wp-content\\\/uploads\\\/sites\\\/2\\\/2022\\\/08\\\/aubameyang-frente-al-rayo.jpeg\",\"contentUrl\":\"https:\\\/\\\/www.fcbarcelonanoticias.com\\\/en\\\/wp-content\\\/uploads\\\/sites\\\/2\\\/2022\\\/08\\\/aubameyang-frente-al-rayo.jpeg\",\"width\":1300,\"height\":737},{\"@type\":\"BreadcrumbList\",\"@id\":\"https:\\\/\\\/www.fcbarcelonanoticias.com\\\/en\\\/transfers\\\/the-exit-of-aubameyang-of-the-barca-remains-paralysed_283468_102.html#breadcrumb\",\"itemListElement\":[{\"@type\":\"ListItem\",\"position\":1,\"name\":\"Portada\",\"item\":\"https:\\\/\\\/www.fcbarcelonanoticias.com\\\/en\\\/\"},{\"@type\":\"ListItem\",\"position\":2,\"name\":\"Aubameyang&#8217;s departure from Bar\u00e7a is paralyzed\"}]},{\"@type\":\"WebSite\",\"@id\":\"https:\\\/\\\/www.fcbarcelonanoticias.com\\\/en\\\/#website\",\"url\":\"https:\\\/\\\/www.fcbarcelonanoticias.com\\\/en\\\/\",\"name\":\"EN - FC Barcelona Noticias\",\"description\":\"\",\"potentialAction\":[{\"@type\":\"SearchAction\",\"target\":{\"@type\":\"EntryPoint\",\"urlTemplate\":\"https:\\\/\\\/www.fcbarcelonanoticias.com\\\/en\\\/?s={search_term_string}\"},\"query-input\":{\"@type\":\"PropertyValueSpecification\",\"valueRequired\":true,\"valueName\":\"search_term_string\"}}],\"inLanguage\":\"en-US\"},{\"@type\":\"Person\",\"@id\":\"https:\\\/\\\/www.fcbarcelonanoticias.com\\\/en\\\/#\\\/schema\\\/person\\\/c2cd9f6fa1af5c0d0eccd0fefa575c88\",\"name\":\"Andr\u00e9s Quiroz\",\"image\":{\"@type\":\"ImageObject\",\"inLanguage\":\"en-US\",\"@id\":\"https:\\\/\\\/secure.gravatar.com\\\/avatar\\\/?s=96&d=mm&r=g\",\"url\":\"https:\\\/\\\/secure.gravatar.com\\\/avatar\\\/?s=96&d=mm&r=g\",\"contentUrl\":\"https:\\\/\\\/secure.gravatar.com\\\/avatar\\\/?s=96&d=mm&r=g\",\"caption\":\"Andr\u00e9s Quiroz\"},\"description\":\"Licenciado en Periodismo por la Universidad de los Andes. Me encargo de analizar y compartir los contenidos m\u00e1s destacados de la\u00a0actualidad del F\u00fatbol Club Barcelona, Mercado de Fichajes y F\u00fatbol Internacional en FCBN. La informaci\u00f3n es poder, pero tambi\u00e9n conocimiento.\",\"url\":\"https:\\\/\\\/www.fcbarcelonanoticias.com\\\/en\\\/fc-barcelona\\\/andres-quiroz_17_115.html\"}]}<\/script>\n<!-- \/ Yoast SEO plugin. -->","yoast_head_json":{"title":"The exit of Aubameyang of the Bar\u00e7a remains paralysed","description":"Although the agreement between club and player is total, the exit of Pierre-Emerick Aubameyang still is not closed for the FC Barcelona. The managerial cul\u00e9 still waters...","robots":{"index":"index","follow":"follow","max-snippet":"max-snippet:-1","max-image-preview":"max-image-preview:large","max-video-preview":"max-video-preview:-1"},"canonical":"https:\/\/www.fcbarcelonanoticias.com\/en\/transfers\/the-exit-of-aubameyang-of-the-barca-remains-paralysed_283468_102.html","og_locale":"en_US","og_type":"article","og_title":"The exit of Aubameyang of the Bar\u00e7a remains paralysed","og_description":"Although the agreement between club and player is total, the exit of Pierre-Emerick Aubameyang still is not closed for the FC Barcelona. The managerial cul\u00e9 still waters...","og_url":"https:\/\/www.fcbarcelonanoticias.com\/en\/transfers\/the-exit-of-aubameyang-of-the-barca-remains-paralysed_283468_102.html","og_site_name":"EN - FC Barcelona Noticias","article_published_time":"2022-08-21T06:42:00+00:00","article_modified_time":"2022-08-21T09:01:00+00:00","og_image":[{"width":1300,"height":737,"url":"https:\/\/www.fcbarcelonanoticias.com\/en\/wp-content\/uploads\/sites\/2\/2022\/08\/aubameyang-frente-al-rayo.jpeg","type":"image\/jpeg"}],"author":"Andr\u00e9s Quiroz","twitter_card":"summary_large_image","twitter_misc":{"Written by":"Andr\u00e9s Quiroz","Est. reading time":"3 minutes"},"schema":{"@context":"https:\/\/schema.org","@graph":[{"@type":"Article","@id":"https:\/\/www.fcbarcelonanoticias.com\/en\/transfers\/the-exit-of-aubameyang-of-the-barca-remains-paralysed_283468_102.html#article","isPartOf":{"@id":"https:\/\/www.fcbarcelonanoticias.com\/en\/transfers\/the-exit-of-aubameyang-of-the-barca-remains-paralysed_283468_102.html"},"author":{"name":"Andr\u00e9s Quiroz","@id":"https:\/\/www.fcbarcelonanoticias.com\/en\/#\/schema\/person\/c2cd9f6fa1af5c0d0eccd0fefa575c88"},"headline":"Aubameyang&#8217;s departure from Bar\u00e7a is paralyzed","datePublished":"2022-08-21T06:42:00+00:00","dateModified":"2022-08-21T09:01:00+00:00","mainEntityOfPage":{"@id":"https:\/\/www.fcbarcelonanoticias.com\/en\/transfers\/the-exit-of-aubameyang-of-the-barca-remains-paralysed_283468_102.html"},"wordCount":595,"image":{"@id":"https:\/\/www.fcbarcelonanoticias.com\/en\/transfers\/the-exit-of-aubameyang-of-the-barca-remains-paralysed_283468_102.html#primaryimage"},"thumbnailUrl":"https:\/\/www.fcbarcelonanoticias.com\/en\/wp-content\/uploads\/sites\/2\/2022\/08\/aubameyang-frente-al-rayo.jpeg","keywords":["Aubameyang","Chelsea"],"articleSection":["Transfers","Transfers"],"inLanguage":"en-US"},{"@type":"WebPage","@id":"https:\/\/www.fcbarcelonanoticias.com\/en\/transfers\/the-exit-of-aubameyang-of-the-barca-remains-paralysed_283468_102.html","url":"https:\/\/www.fcbarcelonanoticias.com\/en\/transfers\/the-exit-of-aubameyang-of-the-barca-remains-paralysed_283468_102.html","name":"The exit of Aubameyang of the Bar\u00e7a remains paralysed","isPartOf":{"@id":"https:\/\/www.fcbarcelonanoticias.com\/en\/#website"},"primaryImageOfPage":{"@id":"https:\/\/www.fcbarcelonanoticias.com\/en\/transfers\/the-exit-of-aubameyang-of-the-barca-remains-paralysed_283468_102.html#primaryimage"},"image":{"@id":"https:\/\/www.fcbarcelonanoticias.com\/en\/transfers\/the-exit-of-aubameyang-of-the-barca-remains-paralysed_283468_102.html#primaryimage"},"thumbnailUrl":"https:\/\/www.fcbarcelonanoticias.com\/en\/wp-content\/uploads\/sites\/2\/2022\/08\/aubameyang-frente-al-rayo.jpeg","datePublished":"2022-08-21T06:42:00+00:00","dateModified":"2022-08-21T09:01:00+00:00","author":{"@id":"https:\/\/www.fcbarcelonanoticias.com\/en\/#\/schema\/person\/c2cd9f6fa1af5c0d0eccd0fefa575c88"},"description":"Although the agreement between club and player is total, the exit of Pierre-Emerick Aubameyang still is not closed for the FC Barcelona. The managerial cul\u00e9 still waters...","breadcrumb":{"@id":"https:\/\/www.fcbarcelonanoticias.com\/en\/transfers\/the-exit-of-aubameyang-of-the-barca-remains-paralysed_283468_102.html#breadcrumb"},"inLanguage":"en-US","potentialAction":[{"@type":"ReadAction","target":["https:\/\/www.fcbarcelonanoticias.com\/en\/transfers\/the-exit-of-aubameyang-of-the-barca-remains-paralysed_283468_102.html"]}]},{"@type":"ImageObject","inLanguage":"en-US","@id":"https:\/\/www.fcbarcelonanoticias.com\/en\/transfers\/the-exit-of-aubameyang-of-the-barca-remains-paralysed_283468_102.html#primaryimage","url":"https:\/\/www.fcbarcelonanoticias.com\/en\/wp-content\/uploads\/sites\/2\/2022\/08\/aubameyang-frente-al-rayo.jpeg","contentUrl":"https:\/\/www.fcbarcelonanoticias.com\/en\/wp-content\/uploads\/sites\/2\/2022\/08\/aubameyang-frente-al-rayo.jpeg","width":1300,"height":737},{"@type":"BreadcrumbList","@id":"https:\/\/www.fcbarcelonanoticias.com\/en\/transfers\/the-exit-of-aubameyang-of-the-barca-remains-paralysed_283468_102.html#breadcrumb","itemListElement":[{"@type":"ListItem","position":1,"name":"Portada","item":"https:\/\/www.fcbarcelonanoticias.com\/en\/"},{"@type":"ListItem","position":2,"name":"Aubameyang&#8217;s departure from Bar\u00e7a is paralyzed"}]},{"@type":"WebSite","@id":"https:\/\/www.fcbarcelonanoticias.com\/en\/#website","url":"https:\/\/www.fcbarcelonanoticias.com\/en\/","name":"EN - FC Barcelona Noticias","description":"","potentialAction":[{"@type":"SearchAction","target":{"@type":"EntryPoint","urlTemplate":"https:\/\/www.fcbarcelonanoticias.com\/en\/?s={search_term_string}"},"query-input":{"@type":"PropertyValueSpecification","valueRequired":true,"valueName":"search_term_string"}}],"inLanguage":"en-US"},{"@type":"Person","@id":"https:\/\/www.fcbarcelonanoticias.com\/en\/#\/schema\/person\/c2cd9f6fa1af5c0d0eccd0fefa575c88","name":"Andr\u00e9s Quiroz","image":{"@type":"ImageObject","inLanguage":"en-US","@id":"https:\/\/secure.gravatar.com\/avatar\/?s=96&d=mm&r=g","url":"https:\/\/secure.gravatar.com\/avatar\/?s=96&d=mm&r=g","contentUrl":"https:\/\/secure.gravatar.com\/avatar\/?s=96&d=mm&r=g","caption":"Andr\u00e9s Quiroz"},"description":"Licenciado en Periodismo por la Universidad de los Andes. Me encargo de analizar y compartir los contenidos m\u00e1s destacados de la\u00a0actualidad del F\u00fatbol Club Barcelona, Mercado de Fichajes y F\u00fatbol Internacional en FCBN. La informaci\u00f3n es poder, pero tambi\u00e9n conocimiento.","url":"https:\/\/www.fcbarcelonanoticias.com\/en\/fc-barcelona\/andres-quiroz_17_115.html"}]}},"_links":{"self":[{"href":"https:\/\/www.fcbarcelonanoticias.com\/en\/wp-json\/wp\/v2\/posts\/137008","targetHints":{"allow":["GET"]}}],"collection":[{"href":"https:\/\/www.fcbarcelonanoticias.com\/en\/wp-json\/wp\/v2\/posts"}],"about":[{"href":"https:\/\/www.fcbarcelonanoticias.com\/en\/wp-json\/wp\/v2\/types\/post"}],"author":[{"embeddable":true,"href":"https:\/\/www.fcbarcelonanoticias.com\/en\/wp-json\/wp\/v2\/users\/347"}],"replies":[{"embeddable":true,"href":"https:\/\/www.fcbarcelonanoticias.com\/en\/wp-json\/wp\/v2\/comments?post=137008"}],"version-history":[{"count":1,"href":"https:\/\/www.fcbarcelonanoticias.com\/en\/wp-json\/wp\/v2\/posts\/137008\/revisions"}],"predecessor-version":[{"id":140177,"href":"https:\/\/www.fcbarcelonanoticias.com\/en\/wp-json\/wp\/v2\/posts\/137008\/revisions\/140177"}],"wp:featuredmedia":[{"embeddable":true,"href":"https:\/\/www.fcbarcelonanoticias.com\/en\/wp-json\/wp\/v2\/media\/140179"}],"wp:attachment":[{"href":"https:\/\/www.fcbarcelonanoticias.com\/en\/wp-json\/wp\/v2\/media?parent=137008"}],"wp:term":[{"taxonomy":"category","embeddable":true,"href":"https:\/\/www.fcbarcelonanoticias.com\/en\/wp-json\/wp\/v2\/categories?post=137008"},{"taxonomy":"post_tag","embeddable":true,"href":"https:\/\/www.fcbarcelonanoticias.com\/en\/wp-json\/wp\/v2\/tags?post=137008"}],"curies":[{"name":"wp","href":"https:\/\/api.w.org\/{rel}","templated":true}]}}