{"id":137296,"date":"2024-06-27T17:49:00","date_gmt":"2024-06-27T15:49:00","guid":{"rendered":"https:\/\/weisetech.dev\/fc-barcelona-noticias\/en\/the-arsenal-thinks-in-jules-kounde-to-reinforce-his-defence_304918_102\/"},"modified":"2024-07-01T00:24:00","modified_gmt":"2024-06-30T22:24:00","slug":"the-arsenal-thinks-in-jules-kounde-to-reinforce-his-defence_304918_102","status":"publish","type":"post","link":"https:\/\/www.fcbarcelonanoticias.com\/en\/transfers\/the-arsenal-thinks-in-jules-kounde-to-reinforce-his-defence_304918_102.html","title":{"rendered":"Arsenal are considering Jules Kound\u00e9 to strengthen their defence"},"content":{"rendered":"<h2 class=\"wp-block-heading\">According to information from Jijantes, Mikel Arteta&#8217;s Arsenal have shown interest in the possible signing of Jules Kound\u00e9 to reinforce their defensive line starting next season.<\/h2>  \r\n<div class=\"article-addons\">\r\n    <a href=\"https:\/\/www.fcbarcelonanoticias.com\/en\/calendar-fc-barcelona.html\"\r\n       target=\"_self\"\r\n       title=\"Calendar of FC Barcelona\"\r\n       class=\"blue-gredient-btn\">\r\n       \r\n        Calendar of FC Barcelona    <\/a>\r\n<\/div>   <p><strong>The <a data-external=\"0\" data-intl-links-en=\"https:\/\/www.fcbarcelonanoticias.com\/en\/fc-barcelona\" data-intl-links-es=\"https:\/\/www.fcbarcelonanoticias.com\/fc-barcelona\" href=\"https:\/\/www.fcbarcelonanoticias.com\/en\/football-soccer\/fc-barcelona.html\" rel=\"follow\" target=\"_self\" title=\"FC Barcelona\">FC Barcelona<\/a> is to the doors of a market of signings estival that, surely, will be quite moved. <\/strong>For the moment, waiting for resolving all the problems with the Fair Play financial, the club is of hands tied, but expect, during the month of July, be able to reinforce the staff of Hansi Flick. For this, in addition to fixing his &#8216;accounts&#8217; with LaLiga, will have to bet by the sale of some footballer.<\/p>  <p>For the moment, they have descartado that it was necessary a movement &#8216;big&#8217;, but<strong> have left &#8216;fall&#8217; that they are very few the intocables and that, by the contrary, will be had to listen offers by the players of the changing room<\/strong>. It could be the case of <a data-external=\"0\" data-intl-links-en=\"https:\/\/www.fcbarcelonanoticias.com\/en\/tags\/jules-kounde\" data-intl-links-es=\"https:\/\/www.fcbarcelonanoticias.com\/tags\/jules-kounde\" href=\"https:\/\/www.fcbarcelonanoticias.com\/en\/player\/jules-kounde.html\" rel=\"follow\" target=\"_self\" title=\"Jules Kound\u00e9\">Jules Kound\u00e9<\/a> that, according to an information of Jijantes, would be in the plans of Mikel Arteta for his Arsenal in the season that comes.<\/p>  <h2>The Arsenal, option for Kound\u00e9?<\/h2>  <p>Although has in payroll to two head offices of world-wide size as they are it William Saliba (23) and Gabriel Magalh\u00e3is (26), <strong>the trainer &#8216;gunner&#8217; would be interested in the profile of a Kound\u00e9 that comes to be very important in the last season with the Bar\u00e7a<\/strong> and that, besides, is being indisputable in the France of Didier Deschamps. It has achieved it from the right side, in club and selection, although his favourite role is like head office.<\/p>  <p>The Arsenal, in any case, would have touched the door of the Barcelona entity to know the situation of the ex of the Seville. It is worth it to remember that <strong>has agreement until 30 June 2027 and his clause of rescission rises until the billion of euros. <\/strong>Considering that him ficharon in 2022 by 50 million euros and that has not amortised , is unlikely that, if they decide to sell to Kound\u00e9, the Bar\u00e7a do not look for a mount upper to the of his traspaso.<\/p>  <h2>Kound\u00e9 Prioritises the Bar\u00e7a and Flick has he<\/h2>  <p>The player of 25 years always has manifested that his intention is to remain in the Cciudad Condal, where feels and is important. It does some weeks, besides, trascended that Hansi Flick had he of face to the 2024\/2025, <a data-external=\"0\" data-intl-links-en=\"https:\/\/www.fcbarcelonanoticias.com\/en\/players\/the-plan-of-hansi-flick-with-jules-kounde-for-the-next-season_304506_102.html\" data-intl-links-es=\"https:\/\/www.fcbarcelonanoticias.com\/jugadores\/plan-hansi-flick-con-jules-kounde-proxima-temporada_304506_102.html\" href=\"https:\/\/www.fcbarcelonanoticias.com\/en\/players\/the-plan-of-hansi-flick-with-jules-kounde-for-the-next-season_304506_102.html\" rel=\"follow\" target=\"_self\" title=\"El plan de Hansi Flick con Jules Kound\u00e9 para la pr\u00f3xima temporada\">with the aim that it can play like central marker.<\/a> It is the position where more likes him play and where is more solvent, although by the band has fulfilled with solvency. To be like this, will open a debate by the couple of central headlines&#8230;<strong> Taking in account that, up to now, Ronald Ara\u00fajo and Pau Cubars\u00ed have been indisputable.<\/strong><\/p> ","protected":false},"excerpt":{"rendered":"<p>According to information from Jijantes, Mikel Arteta&#8217;s Arsenal have shown interest in the possible signing of Jules Kound\u00e9 to reinforce their defensive line starting next season. The FC Barcelona is to the doors of a market of signings estival that, surely, will be quite moved. For the moment, waiting for resolving all the problems with [&hellip;]<\/p>\n","protected":false},"author":353,"featured_media":140946,"comment_status":"closed","ping_status":"open","sticky":false,"template":"","format":"standard","meta":{"_acf_changed":false,"inline_featured_image":false,"_nextfly_llmd_date_locked":false,"footnotes":""},"categories":[106,449],"tags":[102],"class_list":["post-137296","post","type-post","status-publish","format-standard","has-post-thumbnail","hentry","category-transfers","category-transfers-2","tag-arsenal"],"acf":[],"yoast_head":"<!-- This site is optimized with the Yoast SEO plugin v27.3 - https:\/\/yoast.com\/product\/yoast-seo-wordpress\/ -->\n<title>The Arsenal thinks in Jules Kound\u00e9 to reinforce his defence<\/title>\n<meta name=\"description\" content=\"According to an information of Jijantes, the Arsenal of Mikel Arteta would have showed interest in the possible incorporation of Jules Kound\u00e9 to reinforce his defensive saga from the next season\" \/>\n<meta name=\"robots\" content=\"index, follow, max-snippet:-1, max-image-preview:large, max-video-preview:-1\" \/>\n<link rel=\"canonical\" href=\"https:\/\/www.fcbarcelonanoticias.com\/en\/transfers\/the-arsenal-thinks-in-jules-kounde-to-reinforce-his-defence_304918_102.html\" \/>\n<meta property=\"og:locale\" content=\"en_US\" \/>\n<meta property=\"og:type\" content=\"article\" \/>\n<meta property=\"og:title\" content=\"The Arsenal thinks in Jules Kound\u00e9 to reinforce his defence\" \/>\n<meta property=\"og:description\" content=\"According to an information of Jijantes, the Arsenal of Mikel Arteta would have showed interest in the possible incorporation of Jules Kound\u00e9 to reinforce his defensive saga from the next season\" \/>\n<meta property=\"og:url\" content=\"https:\/\/www.fcbarcelonanoticias.com\/en\/transfers\/the-arsenal-thinks-in-jules-kounde-to-reinforce-his-defence_304918_102.html\" \/>\n<meta property=\"og:site_name\" content=\"EN - FC Barcelona Noticias\" \/>\n<meta property=\"article:published_time\" content=\"2024-06-27T15:49:00+00:00\" \/>\n<meta property=\"article:modified_time\" content=\"2024-06-30T22:24:00+00:00\" \/>\n<meta property=\"og:image\" content=\"https:\/\/www.fcbarcelonanoticias.com\/en\/wp-content\/uploads\/sites\/2\/2024\/06\/jules-kounde-durante-un-partido-con-francia.jpeg\" \/>\n\t<meta property=\"og:image:width\" content=\"1200\" \/>\n\t<meta property=\"og:image:height\" content=\"675\" \/>\n\t<meta property=\"og:image:type\" content=\"image\/jpeg\" \/>\n<meta name=\"author\" content=\"FC Barcelona Noticias\" \/>\n<meta name=\"twitter:card\" content=\"summary_large_image\" \/>\n<meta name=\"twitter:label1\" content=\"Written by\" \/>\n\t<meta name=\"twitter:data1\" content=\"FC Barcelona Noticias\" \/>\n\t<meta name=\"twitter:label2\" content=\"Est. reading time\" \/>\n\t<meta name=\"twitter:data2\" content=\"2 minutes\" \/>\n<script type=\"application\/ld+json\" class=\"yoast-schema-graph\">{\"@context\":\"https:\\\/\\\/schema.org\",\"@graph\":[{\"@type\":\"Article\",\"@id\":\"https:\\\/\\\/www.fcbarcelonanoticias.com\\\/en\\\/transfers\\\/the-arsenal-thinks-in-jules-kounde-to-reinforce-his-defence_304918_102.html#article\",\"isPartOf\":{\"@id\":\"https:\\\/\\\/www.fcbarcelonanoticias.com\\\/en\\\/transfers\\\/the-arsenal-thinks-in-jules-kounde-to-reinforce-his-defence_304918_102.html\"},\"author\":{\"name\":\"FC Barcelona Noticias\",\"@id\":\"https:\\\/\\\/www.fcbarcelonanoticias.com\\\/en\\\/#\\\/schema\\\/person\\\/0f2810101d27606974cdb8edb54fa54b\"},\"headline\":\"Arsenal are considering Jules Kound\u00e9 to strengthen their defence\",\"datePublished\":\"2024-06-27T15:49:00+00:00\",\"dateModified\":\"2024-06-30T22:24:00+00:00\",\"mainEntityOfPage\":{\"@id\":\"https:\\\/\\\/www.fcbarcelonanoticias.com\\\/en\\\/transfers\\\/the-arsenal-thinks-in-jules-kounde-to-reinforce-his-defence_304918_102.html\"},\"wordCount\":460,\"image\":{\"@id\":\"https:\\\/\\\/www.fcbarcelonanoticias.com\\\/en\\\/transfers\\\/the-arsenal-thinks-in-jules-kounde-to-reinforce-his-defence_304918_102.html#primaryimage\"},\"thumbnailUrl\":\"https:\\\/\\\/www.fcbarcelonanoticias.com\\\/en\\\/wp-content\\\/uploads\\\/sites\\\/2\\\/2024\\\/06\\\/jules-kounde-durante-un-partido-con-francia.jpeg\",\"keywords\":[\"Arsenal\"],\"articleSection\":[\"Transfers\",\"Transfers\"],\"inLanguage\":\"en-US\"},{\"@type\":\"WebPage\",\"@id\":\"https:\\\/\\\/www.fcbarcelonanoticias.com\\\/en\\\/transfers\\\/the-arsenal-thinks-in-jules-kounde-to-reinforce-his-defence_304918_102.html\",\"url\":\"https:\\\/\\\/www.fcbarcelonanoticias.com\\\/en\\\/transfers\\\/the-arsenal-thinks-in-jules-kounde-to-reinforce-his-defence_304918_102.html\",\"name\":\"The Arsenal thinks in Jules Kound\u00e9 to reinforce his defence\",\"isPartOf\":{\"@id\":\"https:\\\/\\\/www.fcbarcelonanoticias.com\\\/en\\\/#website\"},\"primaryImageOfPage\":{\"@id\":\"https:\\\/\\\/www.fcbarcelonanoticias.com\\\/en\\\/transfers\\\/the-arsenal-thinks-in-jules-kounde-to-reinforce-his-defence_304918_102.html#primaryimage\"},\"image\":{\"@id\":\"https:\\\/\\\/www.fcbarcelonanoticias.com\\\/en\\\/transfers\\\/the-arsenal-thinks-in-jules-kounde-to-reinforce-his-defence_304918_102.html#primaryimage\"},\"thumbnailUrl\":\"https:\\\/\\\/www.fcbarcelonanoticias.com\\\/en\\\/wp-content\\\/uploads\\\/sites\\\/2\\\/2024\\\/06\\\/jules-kounde-durante-un-partido-con-francia.jpeg\",\"datePublished\":\"2024-06-27T15:49:00+00:00\",\"dateModified\":\"2024-06-30T22:24:00+00:00\",\"author\":{\"@id\":\"https:\\\/\\\/www.fcbarcelonanoticias.com\\\/en\\\/#\\\/schema\\\/person\\\/0f2810101d27606974cdb8edb54fa54b\"},\"description\":\"According to an information of Jijantes, the Arsenal of Mikel Arteta would have showed interest in the possible incorporation of Jules Kound\u00e9 to reinforce his defensive saga from the next season\",\"breadcrumb\":{\"@id\":\"https:\\\/\\\/www.fcbarcelonanoticias.com\\\/en\\\/transfers\\\/the-arsenal-thinks-in-jules-kounde-to-reinforce-his-defence_304918_102.html#breadcrumb\"},\"inLanguage\":\"en-US\",\"potentialAction\":[{\"@type\":\"ReadAction\",\"target\":[\"https:\\\/\\\/www.fcbarcelonanoticias.com\\\/en\\\/transfers\\\/the-arsenal-thinks-in-jules-kounde-to-reinforce-his-defence_304918_102.html\"]}]},{\"@type\":\"ImageObject\",\"inLanguage\":\"en-US\",\"@id\":\"https:\\\/\\\/www.fcbarcelonanoticias.com\\\/en\\\/transfers\\\/the-arsenal-thinks-in-jules-kounde-to-reinforce-his-defence_304918_102.html#primaryimage\",\"url\":\"https:\\\/\\\/www.fcbarcelonanoticias.com\\\/en\\\/wp-content\\\/uploads\\\/sites\\\/2\\\/2024\\\/06\\\/jules-kounde-durante-un-partido-con-francia.jpeg\",\"contentUrl\":\"https:\\\/\\\/www.fcbarcelonanoticias.com\\\/en\\\/wp-content\\\/uploads\\\/sites\\\/2\\\/2024\\\/06\\\/jules-kounde-durante-un-partido-con-francia.jpeg\",\"width\":1200,\"height\":675},{\"@type\":\"BreadcrumbList\",\"@id\":\"https:\\\/\\\/www.fcbarcelonanoticias.com\\\/en\\\/transfers\\\/the-arsenal-thinks-in-jules-kounde-to-reinforce-his-defence_304918_102.html#breadcrumb\",\"itemListElement\":[{\"@type\":\"ListItem\",\"position\":1,\"name\":\"Portada\",\"item\":\"https:\\\/\\\/www.fcbarcelonanoticias.com\\\/en\\\/\"},{\"@type\":\"ListItem\",\"position\":2,\"name\":\"Arsenal are considering Jules Kound\u00e9 to strengthen their defence\"}]},{\"@type\":\"WebSite\",\"@id\":\"https:\\\/\\\/www.fcbarcelonanoticias.com\\\/en\\\/#website\",\"url\":\"https:\\\/\\\/www.fcbarcelonanoticias.com\\\/en\\\/\",\"name\":\"EN - FC Barcelona Noticias\",\"description\":\"\",\"potentialAction\":[{\"@type\":\"SearchAction\",\"target\":{\"@type\":\"EntryPoint\",\"urlTemplate\":\"https:\\\/\\\/www.fcbarcelonanoticias.com\\\/en\\\/?s={search_term_string}\"},\"query-input\":{\"@type\":\"PropertyValueSpecification\",\"valueRequired\":true,\"valueName\":\"search_term_string\"}}],\"inLanguage\":\"en-US\"},{\"@type\":\"Person\",\"@id\":\"https:\\\/\\\/www.fcbarcelonanoticias.com\\\/en\\\/#\\\/schema\\\/person\\\/0f2810101d27606974cdb8edb54fa54b\",\"name\":\"FC Barcelona Noticias\",\"image\":{\"@type\":\"ImageObject\",\"inLanguage\":\"en-US\",\"@id\":\"https:\\\/\\\/secure.gravatar.com\\\/avatar\\\/?s=96&d=mm&r=g\",\"url\":\"https:\\\/\\\/secure.gravatar.com\\\/avatar\\\/?s=96&d=mm&r=g\",\"contentUrl\":\"https:\\\/\\\/secure.gravatar.com\\\/avatar\\\/?s=96&d=mm&r=g\",\"caption\":\"FC Barcelona Noticias\"},\"url\":\"https:\\\/\\\/www.fcbarcelonanoticias.com\\\/en\\\/fc-barcelona\\\/fcbn-writing-fc-barcelona-news_6_115.html\"}]}<\/script>\n<!-- \/ Yoast SEO plugin. -->","yoast_head_json":{"title":"The Arsenal thinks in Jules Kound\u00e9 to reinforce his defence","description":"According to an information of Jijantes, the Arsenal of Mikel Arteta would have showed interest in the possible incorporation of Jules Kound\u00e9 to reinforce his defensive saga from the next season","robots":{"index":"index","follow":"follow","max-snippet":"max-snippet:-1","max-image-preview":"max-image-preview:large","max-video-preview":"max-video-preview:-1"},"canonical":"https:\/\/www.fcbarcelonanoticias.com\/en\/transfers\/the-arsenal-thinks-in-jules-kounde-to-reinforce-his-defence_304918_102.html","og_locale":"en_US","og_type":"article","og_title":"The Arsenal thinks in Jules Kound\u00e9 to reinforce his defence","og_description":"According to an information of Jijantes, the Arsenal of Mikel Arteta would have showed interest in the possible incorporation of Jules Kound\u00e9 to reinforce his defensive saga from the next season","og_url":"https:\/\/www.fcbarcelonanoticias.com\/en\/transfers\/the-arsenal-thinks-in-jules-kounde-to-reinforce-his-defence_304918_102.html","og_site_name":"EN - FC Barcelona Noticias","article_published_time":"2024-06-27T15:49:00+00:00","article_modified_time":"2024-06-30T22:24:00+00:00","og_image":[{"width":1200,"height":675,"url":"https:\/\/www.fcbarcelonanoticias.com\/en\/wp-content\/uploads\/sites\/2\/2024\/06\/jules-kounde-durante-un-partido-con-francia.jpeg","type":"image\/jpeg"}],"author":"FC Barcelona Noticias","twitter_card":"summary_large_image","twitter_misc":{"Written by":"FC Barcelona Noticias","Est. reading time":"2 minutes"},"schema":{"@context":"https:\/\/schema.org","@graph":[{"@type":"Article","@id":"https:\/\/www.fcbarcelonanoticias.com\/en\/transfers\/the-arsenal-thinks-in-jules-kounde-to-reinforce-his-defence_304918_102.html#article","isPartOf":{"@id":"https:\/\/www.fcbarcelonanoticias.com\/en\/transfers\/the-arsenal-thinks-in-jules-kounde-to-reinforce-his-defence_304918_102.html"},"author":{"name":"FC Barcelona Noticias","@id":"https:\/\/www.fcbarcelonanoticias.com\/en\/#\/schema\/person\/0f2810101d27606974cdb8edb54fa54b"},"headline":"Arsenal are considering Jules Kound\u00e9 to strengthen their defence","datePublished":"2024-06-27T15:49:00+00:00","dateModified":"2024-06-30T22:24:00+00:00","mainEntityOfPage":{"@id":"https:\/\/www.fcbarcelonanoticias.com\/en\/transfers\/the-arsenal-thinks-in-jules-kounde-to-reinforce-his-defence_304918_102.html"},"wordCount":460,"image":{"@id":"https:\/\/www.fcbarcelonanoticias.com\/en\/transfers\/the-arsenal-thinks-in-jules-kounde-to-reinforce-his-defence_304918_102.html#primaryimage"},"thumbnailUrl":"https:\/\/www.fcbarcelonanoticias.com\/en\/wp-content\/uploads\/sites\/2\/2024\/06\/jules-kounde-durante-un-partido-con-francia.jpeg","keywords":["Arsenal"],"articleSection":["Transfers","Transfers"],"inLanguage":"en-US"},{"@type":"WebPage","@id":"https:\/\/www.fcbarcelonanoticias.com\/en\/transfers\/the-arsenal-thinks-in-jules-kounde-to-reinforce-his-defence_304918_102.html","url":"https:\/\/www.fcbarcelonanoticias.com\/en\/transfers\/the-arsenal-thinks-in-jules-kounde-to-reinforce-his-defence_304918_102.html","name":"The Arsenal thinks in Jules Kound\u00e9 to reinforce his defence","isPartOf":{"@id":"https:\/\/www.fcbarcelonanoticias.com\/en\/#website"},"primaryImageOfPage":{"@id":"https:\/\/www.fcbarcelonanoticias.com\/en\/transfers\/the-arsenal-thinks-in-jules-kounde-to-reinforce-his-defence_304918_102.html#primaryimage"},"image":{"@id":"https:\/\/www.fcbarcelonanoticias.com\/en\/transfers\/the-arsenal-thinks-in-jules-kounde-to-reinforce-his-defence_304918_102.html#primaryimage"},"thumbnailUrl":"https:\/\/www.fcbarcelonanoticias.com\/en\/wp-content\/uploads\/sites\/2\/2024\/06\/jules-kounde-durante-un-partido-con-francia.jpeg","datePublished":"2024-06-27T15:49:00+00:00","dateModified":"2024-06-30T22:24:00+00:00","author":{"@id":"https:\/\/www.fcbarcelonanoticias.com\/en\/#\/schema\/person\/0f2810101d27606974cdb8edb54fa54b"},"description":"According to an information of Jijantes, the Arsenal of Mikel Arteta would have showed interest in the possible incorporation of Jules Kound\u00e9 to reinforce his defensive saga from the next season","breadcrumb":{"@id":"https:\/\/www.fcbarcelonanoticias.com\/en\/transfers\/the-arsenal-thinks-in-jules-kounde-to-reinforce-his-defence_304918_102.html#breadcrumb"},"inLanguage":"en-US","potentialAction":[{"@type":"ReadAction","target":["https:\/\/www.fcbarcelonanoticias.com\/en\/transfers\/the-arsenal-thinks-in-jules-kounde-to-reinforce-his-defence_304918_102.html"]}]},{"@type":"ImageObject","inLanguage":"en-US","@id":"https:\/\/www.fcbarcelonanoticias.com\/en\/transfers\/the-arsenal-thinks-in-jules-kounde-to-reinforce-his-defence_304918_102.html#primaryimage","url":"https:\/\/www.fcbarcelonanoticias.com\/en\/wp-content\/uploads\/sites\/2\/2024\/06\/jules-kounde-durante-un-partido-con-francia.jpeg","contentUrl":"https:\/\/www.fcbarcelonanoticias.com\/en\/wp-content\/uploads\/sites\/2\/2024\/06\/jules-kounde-durante-un-partido-con-francia.jpeg","width":1200,"height":675},{"@type":"BreadcrumbList","@id":"https:\/\/www.fcbarcelonanoticias.com\/en\/transfers\/the-arsenal-thinks-in-jules-kounde-to-reinforce-his-defence_304918_102.html#breadcrumb","itemListElement":[{"@type":"ListItem","position":1,"name":"Portada","item":"https:\/\/www.fcbarcelonanoticias.com\/en\/"},{"@type":"ListItem","position":2,"name":"Arsenal are considering Jules Kound\u00e9 to strengthen their defence"}]},{"@type":"WebSite","@id":"https:\/\/www.fcbarcelonanoticias.com\/en\/#website","url":"https:\/\/www.fcbarcelonanoticias.com\/en\/","name":"EN - FC Barcelona Noticias","description":"","potentialAction":[{"@type":"SearchAction","target":{"@type":"EntryPoint","urlTemplate":"https:\/\/www.fcbarcelonanoticias.com\/en\/?s={search_term_string}"},"query-input":{"@type":"PropertyValueSpecification","valueRequired":true,"valueName":"search_term_string"}}],"inLanguage":"en-US"},{"@type":"Person","@id":"https:\/\/www.fcbarcelonanoticias.com\/en\/#\/schema\/person\/0f2810101d27606974cdb8edb54fa54b","name":"FC Barcelona Noticias","image":{"@type":"ImageObject","inLanguage":"en-US","@id":"https:\/\/secure.gravatar.com\/avatar\/?s=96&d=mm&r=g","url":"https:\/\/secure.gravatar.com\/avatar\/?s=96&d=mm&r=g","contentUrl":"https:\/\/secure.gravatar.com\/avatar\/?s=96&d=mm&r=g","caption":"FC Barcelona Noticias"},"url":"https:\/\/www.fcbarcelonanoticias.com\/en\/fc-barcelona\/fcbn-writing-fc-barcelona-news_6_115.html"}]}},"_links":{"self":[{"href":"https:\/\/www.fcbarcelonanoticias.com\/en\/wp-json\/wp\/v2\/posts\/137296","targetHints":{"allow":["GET"]}}],"collection":[{"href":"https:\/\/www.fcbarcelonanoticias.com\/en\/wp-json\/wp\/v2\/posts"}],"about":[{"href":"https:\/\/www.fcbarcelonanoticias.com\/en\/wp-json\/wp\/v2\/types\/post"}],"author":[{"embeddable":true,"href":"https:\/\/www.fcbarcelonanoticias.com\/en\/wp-json\/wp\/v2\/users\/353"}],"replies":[{"embeddable":true,"href":"https:\/\/www.fcbarcelonanoticias.com\/en\/wp-json\/wp\/v2\/comments?post=137296"}],"version-history":[{"count":1,"href":"https:\/\/www.fcbarcelonanoticias.com\/en\/wp-json\/wp\/v2\/posts\/137296\/revisions"}],"predecessor-version":[{"id":140945,"href":"https:\/\/www.fcbarcelonanoticias.com\/en\/wp-json\/wp\/v2\/posts\/137296\/revisions\/140945"}],"wp:featuredmedia":[{"embeddable":true,"href":"https:\/\/www.fcbarcelonanoticias.com\/en\/wp-json\/wp\/v2\/media\/140946"}],"wp:attachment":[{"href":"https:\/\/www.fcbarcelonanoticias.com\/en\/wp-json\/wp\/v2\/media?parent=137296"}],"wp:term":[{"taxonomy":"category","embeddable":true,"href":"https:\/\/www.fcbarcelonanoticias.com\/en\/wp-json\/wp\/v2\/categories?post=137296"},{"taxonomy":"post_tag","embeddable":true,"href":"https:\/\/www.fcbarcelonanoticias.com\/en\/wp-json\/wp\/v2\/tags?post=137296"}],"curies":[{"name":"wp","href":"https:\/\/api.w.org\/{rel}","templated":true}]}}