{"id":137325,"date":"2023-10-26T19:25:00","date_gmt":"2023-10-26T17:25:00","guid":{"rendered":"https:\/\/weisetech.dev\/fc-barcelona-noticias\/en\/the-fc-barcelona-had-in-his-diary-to-dean-huijsen_297469_102\/"},"modified":"2023-10-26T19:25:00","modified_gmt":"2023-10-26T17:25:00","slug":"the-fc-barcelona-had-in-his-diary-to-dean-huijsen_297469_102","status":"publish","type":"post","link":"https:\/\/www.fcbarcelonanoticias.com\/en\/transfers\/the-fc-barcelona-had-in-his-diary-to-dean-huijsen_297469_102.html","title":{"rendered":"FC Barcelona had Dean Huijsen on its agenda"},"content":{"rendered":"<h2 class=\"wp-block-heading\">As it has confessed the agent of Dean Huijsen, the FC Barcelona was in conversations to do  with the services of the new &#8216;perla&#8217; of Europe in 2021. Jordi Cruyff, entoonces sportive director, tried to carry him to the City Conda<\/h2>  \r\n<div class=\"article-addons\">\r\n    <a href=\"https:\/\/www.fcbarcelonanoticias.com\/en\/calendar-fc-barcelona.html\"\r\n       target=\"_self\"\r\n       title=\"Calendar of FC Barcelona\"\r\n       class=\"blue-gredient-btn\">\r\n       \r\n        Calendar of FC Barcelona    <\/a>\r\n<\/div>   <p><strong>The debut of Dean Huijsen with the first team of the Juventus has not left indifferent to anybody<\/strong> and, from very soon, is called to be one of the players that are called to mark a period. Already it is compared with players like Matthijs of Ligt and there are a lot of hopes put in him, although hardly it has 18 years and is premi\u00e8ring with the Vecchia Signora.<\/p>  <p>The true is that<strong> it has been related with <a data-external=\"0\" data-intl-links-en=\"https:\/\/www.fcbarcelonanoticias.com\/en\/fc-barcelona\" data-intl-links-es=\"https:\/\/www.fcbarcelonanoticias.com\/fc-barcelona\" href=\"https:\/\/www.fcbarcelonanoticias.com\/en\/football-soccer\/fc-barcelona.html\" rel=\"follow\" target=\"_self\" title=\"FC Barcelona\">the FC Barcelona<\/a> recently, but is a quite old interest. <\/strong>The blaugana already tried to do with his services before recalara in the inferior categories of the Juventus, to the equal that the Bayern of Munich. However, it preferred recalar in Tur\u00edn to develop like footballer. Now, it is collecting the fruits after du debut with the first team.<\/p>  <p>Alex Santisteban, agent of the footballer of 18 years, has offered recently an interview to &#8216;Tuttosport&#8217; in which it has spoken on the reasons that carried to Dean Huijsen to choose to the Juventus like his destination, although it received the interest of several important teams like Bar\u00e7a or Bayern. <strong>Had a lot of reasons, between them his idols of the infancy and players in which fixed to improve his performance on the terrain of game. <\/strong><\/p>  <h2>The statements of the agent Dean Huijsen<\/h2>  <p>In concrete, has said that &#8220;even Jordi Cruyff, when it was sportive director of the Bar\u00e7a, tried ficharle personally. P<strong>ero Prefer the Juventus to the Bar\u00e7a or to the Bayern Munich by two reasons: the first was the clarity of the Juventus. <\/strong>They explained with surgical precision and understanding the type of career that could have the player. Had all thinking for Dean, step by step. Us enamoramos immediately&#8221;, confessed.<\/p>  <p>Likewise, it has aimed that &#8220;second, the boy wanted to play in the Series To, an ideal league to develop like defence, so much technical like t\u00e1cticamente. The Series To is a m\u00e1ster for the defences, as it can be it the Bar\u00e7a for a midfield player or the Real Madrid for a playmaker. <strong>It inspires in Chiellini, Sergio Bouquets, Go Dijk and Of Ligt, wants to follow his steps&#8221;.<\/strong><\/p> ","protected":false},"excerpt":{"rendered":"<p>As it has confessed the agent of Dean Huijsen, the FC Barcelona was in conversations to do with the services of the new &#8216;perla&#8217; of Europe in 2021. Jordi Cruyff, entoonces sportive director, tried to carry him to the City Conda The debut of Dean Huijsen with the first team of the Juventus has not [&hellip;]<\/p>\n","protected":false},"author":0,"featured_media":140926,"comment_status":"closed","ping_status":"open","sticky":false,"template":"","format":"standard","meta":{"_acf_changed":false,"inline_featured_image":false,"_nextfly_llmd_date_locked":false,"footnotes":""},"categories":[106,449],"tags":[105],"class_list":["post-137325","post","type-post","status-publish","format-standard","has-post-thumbnail","hentry","category-transfers","category-transfers-2","tag-juventus"],"acf":[],"yoast_head":"<!-- This site is optimized with the Yoast SEO plugin v27.3 - https:\/\/yoast.com\/product\/yoast-seo-wordpress\/ -->\n<title>The FC Barcelona had in his diary to Dean Huijsen<\/title>\n<meta name=\"description\" content=\"As it has confessed the agent of Dean Huijsen, the FC Barcelona was in conversations to do with the services of the new &#039;perla&#039; of Europe in 2021. Jordi Cruyff, entoonces sportive director, tried to carry him to the City Conda\" \/>\n<meta name=\"robots\" content=\"index, follow, max-snippet:-1, max-image-preview:large, max-video-preview:-1\" \/>\n<link rel=\"canonical\" href=\"https:\/\/www.fcbarcelonanoticias.com\/en\/transfers\/the-fc-barcelona-had-in-his-diary-to-dean-huijsen_297469_102.html\" \/>\n<meta property=\"og:locale\" content=\"en_US\" \/>\n<meta property=\"og:type\" content=\"article\" \/>\n<meta property=\"og:title\" content=\"The FC Barcelona had in his diary to Dean Huijsen\" \/>\n<meta property=\"og:description\" content=\"As it has confessed the agent of Dean Huijsen, the FC Barcelona was in conversations to do with the services of the new &#039;perla&#039; of Europe in 2021. Jordi Cruyff, entoonces sportive director, tried to carry him to the City Conda\" \/>\n<meta property=\"og:url\" content=\"https:\/\/www.fcbarcelonanoticias.com\/en\/transfers\/the-fc-barcelona-had-in-his-diary-to-dean-huijsen_297469_102.html\" \/>\n<meta property=\"og:site_name\" content=\"EN - FC Barcelona Noticias\" \/>\n<meta property=\"article:published_time\" content=\"2023-10-26T17:25:00+00:00\" \/>\n<meta property=\"og:image\" content=\"https:\/\/www.fcbarcelonanoticias.com\/en\/wp-content\/uploads\/sites\/2\/2023\/10\/dean-huijsen-en-un-partido-de-la-juventus.jpeg\" \/>\n\t<meta property=\"og:image:width\" content=\"1200\" \/>\n\t<meta property=\"og:image:height\" content=\"675\" \/>\n\t<meta property=\"og:image:type\" content=\"image\/jpeg\" \/>\n<meta name=\"twitter:card\" content=\"summary_large_image\" \/>\n<meta name=\"twitter:label1\" content=\"Est. reading time\" \/>\n\t<meta name=\"twitter:data1\" content=\"2 minutes\" \/>\n<script type=\"application\/ld+json\" class=\"yoast-schema-graph\">{\"@context\":\"https:\\\/\\\/schema.org\",\"@graph\":[{\"@type\":\"Article\",\"@id\":\"https:\\\/\\\/www.fcbarcelonanoticias.com\\\/en\\\/transfers\\\/the-fc-barcelona-had-in-his-diary-to-dean-huijsen_297469_102.html#article\",\"isPartOf\":{\"@id\":\"https:\\\/\\\/www.fcbarcelonanoticias.com\\\/en\\\/transfers\\\/the-fc-barcelona-had-in-his-diary-to-dean-huijsen_297469_102.html\"},\"author\":{\"name\":\"\",\"@id\":\"\"},\"headline\":\"FC Barcelona had Dean Huijsen on its agenda\",\"datePublished\":\"2023-10-26T17:25:00+00:00\",\"mainEntityOfPage\":{\"@id\":\"https:\\\/\\\/www.fcbarcelonanoticias.com\\\/en\\\/transfers\\\/the-fc-barcelona-had-in-his-diary-to-dean-huijsen_297469_102.html\"},\"wordCount\":415,\"image\":{\"@id\":\"https:\\\/\\\/www.fcbarcelonanoticias.com\\\/en\\\/transfers\\\/the-fc-barcelona-had-in-his-diary-to-dean-huijsen_297469_102.html#primaryimage\"},\"thumbnailUrl\":\"https:\\\/\\\/www.fcbarcelonanoticias.com\\\/en\\\/wp-content\\\/uploads\\\/sites\\\/2\\\/2023\\\/10\\\/dean-huijsen-en-un-partido-de-la-juventus.jpeg\",\"keywords\":[\"Juventus\"],\"articleSection\":[\"Transfers\",\"Transfers\"],\"inLanguage\":\"en-US\"},{\"@type\":\"WebPage\",\"@id\":\"https:\\\/\\\/www.fcbarcelonanoticias.com\\\/en\\\/transfers\\\/the-fc-barcelona-had-in-his-diary-to-dean-huijsen_297469_102.html\",\"url\":\"https:\\\/\\\/www.fcbarcelonanoticias.com\\\/en\\\/transfers\\\/the-fc-barcelona-had-in-his-diary-to-dean-huijsen_297469_102.html\",\"name\":\"The FC Barcelona had in his diary to Dean Huijsen\",\"isPartOf\":{\"@id\":\"https:\\\/\\\/www.fcbarcelonanoticias.com\\\/en\\\/#website\"},\"primaryImageOfPage\":{\"@id\":\"https:\\\/\\\/www.fcbarcelonanoticias.com\\\/en\\\/transfers\\\/the-fc-barcelona-had-in-his-diary-to-dean-huijsen_297469_102.html#primaryimage\"},\"image\":{\"@id\":\"https:\\\/\\\/www.fcbarcelonanoticias.com\\\/en\\\/transfers\\\/the-fc-barcelona-had-in-his-diary-to-dean-huijsen_297469_102.html#primaryimage\"},\"thumbnailUrl\":\"https:\\\/\\\/www.fcbarcelonanoticias.com\\\/en\\\/wp-content\\\/uploads\\\/sites\\\/2\\\/2023\\\/10\\\/dean-huijsen-en-un-partido-de-la-juventus.jpeg\",\"datePublished\":\"2023-10-26T17:25:00+00:00\",\"author\":{\"@id\":\"\"},\"description\":\"As it has confessed the agent of Dean Huijsen, the FC Barcelona was in conversations to do with the services of the new 'perla' of Europe in 2021. Jordi Cruyff, entoonces sportive director, tried to carry him to the City Conda\",\"breadcrumb\":{\"@id\":\"https:\\\/\\\/www.fcbarcelonanoticias.com\\\/en\\\/transfers\\\/the-fc-barcelona-had-in-his-diary-to-dean-huijsen_297469_102.html#breadcrumb\"},\"inLanguage\":\"en-US\",\"potentialAction\":[{\"@type\":\"ReadAction\",\"target\":[\"https:\\\/\\\/www.fcbarcelonanoticias.com\\\/en\\\/transfers\\\/the-fc-barcelona-had-in-his-diary-to-dean-huijsen_297469_102.html\"]}]},{\"@type\":\"ImageObject\",\"inLanguage\":\"en-US\",\"@id\":\"https:\\\/\\\/www.fcbarcelonanoticias.com\\\/en\\\/transfers\\\/the-fc-barcelona-had-in-his-diary-to-dean-huijsen_297469_102.html#primaryimage\",\"url\":\"https:\\\/\\\/www.fcbarcelonanoticias.com\\\/en\\\/wp-content\\\/uploads\\\/sites\\\/2\\\/2023\\\/10\\\/dean-huijsen-en-un-partido-de-la-juventus.jpeg\",\"contentUrl\":\"https:\\\/\\\/www.fcbarcelonanoticias.com\\\/en\\\/wp-content\\\/uploads\\\/sites\\\/2\\\/2023\\\/10\\\/dean-huijsen-en-un-partido-de-la-juventus.jpeg\",\"width\":1200,\"height\":675},{\"@type\":\"BreadcrumbList\",\"@id\":\"https:\\\/\\\/www.fcbarcelonanoticias.com\\\/en\\\/transfers\\\/the-fc-barcelona-had-in-his-diary-to-dean-huijsen_297469_102.html#breadcrumb\",\"itemListElement\":[{\"@type\":\"ListItem\",\"position\":1,\"name\":\"Portada\",\"item\":\"https:\\\/\\\/www.fcbarcelonanoticias.com\\\/en\\\/\"},{\"@type\":\"ListItem\",\"position\":2,\"name\":\"FC Barcelona had Dean Huijsen on its agenda\"}]},{\"@type\":\"WebSite\",\"@id\":\"https:\\\/\\\/www.fcbarcelonanoticias.com\\\/en\\\/#website\",\"url\":\"https:\\\/\\\/www.fcbarcelonanoticias.com\\\/en\\\/\",\"name\":\"EN - FC Barcelona Noticias\",\"description\":\"\",\"potentialAction\":[{\"@type\":\"SearchAction\",\"target\":{\"@type\":\"EntryPoint\",\"urlTemplate\":\"https:\\\/\\\/www.fcbarcelonanoticias.com\\\/en\\\/?s={search_term_string}\"},\"query-input\":{\"@type\":\"PropertyValueSpecification\",\"valueRequired\":true,\"valueName\":\"search_term_string\"}}],\"inLanguage\":\"en-US\"}]}<\/script>\n<!-- \/ Yoast SEO plugin. -->","yoast_head_json":{"title":"The FC Barcelona had in his diary to Dean Huijsen","description":"As it has confessed the agent of Dean Huijsen, the FC Barcelona was in conversations to do with the services of the new 'perla' of Europe in 2021. Jordi Cruyff, entoonces sportive director, tried to carry him to the City Conda","robots":{"index":"index","follow":"follow","max-snippet":"max-snippet:-1","max-image-preview":"max-image-preview:large","max-video-preview":"max-video-preview:-1"},"canonical":"https:\/\/www.fcbarcelonanoticias.com\/en\/transfers\/the-fc-barcelona-had-in-his-diary-to-dean-huijsen_297469_102.html","og_locale":"en_US","og_type":"article","og_title":"The FC Barcelona had in his diary to Dean Huijsen","og_description":"As it has confessed the agent of Dean Huijsen, the FC Barcelona was in conversations to do with the services of the new 'perla' of Europe in 2021. Jordi Cruyff, entoonces sportive director, tried to carry him to the City Conda","og_url":"https:\/\/www.fcbarcelonanoticias.com\/en\/transfers\/the-fc-barcelona-had-in-his-diary-to-dean-huijsen_297469_102.html","og_site_name":"EN - FC Barcelona Noticias","article_published_time":"2023-10-26T17:25:00+00:00","og_image":[{"width":1200,"height":675,"url":"https:\/\/www.fcbarcelonanoticias.com\/en\/wp-content\/uploads\/sites\/2\/2023\/10\/dean-huijsen-en-un-partido-de-la-juventus.jpeg","type":"image\/jpeg"}],"twitter_card":"summary_large_image","twitter_misc":{"Est. reading time":"2 minutes"},"schema":{"@context":"https:\/\/schema.org","@graph":[{"@type":"Article","@id":"https:\/\/www.fcbarcelonanoticias.com\/en\/transfers\/the-fc-barcelona-had-in-his-diary-to-dean-huijsen_297469_102.html#article","isPartOf":{"@id":"https:\/\/www.fcbarcelonanoticias.com\/en\/transfers\/the-fc-barcelona-had-in-his-diary-to-dean-huijsen_297469_102.html"},"author":{"name":"","@id":""},"headline":"FC Barcelona had Dean Huijsen on its agenda","datePublished":"2023-10-26T17:25:00+00:00","mainEntityOfPage":{"@id":"https:\/\/www.fcbarcelonanoticias.com\/en\/transfers\/the-fc-barcelona-had-in-his-diary-to-dean-huijsen_297469_102.html"},"wordCount":415,"image":{"@id":"https:\/\/www.fcbarcelonanoticias.com\/en\/transfers\/the-fc-barcelona-had-in-his-diary-to-dean-huijsen_297469_102.html#primaryimage"},"thumbnailUrl":"https:\/\/www.fcbarcelonanoticias.com\/en\/wp-content\/uploads\/sites\/2\/2023\/10\/dean-huijsen-en-un-partido-de-la-juventus.jpeg","keywords":["Juventus"],"articleSection":["Transfers","Transfers"],"inLanguage":"en-US"},{"@type":"WebPage","@id":"https:\/\/www.fcbarcelonanoticias.com\/en\/transfers\/the-fc-barcelona-had-in-his-diary-to-dean-huijsen_297469_102.html","url":"https:\/\/www.fcbarcelonanoticias.com\/en\/transfers\/the-fc-barcelona-had-in-his-diary-to-dean-huijsen_297469_102.html","name":"The FC Barcelona had in his diary to Dean Huijsen","isPartOf":{"@id":"https:\/\/www.fcbarcelonanoticias.com\/en\/#website"},"primaryImageOfPage":{"@id":"https:\/\/www.fcbarcelonanoticias.com\/en\/transfers\/the-fc-barcelona-had-in-his-diary-to-dean-huijsen_297469_102.html#primaryimage"},"image":{"@id":"https:\/\/www.fcbarcelonanoticias.com\/en\/transfers\/the-fc-barcelona-had-in-his-diary-to-dean-huijsen_297469_102.html#primaryimage"},"thumbnailUrl":"https:\/\/www.fcbarcelonanoticias.com\/en\/wp-content\/uploads\/sites\/2\/2023\/10\/dean-huijsen-en-un-partido-de-la-juventus.jpeg","datePublished":"2023-10-26T17:25:00+00:00","author":{"@id":""},"description":"As it has confessed the agent of Dean Huijsen, the FC Barcelona was in conversations to do with the services of the new 'perla' of Europe in 2021. Jordi Cruyff, entoonces sportive director, tried to carry him to the City Conda","breadcrumb":{"@id":"https:\/\/www.fcbarcelonanoticias.com\/en\/transfers\/the-fc-barcelona-had-in-his-diary-to-dean-huijsen_297469_102.html#breadcrumb"},"inLanguage":"en-US","potentialAction":[{"@type":"ReadAction","target":["https:\/\/www.fcbarcelonanoticias.com\/en\/transfers\/the-fc-barcelona-had-in-his-diary-to-dean-huijsen_297469_102.html"]}]},{"@type":"ImageObject","inLanguage":"en-US","@id":"https:\/\/www.fcbarcelonanoticias.com\/en\/transfers\/the-fc-barcelona-had-in-his-diary-to-dean-huijsen_297469_102.html#primaryimage","url":"https:\/\/www.fcbarcelonanoticias.com\/en\/wp-content\/uploads\/sites\/2\/2023\/10\/dean-huijsen-en-un-partido-de-la-juventus.jpeg","contentUrl":"https:\/\/www.fcbarcelonanoticias.com\/en\/wp-content\/uploads\/sites\/2\/2023\/10\/dean-huijsen-en-un-partido-de-la-juventus.jpeg","width":1200,"height":675},{"@type":"BreadcrumbList","@id":"https:\/\/www.fcbarcelonanoticias.com\/en\/transfers\/the-fc-barcelona-had-in-his-diary-to-dean-huijsen_297469_102.html#breadcrumb","itemListElement":[{"@type":"ListItem","position":1,"name":"Portada","item":"https:\/\/www.fcbarcelonanoticias.com\/en\/"},{"@type":"ListItem","position":2,"name":"FC Barcelona had Dean Huijsen on its agenda"}]},{"@type":"WebSite","@id":"https:\/\/www.fcbarcelonanoticias.com\/en\/#website","url":"https:\/\/www.fcbarcelonanoticias.com\/en\/","name":"EN - FC Barcelona Noticias","description":"","potentialAction":[{"@type":"SearchAction","target":{"@type":"EntryPoint","urlTemplate":"https:\/\/www.fcbarcelonanoticias.com\/en\/?s={search_term_string}"},"query-input":{"@type":"PropertyValueSpecification","valueRequired":true,"valueName":"search_term_string"}}],"inLanguage":"en-US"}]}},"_links":{"self":[{"href":"https:\/\/www.fcbarcelonanoticias.com\/en\/wp-json\/wp\/v2\/posts\/137325","targetHints":{"allow":["GET"]}}],"collection":[{"href":"https:\/\/www.fcbarcelonanoticias.com\/en\/wp-json\/wp\/v2\/posts"}],"about":[{"href":"https:\/\/www.fcbarcelonanoticias.com\/en\/wp-json\/wp\/v2\/types\/post"}],"replies":[{"embeddable":true,"href":"https:\/\/www.fcbarcelonanoticias.com\/en\/wp-json\/wp\/v2\/comments?post=137325"}],"version-history":[{"count":1,"href":"https:\/\/www.fcbarcelonanoticias.com\/en\/wp-json\/wp\/v2\/posts\/137325\/revisions"}],"predecessor-version":[{"id":140925,"href":"https:\/\/www.fcbarcelonanoticias.com\/en\/wp-json\/wp\/v2\/posts\/137325\/revisions\/140925"}],"wp:featuredmedia":[{"embeddable":true,"href":"https:\/\/www.fcbarcelonanoticias.com\/en\/wp-json\/wp\/v2\/media\/140926"}],"wp:attachment":[{"href":"https:\/\/www.fcbarcelonanoticias.com\/en\/wp-json\/wp\/v2\/media?parent=137325"}],"wp:term":[{"taxonomy":"category","embeddable":true,"href":"https:\/\/www.fcbarcelonanoticias.com\/en\/wp-json\/wp\/v2\/categories?post=137325"},{"taxonomy":"post_tag","embeddable":true,"href":"https:\/\/www.fcbarcelonanoticias.com\/en\/wp-json\/wp\/v2\/tags?post=137325"}],"curies":[{"name":"wp","href":"https:\/\/api.w.org\/{rel}","templated":true}]}}