{"id":137365,"date":"2024-07-19T15:33:00","date_gmt":"2024-07-19T13:33:00","guid":{"rendered":"https:\/\/weisetech.dev\/fc-barcelona-noticias\/en\/the-aston-villa-does-official-the-signing-of-an-aim-of-the-barca-for-the-extreme_305593_102\/"},"modified":"2024-07-19T15:33:00","modified_gmt":"2024-07-19T13:33:00","slug":"the-aston-villa-does-official-the-signing-of-an-aim-of-the-barca-for-the-extreme_305593_102","status":"publish","type":"post","link":"https:\/\/www.fcbarcelonanoticias.com\/en\/transfers\/the-aston-villa-does-official-the-signing-of-an-aim-of-the-barca-for-the-extreme_305593_102.html","title":{"rendered":"Aston Villa makes official the signing of a Bar\u00e7a target for the winger"},"content":{"rendered":"<h2 class=\"wp-block-heading\">Aston Villa have made the signing of Jaden Philogene official. The winger was on Bar\u00e7a&#8217;s agenda, but he rejected the cul\u00e9 offer to finalize his return to the Birgmingham club<\/h2>  \r\n<div class=\"article-addons\">\r\n    <a href=\"https:\/\/www.fcbarcelonanoticias.com\/en\/calendar-fc-barcelona.html\"\r\n       target=\"_self\"\r\n       title=\"Calendar of FC Barcelona\"\r\n       class=\"blue-gredient-btn\">\r\n       \r\n        Calendar of FC Barcelona    <\/a>\r\n<\/div>   <p><a data-external=\"0\" data-intl-links-en=\"https:\/\/www.fcbarcelonanoticias.com\/en\/transfers\/there-is-not-at-all-enclosed-the-two-perspectives-on-the-signing-of-nico-williams-by-the-fc-barcelona_305577_102.html\" data-intl-links-es=\"https:\/\/www.fcbarcelonanoticias.com\/fichajes\/no-hay-nada-cerrado-dos-perspectivas-fichaje-nico-williams-barcelona_305577_102.html\" href=\"https:\/\/www.fcbarcelonanoticias.com\/en\/transfers\/there-is-not-at-all-enclosed-the-two-perspectives-on-the-signing-of-nico-williams-by-the-fc-barcelona_305577_102.html\" rel=\"follow\" target=\"_self\" title=\"\u00a1No hay nada cerrado! Las dos perspectivas sobre el fichaje de Nico Williams por el FC Barcelona\">Nico Williams is the elected of the FC Barcelona<\/a> to reinforce the left extreme of the team this <a data-external=\"0\" data-intl-links-en=\"https:\/\/www.fcbarcelonanoticias.com\/en\/transfers\" data-intl-links-es=\"https:\/\/www.fcbarcelonanoticias.com\/fichajes\" href=\"https:\/\/www.fcbarcelonanoticias.com\/en\/fc-barcelona\/transfers.html\" rel=\"follow\" target=\"_self\" title=\"Fichajes\">market of signings<\/a> and conform a trident dreamed beside Robert Lewandowski and Lamine Yamal from the next season. However, before decanting definitively by the player of the Athletic Club of Bilbao,<strong> the Barcelona entity studied diverse alternatives for apuntalar the attack of the group of Hansi Flick<\/strong>.<\/p>  <p>It is in this context in which <strong>the name of Jaden Philogene appeared like a likely &#8216;covered&#8217; of the Catalan club to strengthen the leading cul\u00e9<\/strong>. The footballer londinense of the Hull City &#8216;burst into&#8217; in the diary barcelonista like an absolute surprise, since it was a little known player until his links with the Barcelona group.<\/p>  <p>However, this option &#8216;cooled&#8217; for the Bar\u00e7a once that the extreme of 22 years took the decision of &#8216;happen&#8217; of the offer of the blaugranas to continue his career futbol\u00edstica in the Premier League. <strong>Philogene Chose to the Aston Villa as his next destination, and the group directed by Unai Emery has done official his return during the morning of this Friday 19 July<\/strong>.<\/p>  <p>&#8220;It pleases us announce the signing of Jaden Philogene pertinent of the Hull City.<strong> <\/strong>The extreme returns after an impressive performance in the season 2023\/24&#8243;, prayed the communiqu\u00e9 issued by the entity through his rede social. Jaden completed a grand\u00edsima season in Championship dressing the T-shirt of Hull City, annotating 12 goals and delivering 6 assistances in 33 meetings. The villains decided repescarle to reinforce the team of face to a demanding season,<strong> where in addition to competing against the &#8216;big six&#8217; of the Premier League, also will contest the UEFA Champions League<\/strong>.<\/p>  <blockquote class=\"twitter-tweet\"> <p dir=\"ltr\" lang=\"en\">Aston Villa is delighted to announce the signing of Jaden Philogene from Hull City. \u270d\ufe0f<\/p> \u2014 Aston Villa (@AVFCOfficial) <a href=\"https:\/\/twitter.com\/en\/AVFCOfficial\/status\/1814212350939173132?ref_src=twsrc%5Etfw\">July 19, 2024<\/a> <\/blockquote> <h2>The word of Philogene<\/h2>  <p>Once confirmed his signing, Philogene gave to know his illusion for putting under the orders of Emery. &#8220;I seat me incredible, is as if it was again home. Unai Emery spoke with me expensive to face and had a very good conversation on my time of game.<strong> It said that I did it well when I was here in the pre-season the past year and that go to have opportunities this time<\/strong>. Also it depends on me and of how it play&#8221;, it commented.<\/p> ","protected":false},"excerpt":{"rendered":"<p>Aston Villa have made the signing of Jaden Philogene official. The winger was on Bar\u00e7a&#8217;s agenda, but he rejected the cul\u00e9 offer to finalize his return to the Birgmingham club Nico Williams is the elected of the FC Barcelona to reinforce the left extreme of the team this market of signings and conform a trident [&hellip;]<\/p>\n","protected":false},"author":358,"featured_media":141051,"comment_status":"closed","ping_status":"open","sticky":false,"template":"","format":"standard","meta":{"_acf_changed":false,"inline_featured_image":false,"_nextfly_llmd_date_locked":false,"footnotes":""},"categories":[106,449],"tags":[],"class_list":["post-137365","post","type-post","status-publish","format-standard","has-post-thumbnail","hentry","category-transfers","category-transfers-2"],"acf":[],"yoast_head":"<!-- This site is optimized with the Yoast SEO plugin v27.3 - https:\/\/yoast.com\/product\/yoast-seo-wordpress\/ -->\n<title>The Aston Villa does official the signing of an aim of the Bar\u00e7a for the extreme<\/title>\n<meta name=\"description\" content=\"The Aston Villa has done official the signing of Jaden Philogene. The extreme was in the diary of the Bar\u00e7a, but refused the offer cul\u00e9 to concretise his return to the club of Birgmingham\" \/>\n<meta name=\"robots\" content=\"index, follow, max-snippet:-1, max-image-preview:large, max-video-preview:-1\" \/>\n<link rel=\"canonical\" href=\"https:\/\/www.fcbarcelonanoticias.com\/en\/transfers\/the-aston-villa-does-official-the-signing-of-an-aim-of-the-barca-for-the-extreme_305593_102.html\" \/>\n<meta property=\"og:locale\" content=\"en_US\" \/>\n<meta property=\"og:type\" content=\"article\" \/>\n<meta property=\"og:title\" content=\"The Aston Villa does official the signing of an aim of the Bar\u00e7a for the extreme\" \/>\n<meta property=\"og:description\" content=\"The Aston Villa has done official the signing of Jaden Philogene. The extreme was in the diary of the Bar\u00e7a, but refused the offer cul\u00e9 to concretise his return to the club of Birgmingham\" \/>\n<meta property=\"og:url\" content=\"https:\/\/www.fcbarcelonanoticias.com\/en\/transfers\/the-aston-villa-does-official-the-signing-of-an-aim-of-the-barca-for-the-extreme_305593_102.html\" \/>\n<meta property=\"og:site_name\" content=\"EN - FC Barcelona Noticias\" \/>\n<meta property=\"article:published_time\" content=\"2024-07-19T13:33:00+00:00\" \/>\n<meta property=\"og:image\" content=\"https:\/\/www.fcbarcelonanoticias.com\/en\/wp-content\/uploads\/sites\/2\/2024\/07\/jaden-philogene-celebrando-un-gol-con-el-aston-villa.jpeg\" \/>\n\t<meta property=\"og:image:width\" content=\"1300\" \/>\n\t<meta property=\"og:image:height\" content=\"731\" \/>\n\t<meta property=\"og:image:type\" content=\"image\/jpeg\" \/>\n<meta name=\"author\" content=\"Juan Pablo Berdugo\" \/>\n<meta name=\"twitter:card\" content=\"summary_large_image\" \/>\n<meta name=\"twitter:label1\" content=\"Written by\" \/>\n\t<meta name=\"twitter:data1\" content=\"Juan Pablo Berdugo\" \/>\n\t<meta name=\"twitter:label2\" content=\"Est. reading time\" \/>\n\t<meta name=\"twitter:data2\" content=\"2 minutes\" \/>\n<script type=\"application\/ld+json\" class=\"yoast-schema-graph\">{\"@context\":\"https:\\\/\\\/schema.org\",\"@graph\":[{\"@type\":\"Article\",\"@id\":\"https:\\\/\\\/www.fcbarcelonanoticias.com\\\/en\\\/transfers\\\/the-aston-villa-does-official-the-signing-of-an-aim-of-the-barca-for-the-extreme_305593_102.html#article\",\"isPartOf\":{\"@id\":\"https:\\\/\\\/www.fcbarcelonanoticias.com\\\/en\\\/transfers\\\/the-aston-villa-does-official-the-signing-of-an-aim-of-the-barca-for-the-extreme_305593_102.html\"},\"author\":{\"name\":\"Juan Pablo Berdugo\",\"@id\":\"https:\\\/\\\/www.fcbarcelonanoticias.com\\\/en\\\/#\\\/schema\\\/person\\\/88d756918a0a1ae9fa593b5edddd1815\"},\"headline\":\"Aston Villa makes official the signing of a Bar\u00e7a target for the winger\",\"datePublished\":\"2024-07-19T13:33:00+00:00\",\"mainEntityOfPage\":{\"@id\":\"https:\\\/\\\/www.fcbarcelonanoticias.com\\\/en\\\/transfers\\\/the-aston-villa-does-official-the-signing-of-an-aim-of-the-barca-for-the-extreme_305593_102.html\"},\"wordCount\":428,\"image\":{\"@id\":\"https:\\\/\\\/www.fcbarcelonanoticias.com\\\/en\\\/transfers\\\/the-aston-villa-does-official-the-signing-of-an-aim-of-the-barca-for-the-extreme_305593_102.html#primaryimage\"},\"thumbnailUrl\":\"https:\\\/\\\/www.fcbarcelonanoticias.com\\\/en\\\/wp-content\\\/uploads\\\/sites\\\/2\\\/2024\\\/07\\\/jaden-philogene-celebrando-un-gol-con-el-aston-villa.jpeg\",\"articleSection\":[\"Transfers\",\"Transfers\"],\"inLanguage\":\"en-US\"},{\"@type\":\"WebPage\",\"@id\":\"https:\\\/\\\/www.fcbarcelonanoticias.com\\\/en\\\/transfers\\\/the-aston-villa-does-official-the-signing-of-an-aim-of-the-barca-for-the-extreme_305593_102.html\",\"url\":\"https:\\\/\\\/www.fcbarcelonanoticias.com\\\/en\\\/transfers\\\/the-aston-villa-does-official-the-signing-of-an-aim-of-the-barca-for-the-extreme_305593_102.html\",\"name\":\"The Aston Villa does official the signing of an aim of the Bar\u00e7a for the extreme\",\"isPartOf\":{\"@id\":\"https:\\\/\\\/www.fcbarcelonanoticias.com\\\/en\\\/#website\"},\"primaryImageOfPage\":{\"@id\":\"https:\\\/\\\/www.fcbarcelonanoticias.com\\\/en\\\/transfers\\\/the-aston-villa-does-official-the-signing-of-an-aim-of-the-barca-for-the-extreme_305593_102.html#primaryimage\"},\"image\":{\"@id\":\"https:\\\/\\\/www.fcbarcelonanoticias.com\\\/en\\\/transfers\\\/the-aston-villa-does-official-the-signing-of-an-aim-of-the-barca-for-the-extreme_305593_102.html#primaryimage\"},\"thumbnailUrl\":\"https:\\\/\\\/www.fcbarcelonanoticias.com\\\/en\\\/wp-content\\\/uploads\\\/sites\\\/2\\\/2024\\\/07\\\/jaden-philogene-celebrando-un-gol-con-el-aston-villa.jpeg\",\"datePublished\":\"2024-07-19T13:33:00+00:00\",\"author\":{\"@id\":\"https:\\\/\\\/www.fcbarcelonanoticias.com\\\/en\\\/#\\\/schema\\\/person\\\/88d756918a0a1ae9fa593b5edddd1815\"},\"description\":\"The Aston Villa has done official the signing of Jaden Philogene. The extreme was in the diary of the Bar\u00e7a, but refused the offer cul\u00e9 to concretise his return to the club of Birgmingham\",\"breadcrumb\":{\"@id\":\"https:\\\/\\\/www.fcbarcelonanoticias.com\\\/en\\\/transfers\\\/the-aston-villa-does-official-the-signing-of-an-aim-of-the-barca-for-the-extreme_305593_102.html#breadcrumb\"},\"inLanguage\":\"en-US\",\"potentialAction\":[{\"@type\":\"ReadAction\",\"target\":[\"https:\\\/\\\/www.fcbarcelonanoticias.com\\\/en\\\/transfers\\\/the-aston-villa-does-official-the-signing-of-an-aim-of-the-barca-for-the-extreme_305593_102.html\"]}]},{\"@type\":\"ImageObject\",\"inLanguage\":\"en-US\",\"@id\":\"https:\\\/\\\/www.fcbarcelonanoticias.com\\\/en\\\/transfers\\\/the-aston-villa-does-official-the-signing-of-an-aim-of-the-barca-for-the-extreme_305593_102.html#primaryimage\",\"url\":\"https:\\\/\\\/www.fcbarcelonanoticias.com\\\/en\\\/wp-content\\\/uploads\\\/sites\\\/2\\\/2024\\\/07\\\/jaden-philogene-celebrando-un-gol-con-el-aston-villa.jpeg\",\"contentUrl\":\"https:\\\/\\\/www.fcbarcelonanoticias.com\\\/en\\\/wp-content\\\/uploads\\\/sites\\\/2\\\/2024\\\/07\\\/jaden-philogene-celebrando-un-gol-con-el-aston-villa.jpeg\",\"width\":1300,\"height\":731},{\"@type\":\"BreadcrumbList\",\"@id\":\"https:\\\/\\\/www.fcbarcelonanoticias.com\\\/en\\\/transfers\\\/the-aston-villa-does-official-the-signing-of-an-aim-of-the-barca-for-the-extreme_305593_102.html#breadcrumb\",\"itemListElement\":[{\"@type\":\"ListItem\",\"position\":1,\"name\":\"Portada\",\"item\":\"https:\\\/\\\/www.fcbarcelonanoticias.com\\\/en\\\/\"},{\"@type\":\"ListItem\",\"position\":2,\"name\":\"Aston Villa makes official the signing of a Bar\u00e7a target for the winger\"}]},{\"@type\":\"WebSite\",\"@id\":\"https:\\\/\\\/www.fcbarcelonanoticias.com\\\/en\\\/#website\",\"url\":\"https:\\\/\\\/www.fcbarcelonanoticias.com\\\/en\\\/\",\"name\":\"EN - FC Barcelona Noticias\",\"description\":\"\",\"potentialAction\":[{\"@type\":\"SearchAction\",\"target\":{\"@type\":\"EntryPoint\",\"urlTemplate\":\"https:\\\/\\\/www.fcbarcelonanoticias.com\\\/en\\\/?s={search_term_string}\"},\"query-input\":{\"@type\":\"PropertyValueSpecification\",\"valueRequired\":true,\"valueName\":\"search_term_string\"}}],\"inLanguage\":\"en-US\"},{\"@type\":\"Person\",\"@id\":\"https:\\\/\\\/www.fcbarcelonanoticias.com\\\/en\\\/#\\\/schema\\\/person\\\/88d756918a0a1ae9fa593b5edddd1815\",\"name\":\"Juan Pablo Berdugo\",\"image\":{\"@type\":\"ImageObject\",\"inLanguage\":\"en-US\",\"@id\":\"https:\\\/\\\/secure.gravatar.com\\\/avatar\\\/?s=96&d=mm&r=g\",\"url\":\"https:\\\/\\\/secure.gravatar.com\\\/avatar\\\/?s=96&d=mm&r=g\",\"contentUrl\":\"https:\\\/\\\/secure.gravatar.com\\\/avatar\\\/?s=96&d=mm&r=g\",\"caption\":\"Juan Pablo Berdugo\"},\"description\":\"Juan Pablo Berdugo es graduado en Periodismo. Colabora con FCBN como especialista en informaci\u00f3n del primer equipo del FC Barcelona, f\u00fatbol internacional y mercado de fichajes. Destaca por su enfoque anal\u00edtico, su rigor informativo y su capacidad para detectar tendencias emergentes en el f\u00fatbol global.\",\"url\":\"https:\\\/\\\/www.fcbarcelonanoticias.com\\\/en\\\/fc-barcelona\\\/juan-pablo-berdugo_18_115.html\"}]}<\/script>\n<!-- \/ Yoast SEO plugin. -->","yoast_head_json":{"title":"The Aston Villa does official the signing of an aim of the Bar\u00e7a for the extreme","description":"The Aston Villa has done official the signing of Jaden Philogene. The extreme was in the diary of the Bar\u00e7a, but refused the offer cul\u00e9 to concretise his return to the club of Birgmingham","robots":{"index":"index","follow":"follow","max-snippet":"max-snippet:-1","max-image-preview":"max-image-preview:large","max-video-preview":"max-video-preview:-1"},"canonical":"https:\/\/www.fcbarcelonanoticias.com\/en\/transfers\/the-aston-villa-does-official-the-signing-of-an-aim-of-the-barca-for-the-extreme_305593_102.html","og_locale":"en_US","og_type":"article","og_title":"The Aston Villa does official the signing of an aim of the Bar\u00e7a for the extreme","og_description":"The Aston Villa has done official the signing of Jaden Philogene. The extreme was in the diary of the Bar\u00e7a, but refused the offer cul\u00e9 to concretise his return to the club of Birgmingham","og_url":"https:\/\/www.fcbarcelonanoticias.com\/en\/transfers\/the-aston-villa-does-official-the-signing-of-an-aim-of-the-barca-for-the-extreme_305593_102.html","og_site_name":"EN - FC Barcelona Noticias","article_published_time":"2024-07-19T13:33:00+00:00","og_image":[{"width":1300,"height":731,"url":"https:\/\/www.fcbarcelonanoticias.com\/en\/wp-content\/uploads\/sites\/2\/2024\/07\/jaden-philogene-celebrando-un-gol-con-el-aston-villa.jpeg","type":"image\/jpeg"}],"author":"Juan Pablo Berdugo","twitter_card":"summary_large_image","twitter_misc":{"Written by":"Juan Pablo Berdugo","Est. reading time":"2 minutes"},"schema":{"@context":"https:\/\/schema.org","@graph":[{"@type":"Article","@id":"https:\/\/www.fcbarcelonanoticias.com\/en\/transfers\/the-aston-villa-does-official-the-signing-of-an-aim-of-the-barca-for-the-extreme_305593_102.html#article","isPartOf":{"@id":"https:\/\/www.fcbarcelonanoticias.com\/en\/transfers\/the-aston-villa-does-official-the-signing-of-an-aim-of-the-barca-for-the-extreme_305593_102.html"},"author":{"name":"Juan Pablo Berdugo","@id":"https:\/\/www.fcbarcelonanoticias.com\/en\/#\/schema\/person\/88d756918a0a1ae9fa593b5edddd1815"},"headline":"Aston Villa makes official the signing of a Bar\u00e7a target for the winger","datePublished":"2024-07-19T13:33:00+00:00","mainEntityOfPage":{"@id":"https:\/\/www.fcbarcelonanoticias.com\/en\/transfers\/the-aston-villa-does-official-the-signing-of-an-aim-of-the-barca-for-the-extreme_305593_102.html"},"wordCount":428,"image":{"@id":"https:\/\/www.fcbarcelonanoticias.com\/en\/transfers\/the-aston-villa-does-official-the-signing-of-an-aim-of-the-barca-for-the-extreme_305593_102.html#primaryimage"},"thumbnailUrl":"https:\/\/www.fcbarcelonanoticias.com\/en\/wp-content\/uploads\/sites\/2\/2024\/07\/jaden-philogene-celebrando-un-gol-con-el-aston-villa.jpeg","articleSection":["Transfers","Transfers"],"inLanguage":"en-US"},{"@type":"WebPage","@id":"https:\/\/www.fcbarcelonanoticias.com\/en\/transfers\/the-aston-villa-does-official-the-signing-of-an-aim-of-the-barca-for-the-extreme_305593_102.html","url":"https:\/\/www.fcbarcelonanoticias.com\/en\/transfers\/the-aston-villa-does-official-the-signing-of-an-aim-of-the-barca-for-the-extreme_305593_102.html","name":"The Aston Villa does official the signing of an aim of the Bar\u00e7a for the extreme","isPartOf":{"@id":"https:\/\/www.fcbarcelonanoticias.com\/en\/#website"},"primaryImageOfPage":{"@id":"https:\/\/www.fcbarcelonanoticias.com\/en\/transfers\/the-aston-villa-does-official-the-signing-of-an-aim-of-the-barca-for-the-extreme_305593_102.html#primaryimage"},"image":{"@id":"https:\/\/www.fcbarcelonanoticias.com\/en\/transfers\/the-aston-villa-does-official-the-signing-of-an-aim-of-the-barca-for-the-extreme_305593_102.html#primaryimage"},"thumbnailUrl":"https:\/\/www.fcbarcelonanoticias.com\/en\/wp-content\/uploads\/sites\/2\/2024\/07\/jaden-philogene-celebrando-un-gol-con-el-aston-villa.jpeg","datePublished":"2024-07-19T13:33:00+00:00","author":{"@id":"https:\/\/www.fcbarcelonanoticias.com\/en\/#\/schema\/person\/88d756918a0a1ae9fa593b5edddd1815"},"description":"The Aston Villa has done official the signing of Jaden Philogene. The extreme was in the diary of the Bar\u00e7a, but refused the offer cul\u00e9 to concretise his return to the club of Birgmingham","breadcrumb":{"@id":"https:\/\/www.fcbarcelonanoticias.com\/en\/transfers\/the-aston-villa-does-official-the-signing-of-an-aim-of-the-barca-for-the-extreme_305593_102.html#breadcrumb"},"inLanguage":"en-US","potentialAction":[{"@type":"ReadAction","target":["https:\/\/www.fcbarcelonanoticias.com\/en\/transfers\/the-aston-villa-does-official-the-signing-of-an-aim-of-the-barca-for-the-extreme_305593_102.html"]}]},{"@type":"ImageObject","inLanguage":"en-US","@id":"https:\/\/www.fcbarcelonanoticias.com\/en\/transfers\/the-aston-villa-does-official-the-signing-of-an-aim-of-the-barca-for-the-extreme_305593_102.html#primaryimage","url":"https:\/\/www.fcbarcelonanoticias.com\/en\/wp-content\/uploads\/sites\/2\/2024\/07\/jaden-philogene-celebrando-un-gol-con-el-aston-villa.jpeg","contentUrl":"https:\/\/www.fcbarcelonanoticias.com\/en\/wp-content\/uploads\/sites\/2\/2024\/07\/jaden-philogene-celebrando-un-gol-con-el-aston-villa.jpeg","width":1300,"height":731},{"@type":"BreadcrumbList","@id":"https:\/\/www.fcbarcelonanoticias.com\/en\/transfers\/the-aston-villa-does-official-the-signing-of-an-aim-of-the-barca-for-the-extreme_305593_102.html#breadcrumb","itemListElement":[{"@type":"ListItem","position":1,"name":"Portada","item":"https:\/\/www.fcbarcelonanoticias.com\/en\/"},{"@type":"ListItem","position":2,"name":"Aston Villa makes official the signing of a Bar\u00e7a target for the winger"}]},{"@type":"WebSite","@id":"https:\/\/www.fcbarcelonanoticias.com\/en\/#website","url":"https:\/\/www.fcbarcelonanoticias.com\/en\/","name":"EN - FC Barcelona Noticias","description":"","potentialAction":[{"@type":"SearchAction","target":{"@type":"EntryPoint","urlTemplate":"https:\/\/www.fcbarcelonanoticias.com\/en\/?s={search_term_string}"},"query-input":{"@type":"PropertyValueSpecification","valueRequired":true,"valueName":"search_term_string"}}],"inLanguage":"en-US"},{"@type":"Person","@id":"https:\/\/www.fcbarcelonanoticias.com\/en\/#\/schema\/person\/88d756918a0a1ae9fa593b5edddd1815","name":"Juan Pablo Berdugo","image":{"@type":"ImageObject","inLanguage":"en-US","@id":"https:\/\/secure.gravatar.com\/avatar\/?s=96&d=mm&r=g","url":"https:\/\/secure.gravatar.com\/avatar\/?s=96&d=mm&r=g","contentUrl":"https:\/\/secure.gravatar.com\/avatar\/?s=96&d=mm&r=g","caption":"Juan Pablo Berdugo"},"description":"Juan Pablo Berdugo es graduado en Periodismo. Colabora con FCBN como especialista en informaci\u00f3n del primer equipo del FC Barcelona, f\u00fatbol internacional y mercado de fichajes. Destaca por su enfoque anal\u00edtico, su rigor informativo y su capacidad para detectar tendencias emergentes en el f\u00fatbol global.","url":"https:\/\/www.fcbarcelonanoticias.com\/en\/fc-barcelona\/juan-pablo-berdugo_18_115.html"}]}},"_links":{"self":[{"href":"https:\/\/www.fcbarcelonanoticias.com\/en\/wp-json\/wp\/v2\/posts\/137365","targetHints":{"allow":["GET"]}}],"collection":[{"href":"https:\/\/www.fcbarcelonanoticias.com\/en\/wp-json\/wp\/v2\/posts"}],"about":[{"href":"https:\/\/www.fcbarcelonanoticias.com\/en\/wp-json\/wp\/v2\/types\/post"}],"author":[{"embeddable":true,"href":"https:\/\/www.fcbarcelonanoticias.com\/en\/wp-json\/wp\/v2\/users\/358"}],"replies":[{"embeddable":true,"href":"https:\/\/www.fcbarcelonanoticias.com\/en\/wp-json\/wp\/v2\/comments?post=137365"}],"version-history":[{"count":1,"href":"https:\/\/www.fcbarcelonanoticias.com\/en\/wp-json\/wp\/v2\/posts\/137365\/revisions"}],"predecessor-version":[{"id":141050,"href":"https:\/\/www.fcbarcelonanoticias.com\/en\/wp-json\/wp\/v2\/posts\/137365\/revisions\/141050"}],"wp:featuredmedia":[{"embeddable":true,"href":"https:\/\/www.fcbarcelonanoticias.com\/en\/wp-json\/wp\/v2\/media\/141051"}],"wp:attachment":[{"href":"https:\/\/www.fcbarcelonanoticias.com\/en\/wp-json\/wp\/v2\/media?parent=137365"}],"wp:term":[{"taxonomy":"category","embeddable":true,"href":"https:\/\/www.fcbarcelonanoticias.com\/en\/wp-json\/wp\/v2\/categories?post=137365"},{"taxonomy":"post_tag","embeddable":true,"href":"https:\/\/www.fcbarcelonanoticias.com\/en\/wp-json\/wp\/v2\/tags?post=137365"}],"curies":[{"name":"wp","href":"https:\/\/api.w.org\/{rel}","templated":true}]}}