{"id":137384,"date":"2024-07-16T03:29:00","date_gmt":"2024-07-16T01:29:00","guid":{"rendered":"https:\/\/weisetech.dev\/fc-barcelona-noticias\/en\/the-arsenal-goes-in-in-the-fight-for-carrying-to-one-of-the-favourites-of-laporta_305487_102\/"},"modified":"2024-07-16T03:59:00","modified_gmt":"2024-07-16T01:59:00","slug":"the-arsenal-goes-in-in-the-fight-for-carrying-to-one-of-the-favourites-of-laporta_305487_102","status":"publish","type":"post","link":"https:\/\/www.fcbarcelonanoticias.com\/en\/transfers\/the-arsenal-goes-in-in-the-fight-for-carrying-to-one-of-the-favourites-of-laporta_305487_102.html","title":{"rendered":"Arsenal enters the &#8216;fight&#8217; to take one of Laporta&#8217;s favorites"},"content":{"rendered":"<h2 class=\"wp-block-heading\">Arsenal would have begun to move to incorporate Jo\u00e3o F\u00e9lix. In that sense, Atl\u00e9tico de Madrid would have asked for a significant financial amount for the player. For this reason, the &#8216;gunners&#8217; would be weighing other options<\/h2>  \r\n<div class=\"article-addons\">\r\n    <a href=\"https:\/\/www.fcbarcelonanoticias.com\/en\/calendar-fc-barcelona.html\"\r\n       target=\"_self\"\r\n       title=\"Calendar of FC Barcelona\"\r\n       class=\"blue-gredient-btn\">\r\n       \r\n        Calendar of FC Barcelona    <\/a>\r\n<\/div>   <p>One of the favourite footballers of the president of the FC Barcelona, <a data-external=\"0\" data-intl-links-en=\"https:\/\/www.fcbarcelonanoticias.com\/en\/tags\/joan-laporta\" data-intl-links-es=\"https:\/\/www.fcbarcelonanoticias.com\/tags\/joan-laporta\" href=\"https:\/\/www.fcbarcelonanoticias.com\/en\/tags\/joan-laporta.html\" rel=\"follow\" target=\"_self\" title=\"Joan Laporta\">Joan Laporta<\/a>, would be in a situation complicated with regard to his future. The past summer, <strong>the club cul\u00e9 converted to the forward Jo\u00e3or F\u00e9lix in one of his priorities<\/strong>. Even, the maximum mandator of the Barcelona group was the one who more insisted to achieve the cession of the player of the Athletic of Madrid. Now the continuity of the attacker in the team directed by Diego Pablo Simeone would not be guaranteeed.<\/p>  <p>As &#8216;ELNACIONAL.CAT&#8217;, in the entity rojiblanca do not want to Jo\u00e3or F\u00e9lix by the problems that has starred with the trainer. The previously mentioned newspaper explains that this situation could do that the club finish dispensing of the footballer. In this context, <strong>a group far of Spain would have interested in the profile of the young of 24 years<\/strong>.<\/p>  <p>As &#8216;todofichajes.com&#8217;,<strong> the Arsenal would have moved to incorporate to the player to his staff<\/strong>. The above-mentioned portal explained that the team rojiblanco would have asked some 50 million euros to be able to execute the traspaso. Therefore, in the English team would be sopesando other options not to engage his accounts. For example, the team no descartar\u00eda try a cession.<\/p>  <h2>A special clause<\/h2>  <p>In the previously mentioned web informed that <strong>the Arsenal could incorporate a clause of purchase in the agreement<\/strong>. <a data-external=\"0\" data-intl-links-en=\"https:\/\/www.fcbarcelonanoticias.com\/en\/transfers\/joao-felix-insists-with-fc-barcelona-cules-put-on-wait_305402_102.html\" data-intl-links-es=\"https:\/\/www.fcbarcelonanoticias.com\/fichajes\/joao-felix-insiste-con-fc-barcelona-cules-ponen-en-espera_305402_102.html\" href=\"https:\/\/www.fcbarcelonanoticias.com\/en\/transfers\/joao-felix-insists-with-fc-barcelona-cules-put-on-wait_305402_102.html\" rel=\"follow\" target=\"_self\" title=\"Jo\u00e3o F\u00e9lix insiste con el FC Barcelona y los cul\u00e9s le ponen en espera\">A decision that would leave to glimpse that the club no descartar\u00eda remain with Jo\u00e3or F\u00e9lix after a new negotiation in the future<\/a>. Now, the debate on the continuity of the Portuguese is opened. In any case, the talentoso footballer finish his agreement with the Athletic of Madrid in the year 2029.<\/p> ","protected":false},"excerpt":{"rendered":"<p>Arsenal would have begun to move to incorporate Jo\u00e3o F\u00e9lix. In that sense, Atl\u00e9tico de Madrid would have asked for a significant financial amount for the player. For this reason, the &#8216;gunners&#8217; would be weighing other options One of the favourite footballers of the president of the FC Barcelona, Joan Laporta, would be in a [&hellip;]<\/p>\n","protected":false},"author":350,"featured_media":141075,"comment_status":"closed","ping_status":"open","sticky":false,"template":"","format":"standard","meta":{"_acf_changed":false,"inline_featured_image":false,"_nextfly_llmd_date_locked":false,"footnotes":""},"categories":[449,106],"tags":[102,59,239],"class_list":["post-137384","post","type-post","status-publish","format-standard","has-post-thumbnail","hentry","category-transfers-2","category-transfers","tag-arsenal","tag-atletico-de-madrid","tag-joao-felix"],"acf":[],"yoast_head":"<!-- This site is optimized with the Yoast SEO plugin v27.3 - https:\/\/yoast.com\/product\/yoast-seo-wordpress\/ -->\n<title>The Arsenal goes in in the &#039;fight&#039; for carrying to one of the favourites of Laporta<\/title>\n<meta name=\"description\" content=\"The Arsenal would have begun to move to incorporate to Jo\u00e3or F\u00e9lix. In this sense, the Athletic of Madrid would have asked an important economic quantity by the player. Therefore, the &#039;gunners&#039; would be sopesando other options\" \/>\n<meta name=\"robots\" content=\"index, follow, max-snippet:-1, max-image-preview:large, max-video-preview:-1\" \/>\n<link rel=\"canonical\" href=\"https:\/\/www.fcbarcelonanoticias.com\/en\/transfers\/the-arsenal-goes-in-in-the-fight-for-carrying-to-one-of-the-favourites-of-laporta_305487_102.html\" \/>\n<meta property=\"og:locale\" content=\"en_US\" \/>\n<meta property=\"og:type\" content=\"article\" \/>\n<meta property=\"og:title\" content=\"The Arsenal goes in in the &#039;fight&#039; for carrying to one of the favourites of Laporta\" \/>\n<meta property=\"og:description\" content=\"The Arsenal would have begun to move to incorporate to Jo\u00e3or F\u00e9lix. In this sense, the Athletic of Madrid would have asked an important economic quantity by the player. Therefore, the &#039;gunners&#039; would be sopesando other options\" \/>\n<meta property=\"og:url\" content=\"https:\/\/www.fcbarcelonanoticias.com\/en\/transfers\/the-arsenal-goes-in-in-the-fight-for-carrying-to-one-of-the-favourites-of-laporta_305487_102.html\" \/>\n<meta property=\"og:site_name\" content=\"EN - FC Barcelona Noticias\" \/>\n<meta property=\"article:published_time\" content=\"2024-07-16T01:29:00+00:00\" \/>\n<meta property=\"article:modified_time\" content=\"2024-07-16T01:59:00+00:00\" \/>\n<meta property=\"og:image\" content=\"https:\/\/www.fcbarcelonanoticias.com\/en\/wp-content\/uploads\/sites\/2\/2024\/07\/mikel-arteta-en-el-duelo-entre-el-arsenal-y-el-liverpool-en-la-fa-cup.png\" \/>\n\t<meta property=\"og:image:width\" content=\"1300\" \/>\n\t<meta property=\"og:image:height\" content=\"732\" \/>\n\t<meta property=\"og:image:type\" content=\"image\/png\" \/>\n<meta name=\"author\" content=\"Jes\u00fas Bol\u00edvar\" \/>\n<meta name=\"twitter:card\" content=\"summary_large_image\" \/>\n<meta name=\"twitter:label1\" content=\"Written by\" \/>\n\t<meta name=\"twitter:data1\" content=\"Jes\u00fas Bol\u00edvar\" \/>\n\t<meta name=\"twitter:label2\" content=\"Est. reading time\" \/>\n\t<meta name=\"twitter:data2\" content=\"2 minutes\" \/>\n<script type=\"application\/ld+json\" class=\"yoast-schema-graph\">{\"@context\":\"https:\\\/\\\/schema.org\",\"@graph\":[{\"@type\":\"Article\",\"@id\":\"https:\\\/\\\/www.fcbarcelonanoticias.com\\\/en\\\/transfers\\\/the-arsenal-goes-in-in-the-fight-for-carrying-to-one-of-the-favourites-of-laporta_305487_102.html#article\",\"isPartOf\":{\"@id\":\"https:\\\/\\\/www.fcbarcelonanoticias.com\\\/en\\\/transfers\\\/the-arsenal-goes-in-in-the-fight-for-carrying-to-one-of-the-favourites-of-laporta_305487_102.html\"},\"author\":{\"name\":\"Jes\u00fas Bol\u00edvar\",\"@id\":\"https:\\\/\\\/www.fcbarcelonanoticias.com\\\/en\\\/#\\\/schema\\\/person\\\/5dbbcfa0643340852c9294383c353679\"},\"headline\":\"Arsenal enters the &#8216;fight&#8217; to take one of Laporta&#8217;s favorites\",\"datePublished\":\"2024-07-16T01:29:00+00:00\",\"dateModified\":\"2024-07-16T01:59:00+00:00\",\"mainEntityOfPage\":{\"@id\":\"https:\\\/\\\/www.fcbarcelonanoticias.com\\\/en\\\/transfers\\\/the-arsenal-goes-in-in-the-fight-for-carrying-to-one-of-the-favourites-of-laporta_305487_102.html\"},\"wordCount\":337,\"image\":{\"@id\":\"https:\\\/\\\/www.fcbarcelonanoticias.com\\\/en\\\/transfers\\\/the-arsenal-goes-in-in-the-fight-for-carrying-to-one-of-the-favourites-of-laporta_305487_102.html#primaryimage\"},\"thumbnailUrl\":\"https:\\\/\\\/www.fcbarcelonanoticias.com\\\/en\\\/wp-content\\\/uploads\\\/sites\\\/2\\\/2024\\\/07\\\/mikel-arteta-en-el-duelo-entre-el-arsenal-y-el-liverpool-en-la-fa-cup.png\",\"keywords\":[\"Arsenal\",\"Atl\u00e9tico de Madrid\",\"Joao F\u00e9lix\"],\"articleSection\":[\"Transfers\",\"Transfers\"],\"inLanguage\":\"en-US\"},{\"@type\":\"WebPage\",\"@id\":\"https:\\\/\\\/www.fcbarcelonanoticias.com\\\/en\\\/transfers\\\/the-arsenal-goes-in-in-the-fight-for-carrying-to-one-of-the-favourites-of-laporta_305487_102.html\",\"url\":\"https:\\\/\\\/www.fcbarcelonanoticias.com\\\/en\\\/transfers\\\/the-arsenal-goes-in-in-the-fight-for-carrying-to-one-of-the-favourites-of-laporta_305487_102.html\",\"name\":\"The Arsenal goes in in the 'fight' for carrying to one of the favourites of Laporta\",\"isPartOf\":{\"@id\":\"https:\\\/\\\/www.fcbarcelonanoticias.com\\\/en\\\/#website\"},\"primaryImageOfPage\":{\"@id\":\"https:\\\/\\\/www.fcbarcelonanoticias.com\\\/en\\\/transfers\\\/the-arsenal-goes-in-in-the-fight-for-carrying-to-one-of-the-favourites-of-laporta_305487_102.html#primaryimage\"},\"image\":{\"@id\":\"https:\\\/\\\/www.fcbarcelonanoticias.com\\\/en\\\/transfers\\\/the-arsenal-goes-in-in-the-fight-for-carrying-to-one-of-the-favourites-of-laporta_305487_102.html#primaryimage\"},\"thumbnailUrl\":\"https:\\\/\\\/www.fcbarcelonanoticias.com\\\/en\\\/wp-content\\\/uploads\\\/sites\\\/2\\\/2024\\\/07\\\/mikel-arteta-en-el-duelo-entre-el-arsenal-y-el-liverpool-en-la-fa-cup.png\",\"datePublished\":\"2024-07-16T01:29:00+00:00\",\"dateModified\":\"2024-07-16T01:59:00+00:00\",\"author\":{\"@id\":\"https:\\\/\\\/www.fcbarcelonanoticias.com\\\/en\\\/#\\\/schema\\\/person\\\/5dbbcfa0643340852c9294383c353679\"},\"description\":\"The Arsenal would have begun to move to incorporate to Jo\u00e3or F\u00e9lix. In this sense, the Athletic of Madrid would have asked an important economic quantity by the player. Therefore, the 'gunners' would be sopesando other options\",\"breadcrumb\":{\"@id\":\"https:\\\/\\\/www.fcbarcelonanoticias.com\\\/en\\\/transfers\\\/the-arsenal-goes-in-in-the-fight-for-carrying-to-one-of-the-favourites-of-laporta_305487_102.html#breadcrumb\"},\"inLanguage\":\"en-US\",\"potentialAction\":[{\"@type\":\"ReadAction\",\"target\":[\"https:\\\/\\\/www.fcbarcelonanoticias.com\\\/en\\\/transfers\\\/the-arsenal-goes-in-in-the-fight-for-carrying-to-one-of-the-favourites-of-laporta_305487_102.html\"]}]},{\"@type\":\"ImageObject\",\"inLanguage\":\"en-US\",\"@id\":\"https:\\\/\\\/www.fcbarcelonanoticias.com\\\/en\\\/transfers\\\/the-arsenal-goes-in-in-the-fight-for-carrying-to-one-of-the-favourites-of-laporta_305487_102.html#primaryimage\",\"url\":\"https:\\\/\\\/www.fcbarcelonanoticias.com\\\/en\\\/wp-content\\\/uploads\\\/sites\\\/2\\\/2024\\\/07\\\/mikel-arteta-en-el-duelo-entre-el-arsenal-y-el-liverpool-en-la-fa-cup.png\",\"contentUrl\":\"https:\\\/\\\/www.fcbarcelonanoticias.com\\\/en\\\/wp-content\\\/uploads\\\/sites\\\/2\\\/2024\\\/07\\\/mikel-arteta-en-el-duelo-entre-el-arsenal-y-el-liverpool-en-la-fa-cup.png\",\"width\":1300,\"height\":732},{\"@type\":\"BreadcrumbList\",\"@id\":\"https:\\\/\\\/www.fcbarcelonanoticias.com\\\/en\\\/transfers\\\/the-arsenal-goes-in-in-the-fight-for-carrying-to-one-of-the-favourites-of-laporta_305487_102.html#breadcrumb\",\"itemListElement\":[{\"@type\":\"ListItem\",\"position\":1,\"name\":\"Portada\",\"item\":\"https:\\\/\\\/www.fcbarcelonanoticias.com\\\/en\\\/\"},{\"@type\":\"ListItem\",\"position\":2,\"name\":\"Arsenal enters the &#8216;fight&#8217; to take one of Laporta&#8217;s favorites\"}]},{\"@type\":\"WebSite\",\"@id\":\"https:\\\/\\\/www.fcbarcelonanoticias.com\\\/en\\\/#website\",\"url\":\"https:\\\/\\\/www.fcbarcelonanoticias.com\\\/en\\\/\",\"name\":\"EN - FC Barcelona Noticias\",\"description\":\"\",\"potentialAction\":[{\"@type\":\"SearchAction\",\"target\":{\"@type\":\"EntryPoint\",\"urlTemplate\":\"https:\\\/\\\/www.fcbarcelonanoticias.com\\\/en\\\/?s={search_term_string}\"},\"query-input\":{\"@type\":\"PropertyValueSpecification\",\"valueRequired\":true,\"valueName\":\"search_term_string\"}}],\"inLanguage\":\"en-US\"},{\"@type\":\"Person\",\"@id\":\"https:\\\/\\\/www.fcbarcelonanoticias.com\\\/en\\\/#\\\/schema\\\/person\\\/5dbbcfa0643340852c9294383c353679\",\"name\":\"Jes\u00fas Bol\u00edvar\",\"image\":{\"@type\":\"ImageObject\",\"inLanguage\":\"en-US\",\"@id\":\"https:\\\/\\\/secure.gravatar.com\\\/avatar\\\/?s=96&d=mm&r=g\",\"url\":\"https:\\\/\\\/secure.gravatar.com\\\/avatar\\\/?s=96&d=mm&r=g\",\"contentUrl\":\"https:\\\/\\\/secure.gravatar.com\\\/avatar\\\/?s=96&d=mm&r=g\",\"caption\":\"Jes\u00fas Bol\u00edvar\"},\"url\":\"https:\\\/\\\/www.fcbarcelonanoticias.com\\\/en\\\/jesus-bolivar_28_115.html\"}]}<\/script>\n<!-- \/ Yoast SEO plugin. -->","yoast_head_json":{"title":"The Arsenal goes in in the 'fight' for carrying to one of the favourites of Laporta","description":"The Arsenal would have begun to move to incorporate to Jo\u00e3or F\u00e9lix. In this sense, the Athletic of Madrid would have asked an important economic quantity by the player. Therefore, the 'gunners' would be sopesando other options","robots":{"index":"index","follow":"follow","max-snippet":"max-snippet:-1","max-image-preview":"max-image-preview:large","max-video-preview":"max-video-preview:-1"},"canonical":"https:\/\/www.fcbarcelonanoticias.com\/en\/transfers\/the-arsenal-goes-in-in-the-fight-for-carrying-to-one-of-the-favourites-of-laporta_305487_102.html","og_locale":"en_US","og_type":"article","og_title":"The Arsenal goes in in the 'fight' for carrying to one of the favourites of Laporta","og_description":"The Arsenal would have begun to move to incorporate to Jo\u00e3or F\u00e9lix. In this sense, the Athletic of Madrid would have asked an important economic quantity by the player. Therefore, the 'gunners' would be sopesando other options","og_url":"https:\/\/www.fcbarcelonanoticias.com\/en\/transfers\/the-arsenal-goes-in-in-the-fight-for-carrying-to-one-of-the-favourites-of-laporta_305487_102.html","og_site_name":"EN - FC Barcelona Noticias","article_published_time":"2024-07-16T01:29:00+00:00","article_modified_time":"2024-07-16T01:59:00+00:00","og_image":[{"width":1300,"height":732,"url":"https:\/\/www.fcbarcelonanoticias.com\/en\/wp-content\/uploads\/sites\/2\/2024\/07\/mikel-arteta-en-el-duelo-entre-el-arsenal-y-el-liverpool-en-la-fa-cup.png","type":"image\/png"}],"author":"Jes\u00fas Bol\u00edvar","twitter_card":"summary_large_image","twitter_misc":{"Written by":"Jes\u00fas Bol\u00edvar","Est. reading time":"2 minutes"},"schema":{"@context":"https:\/\/schema.org","@graph":[{"@type":"Article","@id":"https:\/\/www.fcbarcelonanoticias.com\/en\/transfers\/the-arsenal-goes-in-in-the-fight-for-carrying-to-one-of-the-favourites-of-laporta_305487_102.html#article","isPartOf":{"@id":"https:\/\/www.fcbarcelonanoticias.com\/en\/transfers\/the-arsenal-goes-in-in-the-fight-for-carrying-to-one-of-the-favourites-of-laporta_305487_102.html"},"author":{"name":"Jes\u00fas Bol\u00edvar","@id":"https:\/\/www.fcbarcelonanoticias.com\/en\/#\/schema\/person\/5dbbcfa0643340852c9294383c353679"},"headline":"Arsenal enters the &#8216;fight&#8217; to take one of Laporta&#8217;s favorites","datePublished":"2024-07-16T01:29:00+00:00","dateModified":"2024-07-16T01:59:00+00:00","mainEntityOfPage":{"@id":"https:\/\/www.fcbarcelonanoticias.com\/en\/transfers\/the-arsenal-goes-in-in-the-fight-for-carrying-to-one-of-the-favourites-of-laporta_305487_102.html"},"wordCount":337,"image":{"@id":"https:\/\/www.fcbarcelonanoticias.com\/en\/transfers\/the-arsenal-goes-in-in-the-fight-for-carrying-to-one-of-the-favourites-of-laporta_305487_102.html#primaryimage"},"thumbnailUrl":"https:\/\/www.fcbarcelonanoticias.com\/en\/wp-content\/uploads\/sites\/2\/2024\/07\/mikel-arteta-en-el-duelo-entre-el-arsenal-y-el-liverpool-en-la-fa-cup.png","keywords":["Arsenal","Atl\u00e9tico de Madrid","Joao F\u00e9lix"],"articleSection":["Transfers","Transfers"],"inLanguage":"en-US"},{"@type":"WebPage","@id":"https:\/\/www.fcbarcelonanoticias.com\/en\/transfers\/the-arsenal-goes-in-in-the-fight-for-carrying-to-one-of-the-favourites-of-laporta_305487_102.html","url":"https:\/\/www.fcbarcelonanoticias.com\/en\/transfers\/the-arsenal-goes-in-in-the-fight-for-carrying-to-one-of-the-favourites-of-laporta_305487_102.html","name":"The Arsenal goes in in the 'fight' for carrying to one of the favourites of Laporta","isPartOf":{"@id":"https:\/\/www.fcbarcelonanoticias.com\/en\/#website"},"primaryImageOfPage":{"@id":"https:\/\/www.fcbarcelonanoticias.com\/en\/transfers\/the-arsenal-goes-in-in-the-fight-for-carrying-to-one-of-the-favourites-of-laporta_305487_102.html#primaryimage"},"image":{"@id":"https:\/\/www.fcbarcelonanoticias.com\/en\/transfers\/the-arsenal-goes-in-in-the-fight-for-carrying-to-one-of-the-favourites-of-laporta_305487_102.html#primaryimage"},"thumbnailUrl":"https:\/\/www.fcbarcelonanoticias.com\/en\/wp-content\/uploads\/sites\/2\/2024\/07\/mikel-arteta-en-el-duelo-entre-el-arsenal-y-el-liverpool-en-la-fa-cup.png","datePublished":"2024-07-16T01:29:00+00:00","dateModified":"2024-07-16T01:59:00+00:00","author":{"@id":"https:\/\/www.fcbarcelonanoticias.com\/en\/#\/schema\/person\/5dbbcfa0643340852c9294383c353679"},"description":"The Arsenal would have begun to move to incorporate to Jo\u00e3or F\u00e9lix. In this sense, the Athletic of Madrid would have asked an important economic quantity by the player. Therefore, the 'gunners' would be sopesando other options","breadcrumb":{"@id":"https:\/\/www.fcbarcelonanoticias.com\/en\/transfers\/the-arsenal-goes-in-in-the-fight-for-carrying-to-one-of-the-favourites-of-laporta_305487_102.html#breadcrumb"},"inLanguage":"en-US","potentialAction":[{"@type":"ReadAction","target":["https:\/\/www.fcbarcelonanoticias.com\/en\/transfers\/the-arsenal-goes-in-in-the-fight-for-carrying-to-one-of-the-favourites-of-laporta_305487_102.html"]}]},{"@type":"ImageObject","inLanguage":"en-US","@id":"https:\/\/www.fcbarcelonanoticias.com\/en\/transfers\/the-arsenal-goes-in-in-the-fight-for-carrying-to-one-of-the-favourites-of-laporta_305487_102.html#primaryimage","url":"https:\/\/www.fcbarcelonanoticias.com\/en\/wp-content\/uploads\/sites\/2\/2024\/07\/mikel-arteta-en-el-duelo-entre-el-arsenal-y-el-liverpool-en-la-fa-cup.png","contentUrl":"https:\/\/www.fcbarcelonanoticias.com\/en\/wp-content\/uploads\/sites\/2\/2024\/07\/mikel-arteta-en-el-duelo-entre-el-arsenal-y-el-liverpool-en-la-fa-cup.png","width":1300,"height":732},{"@type":"BreadcrumbList","@id":"https:\/\/www.fcbarcelonanoticias.com\/en\/transfers\/the-arsenal-goes-in-in-the-fight-for-carrying-to-one-of-the-favourites-of-laporta_305487_102.html#breadcrumb","itemListElement":[{"@type":"ListItem","position":1,"name":"Portada","item":"https:\/\/www.fcbarcelonanoticias.com\/en\/"},{"@type":"ListItem","position":2,"name":"Arsenal enters the &#8216;fight&#8217; to take one of Laporta&#8217;s favorites"}]},{"@type":"WebSite","@id":"https:\/\/www.fcbarcelonanoticias.com\/en\/#website","url":"https:\/\/www.fcbarcelonanoticias.com\/en\/","name":"EN - FC Barcelona Noticias","description":"","potentialAction":[{"@type":"SearchAction","target":{"@type":"EntryPoint","urlTemplate":"https:\/\/www.fcbarcelonanoticias.com\/en\/?s={search_term_string}"},"query-input":{"@type":"PropertyValueSpecification","valueRequired":true,"valueName":"search_term_string"}}],"inLanguage":"en-US"},{"@type":"Person","@id":"https:\/\/www.fcbarcelonanoticias.com\/en\/#\/schema\/person\/5dbbcfa0643340852c9294383c353679","name":"Jes\u00fas Bol\u00edvar","image":{"@type":"ImageObject","inLanguage":"en-US","@id":"https:\/\/secure.gravatar.com\/avatar\/?s=96&d=mm&r=g","url":"https:\/\/secure.gravatar.com\/avatar\/?s=96&d=mm&r=g","contentUrl":"https:\/\/secure.gravatar.com\/avatar\/?s=96&d=mm&r=g","caption":"Jes\u00fas Bol\u00edvar"},"url":"https:\/\/www.fcbarcelonanoticias.com\/en\/jesus-bolivar_28_115.html"}]}},"_links":{"self":[{"href":"https:\/\/www.fcbarcelonanoticias.com\/en\/wp-json\/wp\/v2\/posts\/137384","targetHints":{"allow":["GET"]}}],"collection":[{"href":"https:\/\/www.fcbarcelonanoticias.com\/en\/wp-json\/wp\/v2\/posts"}],"about":[{"href":"https:\/\/www.fcbarcelonanoticias.com\/en\/wp-json\/wp\/v2\/types\/post"}],"author":[{"embeddable":true,"href":"https:\/\/www.fcbarcelonanoticias.com\/en\/wp-json\/wp\/v2\/users\/350"}],"replies":[{"embeddable":true,"href":"https:\/\/www.fcbarcelonanoticias.com\/en\/wp-json\/wp\/v2\/comments?post=137384"}],"version-history":[{"count":1,"href":"https:\/\/www.fcbarcelonanoticias.com\/en\/wp-json\/wp\/v2\/posts\/137384\/revisions"}],"predecessor-version":[{"id":141074,"href":"https:\/\/www.fcbarcelonanoticias.com\/en\/wp-json\/wp\/v2\/posts\/137384\/revisions\/141074"}],"wp:featuredmedia":[{"embeddable":true,"href":"https:\/\/www.fcbarcelonanoticias.com\/en\/wp-json\/wp\/v2\/media\/141075"}],"wp:attachment":[{"href":"https:\/\/www.fcbarcelonanoticias.com\/en\/wp-json\/wp\/v2\/media?parent=137384"}],"wp:term":[{"taxonomy":"category","embeddable":true,"href":"https:\/\/www.fcbarcelonanoticias.com\/en\/wp-json\/wp\/v2\/categories?post=137384"},{"taxonomy":"post_tag","embeddable":true,"href":"https:\/\/www.fcbarcelonanoticias.com\/en\/wp-json\/wp\/v2\/tags?post=137384"}],"curies":[{"name":"wp","href":"https:\/\/api.w.org\/{rel}","templated":true}]}}