{"id":137433,"date":"2022-10-06T22:52:00","date_gmt":"2022-10-06T20:52:00","guid":{"rendered":"https:\/\/weisetech.dev\/fc-barcelona-noticias\/en\/the-president-of-the-real-goes-back-to-move-away-to-zubimendi-of-the_285170_102\/"},"modified":"2022-10-06T22:52:00","modified_gmt":"2022-10-06T20:52:00","slug":"the-president-of-the-real-goes-back-to-move-away-to-zubimendi-of-the_285170_102","status":"publish","type":"post","link":"https:\/\/www.fcbarcelonanoticias.com\/en\/transfers\/the-president-of-the-real-goes-back-to-move-away-to-zubimendi-of-the_285170_102.html","title":{"rendered":"The president of Real once again distances Zubimendi from Bar\u00e7a"},"content":{"rendered":"<h2 class=\"wp-block-heading\">The days happen and the FC Barcelona follows going down his options to do  with the signing of Mart\u00edn Zubimendi in 2023. The player and the own Real Sociedad do not think in the Bar\u00e7a and like this have left it know<\/h2>  \r\n<div class=\"article-addons\">\r\n    <a href=\"https:\/\/www.fcbarcelonanoticias.com\/en\/calendar-fc-barcelona.html\"\r\n       target=\"_self\"\r\n       title=\"Calendar of FC Barcelona\"\r\n       class=\"blue-gredient-btn\">\r\n       \r\n        Calendar of FC Barcelona    <\/a>\r\n<\/div>   <p>The recent words of Jokin Aperribay leftover the renewal of Mart\u00edn Zubimendi no longer leave place to the doubts. <strong>The president of the Basque team highlighted that &#8220;we are very cerquita to have an agreement&#8221;,<\/strong> a sentence that ratifies the already pronounced by the own footballer of the Real Sociedad pretended by <a data-external=\"0\" data-intl-links-en=\"https:\/\/www.fcbarcelonanoticias.com\/en\/fc-barcelona\" data-intl-links-es=\"https:\/\/www.fcbarcelonanoticias.com\/fc-barcelona\" href=\"https:\/\/www.fcbarcelonanoticias.com\/en\/football-soccer\/fc-barcelona.html\" rel=\"follow\" target=\"_self\" title=\"FC Barcelona\">the FC Barcelona<\/a>, that aimed: &#8220;we are ready, it is question of time&#8221;.<\/p>  <p>Already convinced that the canterano txuri urdin will sign this agreement, that now links him to the club until 2025 with 60 million euros of clause of rescission, the realistic president adds that &#8220;I wish that Mart\u00edn Zubimendi develop all his career in the Real&#8221; and trusts that it was the leader of his generation, the one who serves of bridge to the one of the 97. <strong>That of Oyarzabal, Zubeldia, Aihen and Guevara, with the youngest, that since the one of Ulia was born in 1999.<\/strong><\/p>  <p>To Aperribay him ilusiona a future Real with players like Zubimendi, Merino and Zubimendi to the control, although it knows that it will be complicated to retain to a footballer that also has intentions to know new leagues.<strong> The mediocampista moves away the possibility of his traspaso to the Bar\u00e7a even more when leaving in clear that his priority after the Real is to play out of <a data-external=\"0\" data-intl-links-en=\"https:\/\/www.fcbarcelonanoticias.com\/en\/laliga\" data-intl-links-es=\"https:\/\/www.fcbarcelonanoticias.com\/laliga\" href=\"https:\/\/www.fcbarcelonanoticias.com\/en\/football-soccer\/laliga.html\" rel=\"follow\" target=\"_self\" title=\"LaLiga\">LaLiga<\/a>. <\/strong><\/p>  <h3>Details for closing<\/h3>  <p>On the state of the negotiation with the midfield player, Aperribay limits to say that &#8220;no one there is concrete discussion&#8221; and that &#8220;progresses properly&#8221;. <strong>It expects , therefore, that the announcement of this renewal of Zubimendi, the most expected in the realistic surroundings, was official in the short term<\/strong> and that carry the current agreement at least until 2027, although it would keep the clause of 60 &#8216;kilos&#8217;.<\/p> ","protected":false},"excerpt":{"rendered":"<p>The days happen and the FC Barcelona follows going down his options to do with the signing of Mart\u00edn Zubimendi in 2023. The player and the own Real Sociedad do not think in the Bar\u00e7a and like this have left it know The recent words of Jokin Aperribay leftover the renewal of Mart\u00edn Zubimendi no [&hellip;]<\/p>\n","protected":false},"author":345,"featured_media":140453,"comment_status":"closed","ping_status":"open","sticky":false,"template":"","format":"standard","meta":{"_acf_changed":false,"inline_featured_image":false,"_nextfly_llmd_date_locked":false,"footnotes":""},"categories":[106,449],"tags":[72,48],"class_list":["post-137433","post","type-post","status-publish","format-standard","has-post-thumbnail","hentry","category-transfers","category-transfers-2","tag-real-sociedad","tag-xavi-hernandez"],"acf":[],"yoast_head":"<!-- This site is optimized with the Yoast SEO plugin v27.3 - https:\/\/yoast.com\/product\/yoast-seo-wordpress\/ -->\n<title>The president of Real once again distances Zubimendi from Bar\u00e7a<\/title>\n<meta name=\"description\" content=\"The days happen and the FC Barcelona follows going down his options to do with the signing of Mart\u00edn Zubimendi in 2023. The player and the own Real Sociedad no pi...\" \/>\n<meta name=\"robots\" content=\"index, follow, max-snippet:-1, max-image-preview:large, max-video-preview:-1\" \/>\n<link rel=\"canonical\" href=\"https:\/\/www.fcbarcelonanoticias.com\/en\/transfers\/the-president-of-the-real-goes-back-to-move-away-to-zubimendi-of-the_285170_102.html\" \/>\n<meta property=\"og:locale\" content=\"en_US\" \/>\n<meta property=\"og:type\" content=\"article\" \/>\n<meta property=\"og:title\" content=\"The president of Real once again distances Zubimendi from Bar\u00e7a\" \/>\n<meta property=\"og:description\" content=\"The days happen and the FC Barcelona follows going down his options to do with the signing of Mart\u00edn Zubimendi in 2023. The player and the own Real Sociedad no pi...\" \/>\n<meta property=\"og:url\" content=\"https:\/\/www.fcbarcelonanoticias.com\/en\/transfers\/the-president-of-the-real-goes-back-to-move-away-to-zubimendi-of-the_285170_102.html\" \/>\n<meta property=\"og:site_name\" content=\"EN - FC Barcelona Noticias\" \/>\n<meta property=\"article:published_time\" content=\"2022-10-06T20:52:00+00:00\" \/>\n<meta property=\"og:image\" content=\"https:\/\/www.fcbarcelonanoticias.com\/en\/wp-content\/uploads\/sites\/2\/2022\/10\/jokin-aperribay-prensa.jpeg\" \/>\n\t<meta property=\"og:image:width\" content=\"1300\" \/>\n\t<meta property=\"og:image:height\" content=\"736\" \/>\n\t<meta property=\"og:image:type\" content=\"image\/jpeg\" \/>\n<meta name=\"author\" content=\"Carlos Montenegro\" \/>\n<meta name=\"twitter:card\" content=\"summary_large_image\" \/>\n<meta name=\"twitter:label1\" content=\"Written by\" \/>\n\t<meta name=\"twitter:data1\" content=\"Carlos Montenegro\" \/>\n\t<meta name=\"twitter:label2\" content=\"Est. reading time\" \/>\n\t<meta name=\"twitter:data2\" content=\"2 minutes\" \/>\n<script type=\"application\/ld+json\" class=\"yoast-schema-graph\">{\"@context\":\"https:\\\/\\\/schema.org\",\"@graph\":[{\"@type\":\"Article\",\"@id\":\"https:\\\/\\\/www.fcbarcelonanoticias.com\\\/en\\\/transfers\\\/the-president-of-the-real-goes-back-to-move-away-to-zubimendi-of-the_285170_102.html#article\",\"isPartOf\":{\"@id\":\"https:\\\/\\\/www.fcbarcelonanoticias.com\\\/en\\\/transfers\\\/the-president-of-the-real-goes-back-to-move-away-to-zubimendi-of-the_285170_102.html\"},\"author\":{\"name\":\"Carlos Montenegro\",\"@id\":\"https:\\\/\\\/www.fcbarcelonanoticias.com\\\/en\\\/#\\\/schema\\\/person\\\/aa1d038709c262cb247e240f6b39bbf5\"},\"headline\":\"The president of Real once again distances Zubimendi from Bar\u00e7a\",\"datePublished\":\"2022-10-06T20:52:00+00:00\",\"mainEntityOfPage\":{\"@id\":\"https:\\\/\\\/www.fcbarcelonanoticias.com\\\/en\\\/transfers\\\/the-president-of-the-real-goes-back-to-move-away-to-zubimendi-of-the_285170_102.html\"},\"wordCount\":342,\"image\":{\"@id\":\"https:\\\/\\\/www.fcbarcelonanoticias.com\\\/en\\\/transfers\\\/the-president-of-the-real-goes-back-to-move-away-to-zubimendi-of-the_285170_102.html#primaryimage\"},\"thumbnailUrl\":\"https:\\\/\\\/www.fcbarcelonanoticias.com\\\/en\\\/wp-content\\\/uploads\\\/sites\\\/2\\\/2022\\\/10\\\/jokin-aperribay-prensa.jpeg\",\"keywords\":[\"Real Sociedad\",\"Xavi Hern\u00e1ndez\"],\"articleSection\":[\"Transfers\",\"Transfers\"],\"inLanguage\":\"en-US\"},{\"@type\":\"WebPage\",\"@id\":\"https:\\\/\\\/www.fcbarcelonanoticias.com\\\/en\\\/transfers\\\/the-president-of-the-real-goes-back-to-move-away-to-zubimendi-of-the_285170_102.html\",\"url\":\"https:\\\/\\\/www.fcbarcelonanoticias.com\\\/en\\\/transfers\\\/the-president-of-the-real-goes-back-to-move-away-to-zubimendi-of-the_285170_102.html\",\"name\":\"The president of Real once again distances Zubimendi from Bar\u00e7a\",\"isPartOf\":{\"@id\":\"https:\\\/\\\/www.fcbarcelonanoticias.com\\\/en\\\/#website\"},\"primaryImageOfPage\":{\"@id\":\"https:\\\/\\\/www.fcbarcelonanoticias.com\\\/en\\\/transfers\\\/the-president-of-the-real-goes-back-to-move-away-to-zubimendi-of-the_285170_102.html#primaryimage\"},\"image\":{\"@id\":\"https:\\\/\\\/www.fcbarcelonanoticias.com\\\/en\\\/transfers\\\/the-president-of-the-real-goes-back-to-move-away-to-zubimendi-of-the_285170_102.html#primaryimage\"},\"thumbnailUrl\":\"https:\\\/\\\/www.fcbarcelonanoticias.com\\\/en\\\/wp-content\\\/uploads\\\/sites\\\/2\\\/2022\\\/10\\\/jokin-aperribay-prensa.jpeg\",\"datePublished\":\"2022-10-06T20:52:00+00:00\",\"author\":{\"@id\":\"https:\\\/\\\/www.fcbarcelonanoticias.com\\\/en\\\/#\\\/schema\\\/person\\\/aa1d038709c262cb247e240f6b39bbf5\"},\"description\":\"The days happen and the FC Barcelona follows going down his options to do with the signing of Mart\u00edn Zubimendi in 2023. The player and the own Real Sociedad no pi...\",\"breadcrumb\":{\"@id\":\"https:\\\/\\\/www.fcbarcelonanoticias.com\\\/en\\\/transfers\\\/the-president-of-the-real-goes-back-to-move-away-to-zubimendi-of-the_285170_102.html#breadcrumb\"},\"inLanguage\":\"en-US\",\"potentialAction\":[{\"@type\":\"ReadAction\",\"target\":[\"https:\\\/\\\/www.fcbarcelonanoticias.com\\\/en\\\/transfers\\\/the-president-of-the-real-goes-back-to-move-away-to-zubimendi-of-the_285170_102.html\"]}]},{\"@type\":\"ImageObject\",\"inLanguage\":\"en-US\",\"@id\":\"https:\\\/\\\/www.fcbarcelonanoticias.com\\\/en\\\/transfers\\\/the-president-of-the-real-goes-back-to-move-away-to-zubimendi-of-the_285170_102.html#primaryimage\",\"url\":\"https:\\\/\\\/www.fcbarcelonanoticias.com\\\/en\\\/wp-content\\\/uploads\\\/sites\\\/2\\\/2022\\\/10\\\/jokin-aperribay-prensa.jpeg\",\"contentUrl\":\"https:\\\/\\\/www.fcbarcelonanoticias.com\\\/en\\\/wp-content\\\/uploads\\\/sites\\\/2\\\/2022\\\/10\\\/jokin-aperribay-prensa.jpeg\",\"width\":1300,\"height\":736},{\"@type\":\"BreadcrumbList\",\"@id\":\"https:\\\/\\\/www.fcbarcelonanoticias.com\\\/en\\\/transfers\\\/the-president-of-the-real-goes-back-to-move-away-to-zubimendi-of-the_285170_102.html#breadcrumb\",\"itemListElement\":[{\"@type\":\"ListItem\",\"position\":1,\"name\":\"Portada\",\"item\":\"https:\\\/\\\/www.fcbarcelonanoticias.com\\\/en\\\/\"},{\"@type\":\"ListItem\",\"position\":2,\"name\":\"The president of Real once again distances Zubimendi from Bar\u00e7a\"}]},{\"@type\":\"WebSite\",\"@id\":\"https:\\\/\\\/www.fcbarcelonanoticias.com\\\/en\\\/#website\",\"url\":\"https:\\\/\\\/www.fcbarcelonanoticias.com\\\/en\\\/\",\"name\":\"EN - FC Barcelona Noticias\",\"description\":\"\",\"potentialAction\":[{\"@type\":\"SearchAction\",\"target\":{\"@type\":\"EntryPoint\",\"urlTemplate\":\"https:\\\/\\\/www.fcbarcelonanoticias.com\\\/en\\\/?s={search_term_string}\"},\"query-input\":{\"@type\":\"PropertyValueSpecification\",\"valueRequired\":true,\"valueName\":\"search_term_string\"}}],\"inLanguage\":\"en-US\"},{\"@type\":\"Person\",\"@id\":\"https:\\\/\\\/www.fcbarcelonanoticias.com\\\/en\\\/#\\\/schema\\\/person\\\/aa1d038709c262cb247e240f6b39bbf5\",\"name\":\"Carlos Montenegro\",\"image\":{\"@type\":\"ImageObject\",\"inLanguage\":\"en-US\",\"@id\":\"https:\\\/\\\/secure.gravatar.com\\\/avatar\\\/?s=96&d=mm&r=g\",\"url\":\"https:\\\/\\\/secure.gravatar.com\\\/avatar\\\/?s=96&d=mm&r=g\",\"contentUrl\":\"https:\\\/\\\/secure.gravatar.com\\\/avatar\\\/?s=96&d=mm&r=g\",\"caption\":\"Carlos Montenegro\"},\"url\":\"https:\\\/\\\/www.fcbarcelonanoticias.com\\\/en\\\/carlos-montenegro_20_115.html\"}]}<\/script>\n<!-- \/ Yoast SEO plugin. -->","yoast_head_json":{"title":"The president of Real once again distances Zubimendi from Bar\u00e7a","description":"The days happen and the FC Barcelona follows going down his options to do with the signing of Mart\u00edn Zubimendi in 2023. The player and the own Real Sociedad no pi...","robots":{"index":"index","follow":"follow","max-snippet":"max-snippet:-1","max-image-preview":"max-image-preview:large","max-video-preview":"max-video-preview:-1"},"canonical":"https:\/\/www.fcbarcelonanoticias.com\/en\/transfers\/the-president-of-the-real-goes-back-to-move-away-to-zubimendi-of-the_285170_102.html","og_locale":"en_US","og_type":"article","og_title":"The president of Real once again distances Zubimendi from Bar\u00e7a","og_description":"The days happen and the FC Barcelona follows going down his options to do with the signing of Mart\u00edn Zubimendi in 2023. The player and the own Real Sociedad no pi...","og_url":"https:\/\/www.fcbarcelonanoticias.com\/en\/transfers\/the-president-of-the-real-goes-back-to-move-away-to-zubimendi-of-the_285170_102.html","og_site_name":"EN - FC Barcelona Noticias","article_published_time":"2022-10-06T20:52:00+00:00","og_image":[{"width":1300,"height":736,"url":"https:\/\/www.fcbarcelonanoticias.com\/en\/wp-content\/uploads\/sites\/2\/2022\/10\/jokin-aperribay-prensa.jpeg","type":"image\/jpeg"}],"author":"Carlos Montenegro","twitter_card":"summary_large_image","twitter_misc":{"Written by":"Carlos Montenegro","Est. reading time":"2 minutes"},"schema":{"@context":"https:\/\/schema.org","@graph":[{"@type":"Article","@id":"https:\/\/www.fcbarcelonanoticias.com\/en\/transfers\/the-president-of-the-real-goes-back-to-move-away-to-zubimendi-of-the_285170_102.html#article","isPartOf":{"@id":"https:\/\/www.fcbarcelonanoticias.com\/en\/transfers\/the-president-of-the-real-goes-back-to-move-away-to-zubimendi-of-the_285170_102.html"},"author":{"name":"Carlos Montenegro","@id":"https:\/\/www.fcbarcelonanoticias.com\/en\/#\/schema\/person\/aa1d038709c262cb247e240f6b39bbf5"},"headline":"The president of Real once again distances Zubimendi from Bar\u00e7a","datePublished":"2022-10-06T20:52:00+00:00","mainEntityOfPage":{"@id":"https:\/\/www.fcbarcelonanoticias.com\/en\/transfers\/the-president-of-the-real-goes-back-to-move-away-to-zubimendi-of-the_285170_102.html"},"wordCount":342,"image":{"@id":"https:\/\/www.fcbarcelonanoticias.com\/en\/transfers\/the-president-of-the-real-goes-back-to-move-away-to-zubimendi-of-the_285170_102.html#primaryimage"},"thumbnailUrl":"https:\/\/www.fcbarcelonanoticias.com\/en\/wp-content\/uploads\/sites\/2\/2022\/10\/jokin-aperribay-prensa.jpeg","keywords":["Real Sociedad","Xavi Hern\u00e1ndez"],"articleSection":["Transfers","Transfers"],"inLanguage":"en-US"},{"@type":"WebPage","@id":"https:\/\/www.fcbarcelonanoticias.com\/en\/transfers\/the-president-of-the-real-goes-back-to-move-away-to-zubimendi-of-the_285170_102.html","url":"https:\/\/www.fcbarcelonanoticias.com\/en\/transfers\/the-president-of-the-real-goes-back-to-move-away-to-zubimendi-of-the_285170_102.html","name":"The president of Real once again distances Zubimendi from Bar\u00e7a","isPartOf":{"@id":"https:\/\/www.fcbarcelonanoticias.com\/en\/#website"},"primaryImageOfPage":{"@id":"https:\/\/www.fcbarcelonanoticias.com\/en\/transfers\/the-president-of-the-real-goes-back-to-move-away-to-zubimendi-of-the_285170_102.html#primaryimage"},"image":{"@id":"https:\/\/www.fcbarcelonanoticias.com\/en\/transfers\/the-president-of-the-real-goes-back-to-move-away-to-zubimendi-of-the_285170_102.html#primaryimage"},"thumbnailUrl":"https:\/\/www.fcbarcelonanoticias.com\/en\/wp-content\/uploads\/sites\/2\/2022\/10\/jokin-aperribay-prensa.jpeg","datePublished":"2022-10-06T20:52:00+00:00","author":{"@id":"https:\/\/www.fcbarcelonanoticias.com\/en\/#\/schema\/person\/aa1d038709c262cb247e240f6b39bbf5"},"description":"The days happen and the FC Barcelona follows going down his options to do with the signing of Mart\u00edn Zubimendi in 2023. The player and the own Real Sociedad no pi...","breadcrumb":{"@id":"https:\/\/www.fcbarcelonanoticias.com\/en\/transfers\/the-president-of-the-real-goes-back-to-move-away-to-zubimendi-of-the_285170_102.html#breadcrumb"},"inLanguage":"en-US","potentialAction":[{"@type":"ReadAction","target":["https:\/\/www.fcbarcelonanoticias.com\/en\/transfers\/the-president-of-the-real-goes-back-to-move-away-to-zubimendi-of-the_285170_102.html"]}]},{"@type":"ImageObject","inLanguage":"en-US","@id":"https:\/\/www.fcbarcelonanoticias.com\/en\/transfers\/the-president-of-the-real-goes-back-to-move-away-to-zubimendi-of-the_285170_102.html#primaryimage","url":"https:\/\/www.fcbarcelonanoticias.com\/en\/wp-content\/uploads\/sites\/2\/2022\/10\/jokin-aperribay-prensa.jpeg","contentUrl":"https:\/\/www.fcbarcelonanoticias.com\/en\/wp-content\/uploads\/sites\/2\/2022\/10\/jokin-aperribay-prensa.jpeg","width":1300,"height":736},{"@type":"BreadcrumbList","@id":"https:\/\/www.fcbarcelonanoticias.com\/en\/transfers\/the-president-of-the-real-goes-back-to-move-away-to-zubimendi-of-the_285170_102.html#breadcrumb","itemListElement":[{"@type":"ListItem","position":1,"name":"Portada","item":"https:\/\/www.fcbarcelonanoticias.com\/en\/"},{"@type":"ListItem","position":2,"name":"The president of Real once again distances Zubimendi from Bar\u00e7a"}]},{"@type":"WebSite","@id":"https:\/\/www.fcbarcelonanoticias.com\/en\/#website","url":"https:\/\/www.fcbarcelonanoticias.com\/en\/","name":"EN - FC Barcelona Noticias","description":"","potentialAction":[{"@type":"SearchAction","target":{"@type":"EntryPoint","urlTemplate":"https:\/\/www.fcbarcelonanoticias.com\/en\/?s={search_term_string}"},"query-input":{"@type":"PropertyValueSpecification","valueRequired":true,"valueName":"search_term_string"}}],"inLanguage":"en-US"},{"@type":"Person","@id":"https:\/\/www.fcbarcelonanoticias.com\/en\/#\/schema\/person\/aa1d038709c262cb247e240f6b39bbf5","name":"Carlos Montenegro","image":{"@type":"ImageObject","inLanguage":"en-US","@id":"https:\/\/secure.gravatar.com\/avatar\/?s=96&d=mm&r=g","url":"https:\/\/secure.gravatar.com\/avatar\/?s=96&d=mm&r=g","contentUrl":"https:\/\/secure.gravatar.com\/avatar\/?s=96&d=mm&r=g","caption":"Carlos Montenegro"},"url":"https:\/\/www.fcbarcelonanoticias.com\/en\/carlos-montenegro_20_115.html"}]}},"_links":{"self":[{"href":"https:\/\/www.fcbarcelonanoticias.com\/en\/wp-json\/wp\/v2\/posts\/137433","targetHints":{"allow":["GET"]}}],"collection":[{"href":"https:\/\/www.fcbarcelonanoticias.com\/en\/wp-json\/wp\/v2\/posts"}],"about":[{"href":"https:\/\/www.fcbarcelonanoticias.com\/en\/wp-json\/wp\/v2\/types\/post"}],"author":[{"embeddable":true,"href":"https:\/\/www.fcbarcelonanoticias.com\/en\/wp-json\/wp\/v2\/users\/345"}],"replies":[{"embeddable":true,"href":"https:\/\/www.fcbarcelonanoticias.com\/en\/wp-json\/wp\/v2\/comments?post=137433"}],"version-history":[{"count":1,"href":"https:\/\/www.fcbarcelonanoticias.com\/en\/wp-json\/wp\/v2\/posts\/137433\/revisions"}],"predecessor-version":[{"id":140451,"href":"https:\/\/www.fcbarcelonanoticias.com\/en\/wp-json\/wp\/v2\/posts\/137433\/revisions\/140451"}],"wp:featuredmedia":[{"embeddable":true,"href":"https:\/\/www.fcbarcelonanoticias.com\/en\/wp-json\/wp\/v2\/media\/140453"}],"wp:attachment":[{"href":"https:\/\/www.fcbarcelonanoticias.com\/en\/wp-json\/wp\/v2\/media?parent=137433"}],"wp:term":[{"taxonomy":"category","embeddable":true,"href":"https:\/\/www.fcbarcelonanoticias.com\/en\/wp-json\/wp\/v2\/categories?post=137433"},{"taxonomy":"post_tag","embeddable":true,"href":"https:\/\/www.fcbarcelonanoticias.com\/en\/wp-json\/wp\/v2\/tags?post=137433"}],"curies":[{"name":"wp","href":"https:\/\/api.w.org\/{rel}","templated":true}]}}