{"id":137458,"date":"2024-07-20T14:40:00","date_gmt":"2024-07-20T12:40:00","guid":{"rendered":"https:\/\/weisetech.dev\/fc-barcelona-noticias\/en\/the-fc-barcelona-replantea-the-future-of-one-of-his-possible-descartes_305624_102\/"},"modified":"2024-07-20T14:40:00","modified_gmt":"2024-07-20T12:40:00","slug":"the-fc-barcelona-replantea-the-future-of-one-of-his-possible-descartes_305624_102","status":"publish","type":"post","link":"https:\/\/www.fcbarcelonanoticias.com\/en\/transfers\/the-fc-barcelona-replantea-the-future-of-one-of-his-possible-descartes_305624_102.html","title":{"rendered":"FC Barcelona reconsiders the future of one of its possible &#8216;discards&#8217;"},"content":{"rendered":"<h2 class=\"wp-block-heading\">Mika Faye&#8217;s continuity at Bar\u00e7a is beginning to gain momentum at Bar\u00e7a. Ronald Ara\u00fajo&#8217;s injury could give the player minutes, although the club does not close the exit door for him<\/h2>  \r\n<div class=\"article-addons\">\r\n    <a href=\"https:\/\/www.fcbarcelonanoticias.com\/en\/calendar-fc-barcelona.html\"\r\n       target=\"_self\"\r\n       title=\"Calendar of FC Barcelona\"\r\n       class=\"blue-gredient-btn\">\r\n       \r\n        Calendar of FC Barcelona    <\/a>\r\n<\/div>   <p><a data-external=\"0\" data-intl-links-en=\"https:\/\/www.fcbarcelonanoticias.com\/en\/transfers\/rival-of-laliga-could-help-to-the-fc-barcelona-with-the-overbooking-of-head-offices_305605_102.html\" data-intl-links-es=\"https:\/\/www.fcbarcelonanoticias.com\/fichajes\/rival-laliga-podria-ayudar-fc-barcelona-con-overbooking-centrales_305605_102.html\" href=\"https:\/\/www.fcbarcelonanoticias.com\/en\/transfers\/rival-of-laliga-could-help-to-the-fc-barcelona-with-the-overbooking-of-head-offices_305605_102.html\" rel=\"follow\" target=\"_self\" title=\"Un rival de LaLiga podr\u00eda 'ayudar' al FC Barcelona con el 'overbooking' de centrales\">The future of Mika Faye is one of the open fronts of the FC Barcelona this summer<\/a>. The central of 20 recently fulfilled years has put under the orders of Hansi Flick in the first trainings of the pre-season blaugrana, <strong>working to the pair of his mates and attaining change his situation in the club after his possible signing by the Port wine finished failing<\/strong>.<\/p>  <p>According to the newspaper &#8216;SPORT&#8217;, the player has surprised for well to the German trainer, that values his qualities and considers that it could fit in his diagram. By this reason, <strong>exists the possibility that the hypothetical sale of the defender remain &#8216;frozen&#8217;, like minimum, until January<\/strong>. The good performance showed up to now by the footballer, <a data-external=\"0\" data-intl-links-en=\"https:\/\/www.fcbarcelonanoticias.com\/en\/fc-barcelona\/the-parties-that-araujo-loses-with-the-fc-barcelona-after-the-injury_305481_102.html\" data-intl-links-es=\"https:\/\/www.fcbarcelonanoticias.com\/fc-barcelona\/partidos-laliga-ronald-araujo-se-perdera-con-fc-barcelona-por-culpa-su-lesion_305481_102.html\" href=\"https:\/\/www.fcbarcelonanoticias.com\/en\/fc-barcelona\/the-parties-that-araujo-loses-with-the-fc-barcelona-after-the-injury_305481_102.html\" rel=\"follow\" target=\"_self\" title=\"Los partidos de LaLiga que Ronald Ar\u00e1ujo se perder\u00e1 con el FC Barcelona por culpa de su lesi\u00f3n\">added to the injury of Ronald Ara\u00fajo<\/a>, that will be several months in the dry dam, do that in Can Bar\u00e7a see with good eyes his stay.<\/p>  <p>The Barcelona square has a problem in the centre of the saga of face to the start of the season, since in addition to the drop of Ara\u00fajo, Pau Cubars\u00ed and Eric Garc\u00eda will have little margin of rest after contesting the Olympic games with the Spanish selection. In the meantime, I\u00f1igo Mart\u00ednez is slope of his registration, <strong>by what have Faye in the first team begins to seem a need in the Spotify Camp Nou<\/strong>.<\/p>  <h2>His course keeps on being possible<\/h2>  <p>However, his future is not entirely clear-cut. The Senegalese was one of the options of the Catalan entity to do box and will keep on being it. It turns it by United States could serve of &#8216;vitrina&#8217; for the footballer, since if it attains to stand out, any stage would be descartado. Nevertheless, <strong>a priori, the most likely is that continue until January, and will be in this moment in which it go back to argue his destination<\/strong>. If it enjoys of the continuity that wishes in the first 4 months of competition, Mika would follow dressing the T-shirt blaugrana, but of not having minutes neither regularity, the solution would be a traspaso.<\/p> ","protected":false},"excerpt":{"rendered":"<p>Mika Faye&#8217;s continuity at Bar\u00e7a is beginning to gain momentum at Bar\u00e7a. Ronald Ara\u00fajo&#8217;s injury could give the player minutes, although the club does not close the exit door for him The future of Mika Faye is one of the open fronts of the FC Barcelona this summer. The central of 20 recently fulfilled years [&hellip;]<\/p>\n","protected":false},"author":358,"featured_media":141127,"comment_status":"closed","ping_status":"open","sticky":false,"template":"","format":"standard","meta":{"_acf_changed":false,"inline_featured_image":false,"_nextfly_llmd_date_locked":false,"footnotes":""},"categories":[449,106],"tags":[85,87],"class_list":["post-137458","post","type-post","status-publish","format-standard","has-post-thumbnail","hentry","category-transfers-2","category-transfers","tag-fc-oporto","tag-hansi-flick"],"acf":[],"yoast_head":"<!-- This site is optimized with the Yoast SEO plugin v27.3 - https:\/\/yoast.com\/product\/yoast-seo-wordpress\/ -->\n<title>The FC Barcelona replantea the future of one of his possible &#039;descartes&#039;<\/title>\n<meta name=\"description\" content=\"The continuity of Mika Faye in the Bar\u00e7a begins to win integers in the Bar\u00e7a. The injury of Ronald Ara\u00fajo could give him minutes to the footballer, although the club does not close him the door of exit\" \/>\n<meta name=\"robots\" content=\"index, follow, max-snippet:-1, max-image-preview:large, max-video-preview:-1\" \/>\n<link rel=\"canonical\" href=\"https:\/\/www.fcbarcelonanoticias.com\/en\/transfers\/the-fc-barcelona-replantea-the-future-of-one-of-his-possible-descartes_305624_102.html\" \/>\n<meta property=\"og:locale\" content=\"en_US\" \/>\n<meta property=\"og:type\" content=\"article\" \/>\n<meta property=\"og:title\" content=\"The FC Barcelona replantea the future of one of his possible &#039;descartes&#039;\" \/>\n<meta property=\"og:description\" content=\"The continuity of Mika Faye in the Bar\u00e7a begins to win integers in the Bar\u00e7a. The injury of Ronald Ara\u00fajo could give him minutes to the footballer, although the club does not close him the door of exit\" \/>\n<meta property=\"og:url\" content=\"https:\/\/www.fcbarcelonanoticias.com\/en\/transfers\/the-fc-barcelona-replantea-the-future-of-one-of-his-possible-descartes_305624_102.html\" \/>\n<meta property=\"og:site_name\" content=\"EN - FC Barcelona Noticias\" \/>\n<meta property=\"article:published_time\" content=\"2024-07-20T12:40:00+00:00\" \/>\n<meta property=\"og:image\" content=\"https:\/\/www.fcbarcelonanoticias.com\/en\/wp-content\/uploads\/sites\/2\/2024\/07\/mika-faye-en-un-calentamiento-con-el-fc-barcelona-2.jpeg\" \/>\n\t<meta property=\"og:image:width\" content=\"1200\" \/>\n\t<meta property=\"og:image:height\" content=\"675\" \/>\n\t<meta property=\"og:image:type\" content=\"image\/jpeg\" \/>\n<meta name=\"author\" content=\"Juan Pablo Berdugo\" \/>\n<meta name=\"twitter:card\" content=\"summary_large_image\" \/>\n<meta name=\"twitter:label1\" content=\"Written by\" \/>\n\t<meta name=\"twitter:data1\" content=\"Juan Pablo Berdugo\" \/>\n\t<meta name=\"twitter:label2\" content=\"Est. reading time\" \/>\n\t<meta name=\"twitter:data2\" content=\"2 minutes\" \/>\n<script type=\"application\/ld+json\" class=\"yoast-schema-graph\">{\"@context\":\"https:\\\/\\\/schema.org\",\"@graph\":[{\"@type\":\"Article\",\"@id\":\"https:\\\/\\\/www.fcbarcelonanoticias.com\\\/en\\\/transfers\\\/the-fc-barcelona-replantea-the-future-of-one-of-his-possible-descartes_305624_102.html#article\",\"isPartOf\":{\"@id\":\"https:\\\/\\\/www.fcbarcelonanoticias.com\\\/en\\\/transfers\\\/the-fc-barcelona-replantea-the-future-of-one-of-his-possible-descartes_305624_102.html\"},\"author\":{\"name\":\"Juan Pablo Berdugo\",\"@id\":\"https:\\\/\\\/www.fcbarcelonanoticias.com\\\/en\\\/#\\\/schema\\\/person\\\/88d756918a0a1ae9fa593b5edddd1815\"},\"headline\":\"FC Barcelona reconsiders the future of one of its possible &#8216;discards&#8217;\",\"datePublished\":\"2024-07-20T12:40:00+00:00\",\"mainEntityOfPage\":{\"@id\":\"https:\\\/\\\/www.fcbarcelonanoticias.com\\\/en\\\/transfers\\\/the-fc-barcelona-replantea-the-future-of-one-of-his-possible-descartes_305624_102.html\"},\"wordCount\":395,\"image\":{\"@id\":\"https:\\\/\\\/www.fcbarcelonanoticias.com\\\/en\\\/transfers\\\/the-fc-barcelona-replantea-the-future-of-one-of-his-possible-descartes_305624_102.html#primaryimage\"},\"thumbnailUrl\":\"https:\\\/\\\/www.fcbarcelonanoticias.com\\\/en\\\/wp-content\\\/uploads\\\/sites\\\/2\\\/2024\\\/07\\\/mika-faye-en-un-calentamiento-con-el-fc-barcelona-2.jpeg\",\"keywords\":[\"FC Oporto\",\"Hansi Flick\"],\"articleSection\":[\"Transfers\",\"Transfers\"],\"inLanguage\":\"en-US\"},{\"@type\":\"WebPage\",\"@id\":\"https:\\\/\\\/www.fcbarcelonanoticias.com\\\/en\\\/transfers\\\/the-fc-barcelona-replantea-the-future-of-one-of-his-possible-descartes_305624_102.html\",\"url\":\"https:\\\/\\\/www.fcbarcelonanoticias.com\\\/en\\\/transfers\\\/the-fc-barcelona-replantea-the-future-of-one-of-his-possible-descartes_305624_102.html\",\"name\":\"The FC Barcelona replantea the future of one of his possible 'descartes'\",\"isPartOf\":{\"@id\":\"https:\\\/\\\/www.fcbarcelonanoticias.com\\\/en\\\/#website\"},\"primaryImageOfPage\":{\"@id\":\"https:\\\/\\\/www.fcbarcelonanoticias.com\\\/en\\\/transfers\\\/the-fc-barcelona-replantea-the-future-of-one-of-his-possible-descartes_305624_102.html#primaryimage\"},\"image\":{\"@id\":\"https:\\\/\\\/www.fcbarcelonanoticias.com\\\/en\\\/transfers\\\/the-fc-barcelona-replantea-the-future-of-one-of-his-possible-descartes_305624_102.html#primaryimage\"},\"thumbnailUrl\":\"https:\\\/\\\/www.fcbarcelonanoticias.com\\\/en\\\/wp-content\\\/uploads\\\/sites\\\/2\\\/2024\\\/07\\\/mika-faye-en-un-calentamiento-con-el-fc-barcelona-2.jpeg\",\"datePublished\":\"2024-07-20T12:40:00+00:00\",\"author\":{\"@id\":\"https:\\\/\\\/www.fcbarcelonanoticias.com\\\/en\\\/#\\\/schema\\\/person\\\/88d756918a0a1ae9fa593b5edddd1815\"},\"description\":\"The continuity of Mika Faye in the Bar\u00e7a begins to win integers in the Bar\u00e7a. The injury of Ronald Ara\u00fajo could give him minutes to the footballer, although the club does not close him the door of exit\",\"breadcrumb\":{\"@id\":\"https:\\\/\\\/www.fcbarcelonanoticias.com\\\/en\\\/transfers\\\/the-fc-barcelona-replantea-the-future-of-one-of-his-possible-descartes_305624_102.html#breadcrumb\"},\"inLanguage\":\"en-US\",\"potentialAction\":[{\"@type\":\"ReadAction\",\"target\":[\"https:\\\/\\\/www.fcbarcelonanoticias.com\\\/en\\\/transfers\\\/the-fc-barcelona-replantea-the-future-of-one-of-his-possible-descartes_305624_102.html\"]}]},{\"@type\":\"ImageObject\",\"inLanguage\":\"en-US\",\"@id\":\"https:\\\/\\\/www.fcbarcelonanoticias.com\\\/en\\\/transfers\\\/the-fc-barcelona-replantea-the-future-of-one-of-his-possible-descartes_305624_102.html#primaryimage\",\"url\":\"https:\\\/\\\/www.fcbarcelonanoticias.com\\\/en\\\/wp-content\\\/uploads\\\/sites\\\/2\\\/2024\\\/07\\\/mika-faye-en-un-calentamiento-con-el-fc-barcelona-2.jpeg\",\"contentUrl\":\"https:\\\/\\\/www.fcbarcelonanoticias.com\\\/en\\\/wp-content\\\/uploads\\\/sites\\\/2\\\/2024\\\/07\\\/mika-faye-en-un-calentamiento-con-el-fc-barcelona-2.jpeg\",\"width\":1200,\"height\":675},{\"@type\":\"BreadcrumbList\",\"@id\":\"https:\\\/\\\/www.fcbarcelonanoticias.com\\\/en\\\/transfers\\\/the-fc-barcelona-replantea-the-future-of-one-of-his-possible-descartes_305624_102.html#breadcrumb\",\"itemListElement\":[{\"@type\":\"ListItem\",\"position\":1,\"name\":\"Portada\",\"item\":\"https:\\\/\\\/www.fcbarcelonanoticias.com\\\/en\\\/\"},{\"@type\":\"ListItem\",\"position\":2,\"name\":\"FC Barcelona reconsiders the future of one of its possible &#8216;discards&#8217;\"}]},{\"@type\":\"WebSite\",\"@id\":\"https:\\\/\\\/www.fcbarcelonanoticias.com\\\/en\\\/#website\",\"url\":\"https:\\\/\\\/www.fcbarcelonanoticias.com\\\/en\\\/\",\"name\":\"EN - FC Barcelona Noticias\",\"description\":\"\",\"potentialAction\":[{\"@type\":\"SearchAction\",\"target\":{\"@type\":\"EntryPoint\",\"urlTemplate\":\"https:\\\/\\\/www.fcbarcelonanoticias.com\\\/en\\\/?s={search_term_string}\"},\"query-input\":{\"@type\":\"PropertyValueSpecification\",\"valueRequired\":true,\"valueName\":\"search_term_string\"}}],\"inLanguage\":\"en-US\"},{\"@type\":\"Person\",\"@id\":\"https:\\\/\\\/www.fcbarcelonanoticias.com\\\/en\\\/#\\\/schema\\\/person\\\/88d756918a0a1ae9fa593b5edddd1815\",\"name\":\"Juan Pablo Berdugo\",\"image\":{\"@type\":\"ImageObject\",\"inLanguage\":\"en-US\",\"@id\":\"https:\\\/\\\/secure.gravatar.com\\\/avatar\\\/?s=96&d=mm&r=g\",\"url\":\"https:\\\/\\\/secure.gravatar.com\\\/avatar\\\/?s=96&d=mm&r=g\",\"contentUrl\":\"https:\\\/\\\/secure.gravatar.com\\\/avatar\\\/?s=96&d=mm&r=g\",\"caption\":\"Juan Pablo Berdugo\"},\"description\":\"Juan Pablo Berdugo es graduado en Periodismo. Colabora con FCBN como especialista en informaci\u00f3n del primer equipo del FC Barcelona, f\u00fatbol internacional y mercado de fichajes. Destaca por su enfoque anal\u00edtico, su rigor informativo y su capacidad para detectar tendencias emergentes en el f\u00fatbol global.\",\"url\":\"https:\\\/\\\/www.fcbarcelonanoticias.com\\\/en\\\/fc-barcelona\\\/juan-pablo-berdugo_18_115.html\"}]}<\/script>\n<!-- \/ Yoast SEO plugin. -->","yoast_head_json":{"title":"The FC Barcelona replantea the future of one of his possible 'descartes'","description":"The continuity of Mika Faye in the Bar\u00e7a begins to win integers in the Bar\u00e7a. The injury of Ronald Ara\u00fajo could give him minutes to the footballer, although the club does not close him the door of exit","robots":{"index":"index","follow":"follow","max-snippet":"max-snippet:-1","max-image-preview":"max-image-preview:large","max-video-preview":"max-video-preview:-1"},"canonical":"https:\/\/www.fcbarcelonanoticias.com\/en\/transfers\/the-fc-barcelona-replantea-the-future-of-one-of-his-possible-descartes_305624_102.html","og_locale":"en_US","og_type":"article","og_title":"The FC Barcelona replantea the future of one of his possible 'descartes'","og_description":"The continuity of Mika Faye in the Bar\u00e7a begins to win integers in the Bar\u00e7a. The injury of Ronald Ara\u00fajo could give him minutes to the footballer, although the club does not close him the door of exit","og_url":"https:\/\/www.fcbarcelonanoticias.com\/en\/transfers\/the-fc-barcelona-replantea-the-future-of-one-of-his-possible-descartes_305624_102.html","og_site_name":"EN - FC Barcelona Noticias","article_published_time":"2024-07-20T12:40:00+00:00","og_image":[{"width":1200,"height":675,"url":"https:\/\/www.fcbarcelonanoticias.com\/en\/wp-content\/uploads\/sites\/2\/2024\/07\/mika-faye-en-un-calentamiento-con-el-fc-barcelona-2.jpeg","type":"image\/jpeg"}],"author":"Juan Pablo Berdugo","twitter_card":"summary_large_image","twitter_misc":{"Written by":"Juan Pablo Berdugo","Est. reading time":"2 minutes"},"schema":{"@context":"https:\/\/schema.org","@graph":[{"@type":"Article","@id":"https:\/\/www.fcbarcelonanoticias.com\/en\/transfers\/the-fc-barcelona-replantea-the-future-of-one-of-his-possible-descartes_305624_102.html#article","isPartOf":{"@id":"https:\/\/www.fcbarcelonanoticias.com\/en\/transfers\/the-fc-barcelona-replantea-the-future-of-one-of-his-possible-descartes_305624_102.html"},"author":{"name":"Juan Pablo Berdugo","@id":"https:\/\/www.fcbarcelonanoticias.com\/en\/#\/schema\/person\/88d756918a0a1ae9fa593b5edddd1815"},"headline":"FC Barcelona reconsiders the future of one of its possible &#8216;discards&#8217;","datePublished":"2024-07-20T12:40:00+00:00","mainEntityOfPage":{"@id":"https:\/\/www.fcbarcelonanoticias.com\/en\/transfers\/the-fc-barcelona-replantea-the-future-of-one-of-his-possible-descartes_305624_102.html"},"wordCount":395,"image":{"@id":"https:\/\/www.fcbarcelonanoticias.com\/en\/transfers\/the-fc-barcelona-replantea-the-future-of-one-of-his-possible-descartes_305624_102.html#primaryimage"},"thumbnailUrl":"https:\/\/www.fcbarcelonanoticias.com\/en\/wp-content\/uploads\/sites\/2\/2024\/07\/mika-faye-en-un-calentamiento-con-el-fc-barcelona-2.jpeg","keywords":["FC Oporto","Hansi Flick"],"articleSection":["Transfers","Transfers"],"inLanguage":"en-US"},{"@type":"WebPage","@id":"https:\/\/www.fcbarcelonanoticias.com\/en\/transfers\/the-fc-barcelona-replantea-the-future-of-one-of-his-possible-descartes_305624_102.html","url":"https:\/\/www.fcbarcelonanoticias.com\/en\/transfers\/the-fc-barcelona-replantea-the-future-of-one-of-his-possible-descartes_305624_102.html","name":"The FC Barcelona replantea the future of one of his possible 'descartes'","isPartOf":{"@id":"https:\/\/www.fcbarcelonanoticias.com\/en\/#website"},"primaryImageOfPage":{"@id":"https:\/\/www.fcbarcelonanoticias.com\/en\/transfers\/the-fc-barcelona-replantea-the-future-of-one-of-his-possible-descartes_305624_102.html#primaryimage"},"image":{"@id":"https:\/\/www.fcbarcelonanoticias.com\/en\/transfers\/the-fc-barcelona-replantea-the-future-of-one-of-his-possible-descartes_305624_102.html#primaryimage"},"thumbnailUrl":"https:\/\/www.fcbarcelonanoticias.com\/en\/wp-content\/uploads\/sites\/2\/2024\/07\/mika-faye-en-un-calentamiento-con-el-fc-barcelona-2.jpeg","datePublished":"2024-07-20T12:40:00+00:00","author":{"@id":"https:\/\/www.fcbarcelonanoticias.com\/en\/#\/schema\/person\/88d756918a0a1ae9fa593b5edddd1815"},"description":"The continuity of Mika Faye in the Bar\u00e7a begins to win integers in the Bar\u00e7a. The injury of Ronald Ara\u00fajo could give him minutes to the footballer, although the club does not close him the door of exit","breadcrumb":{"@id":"https:\/\/www.fcbarcelonanoticias.com\/en\/transfers\/the-fc-barcelona-replantea-the-future-of-one-of-his-possible-descartes_305624_102.html#breadcrumb"},"inLanguage":"en-US","potentialAction":[{"@type":"ReadAction","target":["https:\/\/www.fcbarcelonanoticias.com\/en\/transfers\/the-fc-barcelona-replantea-the-future-of-one-of-his-possible-descartes_305624_102.html"]}]},{"@type":"ImageObject","inLanguage":"en-US","@id":"https:\/\/www.fcbarcelonanoticias.com\/en\/transfers\/the-fc-barcelona-replantea-the-future-of-one-of-his-possible-descartes_305624_102.html#primaryimage","url":"https:\/\/www.fcbarcelonanoticias.com\/en\/wp-content\/uploads\/sites\/2\/2024\/07\/mika-faye-en-un-calentamiento-con-el-fc-barcelona-2.jpeg","contentUrl":"https:\/\/www.fcbarcelonanoticias.com\/en\/wp-content\/uploads\/sites\/2\/2024\/07\/mika-faye-en-un-calentamiento-con-el-fc-barcelona-2.jpeg","width":1200,"height":675},{"@type":"BreadcrumbList","@id":"https:\/\/www.fcbarcelonanoticias.com\/en\/transfers\/the-fc-barcelona-replantea-the-future-of-one-of-his-possible-descartes_305624_102.html#breadcrumb","itemListElement":[{"@type":"ListItem","position":1,"name":"Portada","item":"https:\/\/www.fcbarcelonanoticias.com\/en\/"},{"@type":"ListItem","position":2,"name":"FC Barcelona reconsiders the future of one of its possible &#8216;discards&#8217;"}]},{"@type":"WebSite","@id":"https:\/\/www.fcbarcelonanoticias.com\/en\/#website","url":"https:\/\/www.fcbarcelonanoticias.com\/en\/","name":"EN - FC Barcelona Noticias","description":"","potentialAction":[{"@type":"SearchAction","target":{"@type":"EntryPoint","urlTemplate":"https:\/\/www.fcbarcelonanoticias.com\/en\/?s={search_term_string}"},"query-input":{"@type":"PropertyValueSpecification","valueRequired":true,"valueName":"search_term_string"}}],"inLanguage":"en-US"},{"@type":"Person","@id":"https:\/\/www.fcbarcelonanoticias.com\/en\/#\/schema\/person\/88d756918a0a1ae9fa593b5edddd1815","name":"Juan Pablo Berdugo","image":{"@type":"ImageObject","inLanguage":"en-US","@id":"https:\/\/secure.gravatar.com\/avatar\/?s=96&d=mm&r=g","url":"https:\/\/secure.gravatar.com\/avatar\/?s=96&d=mm&r=g","contentUrl":"https:\/\/secure.gravatar.com\/avatar\/?s=96&d=mm&r=g","caption":"Juan Pablo Berdugo"},"description":"Juan Pablo Berdugo es graduado en Periodismo. Colabora con FCBN como especialista en informaci\u00f3n del primer equipo del FC Barcelona, f\u00fatbol internacional y mercado de fichajes. Destaca por su enfoque anal\u00edtico, su rigor informativo y su capacidad para detectar tendencias emergentes en el f\u00fatbol global.","url":"https:\/\/www.fcbarcelonanoticias.com\/en\/fc-barcelona\/juan-pablo-berdugo_18_115.html"}]}},"_links":{"self":[{"href":"https:\/\/www.fcbarcelonanoticias.com\/en\/wp-json\/wp\/v2\/posts\/137458","targetHints":{"allow":["GET"]}}],"collection":[{"href":"https:\/\/www.fcbarcelonanoticias.com\/en\/wp-json\/wp\/v2\/posts"}],"about":[{"href":"https:\/\/www.fcbarcelonanoticias.com\/en\/wp-json\/wp\/v2\/types\/post"}],"author":[{"embeddable":true,"href":"https:\/\/www.fcbarcelonanoticias.com\/en\/wp-json\/wp\/v2\/users\/358"}],"replies":[{"embeddable":true,"href":"https:\/\/www.fcbarcelonanoticias.com\/en\/wp-json\/wp\/v2\/comments?post=137458"}],"version-history":[{"count":1,"href":"https:\/\/www.fcbarcelonanoticias.com\/en\/wp-json\/wp\/v2\/posts\/137458\/revisions"}],"predecessor-version":[{"id":141126,"href":"https:\/\/www.fcbarcelonanoticias.com\/en\/wp-json\/wp\/v2\/posts\/137458\/revisions\/141126"}],"wp:featuredmedia":[{"embeddable":true,"href":"https:\/\/www.fcbarcelonanoticias.com\/en\/wp-json\/wp\/v2\/media\/141127"}],"wp:attachment":[{"href":"https:\/\/www.fcbarcelonanoticias.com\/en\/wp-json\/wp\/v2\/media?parent=137458"}],"wp:term":[{"taxonomy":"category","embeddable":true,"href":"https:\/\/www.fcbarcelonanoticias.com\/en\/wp-json\/wp\/v2\/categories?post=137458"},{"taxonomy":"post_tag","embeddable":true,"href":"https:\/\/www.fcbarcelonanoticias.com\/en\/wp-json\/wp\/v2\/tags?post=137458"}],"curies":[{"name":"wp","href":"https:\/\/api.w.org\/{rel}","templated":true}]}}