{"id":137496,"date":"2020-10-06T08:45:00","date_gmt":"2020-10-06T06:45:00","guid":{"rendered":"https:\/\/weisetech.dev\/fc-barcelona-noticias\/en\/the-fc-barcelona-the-team-that-worse-has-managed-the-last-day-of-the-market_261141_102\/"},"modified":"2020-10-06T13:42:00","modified_gmt":"2020-10-06T11:42:00","slug":"the-fc-barcelona-the-team-that-worse-has-managed-the-last-day-of-the-market_261141_102","status":"publish","type":"post","link":"https:\/\/www.fcbarcelonanoticias.com\/en\/transfers\/the-fc-barcelona-the-team-that-worse-has-managed-the-last-day-of-the-market_261141_102.html","title":{"rendered":"FC Barcelona, \u200b\u200bthe team that has managed the worst on the last day of the market"},"content":{"rendered":"<h2 class=\"wp-block-heading\">The FC Barcelona has not fulfilled any of his expectations in the last day of the market of signings. The exits that had to make have been nefastas and does not have fichado<\/h2>  \r\n<div class=\"article-addons\">\r\n    <a href=\"https:\/\/www.fcbarcelonanoticias.com\/en\/calendar-fc-barcelona.html\"\r\n       target=\"_self\"\r\n       title=\"Calendar of FC Barcelona\"\r\n       class=\"blue-gredient-btn\">\r\n       \r\n        Calendar of FC Barcelona    <\/a>\r\n<\/div>   <p>To fault of a day for the conclusion of the period of traspasos these were the intentions of the group blaugrana: <strong>fichar to Memphis Depay and Eric Garc\u00eda<\/strong> or, in his defect, to one of the two; achieve that the <strong>Manchester United<\/strong> accepted the <strong>purchase or cession<\/strong> of <strong>Demb\u00e9l\u00e9 <\/strong>and find <strong>exits of quality<\/strong> for <strong>Rafinha Alc\u00e1ntara<\/strong> and <strong>Jean-Clair Todibo<\/strong>. Although it seem lie, have not achieved any of the aims.<\/p>  <p>The &#8216;<strong>Mosquito<\/strong>&#8216; will follow <strong>a season more in the Bar\u00e7a<\/strong>. Of course it is not the worst of the news for the group barcelonista, although, his intention was the one to remove it of the half. The Catalan team and the <strong>Manchester United<\/strong> have not attained to arrive to any agreement for the purchase <strong> <\/strong>or <strong>cession <\/strong>of the extreme youngster French, that, after the explosion of <strong>Ansu Fati<\/strong>, will not have a lot of minutes.<\/p>  <h3>Rafinha Alc\u00e1ntara leaves free of the Bar\u00e7a<\/h3>  <div class=\"article-video-wrapper\" data-ck-asset-wrapper=\"\"> <div class=\"article-video\"> <div> <div style=\"position: relative; padding-bottom:56.25%; height: 0; overflow: hidden; \"><\/div> <\/div> <\/div> <\/div>  <p>Another desprop\u00f3sito is <a data-external=\"0\" data-intl-links-en=\"https:\/\/www.fcbarcelonanoticias.com\/en\/transfers\/the-never-seen-the-fc-barcelona-giving-players-to-the-psg_261140_102.html\" data-intl-links-es=\"https:\/\/www.fcbarcelonanoticias.com\/fichajes\/nunca-visto-fc-barcelona-regalando-jugadores-psg_261140_102.html\" href=\"https:\/\/www.fcbarcelonanoticias.com\/en\/transfers\/the-never-seen-the-fc-barcelona-giving-players-to-the-psg_261140_102.html\" rel=\"follow\" target=\"_self\" title=\"Lo nunca visto: El FC Barcelona regalando jugadores al PSG\">the operation with Rafinha Alc\u00e1ntara<\/a>. After all a summer refusing offers by not arriving to the <strong>16 million euros<\/strong>, figure by which the club pretended to sell to the player, the Brazilian player will be footballer of Paris Saint-Germain after a traspaso priced in 3 millions, in variable concepts. The face that has had to him remain to the directive of the <strong>Celtic <strong> of Vigo<\/strong>, sure that it is to frame.<\/strong><\/p>  <p><strong><strong>Memphis Depay<\/strong> Already had an agreement with <strong>the Bar\u00e7a<\/strong>, <a acuerdo=\"\" barcelona=\"\" con=\"\" data-external=\"0\" data-intl-links-en=\"https:\/\/www.fcbarcelonanoticias.com\/en\/transfers\/juninho-pernambucano-depay-has-an-agreement-with-the_261110_102.html\" data-intl-links-es=\"https:\/\/www.fcbarcelonanoticias.com\/fichajes\/juninho-pernambucano-depay-tiene-acuerdo-con-fc-barcelona_261110_102.html\" el=\"\" fc=\"\" href=\"https:\/\/www.fcbarcelonanoticias.com\/en\/transfers\/juninho-pernambucano-depay-has-an-agreement-with-the_261110_102.html\" rel=\"follow\" target=\"_self\" tiene=\"\" title=\"Juninho acerc\u00f3 por momentos a Depay: \" un=\"\">as it confessed Juninho Pernambucano<\/a>, nevertheless, <strong>will not play in the Camp Nou<\/strong> this season. On the other hand, the signing of <strong>Eric Garc\u00eda<\/strong>, in spite of being <strong>the most indispensable<\/strong>, was the one who worse paints had, after the <strong>Manchester City <\/strong>declined the offer <strong>of 15 million euros<\/strong> of the <strong>FC Barcelona<\/strong>.<\/strong><\/p>  <h4><strong>The FC Barcelona has a problem of head offices<\/strong><\/h4>  <p><strong>One of the aims of the <strong>Bar\u00e7a <\/strong>was the one to find a cession for <strong>Todibo<\/strong>, but, knowing that <strong>Eric Garc\u00eda<\/strong> finally would not arrive, the most logical had been to keep it in the staff. As it was to expect, in an operation that challenges to the logic, the <a data-external=\"0\" data-intl-links-en=\"https:\/\/www.fcbarcelonanoticias.com\/en\/players\/official-the-fc-barcelona-yields-to-jean-clair-todibo-to-the-benfica_261132_102.html\" data-intl-links-es=\"https:\/\/www.fcbarcelonanoticias.com\/jugadores\/oficial-fc-barcelona-cede-jean-clair-todibo-benfica_261132_102.html\" href=\"https:\/\/www.fcbarcelonanoticias.com\/en\/players\/official-the-fc-barcelona-yields-to-jean-clair-todibo-to-the-benfica_261132_102.html\" rel=\"follow\" target=\"_self\" title=\"OFICIAL: El FC Barcelona cede a Jean-Clair Todibo al Benfica\">FC Barcelona finishes yielding to the central French to the Benfica<\/a> by <strong>two seasons<\/strong> and a transfer of <strong>1 million of euros by course<\/strong>.<\/strong><\/p>  <p><strong>For the end leave the best of the news: <strong>Umtiti will do a course more heating the bench of the Camp Nou<\/strong>. Taking into account that <strong>Ronald Koeman<\/strong> does not have he neither for the partidillos of training, the <strong>FC Barcelona<\/strong> initiates the season 2020-2021 with <strong>three head offices<\/strong>: <strong>Gerard Hammered<\/strong>, of 33 years; <strong>Clement Lenglet <\/strong>and <strong>Ronald Ara\u00fajo<\/strong>, recently risen of the Bar\u00e7a B. <\/strong><\/p> ","protected":false},"excerpt":{"rendered":"<p>The FC Barcelona has not fulfilled any of his expectations in the last day of the market of signings. The exits that had to make have been nefastas and does not have fichado To fault of a day for the conclusion of the period of traspasos these were the intentions of the group blaugrana: fichar [&hellip;]<\/p>\n","protected":false},"author":471,"featured_media":141184,"comment_status":"closed","ping_status":"open","sticky":false,"template":"","format":"standard","meta":{"_acf_changed":false,"inline_featured_image":false,"_nextfly_llmd_date_locked":false,"footnotes":""},"categories":[449,106],"tags":[146,142,375,309,297],"class_list":["post-137496","post","type-post","status-publish","format-standard","has-post-thumbnail","hentry","category-transfers-2","category-transfers","tag-dembele","tag-memphis-depay","tag-rafinha-alcantara","tag-samuel-umtiti","tag-todibo"],"acf":[],"yoast_head":"<!-- This site is optimized with the Yoast SEO plugin v27.3 - https:\/\/yoast.com\/product\/yoast-seo-wordpress\/ -->\n<title>The FC Barcelona, the team that worse has managed the last day of the market<\/title>\n<meta name=\"description\" content=\"The FC Barcelona has not fulfilled any of his expectations in the last day of the market of signings. The exits that had to make have been nefastas and does not have...\" \/>\n<meta name=\"robots\" content=\"index, follow, max-snippet:-1, max-image-preview:large, max-video-preview:-1\" \/>\n<link rel=\"canonical\" href=\"https:\/\/www.fcbarcelonanoticias.com\/en\/transfers\/the-fc-barcelona-the-team-that-worse-has-managed-the-last-day-of-the-market_261141_102.html\" \/>\n<meta property=\"og:locale\" content=\"en_US\" \/>\n<meta property=\"og:type\" content=\"article\" \/>\n<meta property=\"og:title\" content=\"The FC Barcelona, the team that worse has managed the last day of the market\" \/>\n<meta property=\"og:description\" content=\"The FC Barcelona has not fulfilled any of his expectations in the last day of the market of signings. The exits that had to make have been nefastas and does not have...\" \/>\n<meta property=\"og:url\" content=\"https:\/\/www.fcbarcelonanoticias.com\/en\/transfers\/the-fc-barcelona-the-team-that-worse-has-managed-the-last-day-of-the-market_261141_102.html\" \/>\n<meta property=\"og:site_name\" content=\"EN - FC Barcelona Noticias\" \/>\n<meta property=\"article:published_time\" content=\"2020-10-06T06:45:00+00:00\" \/>\n<meta property=\"article:modified_time\" content=\"2020-10-06T11:42:00+00:00\" \/>\n<meta property=\"og:image\" content=\"https:\/\/www.fcbarcelonanoticias.com\/en\/wp-content\/uploads\/sites\/2\/2020\/10\/ramon-planes-secretario-tecnico-del-fc-barcelona.jpeg\" \/>\n\t<meta property=\"og:image:width\" content=\"1200\" \/>\n\t<meta property=\"og:image:height\" content=\"800\" \/>\n\t<meta property=\"og:image:type\" content=\"image\/jpeg\" \/>\n<meta name=\"author\" content=\"user_4127\" \/>\n<meta name=\"twitter:card\" content=\"summary_large_image\" \/>\n<meta name=\"twitter:label1\" content=\"Written by\" \/>\n\t<meta name=\"twitter:data1\" content=\"user_4127\" \/>\n\t<meta name=\"twitter:label2\" content=\"Est. reading time\" \/>\n\t<meta name=\"twitter:data2\" content=\"2 minutes\" \/>\n<script type=\"application\/ld+json\" class=\"yoast-schema-graph\">{\"@context\":\"https:\\\/\\\/schema.org\",\"@graph\":[{\"@type\":\"Article\",\"@id\":\"https:\\\/\\\/www.fcbarcelonanoticias.com\\\/en\\\/transfers\\\/the-fc-barcelona-the-team-that-worse-has-managed-the-last-day-of-the-market_261141_102.html#article\",\"isPartOf\":{\"@id\":\"https:\\\/\\\/www.fcbarcelonanoticias.com\\\/en\\\/transfers\\\/the-fc-barcelona-the-team-that-worse-has-managed-the-last-day-of-the-market_261141_102.html\"},\"author\":{\"name\":\"user_4127\",\"@id\":\"https:\\\/\\\/www.fcbarcelonanoticias.com\\\/en\\\/#\\\/schema\\\/person\\\/770f2d2ef722ea0abb9b3b8bb1ff5121\"},\"headline\":\"FC Barcelona, \u200b\u200bthe team that has managed the worst on the last day of the market\",\"datePublished\":\"2020-10-06T06:45:00+00:00\",\"dateModified\":\"2020-10-06T11:42:00+00:00\",\"mainEntityOfPage\":{\"@id\":\"https:\\\/\\\/www.fcbarcelonanoticias.com\\\/en\\\/transfers\\\/the-fc-barcelona-the-team-that-worse-has-managed-the-last-day-of-the-market_261141_102.html\"},\"wordCount\":495,\"image\":{\"@id\":\"https:\\\/\\\/www.fcbarcelonanoticias.com\\\/en\\\/transfers\\\/the-fc-barcelona-the-team-that-worse-has-managed-the-last-day-of-the-market_261141_102.html#primaryimage\"},\"thumbnailUrl\":\"https:\\\/\\\/www.fcbarcelonanoticias.com\\\/en\\\/wp-content\\\/uploads\\\/sites\\\/2\\\/2020\\\/10\\\/ramon-planes-secretario-tecnico-del-fc-barcelona.jpeg\",\"keywords\":[\"Demb\u00e9l\u00e9\",\"Memphis Depay\",\"Rafinha Alc\u00e1ntara\",\"Samuel Umtiti\",\"Todibo\"],\"articleSection\":[\"Transfers\",\"Transfers\"],\"inLanguage\":\"en-US\"},{\"@type\":\"WebPage\",\"@id\":\"https:\\\/\\\/www.fcbarcelonanoticias.com\\\/en\\\/transfers\\\/the-fc-barcelona-the-team-that-worse-has-managed-the-last-day-of-the-market_261141_102.html\",\"url\":\"https:\\\/\\\/www.fcbarcelonanoticias.com\\\/en\\\/transfers\\\/the-fc-barcelona-the-team-that-worse-has-managed-the-last-day-of-the-market_261141_102.html\",\"name\":\"The FC Barcelona, the team that worse has managed the last day of the market\",\"isPartOf\":{\"@id\":\"https:\\\/\\\/www.fcbarcelonanoticias.com\\\/en\\\/#website\"},\"primaryImageOfPage\":{\"@id\":\"https:\\\/\\\/www.fcbarcelonanoticias.com\\\/en\\\/transfers\\\/the-fc-barcelona-the-team-that-worse-has-managed-the-last-day-of-the-market_261141_102.html#primaryimage\"},\"image\":{\"@id\":\"https:\\\/\\\/www.fcbarcelonanoticias.com\\\/en\\\/transfers\\\/the-fc-barcelona-the-team-that-worse-has-managed-the-last-day-of-the-market_261141_102.html#primaryimage\"},\"thumbnailUrl\":\"https:\\\/\\\/www.fcbarcelonanoticias.com\\\/en\\\/wp-content\\\/uploads\\\/sites\\\/2\\\/2020\\\/10\\\/ramon-planes-secretario-tecnico-del-fc-barcelona.jpeg\",\"datePublished\":\"2020-10-06T06:45:00+00:00\",\"dateModified\":\"2020-10-06T11:42:00+00:00\",\"author\":{\"@id\":\"https:\\\/\\\/www.fcbarcelonanoticias.com\\\/en\\\/#\\\/schema\\\/person\\\/770f2d2ef722ea0abb9b3b8bb1ff5121\"},\"description\":\"The FC Barcelona has not fulfilled any of his expectations in the last day of the market of signings. The exits that had to make have been nefastas and does not have...\",\"breadcrumb\":{\"@id\":\"https:\\\/\\\/www.fcbarcelonanoticias.com\\\/en\\\/transfers\\\/the-fc-barcelona-the-team-that-worse-has-managed-the-last-day-of-the-market_261141_102.html#breadcrumb\"},\"inLanguage\":\"en-US\",\"potentialAction\":[{\"@type\":\"ReadAction\",\"target\":[\"https:\\\/\\\/www.fcbarcelonanoticias.com\\\/en\\\/transfers\\\/the-fc-barcelona-the-team-that-worse-has-managed-the-last-day-of-the-market_261141_102.html\"]}]},{\"@type\":\"ImageObject\",\"inLanguage\":\"en-US\",\"@id\":\"https:\\\/\\\/www.fcbarcelonanoticias.com\\\/en\\\/transfers\\\/the-fc-barcelona-the-team-that-worse-has-managed-the-last-day-of-the-market_261141_102.html#primaryimage\",\"url\":\"https:\\\/\\\/www.fcbarcelonanoticias.com\\\/en\\\/wp-content\\\/uploads\\\/sites\\\/2\\\/2020\\\/10\\\/ramon-planes-secretario-tecnico-del-fc-barcelona.jpeg\",\"contentUrl\":\"https:\\\/\\\/www.fcbarcelonanoticias.com\\\/en\\\/wp-content\\\/uploads\\\/sites\\\/2\\\/2020\\\/10\\\/ramon-planes-secretario-tecnico-del-fc-barcelona.jpeg\",\"width\":1200,\"height\":800},{\"@type\":\"BreadcrumbList\",\"@id\":\"https:\\\/\\\/www.fcbarcelonanoticias.com\\\/en\\\/transfers\\\/the-fc-barcelona-the-team-that-worse-has-managed-the-last-day-of-the-market_261141_102.html#breadcrumb\",\"itemListElement\":[{\"@type\":\"ListItem\",\"position\":1,\"name\":\"Portada\",\"item\":\"https:\\\/\\\/www.fcbarcelonanoticias.com\\\/en\\\/\"},{\"@type\":\"ListItem\",\"position\":2,\"name\":\"FC Barcelona, \u200b\u200bthe team that has managed the worst on the last day of the market\"}]},{\"@type\":\"WebSite\",\"@id\":\"https:\\\/\\\/www.fcbarcelonanoticias.com\\\/en\\\/#website\",\"url\":\"https:\\\/\\\/www.fcbarcelonanoticias.com\\\/en\\\/\",\"name\":\"EN - FC Barcelona Noticias\",\"description\":\"\",\"potentialAction\":[{\"@type\":\"SearchAction\",\"target\":{\"@type\":\"EntryPoint\",\"urlTemplate\":\"https:\\\/\\\/www.fcbarcelonanoticias.com\\\/en\\\/?s={search_term_string}\"},\"query-input\":{\"@type\":\"PropertyValueSpecification\",\"valueRequired\":true,\"valueName\":\"search_term_string\"}}],\"inLanguage\":\"en-US\"},{\"@type\":\"Person\",\"@id\":\"https:\\\/\\\/www.fcbarcelonanoticias.com\\\/en\\\/#\\\/schema\\\/person\\\/770f2d2ef722ea0abb9b3b8bb1ff5121\",\"name\":\"user_4127\",\"image\":{\"@type\":\"ImageObject\",\"inLanguage\":\"en-US\",\"@id\":\"https:\\\/\\\/secure.gravatar.com\\\/avatar\\\/?s=96&d=mm&r=g\",\"url\":\"https:\\\/\\\/secure.gravatar.com\\\/avatar\\\/?s=96&d=mm&r=g\",\"contentUrl\":\"https:\\\/\\\/secure.gravatar.com\\\/avatar\\\/?s=96&d=mm&r=g\",\"caption\":\"user_4127\"},\"url\":\"https:\\\/\\\/www.fcbarcelonanoticias.com\\\/en\\\/user_4127.html\"}]}<\/script>\n<!-- \/ Yoast SEO plugin. -->","yoast_head_json":{"title":"The FC Barcelona, the team that worse has managed the last day of the market","description":"The FC Barcelona has not fulfilled any of his expectations in the last day of the market of signings. The exits that had to make have been nefastas and does not have...","robots":{"index":"index","follow":"follow","max-snippet":"max-snippet:-1","max-image-preview":"max-image-preview:large","max-video-preview":"max-video-preview:-1"},"canonical":"https:\/\/www.fcbarcelonanoticias.com\/en\/transfers\/the-fc-barcelona-the-team-that-worse-has-managed-the-last-day-of-the-market_261141_102.html","og_locale":"en_US","og_type":"article","og_title":"The FC Barcelona, the team that worse has managed the last day of the market","og_description":"The FC Barcelona has not fulfilled any of his expectations in the last day of the market of signings. The exits that had to make have been nefastas and does not have...","og_url":"https:\/\/www.fcbarcelonanoticias.com\/en\/transfers\/the-fc-barcelona-the-team-that-worse-has-managed-the-last-day-of-the-market_261141_102.html","og_site_name":"EN - FC Barcelona Noticias","article_published_time":"2020-10-06T06:45:00+00:00","article_modified_time":"2020-10-06T11:42:00+00:00","og_image":[{"width":1200,"height":800,"url":"https:\/\/www.fcbarcelonanoticias.com\/en\/wp-content\/uploads\/sites\/2\/2020\/10\/ramon-planes-secretario-tecnico-del-fc-barcelona.jpeg","type":"image\/jpeg"}],"author":"user_4127","twitter_card":"summary_large_image","twitter_misc":{"Written by":"user_4127","Est. reading time":"2 minutes"},"schema":{"@context":"https:\/\/schema.org","@graph":[{"@type":"Article","@id":"https:\/\/www.fcbarcelonanoticias.com\/en\/transfers\/the-fc-barcelona-the-team-that-worse-has-managed-the-last-day-of-the-market_261141_102.html#article","isPartOf":{"@id":"https:\/\/www.fcbarcelonanoticias.com\/en\/transfers\/the-fc-barcelona-the-team-that-worse-has-managed-the-last-day-of-the-market_261141_102.html"},"author":{"name":"user_4127","@id":"https:\/\/www.fcbarcelonanoticias.com\/en\/#\/schema\/person\/770f2d2ef722ea0abb9b3b8bb1ff5121"},"headline":"FC Barcelona, \u200b\u200bthe team that has managed the worst on the last day of the market","datePublished":"2020-10-06T06:45:00+00:00","dateModified":"2020-10-06T11:42:00+00:00","mainEntityOfPage":{"@id":"https:\/\/www.fcbarcelonanoticias.com\/en\/transfers\/the-fc-barcelona-the-team-that-worse-has-managed-the-last-day-of-the-market_261141_102.html"},"wordCount":495,"image":{"@id":"https:\/\/www.fcbarcelonanoticias.com\/en\/transfers\/the-fc-barcelona-the-team-that-worse-has-managed-the-last-day-of-the-market_261141_102.html#primaryimage"},"thumbnailUrl":"https:\/\/www.fcbarcelonanoticias.com\/en\/wp-content\/uploads\/sites\/2\/2020\/10\/ramon-planes-secretario-tecnico-del-fc-barcelona.jpeg","keywords":["Demb\u00e9l\u00e9","Memphis Depay","Rafinha Alc\u00e1ntara","Samuel Umtiti","Todibo"],"articleSection":["Transfers","Transfers"],"inLanguage":"en-US"},{"@type":"WebPage","@id":"https:\/\/www.fcbarcelonanoticias.com\/en\/transfers\/the-fc-barcelona-the-team-that-worse-has-managed-the-last-day-of-the-market_261141_102.html","url":"https:\/\/www.fcbarcelonanoticias.com\/en\/transfers\/the-fc-barcelona-the-team-that-worse-has-managed-the-last-day-of-the-market_261141_102.html","name":"The FC Barcelona, the team that worse has managed the last day of the market","isPartOf":{"@id":"https:\/\/www.fcbarcelonanoticias.com\/en\/#website"},"primaryImageOfPage":{"@id":"https:\/\/www.fcbarcelonanoticias.com\/en\/transfers\/the-fc-barcelona-the-team-that-worse-has-managed-the-last-day-of-the-market_261141_102.html#primaryimage"},"image":{"@id":"https:\/\/www.fcbarcelonanoticias.com\/en\/transfers\/the-fc-barcelona-the-team-that-worse-has-managed-the-last-day-of-the-market_261141_102.html#primaryimage"},"thumbnailUrl":"https:\/\/www.fcbarcelonanoticias.com\/en\/wp-content\/uploads\/sites\/2\/2020\/10\/ramon-planes-secretario-tecnico-del-fc-barcelona.jpeg","datePublished":"2020-10-06T06:45:00+00:00","dateModified":"2020-10-06T11:42:00+00:00","author":{"@id":"https:\/\/www.fcbarcelonanoticias.com\/en\/#\/schema\/person\/770f2d2ef722ea0abb9b3b8bb1ff5121"},"description":"The FC Barcelona has not fulfilled any of his expectations in the last day of the market of signings. The exits that had to make have been nefastas and does not have...","breadcrumb":{"@id":"https:\/\/www.fcbarcelonanoticias.com\/en\/transfers\/the-fc-barcelona-the-team-that-worse-has-managed-the-last-day-of-the-market_261141_102.html#breadcrumb"},"inLanguage":"en-US","potentialAction":[{"@type":"ReadAction","target":["https:\/\/www.fcbarcelonanoticias.com\/en\/transfers\/the-fc-barcelona-the-team-that-worse-has-managed-the-last-day-of-the-market_261141_102.html"]}]},{"@type":"ImageObject","inLanguage":"en-US","@id":"https:\/\/www.fcbarcelonanoticias.com\/en\/transfers\/the-fc-barcelona-the-team-that-worse-has-managed-the-last-day-of-the-market_261141_102.html#primaryimage","url":"https:\/\/www.fcbarcelonanoticias.com\/en\/wp-content\/uploads\/sites\/2\/2020\/10\/ramon-planes-secretario-tecnico-del-fc-barcelona.jpeg","contentUrl":"https:\/\/www.fcbarcelonanoticias.com\/en\/wp-content\/uploads\/sites\/2\/2020\/10\/ramon-planes-secretario-tecnico-del-fc-barcelona.jpeg","width":1200,"height":800},{"@type":"BreadcrumbList","@id":"https:\/\/www.fcbarcelonanoticias.com\/en\/transfers\/the-fc-barcelona-the-team-that-worse-has-managed-the-last-day-of-the-market_261141_102.html#breadcrumb","itemListElement":[{"@type":"ListItem","position":1,"name":"Portada","item":"https:\/\/www.fcbarcelonanoticias.com\/en\/"},{"@type":"ListItem","position":2,"name":"FC Barcelona, \u200b\u200bthe team that has managed the worst on the last day of the market"}]},{"@type":"WebSite","@id":"https:\/\/www.fcbarcelonanoticias.com\/en\/#website","url":"https:\/\/www.fcbarcelonanoticias.com\/en\/","name":"EN - FC Barcelona Noticias","description":"","potentialAction":[{"@type":"SearchAction","target":{"@type":"EntryPoint","urlTemplate":"https:\/\/www.fcbarcelonanoticias.com\/en\/?s={search_term_string}"},"query-input":{"@type":"PropertyValueSpecification","valueRequired":true,"valueName":"search_term_string"}}],"inLanguage":"en-US"},{"@type":"Person","@id":"https:\/\/www.fcbarcelonanoticias.com\/en\/#\/schema\/person\/770f2d2ef722ea0abb9b3b8bb1ff5121","name":"user_4127","image":{"@type":"ImageObject","inLanguage":"en-US","@id":"https:\/\/secure.gravatar.com\/avatar\/?s=96&d=mm&r=g","url":"https:\/\/secure.gravatar.com\/avatar\/?s=96&d=mm&r=g","contentUrl":"https:\/\/secure.gravatar.com\/avatar\/?s=96&d=mm&r=g","caption":"user_4127"},"url":"https:\/\/www.fcbarcelonanoticias.com\/en\/user_4127.html"}]}},"_links":{"self":[{"href":"https:\/\/www.fcbarcelonanoticias.com\/en\/wp-json\/wp\/v2\/posts\/137496","targetHints":{"allow":["GET"]}}],"collection":[{"href":"https:\/\/www.fcbarcelonanoticias.com\/en\/wp-json\/wp\/v2\/posts"}],"about":[{"href":"https:\/\/www.fcbarcelonanoticias.com\/en\/wp-json\/wp\/v2\/types\/post"}],"author":[{"embeddable":true,"href":"https:\/\/www.fcbarcelonanoticias.com\/en\/wp-json\/wp\/v2\/users\/471"}],"replies":[{"embeddable":true,"href":"https:\/\/www.fcbarcelonanoticias.com\/en\/wp-json\/wp\/v2\/comments?post=137496"}],"version-history":[{"count":1,"href":"https:\/\/www.fcbarcelonanoticias.com\/en\/wp-json\/wp\/v2\/posts\/137496\/revisions"}],"predecessor-version":[{"id":141182,"href":"https:\/\/www.fcbarcelonanoticias.com\/en\/wp-json\/wp\/v2\/posts\/137496\/revisions\/141182"}],"wp:featuredmedia":[{"embeddable":true,"href":"https:\/\/www.fcbarcelonanoticias.com\/en\/wp-json\/wp\/v2\/media\/141184"}],"wp:attachment":[{"href":"https:\/\/www.fcbarcelonanoticias.com\/en\/wp-json\/wp\/v2\/media?parent=137496"}],"wp:term":[{"taxonomy":"category","embeddable":true,"href":"https:\/\/www.fcbarcelonanoticias.com\/en\/wp-json\/wp\/v2\/categories?post=137496"},{"taxonomy":"post_tag","embeddable":true,"href":"https:\/\/www.fcbarcelonanoticias.com\/en\/wp-json\/wp\/v2\/tags?post=137496"}],"curies":[{"name":"wp","href":"https:\/\/api.w.org\/{rel}","templated":true}]}}