{"id":137579,"date":"2022-10-09T17:42:00","date_gmt":"2022-10-09T15:42:00","guid":{"rendered":"https:\/\/weisetech.dev\/fc-barcelona-noticias\/en\/the-barca-announces-the-sale-of-griezmann-it-is-an-operation_285258_102\/"},"modified":"2022-10-09T17:42:00","modified_gmt":"2022-10-09T15:42:00","slug":"the-barca-announces-the-sale-of-griezmann-it-is-an-operation_285258_102","status":"publish","type":"post","link":"https:\/\/www.fcbarcelonanoticias.com\/en\/transfers\/the-barca-announces-the-sale-of-griezmann-it-is-an-operation_285258_102.html","title":{"rendered":"Bar\u00e7a announces the sale of Griezmann: &#8220;It is a closed and extraordinary operation&#8221;"},"content":{"rendered":"<h2 class=\"wp-block-heading\">FC Barcelona has closed the transfer of Antoine Griezmann to Atl\u00e9tico de Madrid. In the absence of confirming the official figures of the operation, the club included the Frenchman in the transfer list of the season in its last General Assembly<\/h2>  \r\n<div class=\"article-addons\">\r\n    <a href=\"https:\/\/www.fcbarcelonanoticias.com\/en\/calendar-fc-barcelona.html\"\r\n       target=\"_self\"\r\n       title=\"Calendar of FC Barcelona\"\r\n       class=\"blue-gredient-btn\">\r\n       \r\n        Calendar of FC Barcelona    <\/a>\r\n<\/div>   <p>Antoine Griezmann has left to be player of the <a data-external=\"0\" data-intl-links-en=\"https:\/\/www.fcbarcelonanoticias.com\/en\/transfers\/zubimendi-impossible-signing-for-the-barca-of-xavi_285255_102.html\" data-intl-links-es=\"https:\/\/www.fcbarcelonanoticias.com\/fichajes\/zubimendi-fichaje-imposible-barcelona-xavi_285255_102.html\" href=\"https:\/\/www.fcbarcelonanoticias.com\/en\/transfers\/zubimendi-impossible-signing-for-the-barca-of-xavi_285255_102.html\" rel=\"follow\" target=\"_self\" title=\"Zubimendi, fichaje imposible para el Bar\u00e7a de Xavi\">FC Barcelona<\/a> to all the effects. The club has oficializado his traspaso to the Athletic of Madrid in his last General Assembly of Partners Compromisarios, where the name of the French appears in the regl\u00f3n of players traspasados in the 2022-23. For the director of football of the Bar\u00e7a, Mateu Alemany, <strong>&#8220;the operation is extraordinary from the economic point of view&#8221;<\/strong>.<\/p>  <blockquote class=\"twitter-tweet\"> <p dir=\"ltr\" lang=\"es\">\ud83d\udea8The FCB does official the exit of Griezmann in the assembly<a href=\"https:\/\/t.co\/en\/3KVGW55406\">https:\/\/t.co\/3kvgw55406<\/a> <a href=\"https:\/\/t.co\/en\/Nc2aiuZHR3\">pic.twitter.com\/nc2aiuzhr3<\/a><\/p> \u2014 Gerard Romero (@gerardromero) <a href=\"https:\/\/twitter.com\/en\/gerardromero\/status\/1579123352039755778?ref_src=twsrc%5Etfw\">October 9, 2022<\/a> <\/blockquote> <p>In principle, the Catalan press ensured that the traspaso of the player of 31 years had closed in 20 million euros more 4 in variables. <strong>Antoine will sign with the group &#8216;rojiblanco&#8217; until June of 2026 and the operation closed after the forward accessed, again, to recess his wage<\/strong>, as there was pactado in September of 2021 to facilitate his cession by two seasons.<\/p>  <p><strong>&#8220;Griezmann Has closed this week and think that has been important because we removed us an important wage&#8221;<\/strong>, said Alemany during the Assembly. <strong>&#8220;The challenge was so big, that was all the summer suffering to be able to arrive to the rule 1\/1 that asked us the League to be able to redo the team<\/strong>. I appreciate to the directive the work that have done so that it could arrive &#8220;, added Alemany, the one who stood out the management made during the summer to reinforce the staff.<\/p>  <p>To fault to confirm the official figures of the traspaso of the of M\u00e2con, the true is that the step of the &#8216;8&#8217; of the Athletic leaves millionaire losses to the club. <strong>Josep Mar\u00eda Bartomeu paid 120 million euros by his signing in the summer of 2019 and now pacta his traspaso by around 20 &#8216;kilos&#8217;<\/strong>, which add to the 10M that the &#8216;colchoneros&#8217; had agreed to pay by his cession the past season.<\/p>  <p>In principle, <strong>the group &#8216;rojiblanco&#8217; had to pay 40 millions by his signing if the forward played more than 50% of the minutes for which was available<\/strong>. Finally, the clubs resolved a very distant figure to the initial aspirations of the <a data-external=\"0\" data-intl-links-en=\"https:\/\/www.fcbarcelonanoticias.com\/en\/fc-barcelona\/the-assembly-gave-his-ok-to-the-budget-of-the-22-23-and-to-the_285257_102.html\" data-intl-links-es=\"https:\/\/www.fcbarcelonanoticias.com\/fc-barcelona\/asamblea-dio-su-ok-presupuesto-22-23-venta-barcelona-studios_285257_102.html\" href=\"https:\/\/www.fcbarcelonanoticias.com\/en\/fc-barcelona\/fc-barcelona\/the-assembly-gave-his-ok-to-the-budget-of-the-22-23-and-to-the_285257_102.html\" ok=\"\" rel=\"follow\" target=\"_self\" title=\"La Asamblea dio su \">Bar\u00e7a<\/a>, but rid of the wage of the Frenchman (17 million fixed euros, according to his agreement signed in 2019) supposes an attainment for a directive that inherited millionaire debts by very high agreements approved by the management Bartomeu.<\/p>  <h3>The step of Griezmann by the Bar\u00e7a in numbers<\/h3>  <p>Antoine contested only two seasons with the Bar\u00e7a in which<strong>s um\u00f3 a total of 102 official apparitions 7.667 minutes). 35 goals and 17 assistances summary his contribution goleador<\/strong>, so many that served to the group blaugrana to raise only a title while the French was in the club (the Glass of the King 2020-21). Finally, the step of Griezmann by Catalonia was an authentic fiasco that left to the club millionaire losses and a bitter memory after two seasons for the forget.<\/p> ","protected":false},"excerpt":{"rendered":"<p>FC Barcelona has closed the transfer of Antoine Griezmann to Atl\u00e9tico de Madrid. In the absence of confirming the official figures of the operation, the club included the Frenchman in the transfer list of the season in its last General Assembly Antoine Griezmann has left to be player of the FC Barcelona to all the [&hellip;]<\/p>\n","protected":false},"author":347,"featured_media":141401,"comment_status":"closed","ping_status":"open","sticky":false,"template":"","format":"standard","meta":{"_acf_changed":false,"inline_featured_image":false,"_nextfly_llmd_date_locked":false,"footnotes":""},"categories":[449,106],"tags":[59,145,158,329],"class_list":["post-137579","post","type-post","status-publish","format-standard","has-post-thumbnail","hentry","category-transfers-2","category-transfers","tag-atletico-de-madrid","tag-griezmann","tag-joan-laporta","tag-mateu-alemany"],"acf":[],"yoast_head":"<!-- This site is optimized with the Yoast SEO plugin v27.3 - https:\/\/yoast.com\/product\/yoast-seo-wordpress\/ -->\n<title>Bar\u00e7a announces the sale of Griezmann: &quot;It is a closed and extraordinary operation&quot;<\/title>\n<meta name=\"description\" content=\"The FC Barcelona has closed the traspaso of Antoine Griezmann to the Athletic of Madrid. To fault to confirm the official figures of the operation, the club included...\" \/>\n<meta name=\"robots\" content=\"index, follow, max-snippet:-1, max-image-preview:large, max-video-preview:-1\" \/>\n<link rel=\"canonical\" href=\"https:\/\/www.fcbarcelonanoticias.com\/en\/transfers\/the-barca-announces-the-sale-of-griezmann-it-is-an-operation_285258_102.html\" \/>\n<meta property=\"og:locale\" content=\"en_US\" \/>\n<meta property=\"og:type\" content=\"article\" \/>\n<meta property=\"og:title\" content=\"Bar\u00e7a announces the sale of Griezmann: &quot;It is a closed and extraordinary operation&quot;\" \/>\n<meta property=\"og:description\" content=\"The FC Barcelona has closed the traspaso of Antoine Griezmann to the Athletic of Madrid. To fault to confirm the official figures of the operation, the club included...\" \/>\n<meta property=\"og:url\" content=\"https:\/\/www.fcbarcelonanoticias.com\/en\/transfers\/the-barca-announces-the-sale-of-griezmann-it-is-an-operation_285258_102.html\" \/>\n<meta property=\"og:site_name\" content=\"EN - FC Barcelona Noticias\" \/>\n<meta property=\"article:published_time\" content=\"2022-10-09T15:42:00+00:00\" \/>\n<meta property=\"og:image\" content=\"https:\/\/www.fcbarcelonanoticias.com\/en\/wp-content\/uploads\/sites\/2\/2022\/10\/antoine-griezmann-atletico-madrid-2.jpeg\" \/>\n\t<meta property=\"og:image:width\" content=\"1300\" \/>\n\t<meta property=\"og:image:height\" content=\"732\" \/>\n\t<meta property=\"og:image:type\" content=\"image\/jpeg\" \/>\n<meta name=\"author\" content=\"Andr\u00e9s Quiroz\" \/>\n<meta name=\"twitter:card\" content=\"summary_large_image\" \/>\n<meta name=\"twitter:label1\" content=\"Written by\" \/>\n\t<meta name=\"twitter:data1\" content=\"Andr\u00e9s Quiroz\" \/>\n\t<meta name=\"twitter:label2\" content=\"Est. reading time\" \/>\n\t<meta name=\"twitter:data2\" content=\"3 minutes\" \/>\n<script type=\"application\/ld+json\" class=\"yoast-schema-graph\">{\"@context\":\"https:\\\/\\\/schema.org\",\"@graph\":[{\"@type\":\"Article\",\"@id\":\"https:\\\/\\\/www.fcbarcelonanoticias.com\\\/en\\\/transfers\\\/the-barca-announces-the-sale-of-griezmann-it-is-an-operation_285258_102.html#article\",\"isPartOf\":{\"@id\":\"https:\\\/\\\/www.fcbarcelonanoticias.com\\\/en\\\/transfers\\\/the-barca-announces-the-sale-of-griezmann-it-is-an-operation_285258_102.html\"},\"author\":{\"name\":\"Andr\u00e9s Quiroz\",\"@id\":\"https:\\\/\\\/www.fcbarcelonanoticias.com\\\/en\\\/#\\\/schema\\\/person\\\/c2cd9f6fa1af5c0d0eccd0fefa575c88\"},\"headline\":\"Bar\u00e7a announces the sale of Griezmann: &#8220;It is a closed and extraordinary operation&#8221;\",\"datePublished\":\"2022-10-09T15:42:00+00:00\",\"mainEntityOfPage\":{\"@id\":\"https:\\\/\\\/www.fcbarcelonanoticias.com\\\/en\\\/transfers\\\/the-barca-announces-the-sale-of-griezmann-it-is-an-operation_285258_102.html\"},\"wordCount\":534,\"image\":{\"@id\":\"https:\\\/\\\/www.fcbarcelonanoticias.com\\\/en\\\/transfers\\\/the-barca-announces-the-sale-of-griezmann-it-is-an-operation_285258_102.html#primaryimage\"},\"thumbnailUrl\":\"https:\\\/\\\/www.fcbarcelonanoticias.com\\\/en\\\/wp-content\\\/uploads\\\/sites\\\/2\\\/2022\\\/10\\\/antoine-griezmann-atletico-madrid-2.jpeg\",\"keywords\":[\"Atl\u00e9tico de Madrid\",\"Griezmann\",\"Joan Laporta\",\"Mateu Alemany\"],\"articleSection\":[\"Transfers\",\"Transfers\"],\"inLanguage\":\"en-US\"},{\"@type\":\"WebPage\",\"@id\":\"https:\\\/\\\/www.fcbarcelonanoticias.com\\\/en\\\/transfers\\\/the-barca-announces-the-sale-of-griezmann-it-is-an-operation_285258_102.html\",\"url\":\"https:\\\/\\\/www.fcbarcelonanoticias.com\\\/en\\\/transfers\\\/the-barca-announces-the-sale-of-griezmann-it-is-an-operation_285258_102.html\",\"name\":\"Bar\u00e7a announces the sale of Griezmann: \\\"It is a closed and extraordinary operation\\\"\",\"isPartOf\":{\"@id\":\"https:\\\/\\\/www.fcbarcelonanoticias.com\\\/en\\\/#website\"},\"primaryImageOfPage\":{\"@id\":\"https:\\\/\\\/www.fcbarcelonanoticias.com\\\/en\\\/transfers\\\/the-barca-announces-the-sale-of-griezmann-it-is-an-operation_285258_102.html#primaryimage\"},\"image\":{\"@id\":\"https:\\\/\\\/www.fcbarcelonanoticias.com\\\/en\\\/transfers\\\/the-barca-announces-the-sale-of-griezmann-it-is-an-operation_285258_102.html#primaryimage\"},\"thumbnailUrl\":\"https:\\\/\\\/www.fcbarcelonanoticias.com\\\/en\\\/wp-content\\\/uploads\\\/sites\\\/2\\\/2022\\\/10\\\/antoine-griezmann-atletico-madrid-2.jpeg\",\"datePublished\":\"2022-10-09T15:42:00+00:00\",\"author\":{\"@id\":\"https:\\\/\\\/www.fcbarcelonanoticias.com\\\/en\\\/#\\\/schema\\\/person\\\/c2cd9f6fa1af5c0d0eccd0fefa575c88\"},\"description\":\"The FC Barcelona has closed the traspaso of Antoine Griezmann to the Athletic of Madrid. To fault to confirm the official figures of the operation, the club included...\",\"breadcrumb\":{\"@id\":\"https:\\\/\\\/www.fcbarcelonanoticias.com\\\/en\\\/transfers\\\/the-barca-announces-the-sale-of-griezmann-it-is-an-operation_285258_102.html#breadcrumb\"},\"inLanguage\":\"en-US\",\"potentialAction\":[{\"@type\":\"ReadAction\",\"target\":[\"https:\\\/\\\/www.fcbarcelonanoticias.com\\\/en\\\/transfers\\\/the-barca-announces-the-sale-of-griezmann-it-is-an-operation_285258_102.html\"]}]},{\"@type\":\"ImageObject\",\"inLanguage\":\"en-US\",\"@id\":\"https:\\\/\\\/www.fcbarcelonanoticias.com\\\/en\\\/transfers\\\/the-barca-announces-the-sale-of-griezmann-it-is-an-operation_285258_102.html#primaryimage\",\"url\":\"https:\\\/\\\/www.fcbarcelonanoticias.com\\\/en\\\/wp-content\\\/uploads\\\/sites\\\/2\\\/2022\\\/10\\\/antoine-griezmann-atletico-madrid-2.jpeg\",\"contentUrl\":\"https:\\\/\\\/www.fcbarcelonanoticias.com\\\/en\\\/wp-content\\\/uploads\\\/sites\\\/2\\\/2022\\\/10\\\/antoine-griezmann-atletico-madrid-2.jpeg\",\"width\":1300,\"height\":732},{\"@type\":\"BreadcrumbList\",\"@id\":\"https:\\\/\\\/www.fcbarcelonanoticias.com\\\/en\\\/transfers\\\/the-barca-announces-the-sale-of-griezmann-it-is-an-operation_285258_102.html#breadcrumb\",\"itemListElement\":[{\"@type\":\"ListItem\",\"position\":1,\"name\":\"Portada\",\"item\":\"https:\\\/\\\/www.fcbarcelonanoticias.com\\\/en\\\/\"},{\"@type\":\"ListItem\",\"position\":2,\"name\":\"Bar\u00e7a announces the sale of Griezmann: &#8220;It is a closed and extraordinary operation&#8221;\"}]},{\"@type\":\"WebSite\",\"@id\":\"https:\\\/\\\/www.fcbarcelonanoticias.com\\\/en\\\/#website\",\"url\":\"https:\\\/\\\/www.fcbarcelonanoticias.com\\\/en\\\/\",\"name\":\"EN - FC Barcelona Noticias\",\"description\":\"\",\"potentialAction\":[{\"@type\":\"SearchAction\",\"target\":{\"@type\":\"EntryPoint\",\"urlTemplate\":\"https:\\\/\\\/www.fcbarcelonanoticias.com\\\/en\\\/?s={search_term_string}\"},\"query-input\":{\"@type\":\"PropertyValueSpecification\",\"valueRequired\":true,\"valueName\":\"search_term_string\"}}],\"inLanguage\":\"en-US\"},{\"@type\":\"Person\",\"@id\":\"https:\\\/\\\/www.fcbarcelonanoticias.com\\\/en\\\/#\\\/schema\\\/person\\\/c2cd9f6fa1af5c0d0eccd0fefa575c88\",\"name\":\"Andr\u00e9s Quiroz\",\"image\":{\"@type\":\"ImageObject\",\"inLanguage\":\"en-US\",\"@id\":\"https:\\\/\\\/secure.gravatar.com\\\/avatar\\\/?s=96&d=mm&r=g\",\"url\":\"https:\\\/\\\/secure.gravatar.com\\\/avatar\\\/?s=96&d=mm&r=g\",\"contentUrl\":\"https:\\\/\\\/secure.gravatar.com\\\/avatar\\\/?s=96&d=mm&r=g\",\"caption\":\"Andr\u00e9s Quiroz\"},\"description\":\"Licenciado en Periodismo por la Universidad de los Andes. Me encargo de analizar y compartir los contenidos m\u00e1s destacados de la\u00a0actualidad del F\u00fatbol Club Barcelona, Mercado de Fichajes y F\u00fatbol Internacional en FCBN. La informaci\u00f3n es poder, pero tambi\u00e9n conocimiento.\",\"url\":\"https:\\\/\\\/www.fcbarcelonanoticias.com\\\/en\\\/fc-barcelona\\\/andres-quiroz_17_115.html\"}]}<\/script>\n<!-- \/ Yoast SEO plugin. -->","yoast_head_json":{"title":"Bar\u00e7a announces the sale of Griezmann: \"It is a closed and extraordinary operation\"","description":"The FC Barcelona has closed the traspaso of Antoine Griezmann to the Athletic of Madrid. To fault to confirm the official figures of the operation, the club included...","robots":{"index":"index","follow":"follow","max-snippet":"max-snippet:-1","max-image-preview":"max-image-preview:large","max-video-preview":"max-video-preview:-1"},"canonical":"https:\/\/www.fcbarcelonanoticias.com\/en\/transfers\/the-barca-announces-the-sale-of-griezmann-it-is-an-operation_285258_102.html","og_locale":"en_US","og_type":"article","og_title":"Bar\u00e7a announces the sale of Griezmann: \"It is a closed and extraordinary operation\"","og_description":"The FC Barcelona has closed the traspaso of Antoine Griezmann to the Athletic of Madrid. To fault to confirm the official figures of the operation, the club included...","og_url":"https:\/\/www.fcbarcelonanoticias.com\/en\/transfers\/the-barca-announces-the-sale-of-griezmann-it-is-an-operation_285258_102.html","og_site_name":"EN - FC Barcelona Noticias","article_published_time":"2022-10-09T15:42:00+00:00","og_image":[{"width":1300,"height":732,"url":"https:\/\/www.fcbarcelonanoticias.com\/en\/wp-content\/uploads\/sites\/2\/2022\/10\/antoine-griezmann-atletico-madrid-2.jpeg","type":"image\/jpeg"}],"author":"Andr\u00e9s Quiroz","twitter_card":"summary_large_image","twitter_misc":{"Written by":"Andr\u00e9s Quiroz","Est. reading time":"3 minutes"},"schema":{"@context":"https:\/\/schema.org","@graph":[{"@type":"Article","@id":"https:\/\/www.fcbarcelonanoticias.com\/en\/transfers\/the-barca-announces-the-sale-of-griezmann-it-is-an-operation_285258_102.html#article","isPartOf":{"@id":"https:\/\/www.fcbarcelonanoticias.com\/en\/transfers\/the-barca-announces-the-sale-of-griezmann-it-is-an-operation_285258_102.html"},"author":{"name":"Andr\u00e9s Quiroz","@id":"https:\/\/www.fcbarcelonanoticias.com\/en\/#\/schema\/person\/c2cd9f6fa1af5c0d0eccd0fefa575c88"},"headline":"Bar\u00e7a announces the sale of Griezmann: &#8220;It is a closed and extraordinary operation&#8221;","datePublished":"2022-10-09T15:42:00+00:00","mainEntityOfPage":{"@id":"https:\/\/www.fcbarcelonanoticias.com\/en\/transfers\/the-barca-announces-the-sale-of-griezmann-it-is-an-operation_285258_102.html"},"wordCount":534,"image":{"@id":"https:\/\/www.fcbarcelonanoticias.com\/en\/transfers\/the-barca-announces-the-sale-of-griezmann-it-is-an-operation_285258_102.html#primaryimage"},"thumbnailUrl":"https:\/\/www.fcbarcelonanoticias.com\/en\/wp-content\/uploads\/sites\/2\/2022\/10\/antoine-griezmann-atletico-madrid-2.jpeg","keywords":["Atl\u00e9tico de Madrid","Griezmann","Joan Laporta","Mateu Alemany"],"articleSection":["Transfers","Transfers"],"inLanguage":"en-US"},{"@type":"WebPage","@id":"https:\/\/www.fcbarcelonanoticias.com\/en\/transfers\/the-barca-announces-the-sale-of-griezmann-it-is-an-operation_285258_102.html","url":"https:\/\/www.fcbarcelonanoticias.com\/en\/transfers\/the-barca-announces-the-sale-of-griezmann-it-is-an-operation_285258_102.html","name":"Bar\u00e7a announces the sale of Griezmann: \"It is a closed and extraordinary operation\"","isPartOf":{"@id":"https:\/\/www.fcbarcelonanoticias.com\/en\/#website"},"primaryImageOfPage":{"@id":"https:\/\/www.fcbarcelonanoticias.com\/en\/transfers\/the-barca-announces-the-sale-of-griezmann-it-is-an-operation_285258_102.html#primaryimage"},"image":{"@id":"https:\/\/www.fcbarcelonanoticias.com\/en\/transfers\/the-barca-announces-the-sale-of-griezmann-it-is-an-operation_285258_102.html#primaryimage"},"thumbnailUrl":"https:\/\/www.fcbarcelonanoticias.com\/en\/wp-content\/uploads\/sites\/2\/2022\/10\/antoine-griezmann-atletico-madrid-2.jpeg","datePublished":"2022-10-09T15:42:00+00:00","author":{"@id":"https:\/\/www.fcbarcelonanoticias.com\/en\/#\/schema\/person\/c2cd9f6fa1af5c0d0eccd0fefa575c88"},"description":"The FC Barcelona has closed the traspaso of Antoine Griezmann to the Athletic of Madrid. To fault to confirm the official figures of the operation, the club included...","breadcrumb":{"@id":"https:\/\/www.fcbarcelonanoticias.com\/en\/transfers\/the-barca-announces-the-sale-of-griezmann-it-is-an-operation_285258_102.html#breadcrumb"},"inLanguage":"en-US","potentialAction":[{"@type":"ReadAction","target":["https:\/\/www.fcbarcelonanoticias.com\/en\/transfers\/the-barca-announces-the-sale-of-griezmann-it-is-an-operation_285258_102.html"]}]},{"@type":"ImageObject","inLanguage":"en-US","@id":"https:\/\/www.fcbarcelonanoticias.com\/en\/transfers\/the-barca-announces-the-sale-of-griezmann-it-is-an-operation_285258_102.html#primaryimage","url":"https:\/\/www.fcbarcelonanoticias.com\/en\/wp-content\/uploads\/sites\/2\/2022\/10\/antoine-griezmann-atletico-madrid-2.jpeg","contentUrl":"https:\/\/www.fcbarcelonanoticias.com\/en\/wp-content\/uploads\/sites\/2\/2022\/10\/antoine-griezmann-atletico-madrid-2.jpeg","width":1300,"height":732},{"@type":"BreadcrumbList","@id":"https:\/\/www.fcbarcelonanoticias.com\/en\/transfers\/the-barca-announces-the-sale-of-griezmann-it-is-an-operation_285258_102.html#breadcrumb","itemListElement":[{"@type":"ListItem","position":1,"name":"Portada","item":"https:\/\/www.fcbarcelonanoticias.com\/en\/"},{"@type":"ListItem","position":2,"name":"Bar\u00e7a announces the sale of Griezmann: &#8220;It is a closed and extraordinary operation&#8221;"}]},{"@type":"WebSite","@id":"https:\/\/www.fcbarcelonanoticias.com\/en\/#website","url":"https:\/\/www.fcbarcelonanoticias.com\/en\/","name":"EN - FC Barcelona Noticias","description":"","potentialAction":[{"@type":"SearchAction","target":{"@type":"EntryPoint","urlTemplate":"https:\/\/www.fcbarcelonanoticias.com\/en\/?s={search_term_string}"},"query-input":{"@type":"PropertyValueSpecification","valueRequired":true,"valueName":"search_term_string"}}],"inLanguage":"en-US"},{"@type":"Person","@id":"https:\/\/www.fcbarcelonanoticias.com\/en\/#\/schema\/person\/c2cd9f6fa1af5c0d0eccd0fefa575c88","name":"Andr\u00e9s Quiroz","image":{"@type":"ImageObject","inLanguage":"en-US","@id":"https:\/\/secure.gravatar.com\/avatar\/?s=96&d=mm&r=g","url":"https:\/\/secure.gravatar.com\/avatar\/?s=96&d=mm&r=g","contentUrl":"https:\/\/secure.gravatar.com\/avatar\/?s=96&d=mm&r=g","caption":"Andr\u00e9s Quiroz"},"description":"Licenciado en Periodismo por la Universidad de los Andes. Me encargo de analizar y compartir los contenidos m\u00e1s destacados de la\u00a0actualidad del F\u00fatbol Club Barcelona, Mercado de Fichajes y F\u00fatbol Internacional en FCBN. La informaci\u00f3n es poder, pero tambi\u00e9n conocimiento.","url":"https:\/\/www.fcbarcelonanoticias.com\/en\/fc-barcelona\/andres-quiroz_17_115.html"}]}},"_links":{"self":[{"href":"https:\/\/www.fcbarcelonanoticias.com\/en\/wp-json\/wp\/v2\/posts\/137579","targetHints":{"allow":["GET"]}}],"collection":[{"href":"https:\/\/www.fcbarcelonanoticias.com\/en\/wp-json\/wp\/v2\/posts"}],"about":[{"href":"https:\/\/www.fcbarcelonanoticias.com\/en\/wp-json\/wp\/v2\/types\/post"}],"author":[{"embeddable":true,"href":"https:\/\/www.fcbarcelonanoticias.com\/en\/wp-json\/wp\/v2\/users\/347"}],"replies":[{"embeddable":true,"href":"https:\/\/www.fcbarcelonanoticias.com\/en\/wp-json\/wp\/v2\/comments?post=137579"}],"version-history":[{"count":1,"href":"https:\/\/www.fcbarcelonanoticias.com\/en\/wp-json\/wp\/v2\/posts\/137579\/revisions"}],"predecessor-version":[{"id":141399,"href":"https:\/\/www.fcbarcelonanoticias.com\/en\/wp-json\/wp\/v2\/posts\/137579\/revisions\/141399"}],"wp:featuredmedia":[{"embeddable":true,"href":"https:\/\/www.fcbarcelonanoticias.com\/en\/wp-json\/wp\/v2\/media\/141401"}],"wp:attachment":[{"href":"https:\/\/www.fcbarcelonanoticias.com\/en\/wp-json\/wp\/v2\/media?parent=137579"}],"wp:term":[{"taxonomy":"category","embeddable":true,"href":"https:\/\/www.fcbarcelonanoticias.com\/en\/wp-json\/wp\/v2\/categories?post=137579"},{"taxonomy":"post_tag","embeddable":true,"href":"https:\/\/www.fcbarcelonanoticias.com\/en\/wp-json\/wp\/v2\/tags?post=137579"}],"curies":[{"name":"wp","href":"https:\/\/api.w.org\/{rel}","templated":true}]}}