{"id":137594,"date":"2022-09-06T23:55:00","date_gmt":"2022-09-06T21:55:00","guid":{"rendered":"https:\/\/weisetech.dev\/fc-barcelona-noticias\/en\/the-figures-and-all-the-details-of-the-exit-of-pjanic_284071_102\/"},"modified":"2022-09-07T09:46:00","modified_gmt":"2022-09-07T07:46:00","slug":"the-figures-and-all-the-details-of-the-exit-of-pjanic_284071_102","status":"publish","type":"post","link":"https:\/\/www.fcbarcelonanoticias.com\/en\/transfers\/the-figures-and-all-the-details-of-the-exit-of-pjanic_284071_102.html","title":{"rendered":"The figures and all the details of Pjanic&#8217;s departure from Bar\u00e7a"},"content":{"rendered":"<h2 class=\"wp-block-heading\">Miralem Pjanic will be officially separated from FC Barcelona on Wednesday. The Bosnian has already traveled to the United Arab Emirates to sign for Sharjah FC, a club with which he will sign as a free agent<\/h2>  \r\n<div class=\"article-addons\">\r\n    <a href=\"https:\/\/www.fcbarcelonanoticias.com\/en\/calendar-fc-barcelona.html\"\r\n       target=\"_self\"\r\n       title=\"Calendar of FC Barcelona\"\r\n       class=\"blue-gredient-btn\">\r\n       \r\n        Calendar of FC Barcelona    <\/a>\r\n<\/div>   <p>The exit of Miralem Pjanic of the FC Barcelona is a fact. <strong>The player of 32 years travelled the Tuesday to Arab Emirates to sign his agreement by two years with <a data-external=\"0\" data-intl-links-en=\"https:\/\/www.fcbarcelonanoticias.com\/en\/transfers\/official-miralem-pjanic-completes-his-stage-in-barcelona-will-play-in-sharjah-fc_284063_102.html\" data-intl-links-es=\"https:\/\/www.fcbarcelonanoticias.com\/fichajes\/oficial-pjanic-finaliza-su-etapa-en-barcelona-jugar-en-sharjah_284063_102.html\" href=\"https:\/\/www.fcbarcelonanoticias.com\/en\/transfers\/official-miralem-pjanic-completes-his-stage-in-barcelona-will-play-in-sharjah-fc_284063_102.html\" rel=\"follow\" target=\"_self\" title=\"OFICIAL: Miralem Pjanic culmina su etapa en el Bar\u00e7a y jugar\u00e1 en el Sharjah FC\">the Sharjah FC<\/a>, club to the cual arrives with letter of freedom <\/strong>after agreeing terminate the bond that the joined to the Bar\u00e7a until June of 2024. Although the operation produces &#8216;to cost zero&#8217;, the managerial cul\u00e9 gives by well the traspaso because the midfield player will forgive to the club the two years of pending wage.<\/p>  <p>Of this way, <strong>&#8216;RAC1&#8217; confirmed that the bosnio will not go out yielded with option of purchase, as especul\u00f3 in principle.<\/strong> Unlike his cession to the Be\u015fikta\u015f the past season, the mediocentro will go out formally of the Bar\u00e7a after two seasons in which only it contested 30 parties in the 2020-21 (1.296 minutes in which it did not add goals neither assistances). The traspaso finish being a capital fiasco, since the operation closed in 60 million euros.<\/p>  <p>Nevertheless, <strong>to the not having to pay him the two whole years of wage that subtracted to his agreement, the total of the traspaso reduced notably<\/strong>. Pjanic Did not demand economic compensation to terminate his agreement, a recognizable gesture by part of the of Zvornik, the one who in spite of explaining in the plans <a data-external=\"0\" data-intl-links-en=\"https:\/\/www.fcbarcelonanoticias.com\/en\/champions-league\/xavi-is-sincere-future-pjanic-his-referents-dream-champions_284046_102.html\" data-intl-links-es=\"https:\/\/www.fcbarcelonanoticias.com\/champions-league\/xavi-se-sincera-futuro-pjanic-sus-referentes-sueno-champions_284046_102.html\" href=\"https:\/\/www.fcbarcelonanoticias.com\/en\/champions-league\/xavi-is-sincere-future-pjanic-his-referents-dream-champions_284046_102.html\" rel=\"follow\" target=\"_self\" title=\"Xavi se sincera: El futuro de Pjanic, sus referentes, el sue\u00f1o de la Champions...\">of Xavi Hen\u00e1ndez<\/a> preferred to leave to have more opportunities to play with continuity.<\/p>  <p>Although it is safe that the technician egarense will bet by the rotations in front of the demanding calendar cul\u00e9, was clear that, <strong>of the six mediocentros of the staff, the bosnio would be the one who would have fewer minutes<\/strong>, except some physical problem of Sergio Busquets. Frenkie Of Jong and Franck Kessi\u00e9 are the main variants to the trident that conform Gavi, Pedri and &#8216;Busi&#8217;, by which the player of 32 years opted for leaving . Besides, the proposal is very good regarding the economic.<\/p>  <h3>Pjanic Sacks of the European elite<\/h3>  <p>With his course to the Sharjah FC, <strong>Miralem will say goodbye to the elite of the European football, probably, of definite form<\/strong>. The low level showed the past season in Turkey and his age do to think that this experience in the Arab Emirates will mark the beginning of the end in the career of the ex player of the Juve and the Rome. In Italy showed his best version with the T-shirts &#8216;giallorossi&#8217; and &#8216;bianconeri&#8217;, adding 42 goals and 85 assistances between both groups.<\/p>  <p>His agreement by two seasons guarantees him, this yes, a very high wage. <strong>In principle, Pjanic signed by the Bar\u00e7a by a total of 15 &#8216;kilos&#8217; net by season, a wage that was recessed in 60% in September of 2021<\/strong> to facilitate his cession to the Be\u015fikta\u015f. Like this, his wage became of 8 million euros for the past season and the one who recently began. In spite of the diferimiento of the index card, the bosnio will leave forgiving a few millions to the club.<\/p> ","protected":false},"excerpt":{"rendered":"<p>Miralem Pjanic will be officially separated from FC Barcelona on Wednesday. The Bosnian has already traveled to the United Arab Emirates to sign for Sharjah FC, a club with which he will sign as a free agent The exit of Miralem Pjanic of the FC Barcelona is a fact. The player of 32 years travelled [&hellip;]<\/p>\n","protected":false},"author":347,"featured_media":141336,"comment_status":"closed","ping_status":"open","sticky":false,"template":"","format":"standard","meta":{"_acf_changed":false,"inline_featured_image":false,"_nextfly_llmd_date_locked":false,"footnotes":""},"categories":[106,449],"tags":[326],"class_list":["post-137594","post","type-post","status-publish","format-standard","has-post-thumbnail","hentry","category-transfers","category-transfers-2","tag-miralem-pjanic"],"acf":[],"yoast_head":"<!-- This site is optimized with the Yoast SEO plugin v27.3 - https:\/\/yoast.com\/product\/yoast-seo-wordpress\/ -->\n<title>The figures and all the details of Pjanic&#039;s departure from Bar\u00e7a<\/title>\n<meta name=\"description\" content=\"Miralem Pjanic desvincular\u00e1 Officially the Wednesday of the FC Barcelona. The bosnio already has travelled to Arab Emirates for fichar by the Sharjah FC, club with...\" \/>\n<meta name=\"robots\" content=\"index, follow, max-snippet:-1, max-image-preview:large, max-video-preview:-1\" \/>\n<link rel=\"canonical\" href=\"https:\/\/www.fcbarcelonanoticias.com\/en\/transfers\/the-figures-and-all-the-details-of-the-exit-of-pjanic_284071_102.html\" \/>\n<meta property=\"og:locale\" content=\"en_US\" \/>\n<meta property=\"og:type\" content=\"article\" \/>\n<meta property=\"og:title\" content=\"The figures and all the details of Pjanic&#039;s departure from Bar\u00e7a\" \/>\n<meta property=\"og:description\" content=\"Miralem Pjanic desvincular\u00e1 Officially the Wednesday of the FC Barcelona. The bosnio already has travelled to Arab Emirates for fichar by the Sharjah FC, club with...\" \/>\n<meta property=\"og:url\" content=\"https:\/\/www.fcbarcelonanoticias.com\/en\/transfers\/the-figures-and-all-the-details-of-the-exit-of-pjanic_284071_102.html\" \/>\n<meta property=\"og:site_name\" content=\"EN - FC Barcelona Noticias\" \/>\n<meta property=\"article:published_time\" content=\"2022-09-06T21:55:00+00:00\" \/>\n<meta property=\"article:modified_time\" content=\"2022-09-07T07:46:00+00:00\" \/>\n<meta property=\"og:image\" content=\"https:\/\/www.fcbarcelonanoticias.com\/en\/wp-content\/uploads\/sites\/2\/2022\/09\/pjanic-en-un-entrenamiento-con-su-seleccion.jpeg\" \/>\n\t<meta property=\"og:image:width\" content=\"1300\" \/>\n\t<meta property=\"og:image:height\" content=\"731\" \/>\n\t<meta property=\"og:image:type\" content=\"image\/jpeg\" \/>\n<meta name=\"author\" content=\"Andr\u00e9s Quiroz\" \/>\n<meta name=\"twitter:card\" content=\"summary_large_image\" \/>\n<meta name=\"twitter:label1\" content=\"Written by\" \/>\n\t<meta name=\"twitter:data1\" content=\"Andr\u00e9s Quiroz\" \/>\n\t<meta name=\"twitter:label2\" content=\"Est. reading time\" \/>\n\t<meta name=\"twitter:data2\" content=\"3 minutes\" \/>\n<script type=\"application\/ld+json\" class=\"yoast-schema-graph\">{\"@context\":\"https:\\\/\\\/schema.org\",\"@graph\":[{\"@type\":\"Article\",\"@id\":\"https:\\\/\\\/www.fcbarcelonanoticias.com\\\/en\\\/transfers\\\/the-figures-and-all-the-details-of-the-exit-of-pjanic_284071_102.html#article\",\"isPartOf\":{\"@id\":\"https:\\\/\\\/www.fcbarcelonanoticias.com\\\/en\\\/transfers\\\/the-figures-and-all-the-details-of-the-exit-of-pjanic_284071_102.html\"},\"author\":{\"name\":\"Andr\u00e9s Quiroz\",\"@id\":\"https:\\\/\\\/www.fcbarcelonanoticias.com\\\/en\\\/#\\\/schema\\\/person\\\/c2cd9f6fa1af5c0d0eccd0fefa575c88\"},\"headline\":\"The figures and all the details of Pjanic&#8217;s departure from Bar\u00e7a\",\"datePublished\":\"2022-09-06T21:55:00+00:00\",\"dateModified\":\"2022-09-07T07:46:00+00:00\",\"mainEntityOfPage\":{\"@id\":\"https:\\\/\\\/www.fcbarcelonanoticias.com\\\/en\\\/transfers\\\/the-figures-and-all-the-details-of-the-exit-of-pjanic_284071_102.html\"},\"wordCount\":542,\"image\":{\"@id\":\"https:\\\/\\\/www.fcbarcelonanoticias.com\\\/en\\\/transfers\\\/the-figures-and-all-the-details-of-the-exit-of-pjanic_284071_102.html#primaryimage\"},\"thumbnailUrl\":\"https:\\\/\\\/www.fcbarcelonanoticias.com\\\/en\\\/wp-content\\\/uploads\\\/sites\\\/2\\\/2022\\\/09\\\/pjanic-en-un-entrenamiento-con-su-seleccion.jpeg\",\"keywords\":[\"Miralem Pjanic\"],\"articleSection\":[\"Transfers\",\"Transfers\"],\"inLanguage\":\"en-US\"},{\"@type\":\"WebPage\",\"@id\":\"https:\\\/\\\/www.fcbarcelonanoticias.com\\\/en\\\/transfers\\\/the-figures-and-all-the-details-of-the-exit-of-pjanic_284071_102.html\",\"url\":\"https:\\\/\\\/www.fcbarcelonanoticias.com\\\/en\\\/transfers\\\/the-figures-and-all-the-details-of-the-exit-of-pjanic_284071_102.html\",\"name\":\"The figures and all the details of Pjanic's departure from Bar\u00e7a\",\"isPartOf\":{\"@id\":\"https:\\\/\\\/www.fcbarcelonanoticias.com\\\/en\\\/#website\"},\"primaryImageOfPage\":{\"@id\":\"https:\\\/\\\/www.fcbarcelonanoticias.com\\\/en\\\/transfers\\\/the-figures-and-all-the-details-of-the-exit-of-pjanic_284071_102.html#primaryimage\"},\"image\":{\"@id\":\"https:\\\/\\\/www.fcbarcelonanoticias.com\\\/en\\\/transfers\\\/the-figures-and-all-the-details-of-the-exit-of-pjanic_284071_102.html#primaryimage\"},\"thumbnailUrl\":\"https:\\\/\\\/www.fcbarcelonanoticias.com\\\/en\\\/wp-content\\\/uploads\\\/sites\\\/2\\\/2022\\\/09\\\/pjanic-en-un-entrenamiento-con-su-seleccion.jpeg\",\"datePublished\":\"2022-09-06T21:55:00+00:00\",\"dateModified\":\"2022-09-07T07:46:00+00:00\",\"author\":{\"@id\":\"https:\\\/\\\/www.fcbarcelonanoticias.com\\\/en\\\/#\\\/schema\\\/person\\\/c2cd9f6fa1af5c0d0eccd0fefa575c88\"},\"description\":\"Miralem Pjanic desvincular\u00e1 Officially the Wednesday of the FC Barcelona. The bosnio already has travelled to Arab Emirates for fichar by the Sharjah FC, club with...\",\"breadcrumb\":{\"@id\":\"https:\\\/\\\/www.fcbarcelonanoticias.com\\\/en\\\/transfers\\\/the-figures-and-all-the-details-of-the-exit-of-pjanic_284071_102.html#breadcrumb\"},\"inLanguage\":\"en-US\",\"potentialAction\":[{\"@type\":\"ReadAction\",\"target\":[\"https:\\\/\\\/www.fcbarcelonanoticias.com\\\/en\\\/transfers\\\/the-figures-and-all-the-details-of-the-exit-of-pjanic_284071_102.html\"]}]},{\"@type\":\"ImageObject\",\"inLanguage\":\"en-US\",\"@id\":\"https:\\\/\\\/www.fcbarcelonanoticias.com\\\/en\\\/transfers\\\/the-figures-and-all-the-details-of-the-exit-of-pjanic_284071_102.html#primaryimage\",\"url\":\"https:\\\/\\\/www.fcbarcelonanoticias.com\\\/en\\\/wp-content\\\/uploads\\\/sites\\\/2\\\/2022\\\/09\\\/pjanic-en-un-entrenamiento-con-su-seleccion.jpeg\",\"contentUrl\":\"https:\\\/\\\/www.fcbarcelonanoticias.com\\\/en\\\/wp-content\\\/uploads\\\/sites\\\/2\\\/2022\\\/09\\\/pjanic-en-un-entrenamiento-con-su-seleccion.jpeg\",\"width\":1300,\"height\":731},{\"@type\":\"BreadcrumbList\",\"@id\":\"https:\\\/\\\/www.fcbarcelonanoticias.com\\\/en\\\/transfers\\\/the-figures-and-all-the-details-of-the-exit-of-pjanic_284071_102.html#breadcrumb\",\"itemListElement\":[{\"@type\":\"ListItem\",\"position\":1,\"name\":\"Portada\",\"item\":\"https:\\\/\\\/www.fcbarcelonanoticias.com\\\/en\\\/\"},{\"@type\":\"ListItem\",\"position\":2,\"name\":\"The figures and all the details of Pjanic&#8217;s departure from Bar\u00e7a\"}]},{\"@type\":\"WebSite\",\"@id\":\"https:\\\/\\\/www.fcbarcelonanoticias.com\\\/en\\\/#website\",\"url\":\"https:\\\/\\\/www.fcbarcelonanoticias.com\\\/en\\\/\",\"name\":\"EN - FC Barcelona Noticias\",\"description\":\"\",\"potentialAction\":[{\"@type\":\"SearchAction\",\"target\":{\"@type\":\"EntryPoint\",\"urlTemplate\":\"https:\\\/\\\/www.fcbarcelonanoticias.com\\\/en\\\/?s={search_term_string}\"},\"query-input\":{\"@type\":\"PropertyValueSpecification\",\"valueRequired\":true,\"valueName\":\"search_term_string\"}}],\"inLanguage\":\"en-US\"},{\"@type\":\"Person\",\"@id\":\"https:\\\/\\\/www.fcbarcelonanoticias.com\\\/en\\\/#\\\/schema\\\/person\\\/c2cd9f6fa1af5c0d0eccd0fefa575c88\",\"name\":\"Andr\u00e9s Quiroz\",\"image\":{\"@type\":\"ImageObject\",\"inLanguage\":\"en-US\",\"@id\":\"https:\\\/\\\/secure.gravatar.com\\\/avatar\\\/?s=96&d=mm&r=g\",\"url\":\"https:\\\/\\\/secure.gravatar.com\\\/avatar\\\/?s=96&d=mm&r=g\",\"contentUrl\":\"https:\\\/\\\/secure.gravatar.com\\\/avatar\\\/?s=96&d=mm&r=g\",\"caption\":\"Andr\u00e9s Quiroz\"},\"description\":\"Licenciado en Periodismo por la Universidad de los Andes. Me encargo de analizar y compartir los contenidos m\u00e1s destacados de la\u00a0actualidad del F\u00fatbol Club Barcelona, Mercado de Fichajes y F\u00fatbol Internacional en FCBN. La informaci\u00f3n es poder, pero tambi\u00e9n conocimiento.\",\"url\":\"https:\\\/\\\/www.fcbarcelonanoticias.com\\\/en\\\/fc-barcelona\\\/andres-quiroz_17_115.html\"}]}<\/script>\n<!-- \/ Yoast SEO plugin. -->","yoast_head_json":{"title":"The figures and all the details of Pjanic's departure from Bar\u00e7a","description":"Miralem Pjanic desvincular\u00e1 Officially the Wednesday of the FC Barcelona. The bosnio already has travelled to Arab Emirates for fichar by the Sharjah FC, club with...","robots":{"index":"index","follow":"follow","max-snippet":"max-snippet:-1","max-image-preview":"max-image-preview:large","max-video-preview":"max-video-preview:-1"},"canonical":"https:\/\/www.fcbarcelonanoticias.com\/en\/transfers\/the-figures-and-all-the-details-of-the-exit-of-pjanic_284071_102.html","og_locale":"en_US","og_type":"article","og_title":"The figures and all the details of Pjanic's departure from Bar\u00e7a","og_description":"Miralem Pjanic desvincular\u00e1 Officially the Wednesday of the FC Barcelona. The bosnio already has travelled to Arab Emirates for fichar by the Sharjah FC, club with...","og_url":"https:\/\/www.fcbarcelonanoticias.com\/en\/transfers\/the-figures-and-all-the-details-of-the-exit-of-pjanic_284071_102.html","og_site_name":"EN - FC Barcelona Noticias","article_published_time":"2022-09-06T21:55:00+00:00","article_modified_time":"2022-09-07T07:46:00+00:00","og_image":[{"width":1300,"height":731,"url":"https:\/\/www.fcbarcelonanoticias.com\/en\/wp-content\/uploads\/sites\/2\/2022\/09\/pjanic-en-un-entrenamiento-con-su-seleccion.jpeg","type":"image\/jpeg"}],"author":"Andr\u00e9s Quiroz","twitter_card":"summary_large_image","twitter_misc":{"Written by":"Andr\u00e9s Quiroz","Est. reading time":"3 minutes"},"schema":{"@context":"https:\/\/schema.org","@graph":[{"@type":"Article","@id":"https:\/\/www.fcbarcelonanoticias.com\/en\/transfers\/the-figures-and-all-the-details-of-the-exit-of-pjanic_284071_102.html#article","isPartOf":{"@id":"https:\/\/www.fcbarcelonanoticias.com\/en\/transfers\/the-figures-and-all-the-details-of-the-exit-of-pjanic_284071_102.html"},"author":{"name":"Andr\u00e9s Quiroz","@id":"https:\/\/www.fcbarcelonanoticias.com\/en\/#\/schema\/person\/c2cd9f6fa1af5c0d0eccd0fefa575c88"},"headline":"The figures and all the details of Pjanic&#8217;s departure from Bar\u00e7a","datePublished":"2022-09-06T21:55:00+00:00","dateModified":"2022-09-07T07:46:00+00:00","mainEntityOfPage":{"@id":"https:\/\/www.fcbarcelonanoticias.com\/en\/transfers\/the-figures-and-all-the-details-of-the-exit-of-pjanic_284071_102.html"},"wordCount":542,"image":{"@id":"https:\/\/www.fcbarcelonanoticias.com\/en\/transfers\/the-figures-and-all-the-details-of-the-exit-of-pjanic_284071_102.html#primaryimage"},"thumbnailUrl":"https:\/\/www.fcbarcelonanoticias.com\/en\/wp-content\/uploads\/sites\/2\/2022\/09\/pjanic-en-un-entrenamiento-con-su-seleccion.jpeg","keywords":["Miralem Pjanic"],"articleSection":["Transfers","Transfers"],"inLanguage":"en-US"},{"@type":"WebPage","@id":"https:\/\/www.fcbarcelonanoticias.com\/en\/transfers\/the-figures-and-all-the-details-of-the-exit-of-pjanic_284071_102.html","url":"https:\/\/www.fcbarcelonanoticias.com\/en\/transfers\/the-figures-and-all-the-details-of-the-exit-of-pjanic_284071_102.html","name":"The figures and all the details of Pjanic's departure from Bar\u00e7a","isPartOf":{"@id":"https:\/\/www.fcbarcelonanoticias.com\/en\/#website"},"primaryImageOfPage":{"@id":"https:\/\/www.fcbarcelonanoticias.com\/en\/transfers\/the-figures-and-all-the-details-of-the-exit-of-pjanic_284071_102.html#primaryimage"},"image":{"@id":"https:\/\/www.fcbarcelonanoticias.com\/en\/transfers\/the-figures-and-all-the-details-of-the-exit-of-pjanic_284071_102.html#primaryimage"},"thumbnailUrl":"https:\/\/www.fcbarcelonanoticias.com\/en\/wp-content\/uploads\/sites\/2\/2022\/09\/pjanic-en-un-entrenamiento-con-su-seleccion.jpeg","datePublished":"2022-09-06T21:55:00+00:00","dateModified":"2022-09-07T07:46:00+00:00","author":{"@id":"https:\/\/www.fcbarcelonanoticias.com\/en\/#\/schema\/person\/c2cd9f6fa1af5c0d0eccd0fefa575c88"},"description":"Miralem Pjanic desvincular\u00e1 Officially the Wednesday of the FC Barcelona. The bosnio already has travelled to Arab Emirates for fichar by the Sharjah FC, club with...","breadcrumb":{"@id":"https:\/\/www.fcbarcelonanoticias.com\/en\/transfers\/the-figures-and-all-the-details-of-the-exit-of-pjanic_284071_102.html#breadcrumb"},"inLanguage":"en-US","potentialAction":[{"@type":"ReadAction","target":["https:\/\/www.fcbarcelonanoticias.com\/en\/transfers\/the-figures-and-all-the-details-of-the-exit-of-pjanic_284071_102.html"]}]},{"@type":"ImageObject","inLanguage":"en-US","@id":"https:\/\/www.fcbarcelonanoticias.com\/en\/transfers\/the-figures-and-all-the-details-of-the-exit-of-pjanic_284071_102.html#primaryimage","url":"https:\/\/www.fcbarcelonanoticias.com\/en\/wp-content\/uploads\/sites\/2\/2022\/09\/pjanic-en-un-entrenamiento-con-su-seleccion.jpeg","contentUrl":"https:\/\/www.fcbarcelonanoticias.com\/en\/wp-content\/uploads\/sites\/2\/2022\/09\/pjanic-en-un-entrenamiento-con-su-seleccion.jpeg","width":1300,"height":731},{"@type":"BreadcrumbList","@id":"https:\/\/www.fcbarcelonanoticias.com\/en\/transfers\/the-figures-and-all-the-details-of-the-exit-of-pjanic_284071_102.html#breadcrumb","itemListElement":[{"@type":"ListItem","position":1,"name":"Portada","item":"https:\/\/www.fcbarcelonanoticias.com\/en\/"},{"@type":"ListItem","position":2,"name":"The figures and all the details of Pjanic&#8217;s departure from Bar\u00e7a"}]},{"@type":"WebSite","@id":"https:\/\/www.fcbarcelonanoticias.com\/en\/#website","url":"https:\/\/www.fcbarcelonanoticias.com\/en\/","name":"EN - FC Barcelona Noticias","description":"","potentialAction":[{"@type":"SearchAction","target":{"@type":"EntryPoint","urlTemplate":"https:\/\/www.fcbarcelonanoticias.com\/en\/?s={search_term_string}"},"query-input":{"@type":"PropertyValueSpecification","valueRequired":true,"valueName":"search_term_string"}}],"inLanguage":"en-US"},{"@type":"Person","@id":"https:\/\/www.fcbarcelonanoticias.com\/en\/#\/schema\/person\/c2cd9f6fa1af5c0d0eccd0fefa575c88","name":"Andr\u00e9s Quiroz","image":{"@type":"ImageObject","inLanguage":"en-US","@id":"https:\/\/secure.gravatar.com\/avatar\/?s=96&d=mm&r=g","url":"https:\/\/secure.gravatar.com\/avatar\/?s=96&d=mm&r=g","contentUrl":"https:\/\/secure.gravatar.com\/avatar\/?s=96&d=mm&r=g","caption":"Andr\u00e9s Quiroz"},"description":"Licenciado en Periodismo por la Universidad de los Andes. Me encargo de analizar y compartir los contenidos m\u00e1s destacados de la\u00a0actualidad del F\u00fatbol Club Barcelona, Mercado de Fichajes y F\u00fatbol Internacional en FCBN. La informaci\u00f3n es poder, pero tambi\u00e9n conocimiento.","url":"https:\/\/www.fcbarcelonanoticias.com\/en\/fc-barcelona\/andres-quiroz_17_115.html"}]}},"_links":{"self":[{"href":"https:\/\/www.fcbarcelonanoticias.com\/en\/wp-json\/wp\/v2\/posts\/137594","targetHints":{"allow":["GET"]}}],"collection":[{"href":"https:\/\/www.fcbarcelonanoticias.com\/en\/wp-json\/wp\/v2\/posts"}],"about":[{"href":"https:\/\/www.fcbarcelonanoticias.com\/en\/wp-json\/wp\/v2\/types\/post"}],"author":[{"embeddable":true,"href":"https:\/\/www.fcbarcelonanoticias.com\/en\/wp-json\/wp\/v2\/users\/347"}],"replies":[{"embeddable":true,"href":"https:\/\/www.fcbarcelonanoticias.com\/en\/wp-json\/wp\/v2\/comments?post=137594"}],"version-history":[{"count":1,"href":"https:\/\/www.fcbarcelonanoticias.com\/en\/wp-json\/wp\/v2\/posts\/137594\/revisions"}],"predecessor-version":[{"id":141335,"href":"https:\/\/www.fcbarcelonanoticias.com\/en\/wp-json\/wp\/v2\/posts\/137594\/revisions\/141335"}],"wp:featuredmedia":[{"embeddable":true,"href":"https:\/\/www.fcbarcelonanoticias.com\/en\/wp-json\/wp\/v2\/media\/141336"}],"wp:attachment":[{"href":"https:\/\/www.fcbarcelonanoticias.com\/en\/wp-json\/wp\/v2\/media?parent=137594"}],"wp:term":[{"taxonomy":"category","embeddable":true,"href":"https:\/\/www.fcbarcelonanoticias.com\/en\/wp-json\/wp\/v2\/categories?post=137594"},{"taxonomy":"post_tag","embeddable":true,"href":"https:\/\/www.fcbarcelonanoticias.com\/en\/wp-json\/wp\/v2\/tags?post=137594"}],"curies":[{"name":"wp","href":"https:\/\/api.w.org\/{rel}","templated":true}]}}