{"id":14060,"date":"2023-02-26T15:03:00","date_gmt":"2023-02-26T14:03:00","guid":{"rendered":"https:\/\/weisetech.dev\/fc-barcelona-noticias\/en\/barca-atletic-jewel-debut-xavi-soon_290000_102\/"},"modified":"2023-02-26T15:03:00","modified_gmt":"2023-02-26T14:03:00","slug":"barca-atletic-jewel-debut-xavi-soon_290000_102","status":"publish","type":"post","link":"https:\/\/www.fcbarcelonanoticias.com\/en\/fc-barcelona\/barca-atletic-jewel-debut-xavi-soon_290000_102.html","title":{"rendered":"The &#8216;jewel&#8217; of Bar\u00e7a Atl\u00e8tic who could debut with Xavi soon"},"content":{"rendered":"<h2 class=\"wp-block-heading\">Estanis Pedrola has shown that he is &#8216;on fire&#8217; after recovering from the tough injury he suffered this season. The striker has signed a double against Alcoyano to direct the victory of the subsidiary<\/h2>  \r\n<div class=\"article-addons\">\r\n    <a href=\"https:\/\/www.fcbarcelonanoticias.com\/en\/calendar-fc-barcelona.html\"\r\n       target=\"_self\"\r\n       title=\"Calendar of FC Barcelona\"\r\n       class=\"blue-gredient-btn\">\r\n       \r\n        Calendar of FC Barcelona    <\/a>\r\n<\/div>   <p>In the middle of the difficult economic situation that crosses the FC Barcelona and that would carry him to have of the just of face to the market of signings, his quarry keeps on being one of the most important sources of talent to reinforce the first team. <strong><a data-external=\"0\" data-intl-links-en=\"https:\/\/www.fcbarcelonanoticias.com\/en\/fc-barcelona\/goal-from-estanis-pedrola-saves-barca-atletic-against-calahorra-0-1_288856_102.html\" data-intl-links-es=\"https:\/\/www.fcbarcelonanoticias.com\/fc-barcelona\/gol-estanis-pedrola-salva-barca-atletic-calahorra-0-1_288856_102.html\" href=\"https:\/\/www.fcbarcelonanoticias.com\/en\/fc-barcelona\/goal-from-estanis-pedrola-saves-barca-atletic-against-calahorra-0-1_288856_102.html\" rel=\"follow\" target=\"_self\" title=\"Un gol de Estanis Pedrola salva al Bar\u00e7a Atl\u00e8tic ante Calahorra (0-1)\">One of the most striking names of the Barcelona basic football is the one of Estanis Pedrola<\/a>, the one who comes to shine in front of the Acoyano<\/strong> when signing two targets to seal the victory of the cul\u00e9s.<\/p>  <p>The last season has been the one of the &#8216;explosion&#8217; of the forward in the first season of Rafa M\u00e1rquez at the head of the filial. Although an injury in the back would move him away of the activity during three months, <strong>Pedrola has showed that his talent follows intact and will give a lot of what speak in the next years<\/strong>. Against the Alcoyano has lived his best apparition like blaugrana, no only when marking his first doublet, but by his constant deployment during all the party.<\/p>  <p>Pedrola Was the attendant to inaugurate the marker of the Stadium Johan Cruyff after receiving the ball in the band and confine to the edge of the rival area, where knew to take out of on to four opponents looking for the profile to finish and leave without options to the guardametas. <strong>His brilliant apparition would close with the third so much for the cul\u00e9s<\/strong>, this time taking advantage of an occasion wasted by \u00c1lvaro N\u00fa\u00f1ez.<\/p>  <h4>Estanis Pedrola, optimistic<\/h4>  <p>After his glorious apparition, the attacker has manifested his satisfaction in his statements, indicating that everything is product of the arduous work and the confidence: &#8220;there is not secret. It is daily work in the trainings, struggle, trust one same and the results collect the weekend. It treats to go little by little, adding each day, split to party, and doing goals to help to the team. <strong>I seat me very to taste after the injury and touch wood so that it follow like this<\/strong>&#8220;.<\/p>  <p>Pedrola Has indicated that it likes him a lot form part of played swift of counterattack, a data that could be being taken in account by Xavi Hern\u00e1ndez to add him eventualmente to his lists of summoned. In fact, the forward has appreciated to be included in the sessions of training to the control of the egarense: <strong>&#8220;I Am very appreciated by these opportunities, whenever I go up say me what have to improve and how have to do it to be able to take out the maximum performance&#8221;<\/strong>.<\/p> ","protected":false},"excerpt":{"rendered":"<p>Estanis Pedrola has shown that he is &#8216;on fire&#8217; after recovering from the tough injury he suffered this season. The striker has signed a double against Alcoyano to direct the victory of the subsidiary In the middle of the difficult economic situation that crosses the FC Barcelona and that would carry him to have of [&hellip;]<\/p>\n","protected":false},"author":363,"featured_media":14061,"comment_status":"closed","ping_status":"open","sticky":false,"template":"","format":"standard","meta":{"_acf_changed":false,"inline_featured_image":false,"_nextfly_llmd_date_locked":false,"footnotes":""},"categories":[111],"tags":[181,48],"class_list":["post-14060","post","type-post","status-publish","format-standard","has-post-thumbnail","hentry","category-fc-barcelona","tag-the-masia","tag-xavi-hernandez"],"acf":[],"yoast_head":"<!-- This site is optimized with the Yoast SEO plugin v27.3 - https:\/\/yoast.com\/product\/yoast-seo-wordpress\/ -->\n<title>The &#039;jewel&#039; of the Bar\u00e7a Atl\u00e8tic that it could debut with Xavi pr\u00f3ximamente<\/title>\n<meta name=\"description\" content=\"Estanis Pedrola Has showed to be &#039;on fire&#039; after recovering of the hard injury that suffered this season. The forward has signed a doublet in front of the Alcoyano to direct the victory of the filial\" \/>\n<meta name=\"robots\" content=\"index, follow, max-snippet:-1, max-image-preview:large, max-video-preview:-1\" \/>\n<link rel=\"canonical\" href=\"https:\/\/www.fcbarcelonanoticias.com\/en\/fc-barcelona\/barca-atletic-jewel-debut-xavi-soon_290000_102.html\" \/>\n<meta property=\"og:locale\" content=\"en_US\" \/>\n<meta property=\"og:type\" content=\"article\" \/>\n<meta property=\"og:title\" content=\"The &#039;jewel&#039; of the Bar\u00e7a Atl\u00e8tic that it could debut with Xavi pr\u00f3ximamente\" \/>\n<meta property=\"og:description\" content=\"Estanis Pedrola Has showed to be &#039;on fire&#039; after recovering of the hard injury that suffered this season. The forward has signed a doublet in front of the Alcoyano to direct the victory of the filial\" \/>\n<meta property=\"og:url\" content=\"https:\/\/www.fcbarcelonanoticias.com\/en\/fc-barcelona\/barca-atletic-jewel-debut-xavi-soon_290000_102.html\" \/>\n<meta property=\"og:site_name\" content=\"EN - FC Barcelona Noticias\" \/>\n<meta property=\"article:published_time\" content=\"2023-02-26T14:03:00+00:00\" \/>\n<meta property=\"og:image\" content=\"https:\/\/www.fcbarcelonanoticias.com\/en\/wp-content\/uploads\/sites\/2\/2023\/02\/estanis-pedrola-fc-barcelona.jpeg\" \/>\n\t<meta property=\"og:image:width\" content=\"1300\" \/>\n\t<meta property=\"og:image:height\" content=\"732\" \/>\n\t<meta property=\"og:image:type\" content=\"image\/jpeg\" \/>\n<meta name=\"author\" content=\"Claudio Betancourt\" \/>\n<meta name=\"twitter:card\" content=\"summary_large_image\" \/>\n<meta name=\"twitter:label1\" content=\"Written by\" \/>\n\t<meta name=\"twitter:data1\" content=\"Claudio Betancourt\" \/>\n\t<meta name=\"twitter:label2\" content=\"Est. reading time\" \/>\n\t<meta name=\"twitter:data2\" content=\"2 minutes\" \/>\n<script type=\"application\/ld+json\" class=\"yoast-schema-graph\">{\"@context\":\"https:\\\/\\\/schema.org\",\"@graph\":[{\"@type\":\"Article\",\"@id\":\"https:\\\/\\\/www.fcbarcelonanoticias.com\\\/en\\\/fc-barcelona\\\/barca-atletic-jewel-debut-xavi-soon_290000_102.html#article\",\"isPartOf\":{\"@id\":\"https:\\\/\\\/www.fcbarcelonanoticias.com\\\/en\\\/fc-barcelona\\\/barca-atletic-jewel-debut-xavi-soon_290000_102.html\"},\"author\":{\"name\":\"Claudio Betancourt\",\"@id\":\"https:\\\/\\\/www.fcbarcelonanoticias.com\\\/en\\\/#\\\/schema\\\/person\\\/76c77917e39f918eb1604c571055386e\"},\"headline\":\"The &#8216;jewel&#8217; of Bar\u00e7a Atl\u00e8tic who could debut with Xavi soon\",\"datePublished\":\"2023-02-26T14:03:00+00:00\",\"mainEntityOfPage\":{\"@id\":\"https:\\\/\\\/www.fcbarcelonanoticias.com\\\/en\\\/fc-barcelona\\\/barca-atletic-jewel-debut-xavi-soon_290000_102.html\"},\"wordCount\":480,\"image\":{\"@id\":\"https:\\\/\\\/www.fcbarcelonanoticias.com\\\/en\\\/fc-barcelona\\\/barca-atletic-jewel-debut-xavi-soon_290000_102.html#primaryimage\"},\"thumbnailUrl\":\"https:\\\/\\\/www.fcbarcelonanoticias.com\\\/en\\\/wp-content\\\/uploads\\\/sites\\\/2\\\/2023\\\/02\\\/estanis-pedrola-fc-barcelona.jpeg\",\"keywords\":[\"The Masia\",\"Xavi Hern\u00e1ndez\"],\"articleSection\":[\"FC Barcelona\"],\"inLanguage\":\"en-US\"},{\"@type\":\"WebPage\",\"@id\":\"https:\\\/\\\/www.fcbarcelonanoticias.com\\\/en\\\/fc-barcelona\\\/barca-atletic-jewel-debut-xavi-soon_290000_102.html\",\"url\":\"https:\\\/\\\/www.fcbarcelonanoticias.com\\\/en\\\/fc-barcelona\\\/barca-atletic-jewel-debut-xavi-soon_290000_102.html\",\"name\":\"The 'jewel' of the Bar\u00e7a Atl\u00e8tic that it could debut with Xavi pr\u00f3ximamente\",\"isPartOf\":{\"@id\":\"https:\\\/\\\/www.fcbarcelonanoticias.com\\\/en\\\/#website\"},\"primaryImageOfPage\":{\"@id\":\"https:\\\/\\\/www.fcbarcelonanoticias.com\\\/en\\\/fc-barcelona\\\/barca-atletic-jewel-debut-xavi-soon_290000_102.html#primaryimage\"},\"image\":{\"@id\":\"https:\\\/\\\/www.fcbarcelonanoticias.com\\\/en\\\/fc-barcelona\\\/barca-atletic-jewel-debut-xavi-soon_290000_102.html#primaryimage\"},\"thumbnailUrl\":\"https:\\\/\\\/www.fcbarcelonanoticias.com\\\/en\\\/wp-content\\\/uploads\\\/sites\\\/2\\\/2023\\\/02\\\/estanis-pedrola-fc-barcelona.jpeg\",\"datePublished\":\"2023-02-26T14:03:00+00:00\",\"author\":{\"@id\":\"https:\\\/\\\/www.fcbarcelonanoticias.com\\\/en\\\/#\\\/schema\\\/person\\\/76c77917e39f918eb1604c571055386e\"},\"description\":\"Estanis Pedrola Has showed to be 'on fire' after recovering of the hard injury that suffered this season. The forward has signed a doublet in front of the Alcoyano to direct the victory of the filial\",\"breadcrumb\":{\"@id\":\"https:\\\/\\\/www.fcbarcelonanoticias.com\\\/en\\\/fc-barcelona\\\/barca-atletic-jewel-debut-xavi-soon_290000_102.html#breadcrumb\"},\"inLanguage\":\"en-US\",\"potentialAction\":[{\"@type\":\"ReadAction\",\"target\":[\"https:\\\/\\\/www.fcbarcelonanoticias.com\\\/en\\\/fc-barcelona\\\/barca-atletic-jewel-debut-xavi-soon_290000_102.html\"]}]},{\"@type\":\"ImageObject\",\"inLanguage\":\"en-US\",\"@id\":\"https:\\\/\\\/www.fcbarcelonanoticias.com\\\/en\\\/fc-barcelona\\\/barca-atletic-jewel-debut-xavi-soon_290000_102.html#primaryimage\",\"url\":\"https:\\\/\\\/www.fcbarcelonanoticias.com\\\/en\\\/wp-content\\\/uploads\\\/sites\\\/2\\\/2023\\\/02\\\/estanis-pedrola-fc-barcelona.jpeg\",\"contentUrl\":\"https:\\\/\\\/www.fcbarcelonanoticias.com\\\/en\\\/wp-content\\\/uploads\\\/sites\\\/2\\\/2023\\\/02\\\/estanis-pedrola-fc-barcelona.jpeg\",\"width\":1300,\"height\":732},{\"@type\":\"BreadcrumbList\",\"@id\":\"https:\\\/\\\/www.fcbarcelonanoticias.com\\\/en\\\/fc-barcelona\\\/barca-atletic-jewel-debut-xavi-soon_290000_102.html#breadcrumb\",\"itemListElement\":[{\"@type\":\"ListItem\",\"position\":1,\"name\":\"Portada\",\"item\":\"https:\\\/\\\/www.fcbarcelonanoticias.com\\\/en\\\/\"},{\"@type\":\"ListItem\",\"position\":2,\"name\":\"The &#8216;jewel&#8217; of Bar\u00e7a Atl\u00e8tic who could debut with Xavi soon\"}]},{\"@type\":\"WebSite\",\"@id\":\"https:\\\/\\\/www.fcbarcelonanoticias.com\\\/en\\\/#website\",\"url\":\"https:\\\/\\\/www.fcbarcelonanoticias.com\\\/en\\\/\",\"name\":\"EN - FC Barcelona Noticias\",\"description\":\"\",\"potentialAction\":[{\"@type\":\"SearchAction\",\"target\":{\"@type\":\"EntryPoint\",\"urlTemplate\":\"https:\\\/\\\/www.fcbarcelonanoticias.com\\\/en\\\/?s={search_term_string}\"},\"query-input\":{\"@type\":\"PropertyValueSpecification\",\"valueRequired\":true,\"valueName\":\"search_term_string\"}}],\"inLanguage\":\"en-US\"},{\"@type\":\"Person\",\"@id\":\"https:\\\/\\\/www.fcbarcelonanoticias.com\\\/en\\\/#\\\/schema\\\/person\\\/76c77917e39f918eb1604c571055386e\",\"name\":\"Claudio Betancourt\",\"image\":{\"@type\":\"ImageObject\",\"inLanguage\":\"en-US\",\"@id\":\"https:\\\/\\\/secure.gravatar.com\\\/avatar\\\/?s=96&d=mm&r=g\",\"url\":\"https:\\\/\\\/secure.gravatar.com\\\/avatar\\\/?s=96&d=mm&r=g\",\"contentUrl\":\"https:\\\/\\\/secure.gravatar.com\\\/avatar\\\/?s=96&d=mm&r=g\",\"caption\":\"Claudio Betancourt\"},\"url\":\"https:\\\/\\\/www.fcbarcelonanoticias.com\\\/en\\\/claudio-betancourt_14_115.html\"}]}<\/script>\n<!-- \/ Yoast SEO plugin. -->","yoast_head_json":{"title":"The 'jewel' of the Bar\u00e7a Atl\u00e8tic that it could debut with Xavi pr\u00f3ximamente","description":"Estanis Pedrola Has showed to be 'on fire' after recovering of the hard injury that suffered this season. The forward has signed a doublet in front of the Alcoyano to direct the victory of the filial","robots":{"index":"index","follow":"follow","max-snippet":"max-snippet:-1","max-image-preview":"max-image-preview:large","max-video-preview":"max-video-preview:-1"},"canonical":"https:\/\/www.fcbarcelonanoticias.com\/en\/fc-barcelona\/barca-atletic-jewel-debut-xavi-soon_290000_102.html","og_locale":"en_US","og_type":"article","og_title":"The 'jewel' of the Bar\u00e7a Atl\u00e8tic that it could debut with Xavi pr\u00f3ximamente","og_description":"Estanis Pedrola Has showed to be 'on fire' after recovering of the hard injury that suffered this season. The forward has signed a doublet in front of the Alcoyano to direct the victory of the filial","og_url":"https:\/\/www.fcbarcelonanoticias.com\/en\/fc-barcelona\/barca-atletic-jewel-debut-xavi-soon_290000_102.html","og_site_name":"EN - FC Barcelona Noticias","article_published_time":"2023-02-26T14:03:00+00:00","og_image":[{"width":1300,"height":732,"url":"https:\/\/www.fcbarcelonanoticias.com\/en\/wp-content\/uploads\/sites\/2\/2023\/02\/estanis-pedrola-fc-barcelona.jpeg","type":"image\/jpeg"}],"author":"Claudio Betancourt","twitter_card":"summary_large_image","twitter_misc":{"Written by":"Claudio Betancourt","Est. reading time":"2 minutes"},"schema":{"@context":"https:\/\/schema.org","@graph":[{"@type":"Article","@id":"https:\/\/www.fcbarcelonanoticias.com\/en\/fc-barcelona\/barca-atletic-jewel-debut-xavi-soon_290000_102.html#article","isPartOf":{"@id":"https:\/\/www.fcbarcelonanoticias.com\/en\/fc-barcelona\/barca-atletic-jewel-debut-xavi-soon_290000_102.html"},"author":{"name":"Claudio Betancourt","@id":"https:\/\/www.fcbarcelonanoticias.com\/en\/#\/schema\/person\/76c77917e39f918eb1604c571055386e"},"headline":"The &#8216;jewel&#8217; of Bar\u00e7a Atl\u00e8tic who could debut with Xavi soon","datePublished":"2023-02-26T14:03:00+00:00","mainEntityOfPage":{"@id":"https:\/\/www.fcbarcelonanoticias.com\/en\/fc-barcelona\/barca-atletic-jewel-debut-xavi-soon_290000_102.html"},"wordCount":480,"image":{"@id":"https:\/\/www.fcbarcelonanoticias.com\/en\/fc-barcelona\/barca-atletic-jewel-debut-xavi-soon_290000_102.html#primaryimage"},"thumbnailUrl":"https:\/\/www.fcbarcelonanoticias.com\/en\/wp-content\/uploads\/sites\/2\/2023\/02\/estanis-pedrola-fc-barcelona.jpeg","keywords":["The Masia","Xavi Hern\u00e1ndez"],"articleSection":["FC Barcelona"],"inLanguage":"en-US"},{"@type":"WebPage","@id":"https:\/\/www.fcbarcelonanoticias.com\/en\/fc-barcelona\/barca-atletic-jewel-debut-xavi-soon_290000_102.html","url":"https:\/\/www.fcbarcelonanoticias.com\/en\/fc-barcelona\/barca-atletic-jewel-debut-xavi-soon_290000_102.html","name":"The 'jewel' of the Bar\u00e7a Atl\u00e8tic that it could debut with Xavi pr\u00f3ximamente","isPartOf":{"@id":"https:\/\/www.fcbarcelonanoticias.com\/en\/#website"},"primaryImageOfPage":{"@id":"https:\/\/www.fcbarcelonanoticias.com\/en\/fc-barcelona\/barca-atletic-jewel-debut-xavi-soon_290000_102.html#primaryimage"},"image":{"@id":"https:\/\/www.fcbarcelonanoticias.com\/en\/fc-barcelona\/barca-atletic-jewel-debut-xavi-soon_290000_102.html#primaryimage"},"thumbnailUrl":"https:\/\/www.fcbarcelonanoticias.com\/en\/wp-content\/uploads\/sites\/2\/2023\/02\/estanis-pedrola-fc-barcelona.jpeg","datePublished":"2023-02-26T14:03:00+00:00","author":{"@id":"https:\/\/www.fcbarcelonanoticias.com\/en\/#\/schema\/person\/76c77917e39f918eb1604c571055386e"},"description":"Estanis Pedrola Has showed to be 'on fire' after recovering of the hard injury that suffered this season. The forward has signed a doublet in front of the Alcoyano to direct the victory of the filial","breadcrumb":{"@id":"https:\/\/www.fcbarcelonanoticias.com\/en\/fc-barcelona\/barca-atletic-jewel-debut-xavi-soon_290000_102.html#breadcrumb"},"inLanguage":"en-US","potentialAction":[{"@type":"ReadAction","target":["https:\/\/www.fcbarcelonanoticias.com\/en\/fc-barcelona\/barca-atletic-jewel-debut-xavi-soon_290000_102.html"]}]},{"@type":"ImageObject","inLanguage":"en-US","@id":"https:\/\/www.fcbarcelonanoticias.com\/en\/fc-barcelona\/barca-atletic-jewel-debut-xavi-soon_290000_102.html#primaryimage","url":"https:\/\/www.fcbarcelonanoticias.com\/en\/wp-content\/uploads\/sites\/2\/2023\/02\/estanis-pedrola-fc-barcelona.jpeg","contentUrl":"https:\/\/www.fcbarcelonanoticias.com\/en\/wp-content\/uploads\/sites\/2\/2023\/02\/estanis-pedrola-fc-barcelona.jpeg","width":1300,"height":732},{"@type":"BreadcrumbList","@id":"https:\/\/www.fcbarcelonanoticias.com\/en\/fc-barcelona\/barca-atletic-jewel-debut-xavi-soon_290000_102.html#breadcrumb","itemListElement":[{"@type":"ListItem","position":1,"name":"Portada","item":"https:\/\/www.fcbarcelonanoticias.com\/en\/"},{"@type":"ListItem","position":2,"name":"The &#8216;jewel&#8217; of Bar\u00e7a Atl\u00e8tic who could debut with Xavi soon"}]},{"@type":"WebSite","@id":"https:\/\/www.fcbarcelonanoticias.com\/en\/#website","url":"https:\/\/www.fcbarcelonanoticias.com\/en\/","name":"EN - FC Barcelona Noticias","description":"","potentialAction":[{"@type":"SearchAction","target":{"@type":"EntryPoint","urlTemplate":"https:\/\/www.fcbarcelonanoticias.com\/en\/?s={search_term_string}"},"query-input":{"@type":"PropertyValueSpecification","valueRequired":true,"valueName":"search_term_string"}}],"inLanguage":"en-US"},{"@type":"Person","@id":"https:\/\/www.fcbarcelonanoticias.com\/en\/#\/schema\/person\/76c77917e39f918eb1604c571055386e","name":"Claudio Betancourt","image":{"@type":"ImageObject","inLanguage":"en-US","@id":"https:\/\/secure.gravatar.com\/avatar\/?s=96&d=mm&r=g","url":"https:\/\/secure.gravatar.com\/avatar\/?s=96&d=mm&r=g","contentUrl":"https:\/\/secure.gravatar.com\/avatar\/?s=96&d=mm&r=g","caption":"Claudio Betancourt"},"url":"https:\/\/www.fcbarcelonanoticias.com\/en\/claudio-betancourt_14_115.html"}]}},"_links":{"self":[{"href":"https:\/\/www.fcbarcelonanoticias.com\/en\/wp-json\/wp\/v2\/posts\/14060","targetHints":{"allow":["GET"]}}],"collection":[{"href":"https:\/\/www.fcbarcelonanoticias.com\/en\/wp-json\/wp\/v2\/posts"}],"about":[{"href":"https:\/\/www.fcbarcelonanoticias.com\/en\/wp-json\/wp\/v2\/types\/post"}],"author":[{"embeddable":true,"href":"https:\/\/www.fcbarcelonanoticias.com\/en\/wp-json\/wp\/v2\/users\/363"}],"replies":[{"embeddable":true,"href":"https:\/\/www.fcbarcelonanoticias.com\/en\/wp-json\/wp\/v2\/comments?post=14060"}],"version-history":[{"count":1,"href":"https:\/\/www.fcbarcelonanoticias.com\/en\/wp-json\/wp\/v2\/posts\/14060\/revisions"}],"predecessor-version":[{"id":101949,"href":"https:\/\/www.fcbarcelonanoticias.com\/en\/wp-json\/wp\/v2\/posts\/14060\/revisions\/101949"}],"wp:featuredmedia":[{"embeddable":true,"href":"https:\/\/www.fcbarcelonanoticias.com\/en\/wp-json\/wp\/v2\/media\/14061"}],"wp:attachment":[{"href":"https:\/\/www.fcbarcelonanoticias.com\/en\/wp-json\/wp\/v2\/media?parent=14060"}],"wp:term":[{"taxonomy":"category","embeddable":true,"href":"https:\/\/www.fcbarcelonanoticias.com\/en\/wp-json\/wp\/v2\/categories?post=14060"},{"taxonomy":"post_tag","embeddable":true,"href":"https:\/\/www.fcbarcelonanoticias.com\/en\/wp-json\/wp\/v2\/tags?post=14060"}],"curies":[{"name":"wp","href":"https:\/\/api.w.org\/{rel}","templated":true}]}}