{"id":140978,"date":"2023-08-01T11:46:00","date_gmt":"2023-08-01T09:46:00","guid":{"rendered":"https:\/\/weisetech.dev\/fc-barcelona-noticias\/en\/the-psg-evaluates-legal-actions-against-the-real-madrid-by-the-case-of-mbappe_294668_102\/"},"modified":"2023-08-01T11:46:00","modified_gmt":"2023-08-01T09:46:00","slug":"the-psg-evaluates-legal-actions-against-the-real-madrid-by-the-case-of-mbappe_294668_102","status":"publish","type":"post","link":"https:\/\/www.fcbarcelonanoticias.com\/en\/transfers\/the-psg-evaluates-legal-actions-against-the-real-madrid-by-the-case-of-mbappe_294668_102.html","title":{"rendered":"PSG assesses legal action against Real Madrid over Mbapp\u00e9 case"},"content":{"rendered":"<h2 class=\"wp-block-heading\">Paris Saint-Germain believe that Real Madrid have made unlawful contacts with Kylian Mbapp\u00e9. For that reason, they plan to take the merengue team to the FIFA courts and try to put an end to this soap opera.<\/h2>  \r\n<div class=\"article-addons\">\r\n    <a href=\"https:\/\/www.fcbarcelonanoticias.com\/en\/calendar-fc-barcelona.html\"\r\n       target=\"_self\"\r\n       title=\"Calendar of FC Barcelona\"\r\n       class=\"blue-gredient-btn\">\r\n       \r\n        Calendar of FC Barcelona    <\/a>\r\n<\/div>   <p><strong>The PSG is a team that, in spite of the circumstances, never gives by defeated<\/strong>. Even when in this case it treats of a his player that shows by active and by passive his will to abandon the team. After seeing all the serial of Mbapp\u00e9, Paris Saint-Germain would be had to carry to the Real Madrid in front of the courts of the FIFA alleging some illegal negotiations with his player. In Paris never has liked the attitudes of Florentino P\u00e9rez, reason by which are had to go until the last consequences.<\/p>  <p><a data-external=\"0\" data-intl-links-en=\"https:\/\/www.fcbarcelonanoticias.com\/en\/real-madrid\/vinicius-jr-the-madridista-with-more-win-of-the-signing-of-kylian-mbappe_294653_102.html\" data-intl-links-es=\"https:\/\/www.fcbarcelonanoticias.com\/real-madrid\/vinicius-jr-madridista-con-mas-ganas-fichaje-kylian-mbappe_294653_102.html\" href=\"https:\/\/www.fcbarcelonanoticias.com\/en\/real-madrid\/vinicius-jr-the-madridista-with-more-win-of-the-signing-of-kylian-mbappe_294653_102.html\" rel=\"follow\" target=\"_self\" title=\"Vinicius Jr, el madridista con m\u00e1s ganas del fichaje de Kylian&nbsp;Mbapp\u00e9\">From the moment in that Kylian gave to know that it would not renew with his current team in the offices of the French club, so only contemplate a sale this summer or a renewal<\/a>, that intuye practically impossible given the circumstances. The Parisian entity is convinced that the Real Madrid has spoken and has a draft agreement with the forward, that would arrive free to the Bernab\u00e9u in summer of 2024. These conversations would be the reason whereby would be had to undertake legal actions.<\/p>  <p><strong>The norms of the FIFA are very strict and forbid any contact between club and player without the consent of the instrument possessor of his services.<\/strong> From France ensure that the Madrid has established recurrent connections with his star, and will treat to show it in front of a judge. Mbapp\u00e9, by his part, reh\u00fasa to break the silence and keeps firm in the idea to fulfil his agreement during the season 2023-2024, in spite of that the PSG has manifested of public and notorious form his intention to sell it to the club that do the best offer.<\/p>  <h2>August is the decisive month for the future of Kylian Mbapp\u00e9<\/h2>  <p>From today, 1 August, no longer it will be able to renew unilaterally until 2025 and already it will have perceived of automatic way these 40 million euros that abaratar\u00edan his sale during the present market of summer. We are to few days so that it initiate formally Tie it 1,<a data-external=\"0\" data-intl-links-en=\"https:\/\/www.fcbarcelonanoticias.com\/en\/transfers\/scandalous-numbers-this-will-be-ousmane-dembele-contract-with-psg_294656_102.html\" data-intl-links-es=\"https:\/\/www.fcbarcelonanoticias.com\/fichajes\/numeros-escandalo-sera-contrato-ousmane-dembele-con-psg_294656_102.html\" href=\"https:\/\/www.fcbarcelonanoticias.com\/en\/transfers\/scandalous-numbers-this-will-be-ousmane-dembele-contract-with-psg_294656_102.html\" rel=\"follow\" target=\"_self\" title=\"\u00a1N\u00fameros de esc\u00e1ndalo! As\u00ed ser\u00e1 el contrato de Ousmane Demb\u00e9l\u00e9 con el PSG\"> reason by which the PSG does not want to begin it without having resolved one of his greater problems, which has turned into a headache for the catar\u00edes.<\/a><\/p>  <p><strong>In his moment saw with good eyes the possible sale of the attacker to To the Hilal, those who were had to make an offer never before sight.<\/strong> The past Sunday, the Daily Mirror published that the Liverpool could be a temporary solution and both clubs have treated a possible cession of Mbapp\u00e9 the course that comes. At any rate, it is the player the one who has the frying pan by the mango, as in 2024 will be free agent and in the Madrid expect it with the open arms.<\/p> ","protected":false},"excerpt":{"rendered":"<p>Paris Saint-Germain believe that Real Madrid have made unlawful contacts with Kylian Mbapp\u00e9. For that reason, they plan to take the merengue team to the FIFA courts and try to put an end to this soap opera. The PSG is a team that, in spite of the circumstances, never gives by defeated. Even when in [&hellip;]<\/p>\n","protected":false},"author":349,"featured_media":140979,"comment_status":"closed","ping_status":"open","sticky":false,"template":"","format":"standard","meta":{"_acf_changed":false,"inline_featured_image":false,"_nextfly_llmd_date_locked":false,"footnotes":""},"categories":[449,106],"tags":[171,88],"class_list":["post-140978","post","type-post","status-publish","format-standard","has-post-thumbnail","hentry","category-transfers-2","category-transfers","tag-mbappe","tag-paris-saint-germain"],"acf":[],"yoast_head":"<!-- This site is optimized with the Yoast SEO plugin v27.3 - https:\/\/yoast.com\/product\/yoast-seo-wordpress\/ -->\n<title>The PSG evaluates legal actions against the Real Madrid by the case of Mbapp\u00e9<\/title>\n<meta name=\"description\" content=\"Paris Saint-Germain considers that the Real Madrid has established contacts no legal with Kylian Mbapp\u00e9. By this reason, plan to carry to the group merengue in front of the courts of the FIFA and like this try finish with this serial\" \/>\n<meta name=\"robots\" content=\"index, follow, max-snippet:-1, max-image-preview:large, max-video-preview:-1\" \/>\n<link rel=\"canonical\" href=\"https:\/\/www.fcbarcelonanoticias.com\/en\/transfers\/the-psg-evaluates-legal-actions-against-the-real-madrid-by-the-case-of-mbappe_294668_102.html\" \/>\n<meta property=\"og:locale\" content=\"en_US\" \/>\n<meta property=\"og:type\" content=\"article\" \/>\n<meta property=\"og:title\" content=\"The PSG evaluates legal actions against the Real Madrid by the case of Mbapp\u00e9\" \/>\n<meta property=\"og:description\" content=\"Paris Saint-Germain considers that the Real Madrid has established contacts no legal with Kylian Mbapp\u00e9. By this reason, plan to carry to the group merengue in front of the courts of the FIFA and like this try finish with this serial\" \/>\n<meta property=\"og:url\" content=\"https:\/\/www.fcbarcelonanoticias.com\/en\/transfers\/the-psg-evaluates-legal-actions-against-the-real-madrid-by-the-case-of-mbappe_294668_102.html\" \/>\n<meta property=\"og:site_name\" content=\"EN - FC Barcelona Noticias\" \/>\n<meta property=\"article:published_time\" content=\"2023-08-01T09:46:00+00:00\" \/>\n<meta property=\"og:image\" content=\"https:\/\/www.fcbarcelonanoticias.com\/en\/wp-content\/uploads\/sites\/2\/2023\/08\/kilyan-mbappe-psg.jpeg\" \/>\n\t<meta property=\"og:image:width\" content=\"1300\" \/>\n\t<meta property=\"og:image:height\" content=\"732\" \/>\n\t<meta property=\"og:image:type\" content=\"image\/jpeg\" \/>\n<meta name=\"author\" content=\"Mar\u00eda Alejandra Camacho\" \/>\n<meta name=\"twitter:card\" content=\"summary_large_image\" \/>\n<meta name=\"twitter:label1\" content=\"Written by\" \/>\n\t<meta name=\"twitter:data1\" content=\"Mar\u00eda Alejandra Camacho\" \/>\n\t<meta name=\"twitter:label2\" content=\"Est. reading time\" \/>\n\t<meta name=\"twitter:data2\" content=\"2 minutes\" \/>\n<script type=\"application\/ld+json\" class=\"yoast-schema-graph\">{\"@context\":\"https:\\\/\\\/schema.org\",\"@graph\":[{\"@type\":\"Article\",\"@id\":\"https:\\\/\\\/www.fcbarcelonanoticias.com\\\/en\\\/transfers\\\/the-psg-evaluates-legal-actions-against-the-real-madrid-by-the-case-of-mbappe_294668_102.html#article\",\"isPartOf\":{\"@id\":\"https:\\\/\\\/www.fcbarcelonanoticias.com\\\/en\\\/transfers\\\/the-psg-evaluates-legal-actions-against-the-real-madrid-by-the-case-of-mbappe_294668_102.html\"},\"author\":{\"name\":\"Mar\u00eda Alejandra Camacho\",\"@id\":\"https:\\\/\\\/www.fcbarcelonanoticias.com\\\/en\\\/#\\\/schema\\\/person\\\/6dabf936eaa66def2cadb54f0dd32ac1\"},\"headline\":\"PSG assesses legal action against Real Madrid over Mbapp\u00e9 case\",\"datePublished\":\"2023-08-01T09:46:00+00:00\",\"mainEntityOfPage\":{\"@id\":\"https:\\\/\\\/www.fcbarcelonanoticias.com\\\/en\\\/transfers\\\/the-psg-evaluates-legal-actions-against-the-real-madrid-by-the-case-of-mbappe_294668_102.html\"},\"wordCount\":505,\"image\":{\"@id\":\"https:\\\/\\\/www.fcbarcelonanoticias.com\\\/en\\\/transfers\\\/the-psg-evaluates-legal-actions-against-the-real-madrid-by-the-case-of-mbappe_294668_102.html#primaryimage\"},\"thumbnailUrl\":\"https:\\\/\\\/www.fcbarcelonanoticias.com\\\/en\\\/wp-content\\\/uploads\\\/sites\\\/2\\\/2023\\\/08\\\/kilyan-mbappe-psg.jpeg\",\"keywords\":[\"Mbapp\u00e9\",\"Paris Saint-Germain\"],\"articleSection\":[\"Transfers\",\"Transfers\"],\"inLanguage\":\"en-US\"},{\"@type\":\"WebPage\",\"@id\":\"https:\\\/\\\/www.fcbarcelonanoticias.com\\\/en\\\/transfers\\\/the-psg-evaluates-legal-actions-against-the-real-madrid-by-the-case-of-mbappe_294668_102.html\",\"url\":\"https:\\\/\\\/www.fcbarcelonanoticias.com\\\/en\\\/transfers\\\/the-psg-evaluates-legal-actions-against-the-real-madrid-by-the-case-of-mbappe_294668_102.html\",\"name\":\"The PSG evaluates legal actions against the Real Madrid by the case of Mbapp\u00e9\",\"isPartOf\":{\"@id\":\"https:\\\/\\\/www.fcbarcelonanoticias.com\\\/en\\\/#website\"},\"primaryImageOfPage\":{\"@id\":\"https:\\\/\\\/www.fcbarcelonanoticias.com\\\/en\\\/transfers\\\/the-psg-evaluates-legal-actions-against-the-real-madrid-by-the-case-of-mbappe_294668_102.html#primaryimage\"},\"image\":{\"@id\":\"https:\\\/\\\/www.fcbarcelonanoticias.com\\\/en\\\/transfers\\\/the-psg-evaluates-legal-actions-against-the-real-madrid-by-the-case-of-mbappe_294668_102.html#primaryimage\"},\"thumbnailUrl\":\"https:\\\/\\\/www.fcbarcelonanoticias.com\\\/en\\\/wp-content\\\/uploads\\\/sites\\\/2\\\/2023\\\/08\\\/kilyan-mbappe-psg.jpeg\",\"datePublished\":\"2023-08-01T09:46:00+00:00\",\"author\":{\"@id\":\"https:\\\/\\\/www.fcbarcelonanoticias.com\\\/en\\\/#\\\/schema\\\/person\\\/6dabf936eaa66def2cadb54f0dd32ac1\"},\"description\":\"Paris Saint-Germain considers that the Real Madrid has established contacts no legal with Kylian Mbapp\u00e9. By this reason, plan to carry to the group merengue in front of the courts of the FIFA and like this try finish with this serial\",\"breadcrumb\":{\"@id\":\"https:\\\/\\\/www.fcbarcelonanoticias.com\\\/en\\\/transfers\\\/the-psg-evaluates-legal-actions-against-the-real-madrid-by-the-case-of-mbappe_294668_102.html#breadcrumb\"},\"inLanguage\":\"en-US\",\"potentialAction\":[{\"@type\":\"ReadAction\",\"target\":[\"https:\\\/\\\/www.fcbarcelonanoticias.com\\\/en\\\/transfers\\\/the-psg-evaluates-legal-actions-against-the-real-madrid-by-the-case-of-mbappe_294668_102.html\"]}]},{\"@type\":\"ImageObject\",\"inLanguage\":\"en-US\",\"@id\":\"https:\\\/\\\/www.fcbarcelonanoticias.com\\\/en\\\/transfers\\\/the-psg-evaluates-legal-actions-against-the-real-madrid-by-the-case-of-mbappe_294668_102.html#primaryimage\",\"url\":\"https:\\\/\\\/www.fcbarcelonanoticias.com\\\/en\\\/wp-content\\\/uploads\\\/sites\\\/2\\\/2023\\\/08\\\/kilyan-mbappe-psg.jpeg\",\"contentUrl\":\"https:\\\/\\\/www.fcbarcelonanoticias.com\\\/en\\\/wp-content\\\/uploads\\\/sites\\\/2\\\/2023\\\/08\\\/kilyan-mbappe-psg.jpeg\",\"width\":1300,\"height\":732},{\"@type\":\"BreadcrumbList\",\"@id\":\"https:\\\/\\\/www.fcbarcelonanoticias.com\\\/en\\\/transfers\\\/the-psg-evaluates-legal-actions-against-the-real-madrid-by-the-case-of-mbappe_294668_102.html#breadcrumb\",\"itemListElement\":[{\"@type\":\"ListItem\",\"position\":1,\"name\":\"Portada\",\"item\":\"https:\\\/\\\/www.fcbarcelonanoticias.com\\\/en\\\/\"},{\"@type\":\"ListItem\",\"position\":2,\"name\":\"PSG assesses legal action against Real Madrid over Mbapp\u00e9 case\"}]},{\"@type\":\"WebSite\",\"@id\":\"https:\\\/\\\/www.fcbarcelonanoticias.com\\\/en\\\/#website\",\"url\":\"https:\\\/\\\/www.fcbarcelonanoticias.com\\\/en\\\/\",\"name\":\"EN - FC Barcelona Noticias\",\"description\":\"\",\"potentialAction\":[{\"@type\":\"SearchAction\",\"target\":{\"@type\":\"EntryPoint\",\"urlTemplate\":\"https:\\\/\\\/www.fcbarcelonanoticias.com\\\/en\\\/?s={search_term_string}\"},\"query-input\":{\"@type\":\"PropertyValueSpecification\",\"valueRequired\":true,\"valueName\":\"search_term_string\"}}],\"inLanguage\":\"en-US\"},{\"@type\":\"Person\",\"@id\":\"https:\\\/\\\/www.fcbarcelonanoticias.com\\\/en\\\/#\\\/schema\\\/person\\\/6dabf936eaa66def2cadb54f0dd32ac1\",\"name\":\"Mar\u00eda Alejandra Camacho\",\"image\":{\"@type\":\"ImageObject\",\"inLanguage\":\"en-US\",\"@id\":\"https:\\\/\\\/secure.gravatar.com\\\/avatar\\\/?s=96&d=mm&r=g\",\"url\":\"https:\\\/\\\/secure.gravatar.com\\\/avatar\\\/?s=96&d=mm&r=g\",\"contentUrl\":\"https:\\\/\\\/secure.gravatar.com\\\/avatar\\\/?s=96&d=mm&r=g\",\"caption\":\"Mar\u00eda Alejandra Camacho\"},\"url\":\"https:\\\/\\\/www.fcbarcelonanoticias.com\\\/en\\\/maria-alejandra-camacho_22_115.html\"}]}<\/script>\n<!-- \/ Yoast SEO plugin. -->","yoast_head_json":{"title":"The PSG evaluates legal actions against the Real Madrid by the case of Mbapp\u00e9","description":"Paris Saint-Germain considers that the Real Madrid has established contacts no legal with Kylian Mbapp\u00e9. By this reason, plan to carry to the group merengue in front of the courts of the FIFA and like this try finish with this serial","robots":{"index":"index","follow":"follow","max-snippet":"max-snippet:-1","max-image-preview":"max-image-preview:large","max-video-preview":"max-video-preview:-1"},"canonical":"https:\/\/www.fcbarcelonanoticias.com\/en\/transfers\/the-psg-evaluates-legal-actions-against-the-real-madrid-by-the-case-of-mbappe_294668_102.html","og_locale":"en_US","og_type":"article","og_title":"The PSG evaluates legal actions against the Real Madrid by the case of Mbapp\u00e9","og_description":"Paris Saint-Germain considers that the Real Madrid has established contacts no legal with Kylian Mbapp\u00e9. By this reason, plan to carry to the group merengue in front of the courts of the FIFA and like this try finish with this serial","og_url":"https:\/\/www.fcbarcelonanoticias.com\/en\/transfers\/the-psg-evaluates-legal-actions-against-the-real-madrid-by-the-case-of-mbappe_294668_102.html","og_site_name":"EN - FC Barcelona Noticias","article_published_time":"2023-08-01T09:46:00+00:00","og_image":[{"width":1300,"height":732,"url":"https:\/\/www.fcbarcelonanoticias.com\/en\/wp-content\/uploads\/sites\/2\/2023\/08\/kilyan-mbappe-psg.jpeg","type":"image\/jpeg"}],"author":"Mar\u00eda Alejandra Camacho","twitter_card":"summary_large_image","twitter_misc":{"Written by":"Mar\u00eda Alejandra Camacho","Est. reading time":"2 minutes"},"schema":{"@context":"https:\/\/schema.org","@graph":[{"@type":"Article","@id":"https:\/\/www.fcbarcelonanoticias.com\/en\/transfers\/the-psg-evaluates-legal-actions-against-the-real-madrid-by-the-case-of-mbappe_294668_102.html#article","isPartOf":{"@id":"https:\/\/www.fcbarcelonanoticias.com\/en\/transfers\/the-psg-evaluates-legal-actions-against-the-real-madrid-by-the-case-of-mbappe_294668_102.html"},"author":{"name":"Mar\u00eda Alejandra Camacho","@id":"https:\/\/www.fcbarcelonanoticias.com\/en\/#\/schema\/person\/6dabf936eaa66def2cadb54f0dd32ac1"},"headline":"PSG assesses legal action against Real Madrid over Mbapp\u00e9 case","datePublished":"2023-08-01T09:46:00+00:00","mainEntityOfPage":{"@id":"https:\/\/www.fcbarcelonanoticias.com\/en\/transfers\/the-psg-evaluates-legal-actions-against-the-real-madrid-by-the-case-of-mbappe_294668_102.html"},"wordCount":505,"image":{"@id":"https:\/\/www.fcbarcelonanoticias.com\/en\/transfers\/the-psg-evaluates-legal-actions-against-the-real-madrid-by-the-case-of-mbappe_294668_102.html#primaryimage"},"thumbnailUrl":"https:\/\/www.fcbarcelonanoticias.com\/en\/wp-content\/uploads\/sites\/2\/2023\/08\/kilyan-mbappe-psg.jpeg","keywords":["Mbapp\u00e9","Paris Saint-Germain"],"articleSection":["Transfers","Transfers"],"inLanguage":"en-US"},{"@type":"WebPage","@id":"https:\/\/www.fcbarcelonanoticias.com\/en\/transfers\/the-psg-evaluates-legal-actions-against-the-real-madrid-by-the-case-of-mbappe_294668_102.html","url":"https:\/\/www.fcbarcelonanoticias.com\/en\/transfers\/the-psg-evaluates-legal-actions-against-the-real-madrid-by-the-case-of-mbappe_294668_102.html","name":"The PSG evaluates legal actions against the Real Madrid by the case of Mbapp\u00e9","isPartOf":{"@id":"https:\/\/www.fcbarcelonanoticias.com\/en\/#website"},"primaryImageOfPage":{"@id":"https:\/\/www.fcbarcelonanoticias.com\/en\/transfers\/the-psg-evaluates-legal-actions-against-the-real-madrid-by-the-case-of-mbappe_294668_102.html#primaryimage"},"image":{"@id":"https:\/\/www.fcbarcelonanoticias.com\/en\/transfers\/the-psg-evaluates-legal-actions-against-the-real-madrid-by-the-case-of-mbappe_294668_102.html#primaryimage"},"thumbnailUrl":"https:\/\/www.fcbarcelonanoticias.com\/en\/wp-content\/uploads\/sites\/2\/2023\/08\/kilyan-mbappe-psg.jpeg","datePublished":"2023-08-01T09:46:00+00:00","author":{"@id":"https:\/\/www.fcbarcelonanoticias.com\/en\/#\/schema\/person\/6dabf936eaa66def2cadb54f0dd32ac1"},"description":"Paris Saint-Germain considers that the Real Madrid has established contacts no legal with Kylian Mbapp\u00e9. By this reason, plan to carry to the group merengue in front of the courts of the FIFA and like this try finish with this serial","breadcrumb":{"@id":"https:\/\/www.fcbarcelonanoticias.com\/en\/transfers\/the-psg-evaluates-legal-actions-against-the-real-madrid-by-the-case-of-mbappe_294668_102.html#breadcrumb"},"inLanguage":"en-US","potentialAction":[{"@type":"ReadAction","target":["https:\/\/www.fcbarcelonanoticias.com\/en\/transfers\/the-psg-evaluates-legal-actions-against-the-real-madrid-by-the-case-of-mbappe_294668_102.html"]}]},{"@type":"ImageObject","inLanguage":"en-US","@id":"https:\/\/www.fcbarcelonanoticias.com\/en\/transfers\/the-psg-evaluates-legal-actions-against-the-real-madrid-by-the-case-of-mbappe_294668_102.html#primaryimage","url":"https:\/\/www.fcbarcelonanoticias.com\/en\/wp-content\/uploads\/sites\/2\/2023\/08\/kilyan-mbappe-psg.jpeg","contentUrl":"https:\/\/www.fcbarcelonanoticias.com\/en\/wp-content\/uploads\/sites\/2\/2023\/08\/kilyan-mbappe-psg.jpeg","width":1300,"height":732},{"@type":"BreadcrumbList","@id":"https:\/\/www.fcbarcelonanoticias.com\/en\/transfers\/the-psg-evaluates-legal-actions-against-the-real-madrid-by-the-case-of-mbappe_294668_102.html#breadcrumb","itemListElement":[{"@type":"ListItem","position":1,"name":"Portada","item":"https:\/\/www.fcbarcelonanoticias.com\/en\/"},{"@type":"ListItem","position":2,"name":"PSG assesses legal action against Real Madrid over Mbapp\u00e9 case"}]},{"@type":"WebSite","@id":"https:\/\/www.fcbarcelonanoticias.com\/en\/#website","url":"https:\/\/www.fcbarcelonanoticias.com\/en\/","name":"EN - FC Barcelona Noticias","description":"","potentialAction":[{"@type":"SearchAction","target":{"@type":"EntryPoint","urlTemplate":"https:\/\/www.fcbarcelonanoticias.com\/en\/?s={search_term_string}"},"query-input":{"@type":"PropertyValueSpecification","valueRequired":true,"valueName":"search_term_string"}}],"inLanguage":"en-US"},{"@type":"Person","@id":"https:\/\/www.fcbarcelonanoticias.com\/en\/#\/schema\/person\/6dabf936eaa66def2cadb54f0dd32ac1","name":"Mar\u00eda Alejandra Camacho","image":{"@type":"ImageObject","inLanguage":"en-US","@id":"https:\/\/secure.gravatar.com\/avatar\/?s=96&d=mm&r=g","url":"https:\/\/secure.gravatar.com\/avatar\/?s=96&d=mm&r=g","contentUrl":"https:\/\/secure.gravatar.com\/avatar\/?s=96&d=mm&r=g","caption":"Mar\u00eda Alejandra Camacho"},"url":"https:\/\/www.fcbarcelonanoticias.com\/en\/maria-alejandra-camacho_22_115.html"}]}},"_links":{"self":[{"href":"https:\/\/www.fcbarcelonanoticias.com\/en\/wp-json\/wp\/v2\/posts\/140978","targetHints":{"allow":["GET"]}}],"collection":[{"href":"https:\/\/www.fcbarcelonanoticias.com\/en\/wp-json\/wp\/v2\/posts"}],"about":[{"href":"https:\/\/www.fcbarcelonanoticias.com\/en\/wp-json\/wp\/v2\/types\/post"}],"author":[{"embeddable":true,"href":"https:\/\/www.fcbarcelonanoticias.com\/en\/wp-json\/wp\/v2\/users\/349"}],"replies":[{"embeddable":true,"href":"https:\/\/www.fcbarcelonanoticias.com\/en\/wp-json\/wp\/v2\/comments?post=140978"}],"version-history":[{"count":1,"href":"https:\/\/www.fcbarcelonanoticias.com\/en\/wp-json\/wp\/v2\/posts\/140978\/revisions"}],"predecessor-version":[{"id":154221,"href":"https:\/\/www.fcbarcelonanoticias.com\/en\/wp-json\/wp\/v2\/posts\/140978\/revisions\/154221"}],"wp:featuredmedia":[{"embeddable":true,"href":"https:\/\/www.fcbarcelonanoticias.com\/en\/wp-json\/wp\/v2\/media\/140979"}],"wp:attachment":[{"href":"https:\/\/www.fcbarcelonanoticias.com\/en\/wp-json\/wp\/v2\/media?parent=140978"}],"wp:term":[{"taxonomy":"category","embeddable":true,"href":"https:\/\/www.fcbarcelonanoticias.com\/en\/wp-json\/wp\/v2\/categories?post=140978"},{"taxonomy":"post_tag","embeddable":true,"href":"https:\/\/www.fcbarcelonanoticias.com\/en\/wp-json\/wp\/v2\/tags?post=140978"}],"curies":[{"name":"wp","href":"https:\/\/api.w.org\/{rel}","templated":true}]}}