{"id":141028,"date":"2022-05-21T17:50:00","date_gmt":"2022-05-21T15:50:00","guid":{"rendered":"https:\/\/weisetech.dev\/fc-barcelona-noticias\/en\/the-psg-will-look-for-the-signing-of-dembele-for-please-to-mbappe_280509_102\/"},"modified":"2026-04-16T09:16:36","modified_gmt":"2026-04-16T07:16:36","slug":"the-psg-will-look-for-the-signing-of-dembele-for-please-to-mbappe_280509_102","status":"publish","type":"post","link":"https:\/\/www.fcbarcelonanoticias.com\/en\/transfers\/the-psg-will-look-for-the-signing-of-dembele-for-please-to-mbappe_280509_102.html","title":{"rendered":"PSG will seek the signing of Demb\u00e9l\u00e9 to &#8216;please&#8217; Mbapp\u00e9"},"content":{"rendered":"<h2 class=\"wp-block-heading\">Kylian Mbapp\u00e9 will stay at Paris Saint-Germain and, among all the &#8216;reasons&#8217; that they have given him, is the possible signing of Ousmane Demb\u00e9l\u00e9 for next season, with the departure of Neymar Jr on the table<\/h2>  \r\n<div class=\"article-addons\">\r\n    <a href=\"https:\/\/www.fcbarcelonanoticias.com\/en\/calendar-fc-barcelona.html\"\r\n       target=\"_self\"\r\n       title=\"Calendar of FC Barcelona\"\r\n       class=\"blue-gredient-btn\">\r\n       \r\n        Calendar of FC Barcelona    <\/a>\r\n<\/div>   <p><strong>To fault of official confirmation, Kylian <a data-external=\"0\" data-intl-links-en=\"https:\/\/www.fcbarcelonanoticias.com\/en\/transfers\/mbappe-will-renew-with-the-psg-already-it-communicated-it-to-him-to-florentino-perez_280506_102.html\" data-intl-links-es=\"https:\/\/www.fcbarcelonanoticias.com\/fichajes\/mbappe-renovara-con-psg-ya-se-comunico-florentino-perez_280506_102.html\" href=\"https:\/\/www.fcbarcelonanoticias.com\/en\/transfers\/mbappe-will-renew-with-the-psg-already-it-communicated-it-to-him-to-florentino-perez_280506_102.html\" rel=\"follow\" target=\"_self\" title=\"Mbapp\u00e9 renovar\u00e1 con el PSG: Ya se lo comunic\u00f3 a Florentino P\u00e9rez\">Mbapp\u00e9 will be still in the Paris Saint-Germain<\/a> by three years more<\/strong>. The club of the capital of France has achieved to convince to the player of 23 years with a never before seen project, in which &#8216;Donatello&#8217; will have power to take sportive decisions inside the team, in addition to an agreement in which will turn into the better player paid of the world.<\/p>  <p>Mbapp\u00e9 Will decide, with the new sportive direction of the club, the new signings and possible exits in this summer. As diverse informations, <strong>will take key decisions from the next weeks that will be, in any case, controversial<\/strong>. According to the information of the journalist Sergio Santos, are three the main promises that has done him the PSG to the footballer of Bondy, one that would be a &#8216;stick&#8217; for the FC Barcelona.<\/p>  <p>The name of Ousmane Demb\u00e9l\u00e9 goes back to be on the table. Of agreement to the information, <strong>the PSG has promised the signing of the French attacker, still in the Barcelona rows<\/strong>, while it look for him an exit to Neymar Jr. Likewise, the intention and wish of Mbapp\u00e9 is that Zinedine Zidane turn into the next trainer of the team from the season 2022-2023.<\/p>  <blockquote class=\"twitter-tweet\"> <p dir=\"ltr\" lang=\"es\">\ud83d\udea8There is a key factor in the decision of Mbappe: the PSG has promised him that Zidane goes to be the trainer the next season.<\/p> \u2014 Sergio Santos (@Saint_Relief) <a href=\"https:\/\/twitter.com\/en\/Santos_Relevo\/status\/1528028044711051264?ref_src=twsrc%5Etfw\">May 21, 2022<\/a> <\/blockquote> <blockquote class=\"twitter-tweet\"> <p dir=\"ltr\" lang=\"es\">More grantings of the PSG to Mbapp\u00e9 that have been fundamental so that it remain : they work from already in looking for him an exit to Neymar and in closing the incorporation of Dembel\u00e9.<\/p> \u2014 Sergio Santos (@Saint_Relief) <a href=\"https:\/\/twitter.com\/en\/Santos_Relevo\/status\/1528030360793190400?ref_src=twsrc%5Etfw\">May 21, 2022<\/a> <\/blockquote> <h3>The PSG already did an offer<\/h3>  <p>It does some weeks had desvelado that from France did him an offer to the player of 25 years, with which <strong>promise him 17 million annual euros (net) more a premium of signing for arriving like free agent. <\/strong>From the Park of the Princes have not obtained, for the moment, an answer by part of the international with France, but <strong>yes have left clear that are not in conditions to negotiate and <\/strong>that the figures that have presented him in the initial offer are the only that handle for his possible traspaso in the summer.<\/p>  <p>The case is that and<strong>l future of Ousmane Demb\u00e9l\u00e9 continues being an inc\u00f3gnita <\/strong>and the doubt will remain, probably, until it finish the season. The <a href=\"https:\/\/www.fcbarcelonanoticias.com\/futbol\/fc-barcelona.html\" title=\"FC Barcelona\">FC Barcelona<\/a> has transmitted to the player the wish that it continue in the Camp Nou and he would be prioritising this possibility, but the economic factor is what continues moving away to both parts.<\/p> ","protected":false},"excerpt":{"rendered":"<p>Kylian Mbapp\u00e9 will stay at Paris Saint-Germain and, among all the &#8216;reasons&#8217; that they have given him, is the possible signing of Ousmane Demb\u00e9l\u00e9 for next season, with the departure of Neymar Jr on the table To fault of official confirmation, Kylian Mbapp\u00e9 will be still in the Paris Saint-Germain by three years more. The [&hellip;]<\/p>\n","protected":false},"author":352,"featured_media":141042,"comment_status":"closed","ping_status":"open","sticky":false,"template":"","format":"standard","meta":{"_acf_changed":false,"inline_featured_image":false,"_nextfly_llmd_date_locked":false,"footnotes":""},"categories":[449,106],"tags":[146,171,88],"class_list":["post-141028","post","type-post","status-publish","format-standard","has-post-thumbnail","hentry","category-transfers-2","category-transfers","tag-dembele","tag-mbappe","tag-paris-saint-germain"],"acf":[],"yoast_head":"<!-- This site is optimized with the Yoast SEO plugin v27.3 - https:\/\/yoast.com\/product\/yoast-seo-wordpress\/ -->\n<title>The PSG will look for the signing of Demb\u00e9l\u00e9 for &#039;please&#039; to Mbapp\u00e9<\/title>\n<meta name=\"description\" content=\"Kylian Mbapp\u00e9 Will remain in the Paris Saint-Germain and, between all the &#039;reasons&#039; that have given him, is the possible signing of Ousmane Demb\u00e9l\u00e9 of face to the pr\u00f3x...\" \/>\n<meta name=\"robots\" content=\"index, follow, max-snippet:-1, max-image-preview:large, max-video-preview:-1\" \/>\n<link rel=\"canonical\" href=\"https:\/\/www.fcbarcelonanoticias.com\/en\/transfers\/the-psg-will-look-for-the-signing-of-dembele-for-please-to-mbappe_280509_102.html\" \/>\n<meta property=\"og:locale\" content=\"en_US\" \/>\n<meta property=\"og:type\" content=\"article\" \/>\n<meta property=\"og:title\" content=\"The PSG will look for the signing of Demb\u00e9l\u00e9 for &#039;please&#039; to Mbapp\u00e9\" \/>\n<meta property=\"og:description\" content=\"Kylian Mbapp\u00e9 Will remain in the Paris Saint-Germain and, between all the &#039;reasons&#039; that have given him, is the possible signing of Ousmane Demb\u00e9l\u00e9 of face to the pr\u00f3x...\" \/>\n<meta property=\"og:url\" content=\"https:\/\/www.fcbarcelonanoticias.com\/en\/transfers\/the-psg-will-look-for-the-signing-of-dembele-for-please-to-mbappe_280509_102.html\" \/>\n<meta property=\"og:site_name\" content=\"EN - FC Barcelona Noticias\" \/>\n<meta property=\"article:published_time\" content=\"2022-05-21T15:50:00+00:00\" \/>\n<meta property=\"article:modified_time\" content=\"2026-04-16T07:16:36+00:00\" \/>\n<meta property=\"og:image\" content=\"https:\/\/www.fcbarcelonanoticias.com\/en\/wp-content\/uploads\/sites\/2\/2022\/05\/kylian-mbappe-y-dembe-le-en-un-entrenamiento.jpeg\" \/>\n\t<meta property=\"og:image:width\" content=\"1200\" \/>\n\t<meta property=\"og:image:height\" content=\"675\" \/>\n\t<meta property=\"og:image:type\" content=\"image\/jpeg\" \/>\n<meta name=\"author\" content=\"Paola Guevara\" \/>\n<meta name=\"twitter:card\" content=\"summary_large_image\" \/>\n<meta name=\"twitter:label1\" content=\"Written by\" \/>\n\t<meta name=\"twitter:data1\" content=\"Paola Guevara\" \/>\n\t<meta name=\"twitter:label2\" content=\"Est. reading time\" \/>\n\t<meta name=\"twitter:data2\" content=\"2 minutes\" \/>\n<script type=\"application\/ld+json\" class=\"yoast-schema-graph\">{\"@context\":\"https:\\\/\\\/schema.org\",\"@graph\":[{\"@type\":\"Article\",\"@id\":\"https:\\\/\\\/www.fcbarcelonanoticias.com\\\/en\\\/transfers\\\/the-psg-will-look-for-the-signing-of-dembele-for-please-to-mbappe_280509_102.html#article\",\"isPartOf\":{\"@id\":\"https:\\\/\\\/www.fcbarcelonanoticias.com\\\/en\\\/transfers\\\/the-psg-will-look-for-the-signing-of-dembele-for-please-to-mbappe_280509_102.html\"},\"author\":{\"name\":\"Paola Guevara\",\"@id\":\"https:\\\/\\\/www.fcbarcelonanoticias.com\\\/en\\\/#\\\/schema\\\/person\\\/3b408513ee236e64c3043ec901f019ee\"},\"headline\":\"PSG will seek the signing of Demb\u00e9l\u00e9 to &#8216;please&#8217; Mbapp\u00e9\",\"datePublished\":\"2022-05-21T15:50:00+00:00\",\"dateModified\":\"2026-04-16T07:16:36+00:00\",\"mainEntityOfPage\":{\"@id\":\"https:\\\/\\\/www.fcbarcelonanoticias.com\\\/en\\\/transfers\\\/the-psg-will-look-for-the-signing-of-dembele-for-please-to-mbappe_280509_102.html\"},\"wordCount\":487,\"image\":{\"@id\":\"https:\\\/\\\/www.fcbarcelonanoticias.com\\\/en\\\/transfers\\\/the-psg-will-look-for-the-signing-of-dembele-for-please-to-mbappe_280509_102.html#primaryimage\"},\"thumbnailUrl\":\"https:\\\/\\\/www.fcbarcelonanoticias.com\\\/en\\\/wp-content\\\/uploads\\\/sites\\\/2\\\/2022\\\/05\\\/kylian-mbappe-y-dembe-le-en-un-entrenamiento.jpeg\",\"keywords\":[\"Demb\u00e9l\u00e9\",\"Mbapp\u00e9\",\"Paris Saint-Germain\"],\"articleSection\":[\"Transfers\",\"Transfers\"],\"inLanguage\":\"en-US\"},{\"@type\":\"WebPage\",\"@id\":\"https:\\\/\\\/www.fcbarcelonanoticias.com\\\/en\\\/transfers\\\/the-psg-will-look-for-the-signing-of-dembele-for-please-to-mbappe_280509_102.html\",\"url\":\"https:\\\/\\\/www.fcbarcelonanoticias.com\\\/en\\\/transfers\\\/the-psg-will-look-for-the-signing-of-dembele-for-please-to-mbappe_280509_102.html\",\"name\":\"The PSG will look for the signing of Demb\u00e9l\u00e9 for 'please' to Mbapp\u00e9\",\"isPartOf\":{\"@id\":\"https:\\\/\\\/www.fcbarcelonanoticias.com\\\/en\\\/#website\"},\"primaryImageOfPage\":{\"@id\":\"https:\\\/\\\/www.fcbarcelonanoticias.com\\\/en\\\/transfers\\\/the-psg-will-look-for-the-signing-of-dembele-for-please-to-mbappe_280509_102.html#primaryimage\"},\"image\":{\"@id\":\"https:\\\/\\\/www.fcbarcelonanoticias.com\\\/en\\\/transfers\\\/the-psg-will-look-for-the-signing-of-dembele-for-please-to-mbappe_280509_102.html#primaryimage\"},\"thumbnailUrl\":\"https:\\\/\\\/www.fcbarcelonanoticias.com\\\/en\\\/wp-content\\\/uploads\\\/sites\\\/2\\\/2022\\\/05\\\/kylian-mbappe-y-dembe-le-en-un-entrenamiento.jpeg\",\"datePublished\":\"2022-05-21T15:50:00+00:00\",\"dateModified\":\"2026-04-16T07:16:36+00:00\",\"author\":{\"@id\":\"https:\\\/\\\/www.fcbarcelonanoticias.com\\\/en\\\/#\\\/schema\\\/person\\\/3b408513ee236e64c3043ec901f019ee\"},\"description\":\"Kylian Mbapp\u00e9 Will remain in the Paris Saint-Germain and, between all the 'reasons' that have given him, is the possible signing of Ousmane Demb\u00e9l\u00e9 of face to the pr\u00f3x...\",\"breadcrumb\":{\"@id\":\"https:\\\/\\\/www.fcbarcelonanoticias.com\\\/en\\\/transfers\\\/the-psg-will-look-for-the-signing-of-dembele-for-please-to-mbappe_280509_102.html#breadcrumb\"},\"inLanguage\":\"en-US\",\"potentialAction\":[{\"@type\":\"ReadAction\",\"target\":[\"https:\\\/\\\/www.fcbarcelonanoticias.com\\\/en\\\/transfers\\\/the-psg-will-look-for-the-signing-of-dembele-for-please-to-mbappe_280509_102.html\"]}]},{\"@type\":\"ImageObject\",\"inLanguage\":\"en-US\",\"@id\":\"https:\\\/\\\/www.fcbarcelonanoticias.com\\\/en\\\/transfers\\\/the-psg-will-look-for-the-signing-of-dembele-for-please-to-mbappe_280509_102.html#primaryimage\",\"url\":\"https:\\\/\\\/www.fcbarcelonanoticias.com\\\/en\\\/wp-content\\\/uploads\\\/sites\\\/2\\\/2022\\\/05\\\/kylian-mbappe-y-dembe-le-en-un-entrenamiento.jpeg\",\"contentUrl\":\"https:\\\/\\\/www.fcbarcelonanoticias.com\\\/en\\\/wp-content\\\/uploads\\\/sites\\\/2\\\/2022\\\/05\\\/kylian-mbappe-y-dembe-le-en-un-entrenamiento.jpeg\",\"width\":1200,\"height\":675},{\"@type\":\"BreadcrumbList\",\"@id\":\"https:\\\/\\\/www.fcbarcelonanoticias.com\\\/en\\\/transfers\\\/the-psg-will-look-for-the-signing-of-dembele-for-please-to-mbappe_280509_102.html#breadcrumb\",\"itemListElement\":[{\"@type\":\"ListItem\",\"position\":1,\"name\":\"Portada\",\"item\":\"https:\\\/\\\/www.fcbarcelonanoticias.com\\\/en\\\/\"},{\"@type\":\"ListItem\",\"position\":2,\"name\":\"PSG will seek the signing of Demb\u00e9l\u00e9 to &#8216;please&#8217; Mbapp\u00e9\"}]},{\"@type\":\"WebSite\",\"@id\":\"https:\\\/\\\/www.fcbarcelonanoticias.com\\\/en\\\/#website\",\"url\":\"https:\\\/\\\/www.fcbarcelonanoticias.com\\\/en\\\/\",\"name\":\"EN - FC Barcelona Noticias\",\"description\":\"\",\"potentialAction\":[{\"@type\":\"SearchAction\",\"target\":{\"@type\":\"EntryPoint\",\"urlTemplate\":\"https:\\\/\\\/www.fcbarcelonanoticias.com\\\/en\\\/?s={search_term_string}\"},\"query-input\":{\"@type\":\"PropertyValueSpecification\",\"valueRequired\":true,\"valueName\":\"search_term_string\"}}],\"inLanguage\":\"en-US\"},{\"@type\":\"Person\",\"@id\":\"https:\\\/\\\/www.fcbarcelonanoticias.com\\\/en\\\/#\\\/schema\\\/person\\\/3b408513ee236e64c3043ec901f019ee\",\"name\":\"Paola Guevara\",\"image\":{\"@type\":\"ImageObject\",\"inLanguage\":\"en-US\",\"@id\":\"https:\\\/\\\/secure.gravatar.com\\\/avatar\\\/?s=96&d=mm&r=g\",\"url\":\"https:\\\/\\\/secure.gravatar.com\\\/avatar\\\/?s=96&d=mm&r=g\",\"contentUrl\":\"https:\\\/\\\/secure.gravatar.com\\\/avatar\\\/?s=96&d=mm&r=g\",\"caption\":\"Paola Guevara\"},\"url\":\"https:\\\/\\\/www.fcbarcelonanoticias.com\\\/en\\\/fc-barcelona\\\/paola-guevara_9_115.html\"}]}<\/script>\n<!-- \/ Yoast SEO plugin. -->","yoast_head_json":{"title":"The PSG will look for the signing of Demb\u00e9l\u00e9 for 'please' to Mbapp\u00e9","description":"Kylian Mbapp\u00e9 Will remain in the Paris Saint-Germain and, between all the 'reasons' that have given him, is the possible signing of Ousmane Demb\u00e9l\u00e9 of face to the pr\u00f3x...","robots":{"index":"index","follow":"follow","max-snippet":"max-snippet:-1","max-image-preview":"max-image-preview:large","max-video-preview":"max-video-preview:-1"},"canonical":"https:\/\/www.fcbarcelonanoticias.com\/en\/transfers\/the-psg-will-look-for-the-signing-of-dembele-for-please-to-mbappe_280509_102.html","og_locale":"en_US","og_type":"article","og_title":"The PSG will look for the signing of Demb\u00e9l\u00e9 for 'please' to Mbapp\u00e9","og_description":"Kylian Mbapp\u00e9 Will remain in the Paris Saint-Germain and, between all the 'reasons' that have given him, is the possible signing of Ousmane Demb\u00e9l\u00e9 of face to the pr\u00f3x...","og_url":"https:\/\/www.fcbarcelonanoticias.com\/en\/transfers\/the-psg-will-look-for-the-signing-of-dembele-for-please-to-mbappe_280509_102.html","og_site_name":"EN - FC Barcelona Noticias","article_published_time":"2022-05-21T15:50:00+00:00","article_modified_time":"2026-04-16T07:16:36+00:00","og_image":[{"width":1200,"height":675,"url":"https:\/\/www.fcbarcelonanoticias.com\/en\/wp-content\/uploads\/sites\/2\/2022\/05\/kylian-mbappe-y-dembe-le-en-un-entrenamiento.jpeg","type":"image\/jpeg"}],"author":"Paola Guevara","twitter_card":"summary_large_image","twitter_misc":{"Written by":"Paola Guevara","Est. reading time":"2 minutes"},"schema":{"@context":"https:\/\/schema.org","@graph":[{"@type":"Article","@id":"https:\/\/www.fcbarcelonanoticias.com\/en\/transfers\/the-psg-will-look-for-the-signing-of-dembele-for-please-to-mbappe_280509_102.html#article","isPartOf":{"@id":"https:\/\/www.fcbarcelonanoticias.com\/en\/transfers\/the-psg-will-look-for-the-signing-of-dembele-for-please-to-mbappe_280509_102.html"},"author":{"name":"Paola Guevara","@id":"https:\/\/www.fcbarcelonanoticias.com\/en\/#\/schema\/person\/3b408513ee236e64c3043ec901f019ee"},"headline":"PSG will seek the signing of Demb\u00e9l\u00e9 to &#8216;please&#8217; Mbapp\u00e9","datePublished":"2022-05-21T15:50:00+00:00","dateModified":"2026-04-16T07:16:36+00:00","mainEntityOfPage":{"@id":"https:\/\/www.fcbarcelonanoticias.com\/en\/transfers\/the-psg-will-look-for-the-signing-of-dembele-for-please-to-mbappe_280509_102.html"},"wordCount":487,"image":{"@id":"https:\/\/www.fcbarcelonanoticias.com\/en\/transfers\/the-psg-will-look-for-the-signing-of-dembele-for-please-to-mbappe_280509_102.html#primaryimage"},"thumbnailUrl":"https:\/\/www.fcbarcelonanoticias.com\/en\/wp-content\/uploads\/sites\/2\/2022\/05\/kylian-mbappe-y-dembe-le-en-un-entrenamiento.jpeg","keywords":["Demb\u00e9l\u00e9","Mbapp\u00e9","Paris Saint-Germain"],"articleSection":["Transfers","Transfers"],"inLanguage":"en-US"},{"@type":"WebPage","@id":"https:\/\/www.fcbarcelonanoticias.com\/en\/transfers\/the-psg-will-look-for-the-signing-of-dembele-for-please-to-mbappe_280509_102.html","url":"https:\/\/www.fcbarcelonanoticias.com\/en\/transfers\/the-psg-will-look-for-the-signing-of-dembele-for-please-to-mbappe_280509_102.html","name":"The PSG will look for the signing of Demb\u00e9l\u00e9 for 'please' to Mbapp\u00e9","isPartOf":{"@id":"https:\/\/www.fcbarcelonanoticias.com\/en\/#website"},"primaryImageOfPage":{"@id":"https:\/\/www.fcbarcelonanoticias.com\/en\/transfers\/the-psg-will-look-for-the-signing-of-dembele-for-please-to-mbappe_280509_102.html#primaryimage"},"image":{"@id":"https:\/\/www.fcbarcelonanoticias.com\/en\/transfers\/the-psg-will-look-for-the-signing-of-dembele-for-please-to-mbappe_280509_102.html#primaryimage"},"thumbnailUrl":"https:\/\/www.fcbarcelonanoticias.com\/en\/wp-content\/uploads\/sites\/2\/2022\/05\/kylian-mbappe-y-dembe-le-en-un-entrenamiento.jpeg","datePublished":"2022-05-21T15:50:00+00:00","dateModified":"2026-04-16T07:16:36+00:00","author":{"@id":"https:\/\/www.fcbarcelonanoticias.com\/en\/#\/schema\/person\/3b408513ee236e64c3043ec901f019ee"},"description":"Kylian Mbapp\u00e9 Will remain in the Paris Saint-Germain and, between all the 'reasons' that have given him, is the possible signing of Ousmane Demb\u00e9l\u00e9 of face to the pr\u00f3x...","breadcrumb":{"@id":"https:\/\/www.fcbarcelonanoticias.com\/en\/transfers\/the-psg-will-look-for-the-signing-of-dembele-for-please-to-mbappe_280509_102.html#breadcrumb"},"inLanguage":"en-US","potentialAction":[{"@type":"ReadAction","target":["https:\/\/www.fcbarcelonanoticias.com\/en\/transfers\/the-psg-will-look-for-the-signing-of-dembele-for-please-to-mbappe_280509_102.html"]}]},{"@type":"ImageObject","inLanguage":"en-US","@id":"https:\/\/www.fcbarcelonanoticias.com\/en\/transfers\/the-psg-will-look-for-the-signing-of-dembele-for-please-to-mbappe_280509_102.html#primaryimage","url":"https:\/\/www.fcbarcelonanoticias.com\/en\/wp-content\/uploads\/sites\/2\/2022\/05\/kylian-mbappe-y-dembe-le-en-un-entrenamiento.jpeg","contentUrl":"https:\/\/www.fcbarcelonanoticias.com\/en\/wp-content\/uploads\/sites\/2\/2022\/05\/kylian-mbappe-y-dembe-le-en-un-entrenamiento.jpeg","width":1200,"height":675},{"@type":"BreadcrumbList","@id":"https:\/\/www.fcbarcelonanoticias.com\/en\/transfers\/the-psg-will-look-for-the-signing-of-dembele-for-please-to-mbappe_280509_102.html#breadcrumb","itemListElement":[{"@type":"ListItem","position":1,"name":"Portada","item":"https:\/\/www.fcbarcelonanoticias.com\/en\/"},{"@type":"ListItem","position":2,"name":"PSG will seek the signing of Demb\u00e9l\u00e9 to &#8216;please&#8217; Mbapp\u00e9"}]},{"@type":"WebSite","@id":"https:\/\/www.fcbarcelonanoticias.com\/en\/#website","url":"https:\/\/www.fcbarcelonanoticias.com\/en\/","name":"EN - FC Barcelona Noticias","description":"","potentialAction":[{"@type":"SearchAction","target":{"@type":"EntryPoint","urlTemplate":"https:\/\/www.fcbarcelonanoticias.com\/en\/?s={search_term_string}"},"query-input":{"@type":"PropertyValueSpecification","valueRequired":true,"valueName":"search_term_string"}}],"inLanguage":"en-US"},{"@type":"Person","@id":"https:\/\/www.fcbarcelonanoticias.com\/en\/#\/schema\/person\/3b408513ee236e64c3043ec901f019ee","name":"Paola Guevara","image":{"@type":"ImageObject","inLanguage":"en-US","@id":"https:\/\/secure.gravatar.com\/avatar\/?s=96&d=mm&r=g","url":"https:\/\/secure.gravatar.com\/avatar\/?s=96&d=mm&r=g","contentUrl":"https:\/\/secure.gravatar.com\/avatar\/?s=96&d=mm&r=g","caption":"Paola Guevara"},"url":"https:\/\/www.fcbarcelonanoticias.com\/en\/fc-barcelona\/paola-guevara_9_115.html"}]}},"_links":{"self":[{"href":"https:\/\/www.fcbarcelonanoticias.com\/en\/wp-json\/wp\/v2\/posts\/141028","targetHints":{"allow":["GET"]}}],"collection":[{"href":"https:\/\/www.fcbarcelonanoticias.com\/en\/wp-json\/wp\/v2\/posts"}],"about":[{"href":"https:\/\/www.fcbarcelonanoticias.com\/en\/wp-json\/wp\/v2\/types\/post"}],"author":[{"embeddable":true,"href":"https:\/\/www.fcbarcelonanoticias.com\/en\/wp-json\/wp\/v2\/users\/352"}],"replies":[{"embeddable":true,"href":"https:\/\/www.fcbarcelonanoticias.com\/en\/wp-json\/wp\/v2\/comments?post=141028"}],"version-history":[{"count":2,"href":"https:\/\/www.fcbarcelonanoticias.com\/en\/wp-json\/wp\/v2\/posts\/141028\/revisions"}],"predecessor-version":[{"id":170803,"href":"https:\/\/www.fcbarcelonanoticias.com\/en\/wp-json\/wp\/v2\/posts\/141028\/revisions\/170803"}],"wp:featuredmedia":[{"embeddable":true,"href":"https:\/\/www.fcbarcelonanoticias.com\/en\/wp-json\/wp\/v2\/media\/141042"}],"wp:attachment":[{"href":"https:\/\/www.fcbarcelonanoticias.com\/en\/wp-json\/wp\/v2\/media?parent=141028"}],"wp:term":[{"taxonomy":"category","embeddable":true,"href":"https:\/\/www.fcbarcelonanoticias.com\/en\/wp-json\/wp\/v2\/categories?post=141028"},{"taxonomy":"post_tag","embeddable":true,"href":"https:\/\/www.fcbarcelonanoticias.com\/en\/wp-json\/wp\/v2\/tags?post=141028"}],"curies":[{"name":"wp","href":"https:\/\/api.w.org\/{rel}","templated":true}]}}