{"id":141224,"date":"2023-07-19T15:06:00","date_gmt":"2023-07-19T13:06:00","guid":{"rendered":"https:\/\/weisetech.dev\/fc-barcelona-noticias\/en\/the-psg-will-take-extreme-measures-for-presionar-to-mbappe-in-his-decision_294251_102\/"},"modified":"2023-07-19T15:06:00","modified_gmt":"2023-07-19T13:06:00","slug":"the-psg-will-take-extreme-measures-for-presionar-to-mbappe-in-his-decision_294251_102","status":"publish","type":"post","link":"https:\/\/www.fcbarcelonanoticias.com\/en\/transfers\/the-psg-will-take-extreme-measures-for-presionar-to-mbappe-in-his-decision_294251_102.html","title":{"rendered":"PSG will take extreme measures to pressure Mbapp\u00e9 on his decision"},"content":{"rendered":"<h2 class=\"wp-block-heading\">Kylian Mbapp\u00e9 returned to training with PSG on Tuesday under the gaze of the world press. Al-Khelaifi took the opportunity to issue an ultimatum to the Parisian to make a decision regarding his future.<\/h2>  \r\n<div class=\"article-addons\">\r\n    <a href=\"https:\/\/www.fcbarcelonanoticias.com\/en\/calendar-fc-barcelona.html\"\r\n       target=\"_self\"\r\n       title=\"Calendar of FC Barcelona\"\r\n       class=\"blue-gredient-btn\">\r\n       \r\n        Calendar of FC Barcelona    <\/a>\r\n<\/div>   <p>The past Tuesday initiated formally the pre-season of the PSG. With the visit of his president, Nasser To the-Khelaifi, to the staff of Luis Enrique in the centre of training recently premi\u00e8red in Poissy.<a data-external=\"0\" data-intl-links-en=\"https:\/\/www.fcbarcelonanoticias.com\/en\/international-football\/ultimatum-al-khelaifi-squad-psg-with-dart-included-mbappe_294239_102.html\" data-intl-links-es=\"https:\/\/www.fcbarcelonanoticias.com\/futbol-internacional\/ultimatum-al-khelaifi-plantilla-psg-con-dardo-incluido-mbappe_294239_102.html\" href=\"https:\/\/www.fcbarcelonanoticias.com\/en\/international-football\/ultimatum-al-khelaifi-squad-psg-with-dart-included-mbappe_294239_102.html\" rel=\"follow\" target=\"_self\" title=\"El ultim\u00e1tum de Al-Khela\u00effi a la plantilla del PSG, con 'dardo' incluido a Mbapp\u00e9\"> And yes, Kylian Mbapp\u00e9 was present beside the rest of his mates, but with his behaviour said all what it was necessary to say. <\/a>They are being decisive hours to decide the future of the French forward.<\/p>  <p><strong>The expected reunion between the leader catar\u00ed and Kylian finally gave , but really there was not a face to face between both.<\/strong> They did not cross word some and even were quite distanciados, something that called the attention to all the presents in the training. Of course, They are giving meetings between both of private way to resolve the situation of the attacker of the most optimum way for both parts.<\/p>  <p>During the training, the responsible maximum of the PSG had some words for the staff during some minutes. It took advantage of this opportunity to say some words: &#8220;<a data-external=\"0\" data-intl-links-en=\"https:\/\/www.fcbarcelonanoticias.com\/en\/international-football\/date-could-end-soap-opera-kylian-mbappe-in-psg_294170_102.html\" data-intl-links-es=\"https:\/\/www.fcbarcelonanoticias.com\/futbol-internacional\/fecha-en-podria-acabar-culebron-kylian-mbappe-en-psg_294170_102.html\" href=\"https:\/\/www.fcbarcelonanoticias.com\/en\/international-football\/date-could-end-soap-opera-kylian-mbappe-in-psg_294170_102.html\" rel=\"follow\" target=\"_self\" title=\"La fecha en la que podr\u00eda acabar el 'culebr\u00f3n' de Kylian Mbapp\u00e9 en el PSG\">Anybody is above the institution, neither I, and the one who do not want to play by the shield or do not respect it would not have to be here&#8221;<\/a>. A clear message for Mbapp\u00e9 to follow putting him pressure.<\/p>  <h2>31 July, deadline for Kylian Mbapp\u00e9 of face to his future<\/h2>  <p>The serial of the summer continues on its course acutely. The forward, that does not yield a millimetre in his pulse with the c\u00fapula of the PSG, <strong>follows without renewing neither will do it, but neither wants to go this year not to lose his corresponding premiums of fidelity<\/strong>. The past 3 July, the club, by means of a letter, posed him an ultimatum to Mbapp\u00e9 so that it took a decision or, of the contrary, would take drastic measures like leaving it in the bench of acting.<\/p>  <p>The PSG demanded to Mbapp\u00e9, in the misiva, seat to negotiate to find an agreement, was cual was, before 31 July, but the time runs more in his against that in the one of the international French. Even so, the Parisians do not move of this deadline by legal reasons, economic and sportive, and expect to resolve everything in his terms and terms. <strong>Or sale, or renewal, but never an exit free.<\/strong><\/p> ","protected":false},"excerpt":{"rendered":"<p>Kylian Mbapp\u00e9 returned to training with PSG on Tuesday under the gaze of the world press. Al-Khelaifi took the opportunity to issue an ultimatum to the Parisian to make a decision regarding his future. The past Tuesday initiated formally the pre-season of the PSG. With the visit of his president, Nasser To the-Khelaifi, to the [&hellip;]<\/p>\n","protected":false},"author":349,"featured_media":141242,"comment_status":"closed","ping_status":"open","sticky":false,"template":"","format":"standard","meta":{"_acf_changed":false,"inline_featured_image":false,"_nextfly_llmd_date_locked":false,"footnotes":""},"categories":[106,449],"tags":[177,171,88],"class_list":["post-141224","post","type-post","status-publish","format-standard","has-post-thumbnail","hentry","category-transfers","category-transfers-2","tag-florentino-perez","tag-mbappe","tag-paris-saint-germain"],"acf":[],"yoast_head":"<!-- This site is optimized with the Yoast SEO plugin v27.3 - https:\/\/yoast.com\/product\/yoast-seo-wordpress\/ -->\n<title>The PSG will take extreme measures for presionar to Mbapp\u00e9 in his decision<\/title>\n<meta name=\"description\" content=\"31 OF JULIO DATES LIMIT FOR MBAPPE\" \/>\n<meta name=\"robots\" content=\"index, follow, max-snippet:-1, max-image-preview:large, max-video-preview:-1\" \/>\n<link rel=\"canonical\" href=\"https:\/\/www.fcbarcelonanoticias.com\/en\/transfers\/the-psg-will-take-extreme-measures-for-presionar-to-mbappe-in-his-decision_294251_102.html\" \/>\n<meta property=\"og:locale\" content=\"en_US\" \/>\n<meta property=\"og:type\" content=\"article\" \/>\n<meta property=\"og:title\" content=\"The PSG will take extreme measures for presionar to Mbapp\u00e9 in his decision\" \/>\n<meta property=\"og:description\" content=\"31 OF JULIO DATES LIMIT FOR MBAPPE\" \/>\n<meta property=\"og:url\" content=\"https:\/\/www.fcbarcelonanoticias.com\/en\/transfers\/the-psg-will-take-extreme-measures-for-presionar-to-mbappe-in-his-decision_294251_102.html\" \/>\n<meta property=\"og:site_name\" content=\"EN - FC Barcelona Noticias\" \/>\n<meta property=\"article:published_time\" content=\"2023-07-19T13:06:00+00:00\" \/>\n<meta property=\"og:image\" content=\"https:\/\/www.fcbarcelonanoticias.com\/en\/wp-content\/uploads\/sites\/2\/2023\/07\/kilyan-mbappe-psg-1.jpeg\" \/>\n\t<meta property=\"og:image:width\" content=\"1300\" \/>\n\t<meta property=\"og:image:height\" content=\"732\" \/>\n\t<meta property=\"og:image:type\" content=\"image\/jpeg\" \/>\n<meta name=\"author\" content=\"Mar\u00eda Alejandra Camacho\" \/>\n<meta name=\"twitter:card\" content=\"summary_large_image\" \/>\n<meta name=\"twitter:label1\" content=\"Written by\" \/>\n\t<meta name=\"twitter:data1\" content=\"Mar\u00eda Alejandra Camacho\" \/>\n\t<meta name=\"twitter:label2\" content=\"Est. reading time\" \/>\n\t<meta name=\"twitter:data2\" content=\"2 minutes\" \/>\n<script type=\"application\/ld+json\" class=\"yoast-schema-graph\">{\"@context\":\"https:\\\/\\\/schema.org\",\"@graph\":[{\"@type\":\"Article\",\"@id\":\"https:\\\/\\\/www.fcbarcelonanoticias.com\\\/en\\\/transfers\\\/the-psg-will-take-extreme-measures-for-presionar-to-mbappe-in-his-decision_294251_102.html#article\",\"isPartOf\":{\"@id\":\"https:\\\/\\\/www.fcbarcelonanoticias.com\\\/en\\\/transfers\\\/the-psg-will-take-extreme-measures-for-presionar-to-mbappe-in-his-decision_294251_102.html\"},\"author\":{\"name\":\"Mar\u00eda Alejandra Camacho\",\"@id\":\"https:\\\/\\\/www.fcbarcelonanoticias.com\\\/en\\\/#\\\/schema\\\/person\\\/6dabf936eaa66def2cadb54f0dd32ac1\"},\"headline\":\"PSG will take extreme measures to pressure Mbapp\u00e9 on his decision\",\"datePublished\":\"2023-07-19T13:06:00+00:00\",\"mainEntityOfPage\":{\"@id\":\"https:\\\/\\\/www.fcbarcelonanoticias.com\\\/en\\\/transfers\\\/the-psg-will-take-extreme-measures-for-presionar-to-mbappe-in-his-decision_294251_102.html\"},\"wordCount\":425,\"image\":{\"@id\":\"https:\\\/\\\/www.fcbarcelonanoticias.com\\\/en\\\/transfers\\\/the-psg-will-take-extreme-measures-for-presionar-to-mbappe-in-his-decision_294251_102.html#primaryimage\"},\"thumbnailUrl\":\"https:\\\/\\\/www.fcbarcelonanoticias.com\\\/en\\\/wp-content\\\/uploads\\\/sites\\\/2\\\/2023\\\/07\\\/kilyan-mbappe-psg-1.jpeg\",\"keywords\":[\"Florentino P\u00e9rez\",\"Mbapp\u00e9\",\"Paris Saint-Germain\"],\"articleSection\":[\"Transfers\",\"Transfers\"],\"inLanguage\":\"en-US\"},{\"@type\":\"WebPage\",\"@id\":\"https:\\\/\\\/www.fcbarcelonanoticias.com\\\/en\\\/transfers\\\/the-psg-will-take-extreme-measures-for-presionar-to-mbappe-in-his-decision_294251_102.html\",\"url\":\"https:\\\/\\\/www.fcbarcelonanoticias.com\\\/en\\\/transfers\\\/the-psg-will-take-extreme-measures-for-presionar-to-mbappe-in-his-decision_294251_102.html\",\"name\":\"The PSG will take extreme measures for presionar to Mbapp\u00e9 in his decision\",\"isPartOf\":{\"@id\":\"https:\\\/\\\/www.fcbarcelonanoticias.com\\\/en\\\/#website\"},\"primaryImageOfPage\":{\"@id\":\"https:\\\/\\\/www.fcbarcelonanoticias.com\\\/en\\\/transfers\\\/the-psg-will-take-extreme-measures-for-presionar-to-mbappe-in-his-decision_294251_102.html#primaryimage\"},\"image\":{\"@id\":\"https:\\\/\\\/www.fcbarcelonanoticias.com\\\/en\\\/transfers\\\/the-psg-will-take-extreme-measures-for-presionar-to-mbappe-in-his-decision_294251_102.html#primaryimage\"},\"thumbnailUrl\":\"https:\\\/\\\/www.fcbarcelonanoticias.com\\\/en\\\/wp-content\\\/uploads\\\/sites\\\/2\\\/2023\\\/07\\\/kilyan-mbappe-psg-1.jpeg\",\"datePublished\":\"2023-07-19T13:06:00+00:00\",\"author\":{\"@id\":\"https:\\\/\\\/www.fcbarcelonanoticias.com\\\/en\\\/#\\\/schema\\\/person\\\/6dabf936eaa66def2cadb54f0dd32ac1\"},\"description\":\"31 OF JULIO DATES LIMIT FOR MBAPPE\",\"breadcrumb\":{\"@id\":\"https:\\\/\\\/www.fcbarcelonanoticias.com\\\/en\\\/transfers\\\/the-psg-will-take-extreme-measures-for-presionar-to-mbappe-in-his-decision_294251_102.html#breadcrumb\"},\"inLanguage\":\"en-US\",\"potentialAction\":[{\"@type\":\"ReadAction\",\"target\":[\"https:\\\/\\\/www.fcbarcelonanoticias.com\\\/en\\\/transfers\\\/the-psg-will-take-extreme-measures-for-presionar-to-mbappe-in-his-decision_294251_102.html\"]}]},{\"@type\":\"ImageObject\",\"inLanguage\":\"en-US\",\"@id\":\"https:\\\/\\\/www.fcbarcelonanoticias.com\\\/en\\\/transfers\\\/the-psg-will-take-extreme-measures-for-presionar-to-mbappe-in-his-decision_294251_102.html#primaryimage\",\"url\":\"https:\\\/\\\/www.fcbarcelonanoticias.com\\\/en\\\/wp-content\\\/uploads\\\/sites\\\/2\\\/2023\\\/07\\\/kilyan-mbappe-psg-1.jpeg\",\"contentUrl\":\"https:\\\/\\\/www.fcbarcelonanoticias.com\\\/en\\\/wp-content\\\/uploads\\\/sites\\\/2\\\/2023\\\/07\\\/kilyan-mbappe-psg-1.jpeg\",\"width\":1300,\"height\":732},{\"@type\":\"BreadcrumbList\",\"@id\":\"https:\\\/\\\/www.fcbarcelonanoticias.com\\\/en\\\/transfers\\\/the-psg-will-take-extreme-measures-for-presionar-to-mbappe-in-his-decision_294251_102.html#breadcrumb\",\"itemListElement\":[{\"@type\":\"ListItem\",\"position\":1,\"name\":\"Portada\",\"item\":\"https:\\\/\\\/www.fcbarcelonanoticias.com\\\/en\\\/\"},{\"@type\":\"ListItem\",\"position\":2,\"name\":\"PSG will take extreme measures to pressure Mbapp\u00e9 on his decision\"}]},{\"@type\":\"WebSite\",\"@id\":\"https:\\\/\\\/www.fcbarcelonanoticias.com\\\/en\\\/#website\",\"url\":\"https:\\\/\\\/www.fcbarcelonanoticias.com\\\/en\\\/\",\"name\":\"EN - FC Barcelona Noticias\",\"description\":\"\",\"potentialAction\":[{\"@type\":\"SearchAction\",\"target\":{\"@type\":\"EntryPoint\",\"urlTemplate\":\"https:\\\/\\\/www.fcbarcelonanoticias.com\\\/en\\\/?s={search_term_string}\"},\"query-input\":{\"@type\":\"PropertyValueSpecification\",\"valueRequired\":true,\"valueName\":\"search_term_string\"}}],\"inLanguage\":\"en-US\"},{\"@type\":\"Person\",\"@id\":\"https:\\\/\\\/www.fcbarcelonanoticias.com\\\/en\\\/#\\\/schema\\\/person\\\/6dabf936eaa66def2cadb54f0dd32ac1\",\"name\":\"Mar\u00eda Alejandra Camacho\",\"image\":{\"@type\":\"ImageObject\",\"inLanguage\":\"en-US\",\"@id\":\"https:\\\/\\\/secure.gravatar.com\\\/avatar\\\/?s=96&d=mm&r=g\",\"url\":\"https:\\\/\\\/secure.gravatar.com\\\/avatar\\\/?s=96&d=mm&r=g\",\"contentUrl\":\"https:\\\/\\\/secure.gravatar.com\\\/avatar\\\/?s=96&d=mm&r=g\",\"caption\":\"Mar\u00eda Alejandra Camacho\"},\"url\":\"https:\\\/\\\/www.fcbarcelonanoticias.com\\\/en\\\/maria-alejandra-camacho_22_115.html\"}]}<\/script>\n<!-- \/ Yoast SEO plugin. -->","yoast_head_json":{"title":"The PSG will take extreme measures for presionar to Mbapp\u00e9 in his decision","description":"31 OF JULIO DATES LIMIT FOR MBAPPE","robots":{"index":"index","follow":"follow","max-snippet":"max-snippet:-1","max-image-preview":"max-image-preview:large","max-video-preview":"max-video-preview:-1"},"canonical":"https:\/\/www.fcbarcelonanoticias.com\/en\/transfers\/the-psg-will-take-extreme-measures-for-presionar-to-mbappe-in-his-decision_294251_102.html","og_locale":"en_US","og_type":"article","og_title":"The PSG will take extreme measures for presionar to Mbapp\u00e9 in his decision","og_description":"31 OF JULIO DATES LIMIT FOR MBAPPE","og_url":"https:\/\/www.fcbarcelonanoticias.com\/en\/transfers\/the-psg-will-take-extreme-measures-for-presionar-to-mbappe-in-his-decision_294251_102.html","og_site_name":"EN - FC Barcelona Noticias","article_published_time":"2023-07-19T13:06:00+00:00","og_image":[{"width":1300,"height":732,"url":"https:\/\/www.fcbarcelonanoticias.com\/en\/wp-content\/uploads\/sites\/2\/2023\/07\/kilyan-mbappe-psg-1.jpeg","type":"image\/jpeg"}],"author":"Mar\u00eda Alejandra Camacho","twitter_card":"summary_large_image","twitter_misc":{"Written by":"Mar\u00eda Alejandra Camacho","Est. reading time":"2 minutes"},"schema":{"@context":"https:\/\/schema.org","@graph":[{"@type":"Article","@id":"https:\/\/www.fcbarcelonanoticias.com\/en\/transfers\/the-psg-will-take-extreme-measures-for-presionar-to-mbappe-in-his-decision_294251_102.html#article","isPartOf":{"@id":"https:\/\/www.fcbarcelonanoticias.com\/en\/transfers\/the-psg-will-take-extreme-measures-for-presionar-to-mbappe-in-his-decision_294251_102.html"},"author":{"name":"Mar\u00eda Alejandra Camacho","@id":"https:\/\/www.fcbarcelonanoticias.com\/en\/#\/schema\/person\/6dabf936eaa66def2cadb54f0dd32ac1"},"headline":"PSG will take extreme measures to pressure Mbapp\u00e9 on his decision","datePublished":"2023-07-19T13:06:00+00:00","mainEntityOfPage":{"@id":"https:\/\/www.fcbarcelonanoticias.com\/en\/transfers\/the-psg-will-take-extreme-measures-for-presionar-to-mbappe-in-his-decision_294251_102.html"},"wordCount":425,"image":{"@id":"https:\/\/www.fcbarcelonanoticias.com\/en\/transfers\/the-psg-will-take-extreme-measures-for-presionar-to-mbappe-in-his-decision_294251_102.html#primaryimage"},"thumbnailUrl":"https:\/\/www.fcbarcelonanoticias.com\/en\/wp-content\/uploads\/sites\/2\/2023\/07\/kilyan-mbappe-psg-1.jpeg","keywords":["Florentino P\u00e9rez","Mbapp\u00e9","Paris Saint-Germain"],"articleSection":["Transfers","Transfers"],"inLanguage":"en-US"},{"@type":"WebPage","@id":"https:\/\/www.fcbarcelonanoticias.com\/en\/transfers\/the-psg-will-take-extreme-measures-for-presionar-to-mbappe-in-his-decision_294251_102.html","url":"https:\/\/www.fcbarcelonanoticias.com\/en\/transfers\/the-psg-will-take-extreme-measures-for-presionar-to-mbappe-in-his-decision_294251_102.html","name":"The PSG will take extreme measures for presionar to Mbapp\u00e9 in his decision","isPartOf":{"@id":"https:\/\/www.fcbarcelonanoticias.com\/en\/#website"},"primaryImageOfPage":{"@id":"https:\/\/www.fcbarcelonanoticias.com\/en\/transfers\/the-psg-will-take-extreme-measures-for-presionar-to-mbappe-in-his-decision_294251_102.html#primaryimage"},"image":{"@id":"https:\/\/www.fcbarcelonanoticias.com\/en\/transfers\/the-psg-will-take-extreme-measures-for-presionar-to-mbappe-in-his-decision_294251_102.html#primaryimage"},"thumbnailUrl":"https:\/\/www.fcbarcelonanoticias.com\/en\/wp-content\/uploads\/sites\/2\/2023\/07\/kilyan-mbappe-psg-1.jpeg","datePublished":"2023-07-19T13:06:00+00:00","author":{"@id":"https:\/\/www.fcbarcelonanoticias.com\/en\/#\/schema\/person\/6dabf936eaa66def2cadb54f0dd32ac1"},"description":"31 OF JULIO DATES LIMIT FOR MBAPPE","breadcrumb":{"@id":"https:\/\/www.fcbarcelonanoticias.com\/en\/transfers\/the-psg-will-take-extreme-measures-for-presionar-to-mbappe-in-his-decision_294251_102.html#breadcrumb"},"inLanguage":"en-US","potentialAction":[{"@type":"ReadAction","target":["https:\/\/www.fcbarcelonanoticias.com\/en\/transfers\/the-psg-will-take-extreme-measures-for-presionar-to-mbappe-in-his-decision_294251_102.html"]}]},{"@type":"ImageObject","inLanguage":"en-US","@id":"https:\/\/www.fcbarcelonanoticias.com\/en\/transfers\/the-psg-will-take-extreme-measures-for-presionar-to-mbappe-in-his-decision_294251_102.html#primaryimage","url":"https:\/\/www.fcbarcelonanoticias.com\/en\/wp-content\/uploads\/sites\/2\/2023\/07\/kilyan-mbappe-psg-1.jpeg","contentUrl":"https:\/\/www.fcbarcelonanoticias.com\/en\/wp-content\/uploads\/sites\/2\/2023\/07\/kilyan-mbappe-psg-1.jpeg","width":1300,"height":732},{"@type":"BreadcrumbList","@id":"https:\/\/www.fcbarcelonanoticias.com\/en\/transfers\/the-psg-will-take-extreme-measures-for-presionar-to-mbappe-in-his-decision_294251_102.html#breadcrumb","itemListElement":[{"@type":"ListItem","position":1,"name":"Portada","item":"https:\/\/www.fcbarcelonanoticias.com\/en\/"},{"@type":"ListItem","position":2,"name":"PSG will take extreme measures to pressure Mbapp\u00e9 on his decision"}]},{"@type":"WebSite","@id":"https:\/\/www.fcbarcelonanoticias.com\/en\/#website","url":"https:\/\/www.fcbarcelonanoticias.com\/en\/","name":"EN - FC Barcelona Noticias","description":"","potentialAction":[{"@type":"SearchAction","target":{"@type":"EntryPoint","urlTemplate":"https:\/\/www.fcbarcelonanoticias.com\/en\/?s={search_term_string}"},"query-input":{"@type":"PropertyValueSpecification","valueRequired":true,"valueName":"search_term_string"}}],"inLanguage":"en-US"},{"@type":"Person","@id":"https:\/\/www.fcbarcelonanoticias.com\/en\/#\/schema\/person\/6dabf936eaa66def2cadb54f0dd32ac1","name":"Mar\u00eda Alejandra Camacho","image":{"@type":"ImageObject","inLanguage":"en-US","@id":"https:\/\/secure.gravatar.com\/avatar\/?s=96&d=mm&r=g","url":"https:\/\/secure.gravatar.com\/avatar\/?s=96&d=mm&r=g","contentUrl":"https:\/\/secure.gravatar.com\/avatar\/?s=96&d=mm&r=g","caption":"Mar\u00eda Alejandra Camacho"},"url":"https:\/\/www.fcbarcelonanoticias.com\/en\/maria-alejandra-camacho_22_115.html"}]}},"_links":{"self":[{"href":"https:\/\/www.fcbarcelonanoticias.com\/en\/wp-json\/wp\/v2\/posts\/141224","targetHints":{"allow":["GET"]}}],"collection":[{"href":"https:\/\/www.fcbarcelonanoticias.com\/en\/wp-json\/wp\/v2\/posts"}],"about":[{"href":"https:\/\/www.fcbarcelonanoticias.com\/en\/wp-json\/wp\/v2\/types\/post"}],"author":[{"embeddable":true,"href":"https:\/\/www.fcbarcelonanoticias.com\/en\/wp-json\/wp\/v2\/users\/349"}],"replies":[{"embeddable":true,"href":"https:\/\/www.fcbarcelonanoticias.com\/en\/wp-json\/wp\/v2\/comments?post=141224"}],"version-history":[{"count":1,"href":"https:\/\/www.fcbarcelonanoticias.com\/en\/wp-json\/wp\/v2\/posts\/141224\/revisions"}],"predecessor-version":[{"id":154233,"href":"https:\/\/www.fcbarcelonanoticias.com\/en\/wp-json\/wp\/v2\/posts\/141224\/revisions\/154233"}],"wp:featuredmedia":[{"embeddable":true,"href":"https:\/\/www.fcbarcelonanoticias.com\/en\/wp-json\/wp\/v2\/media\/141242"}],"wp:attachment":[{"href":"https:\/\/www.fcbarcelonanoticias.com\/en\/wp-json\/wp\/v2\/media?parent=141224"}],"wp:term":[{"taxonomy":"category","embeddable":true,"href":"https:\/\/www.fcbarcelonanoticias.com\/en\/wp-json\/wp\/v2\/categories?post=141224"},{"taxonomy":"post_tag","embeddable":true,"href":"https:\/\/www.fcbarcelonanoticias.com\/en\/wp-json\/wp\/v2\/tags?post=141224"}],"curies":[{"name":"wp","href":"https:\/\/api.w.org\/{rel}","templated":true}]}}