{"id":141569,"date":"2024-05-17T23:08:00","date_gmt":"2024-05-17T21:08:00","guid":{"rendered":"https:\/\/weisetech.dev\/fc-barcelona-noticias\/en\/the-real-madrid-does-not-change-of-plan-with-florian-wirtz_303609_102\/"},"modified":"2024-05-17T23:08:00","modified_gmt":"2024-05-17T21:08:00","slug":"the-real-madrid-does-not-change-of-plan-with-florian-wirtz_303609_102","status":"publish","type":"post","link":"https:\/\/www.fcbarcelonanoticias.com\/en\/transfers\/the-real-madrid-does-not-change-of-plan-with-florian-wirtz_303609_102.html","title":{"rendered":"Real Madrid does not change its plan with Florian Wirtz"},"content":{"rendered":"<h2 class=\"wp-block-heading\">Rea Madrid remains one of the &#8216;strongest&#8217; candidates to acquire the services of Florian Wirtz in the summer of 2025. Florentino P\u00e9rez and company see him as the &#8216;natural&#8217; replacement for Toni Kroos<\/h2>  \r\n<div class=\"article-addons\">\r\n    <a href=\"https:\/\/www.fcbarcelonanoticias.com\/en\/calendar-fc-barcelona.html\"\r\n       target=\"_self\"\r\n       title=\"Calendar of FC Barcelona\"\r\n       class=\"blue-gredient-btn\">\r\n       \r\n        Calendar of FC Barcelona    <\/a>\r\n<\/div>   <p><strong>Florian Wirtz will not move of Leverkusen this summer, except twist very unexpected of guion. <\/strong>The intention of the Bayer is that so much Xabi Alonso like the talentoso midfield player remain , at least, a year more leading a team that has not done more than &#8216;marvel&#8217; to all Europe in this season and that keeps alive the dream of the triplete of titles: Bundesliga, Europe League and Glass.<\/p>  <p>They have been varied the teams that have interested in Wirtz. The own FC Barcelona has cataloged him like a &#8216;dream&#8217; because it would be an ideal incorporation to elevate the level of the team from the medullary, but in the economic section did not have (neither have) <strong>how compete in front of the future offers of clubs like the Real Madrid, Manchester City or Liverpool.<\/strong> There will be war by him in 2025&#8230; And from the White House would be the best positioned.<\/p>  <p>In Chamart\u00edn have very clear that, when being a very sought-after player and that will wake up the interest of more teams according to advance the time, have to define very well his strategy. To day of today, the intention of the Madrid is seguit the strategy that has followed to achieve, for example, the signings of Jude Bellingham or Aureli\u00e9n Tchouameni in the last two years. They will be two the big protagonists that, as always, will carry the thread of the operations:<strong> Jos\u00e9 \u00c1ngel S\u00e1nchez and Juni Calafat.<\/strong><\/p>  <h2>The Real Madrid repeats the strategy<\/h2>  <p>Both will move <strong> with a lot of prudence to try convince to the player with the sportive project that have on a long-term basis<\/strong>. It is not a secret for anybody that in Santiago Bernab\u00e9u carry a few years gathering to big stars of the European football, especially young, and that the future is brilliant with the incorporations that, also, prepare for this summer. Endrick Is confirmed and Kylian Mbapp\u00e9 seems smart, to fault of announcement.<\/p>  <p>In the case of Wirtz, the Madrid knows that it will not be a traspaso economic. Have a very good relation with the Bayer Leverkusen, that even congratulated them publicly for classifying to the final of the Champions League, and can be a point for. Everything will depend on the posture of the footballer, that <strong>would have the possibility to turn into the natural relief of his compatriot, Toni Kroos, in the White House. <\/strong><\/p> ","protected":false},"excerpt":{"rendered":"<p>Rea Madrid remains one of the &#8216;strongest&#8217; candidates to acquire the services of Florian Wirtz in the summer of 2025. Florentino P\u00e9rez and company see him as the &#8216;natural&#8217; replacement for Toni Kroos Florian Wirtz will not move of Leverkusen this summer, except twist very unexpected of guion. The intention of the Bayer is that [&hellip;]<\/p>\n","protected":false},"author":0,"featured_media":141575,"comment_status":"closed","ping_status":"open","sticky":false,"template":"","format":"standard","meta":{"_acf_changed":false,"inline_featured_image":false,"_nextfly_llmd_date_locked":false,"footnotes":""},"categories":[449,106],"tags":[177],"class_list":["post-141569","post","type-post","status-publish","format-standard","has-post-thumbnail","hentry","category-transfers-2","category-transfers","tag-florentino-perez"],"acf":[],"yoast_head":"<!-- This site is optimized with the Yoast SEO plugin v27.3 - https:\/\/yoast.com\/product\/yoast-seo-wordpress\/ -->\n<title>The Real Madrid does not change of plan with Florian Wirtz<\/title>\n<meta name=\"description\" content=\"The Rea Madrid keeps like one of the candidates more &#039;strong&#039; to do with the services of Florian Wirtz in the summer of 2025. Florentino P\u00e9rez and company see him like the relief &#039;natural&#039; of Toni Kroos\" \/>\n<meta name=\"robots\" content=\"index, follow, max-snippet:-1, max-image-preview:large, max-video-preview:-1\" \/>\n<link rel=\"canonical\" href=\"https:\/\/www.fcbarcelonanoticias.com\/en\/transfers\/the-real-madrid-does-not-change-of-plan-with-florian-wirtz_303609_102.html\" \/>\n<meta property=\"og:locale\" content=\"en_US\" \/>\n<meta property=\"og:type\" content=\"article\" \/>\n<meta property=\"og:title\" content=\"The Real Madrid does not change of plan with Florian Wirtz\" \/>\n<meta property=\"og:description\" content=\"The Rea Madrid keeps like one of the candidates more &#039;strong&#039; to do with the services of Florian Wirtz in the summer of 2025. Florentino P\u00e9rez and company see him like the relief &#039;natural&#039; of Toni Kroos\" \/>\n<meta property=\"og:url\" content=\"https:\/\/www.fcbarcelonanoticias.com\/en\/transfers\/the-real-madrid-does-not-change-of-plan-with-florian-wirtz_303609_102.html\" \/>\n<meta property=\"og:site_name\" content=\"EN - FC Barcelona Noticias\" \/>\n<meta property=\"article:published_time\" content=\"2024-05-17T21:08:00+00:00\" \/>\n<meta property=\"og:image\" content=\"https:\/\/www.fcbarcelonanoticias.com\/en\/wp-content\/uploads\/sites\/2\/2024\/05\/florian-wirtz-jugadro-del-bayer-leverkusen.jpeg\" \/>\n\t<meta property=\"og:image:width\" content=\"1200\" \/>\n\t<meta property=\"og:image:height\" content=\"675\" \/>\n\t<meta property=\"og:image:type\" content=\"image\/jpeg\" \/>\n<meta name=\"twitter:card\" content=\"summary_large_image\" \/>\n<meta name=\"twitter:label1\" content=\"Est. reading time\" \/>\n\t<meta name=\"twitter:data1\" content=\"2 minutes\" \/>\n<script type=\"application\/ld+json\" class=\"yoast-schema-graph\">{\"@context\":\"https:\\\/\\\/schema.org\",\"@graph\":[{\"@type\":\"Article\",\"@id\":\"https:\\\/\\\/www.fcbarcelonanoticias.com\\\/en\\\/transfers\\\/the-real-madrid-does-not-change-of-plan-with-florian-wirtz_303609_102.html#article\",\"isPartOf\":{\"@id\":\"https:\\\/\\\/www.fcbarcelonanoticias.com\\\/en\\\/transfers\\\/the-real-madrid-does-not-change-of-plan-with-florian-wirtz_303609_102.html\"},\"author\":{\"name\":\"\",\"@id\":\"\"},\"headline\":\"Real Madrid does not change its plan with Florian Wirtz\",\"datePublished\":\"2024-05-17T21:08:00+00:00\",\"mainEntityOfPage\":{\"@id\":\"https:\\\/\\\/www.fcbarcelonanoticias.com\\\/en\\\/transfers\\\/the-real-madrid-does-not-change-of-plan-with-florian-wirtz_303609_102.html\"},\"wordCount\":445,\"image\":{\"@id\":\"https:\\\/\\\/www.fcbarcelonanoticias.com\\\/en\\\/transfers\\\/the-real-madrid-does-not-change-of-plan-with-florian-wirtz_303609_102.html#primaryimage\"},\"thumbnailUrl\":\"https:\\\/\\\/www.fcbarcelonanoticias.com\\\/en\\\/wp-content\\\/uploads\\\/sites\\\/2\\\/2024\\\/05\\\/florian-wirtz-jugadro-del-bayer-leverkusen.jpeg\",\"keywords\":[\"Florentino P\u00e9rez\"],\"articleSection\":[\"Transfers\",\"Transfers\"],\"inLanguage\":\"en-US\"},{\"@type\":\"WebPage\",\"@id\":\"https:\\\/\\\/www.fcbarcelonanoticias.com\\\/en\\\/transfers\\\/the-real-madrid-does-not-change-of-plan-with-florian-wirtz_303609_102.html\",\"url\":\"https:\\\/\\\/www.fcbarcelonanoticias.com\\\/en\\\/transfers\\\/the-real-madrid-does-not-change-of-plan-with-florian-wirtz_303609_102.html\",\"name\":\"The Real Madrid does not change of plan with Florian Wirtz\",\"isPartOf\":{\"@id\":\"https:\\\/\\\/www.fcbarcelonanoticias.com\\\/en\\\/#website\"},\"primaryImageOfPage\":{\"@id\":\"https:\\\/\\\/www.fcbarcelonanoticias.com\\\/en\\\/transfers\\\/the-real-madrid-does-not-change-of-plan-with-florian-wirtz_303609_102.html#primaryimage\"},\"image\":{\"@id\":\"https:\\\/\\\/www.fcbarcelonanoticias.com\\\/en\\\/transfers\\\/the-real-madrid-does-not-change-of-plan-with-florian-wirtz_303609_102.html#primaryimage\"},\"thumbnailUrl\":\"https:\\\/\\\/www.fcbarcelonanoticias.com\\\/en\\\/wp-content\\\/uploads\\\/sites\\\/2\\\/2024\\\/05\\\/florian-wirtz-jugadro-del-bayer-leverkusen.jpeg\",\"datePublished\":\"2024-05-17T21:08:00+00:00\",\"author\":{\"@id\":\"\"},\"description\":\"The Rea Madrid keeps like one of the candidates more 'strong' to do with the services of Florian Wirtz in the summer of 2025. Florentino P\u00e9rez and company see him like the relief 'natural' of Toni Kroos\",\"breadcrumb\":{\"@id\":\"https:\\\/\\\/www.fcbarcelonanoticias.com\\\/en\\\/transfers\\\/the-real-madrid-does-not-change-of-plan-with-florian-wirtz_303609_102.html#breadcrumb\"},\"inLanguage\":\"en-US\",\"potentialAction\":[{\"@type\":\"ReadAction\",\"target\":[\"https:\\\/\\\/www.fcbarcelonanoticias.com\\\/en\\\/transfers\\\/the-real-madrid-does-not-change-of-plan-with-florian-wirtz_303609_102.html\"]}]},{\"@type\":\"ImageObject\",\"inLanguage\":\"en-US\",\"@id\":\"https:\\\/\\\/www.fcbarcelonanoticias.com\\\/en\\\/transfers\\\/the-real-madrid-does-not-change-of-plan-with-florian-wirtz_303609_102.html#primaryimage\",\"url\":\"https:\\\/\\\/www.fcbarcelonanoticias.com\\\/en\\\/wp-content\\\/uploads\\\/sites\\\/2\\\/2024\\\/05\\\/florian-wirtz-jugadro-del-bayer-leverkusen.jpeg\",\"contentUrl\":\"https:\\\/\\\/www.fcbarcelonanoticias.com\\\/en\\\/wp-content\\\/uploads\\\/sites\\\/2\\\/2024\\\/05\\\/florian-wirtz-jugadro-del-bayer-leverkusen.jpeg\",\"width\":1200,\"height\":675},{\"@type\":\"BreadcrumbList\",\"@id\":\"https:\\\/\\\/www.fcbarcelonanoticias.com\\\/en\\\/transfers\\\/the-real-madrid-does-not-change-of-plan-with-florian-wirtz_303609_102.html#breadcrumb\",\"itemListElement\":[{\"@type\":\"ListItem\",\"position\":1,\"name\":\"Portada\",\"item\":\"https:\\\/\\\/www.fcbarcelonanoticias.com\\\/en\\\/\"},{\"@type\":\"ListItem\",\"position\":2,\"name\":\"Real Madrid does not change its plan with Florian Wirtz\"}]},{\"@type\":\"WebSite\",\"@id\":\"https:\\\/\\\/www.fcbarcelonanoticias.com\\\/en\\\/#website\",\"url\":\"https:\\\/\\\/www.fcbarcelonanoticias.com\\\/en\\\/\",\"name\":\"EN - FC Barcelona Noticias\",\"description\":\"\",\"potentialAction\":[{\"@type\":\"SearchAction\",\"target\":{\"@type\":\"EntryPoint\",\"urlTemplate\":\"https:\\\/\\\/www.fcbarcelonanoticias.com\\\/en\\\/?s={search_term_string}\"},\"query-input\":{\"@type\":\"PropertyValueSpecification\",\"valueRequired\":true,\"valueName\":\"search_term_string\"}}],\"inLanguage\":\"en-US\"}]}<\/script>\n<!-- \/ Yoast SEO plugin. -->","yoast_head_json":{"title":"The Real Madrid does not change of plan with Florian Wirtz","description":"The Rea Madrid keeps like one of the candidates more 'strong' to do with the services of Florian Wirtz in the summer of 2025. Florentino P\u00e9rez and company see him like the relief 'natural' of Toni Kroos","robots":{"index":"index","follow":"follow","max-snippet":"max-snippet:-1","max-image-preview":"max-image-preview:large","max-video-preview":"max-video-preview:-1"},"canonical":"https:\/\/www.fcbarcelonanoticias.com\/en\/transfers\/the-real-madrid-does-not-change-of-plan-with-florian-wirtz_303609_102.html","og_locale":"en_US","og_type":"article","og_title":"The Real Madrid does not change of plan with Florian Wirtz","og_description":"The Rea Madrid keeps like one of the candidates more 'strong' to do with the services of Florian Wirtz in the summer of 2025. Florentino P\u00e9rez and company see him like the relief 'natural' of Toni Kroos","og_url":"https:\/\/www.fcbarcelonanoticias.com\/en\/transfers\/the-real-madrid-does-not-change-of-plan-with-florian-wirtz_303609_102.html","og_site_name":"EN - FC Barcelona Noticias","article_published_time":"2024-05-17T21:08:00+00:00","og_image":[{"width":1200,"height":675,"url":"https:\/\/www.fcbarcelonanoticias.com\/en\/wp-content\/uploads\/sites\/2\/2024\/05\/florian-wirtz-jugadro-del-bayer-leverkusen.jpeg","type":"image\/jpeg"}],"twitter_card":"summary_large_image","twitter_misc":{"Est. reading time":"2 minutes"},"schema":{"@context":"https:\/\/schema.org","@graph":[{"@type":"Article","@id":"https:\/\/www.fcbarcelonanoticias.com\/en\/transfers\/the-real-madrid-does-not-change-of-plan-with-florian-wirtz_303609_102.html#article","isPartOf":{"@id":"https:\/\/www.fcbarcelonanoticias.com\/en\/transfers\/the-real-madrid-does-not-change-of-plan-with-florian-wirtz_303609_102.html"},"author":{"name":"","@id":""},"headline":"Real Madrid does not change its plan with Florian Wirtz","datePublished":"2024-05-17T21:08:00+00:00","mainEntityOfPage":{"@id":"https:\/\/www.fcbarcelonanoticias.com\/en\/transfers\/the-real-madrid-does-not-change-of-plan-with-florian-wirtz_303609_102.html"},"wordCount":445,"image":{"@id":"https:\/\/www.fcbarcelonanoticias.com\/en\/transfers\/the-real-madrid-does-not-change-of-plan-with-florian-wirtz_303609_102.html#primaryimage"},"thumbnailUrl":"https:\/\/www.fcbarcelonanoticias.com\/en\/wp-content\/uploads\/sites\/2\/2024\/05\/florian-wirtz-jugadro-del-bayer-leverkusen.jpeg","keywords":["Florentino P\u00e9rez"],"articleSection":["Transfers","Transfers"],"inLanguage":"en-US"},{"@type":"WebPage","@id":"https:\/\/www.fcbarcelonanoticias.com\/en\/transfers\/the-real-madrid-does-not-change-of-plan-with-florian-wirtz_303609_102.html","url":"https:\/\/www.fcbarcelonanoticias.com\/en\/transfers\/the-real-madrid-does-not-change-of-plan-with-florian-wirtz_303609_102.html","name":"The Real Madrid does not change of plan with Florian Wirtz","isPartOf":{"@id":"https:\/\/www.fcbarcelonanoticias.com\/en\/#website"},"primaryImageOfPage":{"@id":"https:\/\/www.fcbarcelonanoticias.com\/en\/transfers\/the-real-madrid-does-not-change-of-plan-with-florian-wirtz_303609_102.html#primaryimage"},"image":{"@id":"https:\/\/www.fcbarcelonanoticias.com\/en\/transfers\/the-real-madrid-does-not-change-of-plan-with-florian-wirtz_303609_102.html#primaryimage"},"thumbnailUrl":"https:\/\/www.fcbarcelonanoticias.com\/en\/wp-content\/uploads\/sites\/2\/2024\/05\/florian-wirtz-jugadro-del-bayer-leverkusen.jpeg","datePublished":"2024-05-17T21:08:00+00:00","author":{"@id":""},"description":"The Rea Madrid keeps like one of the candidates more 'strong' to do with the services of Florian Wirtz in the summer of 2025. Florentino P\u00e9rez and company see him like the relief 'natural' of Toni Kroos","breadcrumb":{"@id":"https:\/\/www.fcbarcelonanoticias.com\/en\/transfers\/the-real-madrid-does-not-change-of-plan-with-florian-wirtz_303609_102.html#breadcrumb"},"inLanguage":"en-US","potentialAction":[{"@type":"ReadAction","target":["https:\/\/www.fcbarcelonanoticias.com\/en\/transfers\/the-real-madrid-does-not-change-of-plan-with-florian-wirtz_303609_102.html"]}]},{"@type":"ImageObject","inLanguage":"en-US","@id":"https:\/\/www.fcbarcelonanoticias.com\/en\/transfers\/the-real-madrid-does-not-change-of-plan-with-florian-wirtz_303609_102.html#primaryimage","url":"https:\/\/www.fcbarcelonanoticias.com\/en\/wp-content\/uploads\/sites\/2\/2024\/05\/florian-wirtz-jugadro-del-bayer-leverkusen.jpeg","contentUrl":"https:\/\/www.fcbarcelonanoticias.com\/en\/wp-content\/uploads\/sites\/2\/2024\/05\/florian-wirtz-jugadro-del-bayer-leverkusen.jpeg","width":1200,"height":675},{"@type":"BreadcrumbList","@id":"https:\/\/www.fcbarcelonanoticias.com\/en\/transfers\/the-real-madrid-does-not-change-of-plan-with-florian-wirtz_303609_102.html#breadcrumb","itemListElement":[{"@type":"ListItem","position":1,"name":"Portada","item":"https:\/\/www.fcbarcelonanoticias.com\/en\/"},{"@type":"ListItem","position":2,"name":"Real Madrid does not change its plan with Florian Wirtz"}]},{"@type":"WebSite","@id":"https:\/\/www.fcbarcelonanoticias.com\/en\/#website","url":"https:\/\/www.fcbarcelonanoticias.com\/en\/","name":"EN - FC Barcelona Noticias","description":"","potentialAction":[{"@type":"SearchAction","target":{"@type":"EntryPoint","urlTemplate":"https:\/\/www.fcbarcelonanoticias.com\/en\/?s={search_term_string}"},"query-input":{"@type":"PropertyValueSpecification","valueRequired":true,"valueName":"search_term_string"}}],"inLanguage":"en-US"}]}},"_links":{"self":[{"href":"https:\/\/www.fcbarcelonanoticias.com\/en\/wp-json\/wp\/v2\/posts\/141569","targetHints":{"allow":["GET"]}}],"collection":[{"href":"https:\/\/www.fcbarcelonanoticias.com\/en\/wp-json\/wp\/v2\/posts"}],"about":[{"href":"https:\/\/www.fcbarcelonanoticias.com\/en\/wp-json\/wp\/v2\/types\/post"}],"replies":[{"embeddable":true,"href":"https:\/\/www.fcbarcelonanoticias.com\/en\/wp-json\/wp\/v2\/comments?post=141569"}],"version-history":[{"count":1,"href":"https:\/\/www.fcbarcelonanoticias.com\/en\/wp-json\/wp\/v2\/posts\/141569\/revisions"}],"predecessor-version":[{"id":154285,"href":"https:\/\/www.fcbarcelonanoticias.com\/en\/wp-json\/wp\/v2\/posts\/141569\/revisions\/154285"}],"wp:featuredmedia":[{"embeddable":true,"href":"https:\/\/www.fcbarcelonanoticias.com\/en\/wp-json\/wp\/v2\/media\/141575"}],"wp:attachment":[{"href":"https:\/\/www.fcbarcelonanoticias.com\/en\/wp-json\/wp\/v2\/media?parent=141569"}],"wp:term":[{"taxonomy":"category","embeddable":true,"href":"https:\/\/www.fcbarcelonanoticias.com\/en\/wp-json\/wp\/v2\/categories?post=141569"},{"taxonomy":"post_tag","embeddable":true,"href":"https:\/\/www.fcbarcelonanoticias.com\/en\/wp-json\/wp\/v2\/tags?post=141569"}],"curies":[{"name":"wp","href":"https:\/\/api.w.org\/{rel}","templated":true}]}}