{"id":141580,"date":"2022-08-11T01:06:00","date_gmt":"2022-08-10T23:06:00","guid":{"rendered":"https:\/\/weisetech.dev\/fc-barcelona-noticias\/en\/the-first-words-of-nico-gonzalez-in-his-arrival-to-goes_283117_102\/"},"modified":"2022-08-11T01:06:00","modified_gmt":"2022-08-10T23:06:00","slug":"the-first-words-of-nico-gonzalez-in-his-arrival-to-goes_283117_102","status":"publish","type":"post","link":"https:\/\/www.fcbarcelonanoticias.com\/en\/transfers\/the-first-words-of-nico-gonzalez-in-his-arrival-to-goes_283117_102.html","title":{"rendered":"The first words of Nico Gonz\u00e1lez on his arrival in Valencia"},"content":{"rendered":"<h2 class=\"wp-block-heading\">Nico Gonz\u00e1lez is already in Valencia to sign for one year with the &#8216;Che&#8217; team. On his arrival in the Levantine city, the player trained at FC Barcelona expressed his enthusiasm for the new adventure that he will experience in 2022-23<\/h2>  \r\n<div class=\"article-addons\">\r\n    <a href=\"https:\/\/www.fcbarcelonanoticias.com\/en\/calendar-fc-barcelona.html\"\r\n       target=\"_self\"\r\n       title=\"Calendar of FC Barcelona\"\r\n       class=\"blue-gredient-btn\">\r\n       \r\n        Calendar of FC Barcelona    <\/a>\r\n<\/div>   <p>Valencia will close in brief the cession of Nico Gonz\u00e1lez by a season. The canterano of the <a data-external=\"0\" data-intl-links-en=\"https:\/\/www.fcbarcelonanoticias.com\/en\/fcbn-tv\/the-highlights-barcelona-frenkie-memphis-marcos-alonso-bernardo-silva_283108_102.html\" data-intl-links-es=\"https:\/\/www.fcbarcelonanoticias.com\/fcbn-tv\/lo-mas-destacado-barcelona-frenkie-memphis-marcos-alonso-bernardo-silva_283108_102.html\" href=\"https:\/\/www.fcbarcelonanoticias.com\/en\/fcbn-tv\/the-highlights-barcelona-frenkie-memphis-marcos-alonso-bernardo-silva_283108_102.html\" rel=\"follow\" target=\"_self\" title=\"\u00a1Lo m\u00e1s destacado del Bar\u00e7a! Frenkie, Memphis, Marcos Alonso, Bernardo Silva...\">FC Barcelona<\/a> landed the Wednesday at night in the city levantina and expressed his enthusiasm for being able to form part of the sportive project &#8216;Che&#8217;. <strong>&#8220;I am very happy and happy for being here, carried already a pair of days with a lot of illusion to be able to come and have many win to begin<\/strong>&#8220;, affirmed the player of 20 years.<\/p>  <p>Although Xavi Hern\u00e1ndez had he for the 2022-23, <strong>the one of A Coru\u00f1a saw forced to go out in front of the &#8216;overbooking&#8217; cul\u00e9 in the midfield<\/strong>. With the future of <a data-external=\"0\" data-intl-links-en=\"https:\/\/www.fcbarcelonanoticias.com\/en\/transfers\/decisive-summit-between-barcelona-frenkie-agents-define-its-future_283109_102.html\" data-intl-links-es=\"https:\/\/www.fcbarcelonanoticias.com\/fichajes\/cumbre-decisiva-entre-barcelona-agentes-frenkie-definir-su-futuro_283109_102.html\" href=\"https:\/\/www.fcbarcelonanoticias.com\/en\/transfers\/decisive-summit-between-barcelona-frenkie-agents-define-its-future_283109_102.html\" rel=\"follow\" target=\"_self\" title=\"\u00a1'Cumbre' decisiva entre el Bar\u00e7a y los agentes de Frenkie para definir su futuro!\">Frenkie of Jong<\/a> in the &#8216;air&#8217; and the possible arrival of Bernardo Silva, to the Galician closed him the doors of the first team to the detriment of Miralem Pjanic. In this sense, the bosnio attained to convince to the technician egarense thanks to his technical quality and intense work in the trainings.<\/p>  <p><strong>For the Bar\u00e7a was simpler to find him gone out to Nico that to Pjanic<\/strong>, since the offers by the player of 32 years were practically invalid. Besides, in the case to having opted by the option to give him letter of freedom, the directive had seen forced to amortise his exit paying a year of whole wage to the player, which is of 6 million euros. Nevertheless, <strong>Miralem engaged to go down his index card if it remained <\/strong>, facilitating his permanence in a staff that needs with urgency go down mass salarial.<\/p>  <p>Instead, <strong>the cession of the canterano will allow to renew his agreement, which wins in June of 2024.<\/strong> Gonz\u00e1lez is one of the &#8216;jewels&#8217; of the <a data-external=\"0\" data-intl-links-en=\"https:\/\/www.fcbarcelonanoticias.com\/en\/transfers\/hill-puts-difficult-to-the-barca-his-cession-to-the-elche_283105_102.html\" data-intl-links-es=\"https:\/\/www.fcbarcelonanoticias.com\/fichajes\/collado-pone-dificil-barcelona-su-cesion-elche_283105_102.html\" href=\"https:\/\/www.fcbarcelonanoticias.com\/en\/transfers\/hill-puts-difficult-to-the-barca-his-cession-to-the-elche_283105_102.html\" rel=\"follow\" target=\"_self\" title=\"Collado pone dif\u00edcil al Bar\u00e7a su cesi\u00f3n al Elche\">Bar\u00e7a<\/a> to average and long term, by which the directive looked for a satisfactory exit for both parts. The midfield player needs to play the greater quantity of possible parties to add experience and shooting. The club looks for to retain him without engaging his future. From here that the option of Valencia left to all happy.<\/p>  <h3>The illusion of Nico by his debut<\/h3>  <p>The one of A Coru\u00f1a will happen the medical review the Thursday and expects to add immediately to the trainings under the orders of Gennaro Gattusso. <strong>&#8220;I expect that it can have some minutes, already have spoken with the trainer and have very good feelings&#8221;<\/strong>, affirmed Nico. The midfield player aims to go in in the announcement for the debut in LaLiga in Mestalla in front of the Girona, a party in which the player of 20 years could debut like titling.<\/p> ","protected":false},"excerpt":{"rendered":"<p>Nico Gonz\u00e1lez is already in Valencia to sign for one year with the &#8216;Che&#8217; team. On his arrival in the Levantine city, the player trained at FC Barcelona expressed his enthusiasm for the new adventure that he will experience in 2022-23 Valencia will close in brief the cession of Nico Gonz\u00e1lez by a season. The [&hellip;]<\/p>\n","protected":false},"author":347,"featured_media":141585,"comment_status":"closed","ping_status":"open","sticky":false,"template":"","format":"standard","meta":{"_acf_changed":false,"inline_featured_image":false,"_nextfly_llmd_date_locked":false,"footnotes":""},"categories":[449,106],"tags":[292,80],"class_list":["post-141580","post","type-post","status-publish","format-standard","has-post-thumbnail","hentry","category-transfers-2","category-transfers","tag-nico-gonzalez","tag-valencia-cf"],"acf":[],"yoast_head":"<!-- This site is optimized with the Yoast SEO plugin v27.3 - https:\/\/yoast.com\/product\/yoast-seo-wordpress\/ -->\n<title>The first words of Nico Gonz\u00e1lez on his arrival in Valencia<\/title>\n<meta name=\"description\" content=\"Nico Gonz\u00e1lez already is in Valency for fichar by a year with the group &#039;Che&#039;. In his arrival to the city levantina, the player formed in the FC ex Barcelona...\" \/>\n<meta name=\"robots\" content=\"index, follow, max-snippet:-1, max-image-preview:large, max-video-preview:-1\" \/>\n<link rel=\"canonical\" href=\"https:\/\/www.fcbarcelonanoticias.com\/en\/transfers\/the-first-words-of-nico-gonzalez-in-his-arrival-to-goes_283117_102.html\" \/>\n<meta property=\"og:locale\" content=\"en_US\" \/>\n<meta property=\"og:type\" content=\"article\" \/>\n<meta property=\"og:title\" content=\"The first words of Nico Gonz\u00e1lez on his arrival in Valencia\" \/>\n<meta property=\"og:description\" content=\"Nico Gonz\u00e1lez already is in Valency for fichar by a year with the group &#039;Che&#039;. In his arrival to the city levantina, the player formed in the FC ex Barcelona...\" \/>\n<meta property=\"og:url\" content=\"https:\/\/www.fcbarcelonanoticias.com\/en\/transfers\/the-first-words-of-nico-gonzalez-in-his-arrival-to-goes_283117_102.html\" \/>\n<meta property=\"og:site_name\" content=\"EN - FC Barcelona Noticias\" \/>\n<meta property=\"article:published_time\" content=\"2022-08-10T23:06:00+00:00\" \/>\n<meta property=\"og:image\" content=\"https:\/\/www.fcbarcelonanoticias.com\/en\/wp-content\/uploads\/sites\/2\/2022\/08\/nico-gonzalez-fc-barcelona.jpeg\" \/>\n\t<meta property=\"og:image:width\" content=\"1300\" \/>\n\t<meta property=\"og:image:height\" content=\"732\" \/>\n\t<meta property=\"og:image:type\" content=\"image\/jpeg\" \/>\n<meta name=\"author\" content=\"Andr\u00e9s Quiroz\" \/>\n<meta name=\"twitter:card\" content=\"summary_large_image\" \/>\n<meta name=\"twitter:label1\" content=\"Written by\" \/>\n\t<meta name=\"twitter:data1\" content=\"Andr\u00e9s Quiroz\" \/>\n\t<meta name=\"twitter:label2\" content=\"Est. reading time\" \/>\n\t<meta name=\"twitter:data2\" content=\"2 minutes\" \/>\n<script type=\"application\/ld+json\" class=\"yoast-schema-graph\">{\"@context\":\"https:\\\/\\\/schema.org\",\"@graph\":[{\"@type\":\"Article\",\"@id\":\"https:\\\/\\\/www.fcbarcelonanoticias.com\\\/en\\\/transfers\\\/the-first-words-of-nico-gonzalez-in-his-arrival-to-goes_283117_102.html#article\",\"isPartOf\":{\"@id\":\"https:\\\/\\\/www.fcbarcelonanoticias.com\\\/en\\\/transfers\\\/the-first-words-of-nico-gonzalez-in-his-arrival-to-goes_283117_102.html\"},\"author\":{\"name\":\"Andr\u00e9s Quiroz\",\"@id\":\"https:\\\/\\\/www.fcbarcelonanoticias.com\\\/en\\\/#\\\/schema\\\/person\\\/c2cd9f6fa1af5c0d0eccd0fefa575c88\"},\"headline\":\"The first words of Nico Gonz\u00e1lez on his arrival in Valencia\",\"datePublished\":\"2022-08-10T23:06:00+00:00\",\"mainEntityOfPage\":{\"@id\":\"https:\\\/\\\/www.fcbarcelonanoticias.com\\\/en\\\/transfers\\\/the-first-words-of-nico-gonzalez-in-his-arrival-to-goes_283117_102.html\"},\"wordCount\":485,\"image\":{\"@id\":\"https:\\\/\\\/www.fcbarcelonanoticias.com\\\/en\\\/transfers\\\/the-first-words-of-nico-gonzalez-in-his-arrival-to-goes_283117_102.html#primaryimage\"},\"thumbnailUrl\":\"https:\\\/\\\/www.fcbarcelonanoticias.com\\\/en\\\/wp-content\\\/uploads\\\/sites\\\/2\\\/2022\\\/08\\\/nico-gonzalez-fc-barcelona.jpeg\",\"keywords\":[\"Nico Gonz\u00e1lez\",\"Valencia CF\"],\"articleSection\":[\"Transfers\",\"Transfers\"],\"inLanguage\":\"en-US\"},{\"@type\":\"WebPage\",\"@id\":\"https:\\\/\\\/www.fcbarcelonanoticias.com\\\/en\\\/transfers\\\/the-first-words-of-nico-gonzalez-in-his-arrival-to-goes_283117_102.html\",\"url\":\"https:\\\/\\\/www.fcbarcelonanoticias.com\\\/en\\\/transfers\\\/the-first-words-of-nico-gonzalez-in-his-arrival-to-goes_283117_102.html\",\"name\":\"The first words of Nico Gonz\u00e1lez on his arrival in Valencia\",\"isPartOf\":{\"@id\":\"https:\\\/\\\/www.fcbarcelonanoticias.com\\\/en\\\/#website\"},\"primaryImageOfPage\":{\"@id\":\"https:\\\/\\\/www.fcbarcelonanoticias.com\\\/en\\\/transfers\\\/the-first-words-of-nico-gonzalez-in-his-arrival-to-goes_283117_102.html#primaryimage\"},\"image\":{\"@id\":\"https:\\\/\\\/www.fcbarcelonanoticias.com\\\/en\\\/transfers\\\/the-first-words-of-nico-gonzalez-in-his-arrival-to-goes_283117_102.html#primaryimage\"},\"thumbnailUrl\":\"https:\\\/\\\/www.fcbarcelonanoticias.com\\\/en\\\/wp-content\\\/uploads\\\/sites\\\/2\\\/2022\\\/08\\\/nico-gonzalez-fc-barcelona.jpeg\",\"datePublished\":\"2022-08-10T23:06:00+00:00\",\"author\":{\"@id\":\"https:\\\/\\\/www.fcbarcelonanoticias.com\\\/en\\\/#\\\/schema\\\/person\\\/c2cd9f6fa1af5c0d0eccd0fefa575c88\"},\"description\":\"Nico Gonz\u00e1lez already is in Valency for fichar by a year with the group 'Che'. In his arrival to the city levantina, the player formed in the FC ex Barcelona...\",\"breadcrumb\":{\"@id\":\"https:\\\/\\\/www.fcbarcelonanoticias.com\\\/en\\\/transfers\\\/the-first-words-of-nico-gonzalez-in-his-arrival-to-goes_283117_102.html#breadcrumb\"},\"inLanguage\":\"en-US\",\"potentialAction\":[{\"@type\":\"ReadAction\",\"target\":[\"https:\\\/\\\/www.fcbarcelonanoticias.com\\\/en\\\/transfers\\\/the-first-words-of-nico-gonzalez-in-his-arrival-to-goes_283117_102.html\"]}]},{\"@type\":\"ImageObject\",\"inLanguage\":\"en-US\",\"@id\":\"https:\\\/\\\/www.fcbarcelonanoticias.com\\\/en\\\/transfers\\\/the-first-words-of-nico-gonzalez-in-his-arrival-to-goes_283117_102.html#primaryimage\",\"url\":\"https:\\\/\\\/www.fcbarcelonanoticias.com\\\/en\\\/wp-content\\\/uploads\\\/sites\\\/2\\\/2022\\\/08\\\/nico-gonzalez-fc-barcelona.jpeg\",\"contentUrl\":\"https:\\\/\\\/www.fcbarcelonanoticias.com\\\/en\\\/wp-content\\\/uploads\\\/sites\\\/2\\\/2022\\\/08\\\/nico-gonzalez-fc-barcelona.jpeg\",\"width\":1300,\"height\":732},{\"@type\":\"BreadcrumbList\",\"@id\":\"https:\\\/\\\/www.fcbarcelonanoticias.com\\\/en\\\/transfers\\\/the-first-words-of-nico-gonzalez-in-his-arrival-to-goes_283117_102.html#breadcrumb\",\"itemListElement\":[{\"@type\":\"ListItem\",\"position\":1,\"name\":\"Portada\",\"item\":\"https:\\\/\\\/www.fcbarcelonanoticias.com\\\/en\\\/\"},{\"@type\":\"ListItem\",\"position\":2,\"name\":\"The first words of Nico Gonz\u00e1lez on his arrival in Valencia\"}]},{\"@type\":\"WebSite\",\"@id\":\"https:\\\/\\\/www.fcbarcelonanoticias.com\\\/en\\\/#website\",\"url\":\"https:\\\/\\\/www.fcbarcelonanoticias.com\\\/en\\\/\",\"name\":\"EN - FC Barcelona Noticias\",\"description\":\"\",\"potentialAction\":[{\"@type\":\"SearchAction\",\"target\":{\"@type\":\"EntryPoint\",\"urlTemplate\":\"https:\\\/\\\/www.fcbarcelonanoticias.com\\\/en\\\/?s={search_term_string}\"},\"query-input\":{\"@type\":\"PropertyValueSpecification\",\"valueRequired\":true,\"valueName\":\"search_term_string\"}}],\"inLanguage\":\"en-US\"},{\"@type\":\"Person\",\"@id\":\"https:\\\/\\\/www.fcbarcelonanoticias.com\\\/en\\\/#\\\/schema\\\/person\\\/c2cd9f6fa1af5c0d0eccd0fefa575c88\",\"name\":\"Andr\u00e9s Quiroz\",\"image\":{\"@type\":\"ImageObject\",\"inLanguage\":\"en-US\",\"@id\":\"https:\\\/\\\/secure.gravatar.com\\\/avatar\\\/?s=96&d=mm&r=g\",\"url\":\"https:\\\/\\\/secure.gravatar.com\\\/avatar\\\/?s=96&d=mm&r=g\",\"contentUrl\":\"https:\\\/\\\/secure.gravatar.com\\\/avatar\\\/?s=96&d=mm&r=g\",\"caption\":\"Andr\u00e9s Quiroz\"},\"description\":\"Licenciado en Periodismo por la Universidad de los Andes. Me encargo de analizar y compartir los contenidos m\u00e1s destacados de la\u00a0actualidad del F\u00fatbol Club Barcelona, Mercado de Fichajes y F\u00fatbol Internacional en FCBN. La informaci\u00f3n es poder, pero tambi\u00e9n conocimiento.\",\"url\":\"https:\\\/\\\/www.fcbarcelonanoticias.com\\\/en\\\/fc-barcelona\\\/andres-quiroz_17_115.html\"}]}<\/script>\n<!-- \/ Yoast SEO plugin. -->","yoast_head_json":{"title":"The first words of Nico Gonz\u00e1lez on his arrival in Valencia","description":"Nico Gonz\u00e1lez already is in Valency for fichar by a year with the group 'Che'. In his arrival to the city levantina, the player formed in the FC ex Barcelona...","robots":{"index":"index","follow":"follow","max-snippet":"max-snippet:-1","max-image-preview":"max-image-preview:large","max-video-preview":"max-video-preview:-1"},"canonical":"https:\/\/www.fcbarcelonanoticias.com\/en\/transfers\/the-first-words-of-nico-gonzalez-in-his-arrival-to-goes_283117_102.html","og_locale":"en_US","og_type":"article","og_title":"The first words of Nico Gonz\u00e1lez on his arrival in Valencia","og_description":"Nico Gonz\u00e1lez already is in Valency for fichar by a year with the group 'Che'. In his arrival to the city levantina, the player formed in the FC ex Barcelona...","og_url":"https:\/\/www.fcbarcelonanoticias.com\/en\/transfers\/the-first-words-of-nico-gonzalez-in-his-arrival-to-goes_283117_102.html","og_site_name":"EN - FC Barcelona Noticias","article_published_time":"2022-08-10T23:06:00+00:00","og_image":[{"width":1300,"height":732,"url":"https:\/\/www.fcbarcelonanoticias.com\/en\/wp-content\/uploads\/sites\/2\/2022\/08\/nico-gonzalez-fc-barcelona.jpeg","type":"image\/jpeg"}],"author":"Andr\u00e9s Quiroz","twitter_card":"summary_large_image","twitter_misc":{"Written by":"Andr\u00e9s Quiroz","Est. reading time":"2 minutes"},"schema":{"@context":"https:\/\/schema.org","@graph":[{"@type":"Article","@id":"https:\/\/www.fcbarcelonanoticias.com\/en\/transfers\/the-first-words-of-nico-gonzalez-in-his-arrival-to-goes_283117_102.html#article","isPartOf":{"@id":"https:\/\/www.fcbarcelonanoticias.com\/en\/transfers\/the-first-words-of-nico-gonzalez-in-his-arrival-to-goes_283117_102.html"},"author":{"name":"Andr\u00e9s Quiroz","@id":"https:\/\/www.fcbarcelonanoticias.com\/en\/#\/schema\/person\/c2cd9f6fa1af5c0d0eccd0fefa575c88"},"headline":"The first words of Nico Gonz\u00e1lez on his arrival in Valencia","datePublished":"2022-08-10T23:06:00+00:00","mainEntityOfPage":{"@id":"https:\/\/www.fcbarcelonanoticias.com\/en\/transfers\/the-first-words-of-nico-gonzalez-in-his-arrival-to-goes_283117_102.html"},"wordCount":485,"image":{"@id":"https:\/\/www.fcbarcelonanoticias.com\/en\/transfers\/the-first-words-of-nico-gonzalez-in-his-arrival-to-goes_283117_102.html#primaryimage"},"thumbnailUrl":"https:\/\/www.fcbarcelonanoticias.com\/en\/wp-content\/uploads\/sites\/2\/2022\/08\/nico-gonzalez-fc-barcelona.jpeg","keywords":["Nico Gonz\u00e1lez","Valencia CF"],"articleSection":["Transfers","Transfers"],"inLanguage":"en-US"},{"@type":"WebPage","@id":"https:\/\/www.fcbarcelonanoticias.com\/en\/transfers\/the-first-words-of-nico-gonzalez-in-his-arrival-to-goes_283117_102.html","url":"https:\/\/www.fcbarcelonanoticias.com\/en\/transfers\/the-first-words-of-nico-gonzalez-in-his-arrival-to-goes_283117_102.html","name":"The first words of Nico Gonz\u00e1lez on his arrival in Valencia","isPartOf":{"@id":"https:\/\/www.fcbarcelonanoticias.com\/en\/#website"},"primaryImageOfPage":{"@id":"https:\/\/www.fcbarcelonanoticias.com\/en\/transfers\/the-first-words-of-nico-gonzalez-in-his-arrival-to-goes_283117_102.html#primaryimage"},"image":{"@id":"https:\/\/www.fcbarcelonanoticias.com\/en\/transfers\/the-first-words-of-nico-gonzalez-in-his-arrival-to-goes_283117_102.html#primaryimage"},"thumbnailUrl":"https:\/\/www.fcbarcelonanoticias.com\/en\/wp-content\/uploads\/sites\/2\/2022\/08\/nico-gonzalez-fc-barcelona.jpeg","datePublished":"2022-08-10T23:06:00+00:00","author":{"@id":"https:\/\/www.fcbarcelonanoticias.com\/en\/#\/schema\/person\/c2cd9f6fa1af5c0d0eccd0fefa575c88"},"description":"Nico Gonz\u00e1lez already is in Valency for fichar by a year with the group 'Che'. In his arrival to the city levantina, the player formed in the FC ex Barcelona...","breadcrumb":{"@id":"https:\/\/www.fcbarcelonanoticias.com\/en\/transfers\/the-first-words-of-nico-gonzalez-in-his-arrival-to-goes_283117_102.html#breadcrumb"},"inLanguage":"en-US","potentialAction":[{"@type":"ReadAction","target":["https:\/\/www.fcbarcelonanoticias.com\/en\/transfers\/the-first-words-of-nico-gonzalez-in-his-arrival-to-goes_283117_102.html"]}]},{"@type":"ImageObject","inLanguage":"en-US","@id":"https:\/\/www.fcbarcelonanoticias.com\/en\/transfers\/the-first-words-of-nico-gonzalez-in-his-arrival-to-goes_283117_102.html#primaryimage","url":"https:\/\/www.fcbarcelonanoticias.com\/en\/wp-content\/uploads\/sites\/2\/2022\/08\/nico-gonzalez-fc-barcelona.jpeg","contentUrl":"https:\/\/www.fcbarcelonanoticias.com\/en\/wp-content\/uploads\/sites\/2\/2022\/08\/nico-gonzalez-fc-barcelona.jpeg","width":1300,"height":732},{"@type":"BreadcrumbList","@id":"https:\/\/www.fcbarcelonanoticias.com\/en\/transfers\/the-first-words-of-nico-gonzalez-in-his-arrival-to-goes_283117_102.html#breadcrumb","itemListElement":[{"@type":"ListItem","position":1,"name":"Portada","item":"https:\/\/www.fcbarcelonanoticias.com\/en\/"},{"@type":"ListItem","position":2,"name":"The first words of Nico Gonz\u00e1lez on his arrival in Valencia"}]},{"@type":"WebSite","@id":"https:\/\/www.fcbarcelonanoticias.com\/en\/#website","url":"https:\/\/www.fcbarcelonanoticias.com\/en\/","name":"EN - FC Barcelona Noticias","description":"","potentialAction":[{"@type":"SearchAction","target":{"@type":"EntryPoint","urlTemplate":"https:\/\/www.fcbarcelonanoticias.com\/en\/?s={search_term_string}"},"query-input":{"@type":"PropertyValueSpecification","valueRequired":true,"valueName":"search_term_string"}}],"inLanguage":"en-US"},{"@type":"Person","@id":"https:\/\/www.fcbarcelonanoticias.com\/en\/#\/schema\/person\/c2cd9f6fa1af5c0d0eccd0fefa575c88","name":"Andr\u00e9s Quiroz","image":{"@type":"ImageObject","inLanguage":"en-US","@id":"https:\/\/secure.gravatar.com\/avatar\/?s=96&d=mm&r=g","url":"https:\/\/secure.gravatar.com\/avatar\/?s=96&d=mm&r=g","contentUrl":"https:\/\/secure.gravatar.com\/avatar\/?s=96&d=mm&r=g","caption":"Andr\u00e9s Quiroz"},"description":"Licenciado en Periodismo por la Universidad de los Andes. Me encargo de analizar y compartir los contenidos m\u00e1s destacados de la\u00a0actualidad del F\u00fatbol Club Barcelona, Mercado de Fichajes y F\u00fatbol Internacional en FCBN. La informaci\u00f3n es poder, pero tambi\u00e9n conocimiento.","url":"https:\/\/www.fcbarcelonanoticias.com\/en\/fc-barcelona\/andres-quiroz_17_115.html"}]}},"_links":{"self":[{"href":"https:\/\/www.fcbarcelonanoticias.com\/en\/wp-json\/wp\/v2\/posts\/141580","targetHints":{"allow":["GET"]}}],"collection":[{"href":"https:\/\/www.fcbarcelonanoticias.com\/en\/wp-json\/wp\/v2\/posts"}],"about":[{"href":"https:\/\/www.fcbarcelonanoticias.com\/en\/wp-json\/wp\/v2\/types\/post"}],"author":[{"embeddable":true,"href":"https:\/\/www.fcbarcelonanoticias.com\/en\/wp-json\/wp\/v2\/users\/347"}],"replies":[{"embeddable":true,"href":"https:\/\/www.fcbarcelonanoticias.com\/en\/wp-json\/wp\/v2\/comments?post=141580"}],"version-history":[{"count":1,"href":"https:\/\/www.fcbarcelonanoticias.com\/en\/wp-json\/wp\/v2\/posts\/141580\/revisions"}],"predecessor-version":[{"id":154141,"href":"https:\/\/www.fcbarcelonanoticias.com\/en\/wp-json\/wp\/v2\/posts\/141580\/revisions\/154141"}],"wp:featuredmedia":[{"embeddable":true,"href":"https:\/\/www.fcbarcelonanoticias.com\/en\/wp-json\/wp\/v2\/media\/141585"}],"wp:attachment":[{"href":"https:\/\/www.fcbarcelonanoticias.com\/en\/wp-json\/wp\/v2\/media?parent=141580"}],"wp:term":[{"taxonomy":"category","embeddable":true,"href":"https:\/\/www.fcbarcelonanoticias.com\/en\/wp-json\/wp\/v2\/categories?post=141580"},{"taxonomy":"post_tag","embeddable":true,"href":"https:\/\/www.fcbarcelonanoticias.com\/en\/wp-json\/wp\/v2\/tags?post=141580"}],"curies":[{"name":"wp","href":"https:\/\/api.w.org\/{rel}","templated":true}]}}