{"id":141730,"date":"2022-07-20T01:59:00","date_gmt":"2022-07-19T23:59:00","guid":{"rendered":"https:\/\/weisetech.dev\/fc-barcelona-noticias\/en\/the-barca-confirms-when-will-be-the-presentation-of-lewandowski_282371_102\/"},"modified":"2022-07-20T01:59:00","modified_gmt":"2022-07-19T23:59:00","slug":"the-barca-confirms-when-will-be-the-presentation-of-lewandowski_282371_102","status":"publish","type":"post","link":"https:\/\/www.fcbarcelonanoticias.com\/en\/transfers\/the-barca-confirms-when-will-be-the-presentation-of-lewandowski_282371_102.html","title":{"rendered":"The Bar\u00e7a confirms when will be the presentation of Lewandowski"},"content":{"rendered":"<h2 class=\"wp-block-heading\">The FC Barcelona will present officially to Robert Lewandowski like new player blaugrana this Wednesday in the Bar\u00e7a Academy Pro Miami. The act is pautado to begin to the 12:00 venues (18:00 of Spain)<\/h2>  \r\n<div class=\"article-addons\">\r\n    <a href=\"https:\/\/www.fcbarcelonanoticias.com\/en\/calendar-fc-barcelona.html\"\r\n       target=\"_self\"\r\n       title=\"Calendar of FC Barcelona\"\r\n       class=\"blue-gredient-btn\">\r\n       \r\n        Calendar of FC Barcelona    <\/a>\r\n<\/div>   <p>After a pair of postponements, <strong>the <a data-external=\"0\" data-intl-links-en=\"https:\/\/www.fcbarcelonanoticias.com\/en\/fc-barcelona\/the-reaction-of-laporta-after-oficializarse-the-signing-of-l_282370_102.html\" data-intl-links-es=\"https:\/\/www.fcbarcelonanoticias.com\/fc-barcelona\/reaccion-laporta-oficializarse-fichaje-lewandowski_282370_102.html\" href=\"https:\/\/www.fcbarcelonanoticias.com\/en\/fc-barcelona\/the-reaction-of-laporta-after-oficializarse-the-signing-of-l_282370_102.html\" rel=\"follow\" target=\"_self\" title=\"La reacci\u00f3n de Laporta tras oficializarse el fichaje de Lewandowski\">FC Barcelona<\/a> will present to Robert Lewandowski like the fourth reinforcement for the 2022-23 this Wednesday.<\/strong> It expected that the Pole happened the medical review the Monday and went presented this same day, but after resolving some details in his agreement, the official presentation had to expect a pair of days. Besides, the demora of Xavi Hern\u00e1ndez to resolve his problems of visa also influenced in the decision.<\/p>  <p>In this sense, <strong>the <a data-external=\"0\" data-intl-links-en=\"https:\/\/www.fcbarcelonanoticias.com\/en\/preseason\/green-light-xavi-will-join-first-team-this-wednesday_282360_102.html\" data-intl-links-es=\"https:\/\/www.fcbarcelonanoticias.com\/pretemporada\/luz-verde-xavi-se-unira-primer-equipo-durante-este-miercoles_282360_102.html\" href=\"https:\/\/www.fcbarcelonanoticias.com\/en\/preseason\/green-light-xavi-will-join-first-team-this-wednesday_282360_102.html\" rel=\"follow\" target=\"_self\" title=\"\u00a1Luz verde! Xavi se unir\u00e1 al primer equipo durante este mi\u00e9rcoles\">technician egarense<\/a> will travel the Wednesday to first hour from Madrid and will land in Miami in hours of the east morning of the United States.<\/strong> Once it resolve his entrance to the country, the trainer looks forward to to be to time for the act of presentation of the Pole, in which the forward will be able to interactuar for the first time with the press like player blaugrana. It expects a simple act in the Bar\u00e7a Academy Pro Miami, since the team will go back to train in the afternoon.<\/p>  <p>Like this, <strong>Robert will be player of the <a data-external=\"0\" data-intl-links-en=\"https:\/\/www.fcbarcelonanoticias.com\/en\/transfers\/the-alternative-of-the-barca-to-marcos-alonso-plays-in-tie-it-1_282357_102.html\" data-intl-links-es=\"https:\/\/www.fcbarcelonanoticias.com\/fichajes\/alternativa-barcelona-marcos-alonso-juega-en-ligue-1_282357_102.html\" href=\"https:\/\/www.fcbarcelonanoticias.com\/en\/transfers\/the-alternative-of-the-barca-to-marcos-alonso-plays-in-tie-it-1_282357_102.html\" rel=\"follow\" target=\"_self\" title=\"La alternativa del Bar\u00e7a a Marcos Alonso juega en la Ligue 1\">Bar\u00e7a<\/a> by the next three seasons, until June of 2025. <\/strong>The traspaso closed by 45 million euros more 5 in variables and includes the possibility to renew by an extra season. Regarding the wage, the player of 33 years will invoice 9 million net euros by season, 6 &#8216;kilos&#8217; less than what won in the Bayern Munich (14M).<\/p>  <h3>Lewandowski Already trains with the Bar\u00e7a<\/h3>  <p>After doing official his incorporation by part of the club, <strong>&#8216;Lewy&#8217; trained for the first time with his mates in the field of the Drive Pink Stadium<\/strong>, just before the friendly in front of the Inter of Miami, first of the four that the club will contest in North American floor. Thus, it expects that the &#8216;9&#8217; was smart to debut the Saturday in the Classical in front of the Real Madrid in The Vegas, which will contest to the 05:00 peninsular hours.<\/p>  <blockquote class=\"twitter-tweet\"> <p dir=\"ltr\" lang=\"pt\">Cool <a href=\"https:\/\/t.co\/en\/YfM04h5bFN\">pic.twitter.com\/yfm04h5bfn<\/a><\/p> \u2014 FC Barcelona (@FCBarcelona_is) <a href=\"https:\/\/twitter.com\/en\/FCBarcelona_es\/status\/1549537851272007682?ref_src=twsrc%5Etfw\">July 19, 2022<\/a> <\/blockquote> <p>The Tuesday, <strong>Lewandowski exercised beside Gerard Hammered and touched balloon with soltura, by which would not have to have problems to play, at least some 45 minutes, the Saturday in The Vegas<\/strong>. The Pole does not play from the past 14 June in the Nations League with his selection (defeat 0-1 in front of Belgium), but the past week reached to add a pair of practices with the Bayern in Germany, just before concretising his traspaso to the Bar\u00e7a.<\/p> ","protected":false},"excerpt":{"rendered":"<p>The FC Barcelona will present officially to Robert Lewandowski like new player blaugrana this Wednesday in the Bar\u00e7a Academy Pro Miami. The act is pautado to begin to the 12:00 venues (18:00 of Spain) After a pair of postponements, the FC Barcelona will present to Robert Lewandowski like the fourth reinforcement for the 2022-23 this [&hellip;]<\/p>\n","protected":false},"author":347,"featured_media":141732,"comment_status":"closed","ping_status":"open","sticky":false,"template":"","format":"standard","meta":{"_acf_changed":false,"inline_featured_image":false,"_nextfly_llmd_date_locked":false,"footnotes":""},"categories":[449,106],"tags":[],"class_list":["post-141730","post","type-post","status-publish","format-standard","has-post-thumbnail","hentry","category-transfers-2","category-transfers"],"acf":[],"yoast_head":"<!-- This site is optimized with the Yoast SEO plugin v27.3 - https:\/\/yoast.com\/product\/yoast-seo-wordpress\/ -->\n<title>The Bar\u00e7a confirms when will be the presentation of Lewandowski<\/title>\n<meta name=\"description\" content=\"The FC Barcelona will present officially to Robert Lewandowski like new player blaugrana this Wednesday in the Bar\u00e7a Academy Pro Miami. The act is pautado...\" \/>\n<meta name=\"robots\" content=\"index, follow, max-snippet:-1, max-image-preview:large, max-video-preview:-1\" \/>\n<link rel=\"canonical\" href=\"https:\/\/www.fcbarcelonanoticias.com\/en\/transfers\/the-barca-confirms-when-will-be-the-presentation-of-lewandowski_282371_102.html\" \/>\n<meta property=\"og:locale\" content=\"en_US\" \/>\n<meta property=\"og:type\" content=\"article\" \/>\n<meta property=\"og:title\" content=\"The Bar\u00e7a confirms when will be the presentation of Lewandowski\" \/>\n<meta property=\"og:description\" content=\"The FC Barcelona will present officially to Robert Lewandowski like new player blaugrana this Wednesday in the Bar\u00e7a Academy Pro Miami. The act is pautado...\" \/>\n<meta property=\"og:url\" content=\"https:\/\/www.fcbarcelonanoticias.com\/en\/transfers\/the-barca-confirms-when-will-be-the-presentation-of-lewandowski_282371_102.html\" \/>\n<meta property=\"og:site_name\" content=\"EN - FC Barcelona Noticias\" \/>\n<meta property=\"article:published_time\" content=\"2022-07-19T23:59:00+00:00\" \/>\n<meta property=\"og:image\" content=\"https:\/\/www.fcbarcelonanoticias.com\/en\/wp-content\/uploads\/sites\/2\/2022\/07\/robert-lewandowski-fc-barcelona.jpeg\" \/>\n\t<meta property=\"og:image:width\" content=\"1300\" \/>\n\t<meta property=\"og:image:height\" content=\"732\" \/>\n\t<meta property=\"og:image:type\" content=\"image\/jpeg\" \/>\n<meta name=\"author\" content=\"Andr\u00e9s Quiroz\" \/>\n<meta name=\"twitter:card\" content=\"summary_large_image\" \/>\n<meta name=\"twitter:label1\" content=\"Written by\" \/>\n\t<meta name=\"twitter:data1\" content=\"Andr\u00e9s Quiroz\" \/>\n\t<meta name=\"twitter:label2\" content=\"Est. reading time\" \/>\n\t<meta name=\"twitter:data2\" content=\"2 minutes\" \/>\n<script type=\"application\/ld+json\" class=\"yoast-schema-graph\">{\"@context\":\"https:\\\/\\\/schema.org\",\"@graph\":[{\"@type\":\"Article\",\"@id\":\"https:\\\/\\\/www.fcbarcelonanoticias.com\\\/en\\\/transfers\\\/the-barca-confirms-when-will-be-the-presentation-of-lewandowski_282371_102.html#article\",\"isPartOf\":{\"@id\":\"https:\\\/\\\/www.fcbarcelonanoticias.com\\\/en\\\/transfers\\\/the-barca-confirms-when-will-be-the-presentation-of-lewandowski_282371_102.html\"},\"author\":{\"name\":\"Andr\u00e9s Quiroz\",\"@id\":\"https:\\\/\\\/www.fcbarcelonanoticias.com\\\/en\\\/#\\\/schema\\\/person\\\/c2cd9f6fa1af5c0d0eccd0fefa575c88\"},\"headline\":\"The Bar\u00e7a confirms when will be the presentation of Lewandowski\",\"datePublished\":\"2022-07-19T23:59:00+00:00\",\"mainEntityOfPage\":{\"@id\":\"https:\\\/\\\/www.fcbarcelonanoticias.com\\\/en\\\/transfers\\\/the-barca-confirms-when-will-be-the-presentation-of-lewandowski_282371_102.html\"},\"wordCount\":455,\"image\":{\"@id\":\"https:\\\/\\\/www.fcbarcelonanoticias.com\\\/en\\\/transfers\\\/the-barca-confirms-when-will-be-the-presentation-of-lewandowski_282371_102.html#primaryimage\"},\"thumbnailUrl\":\"https:\\\/\\\/www.fcbarcelonanoticias.com\\\/en\\\/wp-content\\\/uploads\\\/sites\\\/2\\\/2022\\\/07\\\/robert-lewandowski-fc-barcelona.jpeg\",\"articleSection\":[\"Transfers\",\"Transfers\"],\"inLanguage\":\"en-US\"},{\"@type\":\"WebPage\",\"@id\":\"https:\\\/\\\/www.fcbarcelonanoticias.com\\\/en\\\/transfers\\\/the-barca-confirms-when-will-be-the-presentation-of-lewandowski_282371_102.html\",\"url\":\"https:\\\/\\\/www.fcbarcelonanoticias.com\\\/en\\\/transfers\\\/the-barca-confirms-when-will-be-the-presentation-of-lewandowski_282371_102.html\",\"name\":\"The Bar\u00e7a confirms when will be the presentation of Lewandowski\",\"isPartOf\":{\"@id\":\"https:\\\/\\\/www.fcbarcelonanoticias.com\\\/en\\\/#website\"},\"primaryImageOfPage\":{\"@id\":\"https:\\\/\\\/www.fcbarcelonanoticias.com\\\/en\\\/transfers\\\/the-barca-confirms-when-will-be-the-presentation-of-lewandowski_282371_102.html#primaryimage\"},\"image\":{\"@id\":\"https:\\\/\\\/www.fcbarcelonanoticias.com\\\/en\\\/transfers\\\/the-barca-confirms-when-will-be-the-presentation-of-lewandowski_282371_102.html#primaryimage\"},\"thumbnailUrl\":\"https:\\\/\\\/www.fcbarcelonanoticias.com\\\/en\\\/wp-content\\\/uploads\\\/sites\\\/2\\\/2022\\\/07\\\/robert-lewandowski-fc-barcelona.jpeg\",\"datePublished\":\"2022-07-19T23:59:00+00:00\",\"author\":{\"@id\":\"https:\\\/\\\/www.fcbarcelonanoticias.com\\\/en\\\/#\\\/schema\\\/person\\\/c2cd9f6fa1af5c0d0eccd0fefa575c88\"},\"description\":\"The FC Barcelona will present officially to Robert Lewandowski like new player blaugrana this Wednesday in the Bar\u00e7a Academy Pro Miami. The act is pautado...\",\"breadcrumb\":{\"@id\":\"https:\\\/\\\/www.fcbarcelonanoticias.com\\\/en\\\/transfers\\\/the-barca-confirms-when-will-be-the-presentation-of-lewandowski_282371_102.html#breadcrumb\"},\"inLanguage\":\"en-US\",\"potentialAction\":[{\"@type\":\"ReadAction\",\"target\":[\"https:\\\/\\\/www.fcbarcelonanoticias.com\\\/en\\\/transfers\\\/the-barca-confirms-when-will-be-the-presentation-of-lewandowski_282371_102.html\"]}]},{\"@type\":\"ImageObject\",\"inLanguage\":\"en-US\",\"@id\":\"https:\\\/\\\/www.fcbarcelonanoticias.com\\\/en\\\/transfers\\\/the-barca-confirms-when-will-be-the-presentation-of-lewandowski_282371_102.html#primaryimage\",\"url\":\"https:\\\/\\\/www.fcbarcelonanoticias.com\\\/en\\\/wp-content\\\/uploads\\\/sites\\\/2\\\/2022\\\/07\\\/robert-lewandowski-fc-barcelona.jpeg\",\"contentUrl\":\"https:\\\/\\\/www.fcbarcelonanoticias.com\\\/en\\\/wp-content\\\/uploads\\\/sites\\\/2\\\/2022\\\/07\\\/robert-lewandowski-fc-barcelona.jpeg\",\"width\":1300,\"height\":732},{\"@type\":\"BreadcrumbList\",\"@id\":\"https:\\\/\\\/www.fcbarcelonanoticias.com\\\/en\\\/transfers\\\/the-barca-confirms-when-will-be-the-presentation-of-lewandowski_282371_102.html#breadcrumb\",\"itemListElement\":[{\"@type\":\"ListItem\",\"position\":1,\"name\":\"Portada\",\"item\":\"https:\\\/\\\/www.fcbarcelonanoticias.com\\\/en\\\/\"},{\"@type\":\"ListItem\",\"position\":2,\"name\":\"The Bar\u00e7a confirms when will be the presentation of Lewandowski\"}]},{\"@type\":\"WebSite\",\"@id\":\"https:\\\/\\\/www.fcbarcelonanoticias.com\\\/en\\\/#website\",\"url\":\"https:\\\/\\\/www.fcbarcelonanoticias.com\\\/en\\\/\",\"name\":\"EN - FC Barcelona Noticias\",\"description\":\"\",\"potentialAction\":[{\"@type\":\"SearchAction\",\"target\":{\"@type\":\"EntryPoint\",\"urlTemplate\":\"https:\\\/\\\/www.fcbarcelonanoticias.com\\\/en\\\/?s={search_term_string}\"},\"query-input\":{\"@type\":\"PropertyValueSpecification\",\"valueRequired\":true,\"valueName\":\"search_term_string\"}}],\"inLanguage\":\"en-US\"},{\"@type\":\"Person\",\"@id\":\"https:\\\/\\\/www.fcbarcelonanoticias.com\\\/en\\\/#\\\/schema\\\/person\\\/c2cd9f6fa1af5c0d0eccd0fefa575c88\",\"name\":\"Andr\u00e9s Quiroz\",\"image\":{\"@type\":\"ImageObject\",\"inLanguage\":\"en-US\",\"@id\":\"https:\\\/\\\/secure.gravatar.com\\\/avatar\\\/?s=96&d=mm&r=g\",\"url\":\"https:\\\/\\\/secure.gravatar.com\\\/avatar\\\/?s=96&d=mm&r=g\",\"contentUrl\":\"https:\\\/\\\/secure.gravatar.com\\\/avatar\\\/?s=96&d=mm&r=g\",\"caption\":\"Andr\u00e9s Quiroz\"},\"description\":\"Licenciado en Periodismo por la Universidad de los Andes. Me encargo de analizar y compartir los contenidos m\u00e1s destacados de la\u00a0actualidad del F\u00fatbol Club Barcelona, Mercado de Fichajes y F\u00fatbol Internacional en FCBN. La informaci\u00f3n es poder, pero tambi\u00e9n conocimiento.\",\"url\":\"https:\\\/\\\/www.fcbarcelonanoticias.com\\\/en\\\/fc-barcelona\\\/andres-quiroz_17_115.html\"}]}<\/script>\n<!-- \/ Yoast SEO plugin. -->","yoast_head_json":{"title":"The Bar\u00e7a confirms when will be the presentation of Lewandowski","description":"The FC Barcelona will present officially to Robert Lewandowski like new player blaugrana this Wednesday in the Bar\u00e7a Academy Pro Miami. The act is pautado...","robots":{"index":"index","follow":"follow","max-snippet":"max-snippet:-1","max-image-preview":"max-image-preview:large","max-video-preview":"max-video-preview:-1"},"canonical":"https:\/\/www.fcbarcelonanoticias.com\/en\/transfers\/the-barca-confirms-when-will-be-the-presentation-of-lewandowski_282371_102.html","og_locale":"en_US","og_type":"article","og_title":"The Bar\u00e7a confirms when will be the presentation of Lewandowski","og_description":"The FC Barcelona will present officially to Robert Lewandowski like new player blaugrana this Wednesday in the Bar\u00e7a Academy Pro Miami. The act is pautado...","og_url":"https:\/\/www.fcbarcelonanoticias.com\/en\/transfers\/the-barca-confirms-when-will-be-the-presentation-of-lewandowski_282371_102.html","og_site_name":"EN - FC Barcelona Noticias","article_published_time":"2022-07-19T23:59:00+00:00","og_image":[{"width":1300,"height":732,"url":"https:\/\/www.fcbarcelonanoticias.com\/en\/wp-content\/uploads\/sites\/2\/2022\/07\/robert-lewandowski-fc-barcelona.jpeg","type":"image\/jpeg"}],"author":"Andr\u00e9s Quiroz","twitter_card":"summary_large_image","twitter_misc":{"Written by":"Andr\u00e9s Quiroz","Est. reading time":"2 minutes"},"schema":{"@context":"https:\/\/schema.org","@graph":[{"@type":"Article","@id":"https:\/\/www.fcbarcelonanoticias.com\/en\/transfers\/the-barca-confirms-when-will-be-the-presentation-of-lewandowski_282371_102.html#article","isPartOf":{"@id":"https:\/\/www.fcbarcelonanoticias.com\/en\/transfers\/the-barca-confirms-when-will-be-the-presentation-of-lewandowski_282371_102.html"},"author":{"name":"Andr\u00e9s Quiroz","@id":"https:\/\/www.fcbarcelonanoticias.com\/en\/#\/schema\/person\/c2cd9f6fa1af5c0d0eccd0fefa575c88"},"headline":"The Bar\u00e7a confirms when will be the presentation of Lewandowski","datePublished":"2022-07-19T23:59:00+00:00","mainEntityOfPage":{"@id":"https:\/\/www.fcbarcelonanoticias.com\/en\/transfers\/the-barca-confirms-when-will-be-the-presentation-of-lewandowski_282371_102.html"},"wordCount":455,"image":{"@id":"https:\/\/www.fcbarcelonanoticias.com\/en\/transfers\/the-barca-confirms-when-will-be-the-presentation-of-lewandowski_282371_102.html#primaryimage"},"thumbnailUrl":"https:\/\/www.fcbarcelonanoticias.com\/en\/wp-content\/uploads\/sites\/2\/2022\/07\/robert-lewandowski-fc-barcelona.jpeg","articleSection":["Transfers","Transfers"],"inLanguage":"en-US"},{"@type":"WebPage","@id":"https:\/\/www.fcbarcelonanoticias.com\/en\/transfers\/the-barca-confirms-when-will-be-the-presentation-of-lewandowski_282371_102.html","url":"https:\/\/www.fcbarcelonanoticias.com\/en\/transfers\/the-barca-confirms-when-will-be-the-presentation-of-lewandowski_282371_102.html","name":"The Bar\u00e7a confirms when will be the presentation of Lewandowski","isPartOf":{"@id":"https:\/\/www.fcbarcelonanoticias.com\/en\/#website"},"primaryImageOfPage":{"@id":"https:\/\/www.fcbarcelonanoticias.com\/en\/transfers\/the-barca-confirms-when-will-be-the-presentation-of-lewandowski_282371_102.html#primaryimage"},"image":{"@id":"https:\/\/www.fcbarcelonanoticias.com\/en\/transfers\/the-barca-confirms-when-will-be-the-presentation-of-lewandowski_282371_102.html#primaryimage"},"thumbnailUrl":"https:\/\/www.fcbarcelonanoticias.com\/en\/wp-content\/uploads\/sites\/2\/2022\/07\/robert-lewandowski-fc-barcelona.jpeg","datePublished":"2022-07-19T23:59:00+00:00","author":{"@id":"https:\/\/www.fcbarcelonanoticias.com\/en\/#\/schema\/person\/c2cd9f6fa1af5c0d0eccd0fefa575c88"},"description":"The FC Barcelona will present officially to Robert Lewandowski like new player blaugrana this Wednesday in the Bar\u00e7a Academy Pro Miami. The act is pautado...","breadcrumb":{"@id":"https:\/\/www.fcbarcelonanoticias.com\/en\/transfers\/the-barca-confirms-when-will-be-the-presentation-of-lewandowski_282371_102.html#breadcrumb"},"inLanguage":"en-US","potentialAction":[{"@type":"ReadAction","target":["https:\/\/www.fcbarcelonanoticias.com\/en\/transfers\/the-barca-confirms-when-will-be-the-presentation-of-lewandowski_282371_102.html"]}]},{"@type":"ImageObject","inLanguage":"en-US","@id":"https:\/\/www.fcbarcelonanoticias.com\/en\/transfers\/the-barca-confirms-when-will-be-the-presentation-of-lewandowski_282371_102.html#primaryimage","url":"https:\/\/www.fcbarcelonanoticias.com\/en\/wp-content\/uploads\/sites\/2\/2022\/07\/robert-lewandowski-fc-barcelona.jpeg","contentUrl":"https:\/\/www.fcbarcelonanoticias.com\/en\/wp-content\/uploads\/sites\/2\/2022\/07\/robert-lewandowski-fc-barcelona.jpeg","width":1300,"height":732},{"@type":"BreadcrumbList","@id":"https:\/\/www.fcbarcelonanoticias.com\/en\/transfers\/the-barca-confirms-when-will-be-the-presentation-of-lewandowski_282371_102.html#breadcrumb","itemListElement":[{"@type":"ListItem","position":1,"name":"Portada","item":"https:\/\/www.fcbarcelonanoticias.com\/en\/"},{"@type":"ListItem","position":2,"name":"The Bar\u00e7a confirms when will be the presentation of Lewandowski"}]},{"@type":"WebSite","@id":"https:\/\/www.fcbarcelonanoticias.com\/en\/#website","url":"https:\/\/www.fcbarcelonanoticias.com\/en\/","name":"EN - FC Barcelona Noticias","description":"","potentialAction":[{"@type":"SearchAction","target":{"@type":"EntryPoint","urlTemplate":"https:\/\/www.fcbarcelonanoticias.com\/en\/?s={search_term_string}"},"query-input":{"@type":"PropertyValueSpecification","valueRequired":true,"valueName":"search_term_string"}}],"inLanguage":"en-US"},{"@type":"Person","@id":"https:\/\/www.fcbarcelonanoticias.com\/en\/#\/schema\/person\/c2cd9f6fa1af5c0d0eccd0fefa575c88","name":"Andr\u00e9s Quiroz","image":{"@type":"ImageObject","inLanguage":"en-US","@id":"https:\/\/secure.gravatar.com\/avatar\/?s=96&d=mm&r=g","url":"https:\/\/secure.gravatar.com\/avatar\/?s=96&d=mm&r=g","contentUrl":"https:\/\/secure.gravatar.com\/avatar\/?s=96&d=mm&r=g","caption":"Andr\u00e9s Quiroz"},"description":"Licenciado en Periodismo por la Universidad de los Andes. Me encargo de analizar y compartir los contenidos m\u00e1s destacados de la\u00a0actualidad del F\u00fatbol Club Barcelona, Mercado de Fichajes y F\u00fatbol Internacional en FCBN. La informaci\u00f3n es poder, pero tambi\u00e9n conocimiento.","url":"https:\/\/www.fcbarcelonanoticias.com\/en\/fc-barcelona\/andres-quiroz_17_115.html"}]}},"_links":{"self":[{"href":"https:\/\/www.fcbarcelonanoticias.com\/en\/wp-json\/wp\/v2\/posts\/141730","targetHints":{"allow":["GET"]}}],"collection":[{"href":"https:\/\/www.fcbarcelonanoticias.com\/en\/wp-json\/wp\/v2\/posts"}],"about":[{"href":"https:\/\/www.fcbarcelonanoticias.com\/en\/wp-json\/wp\/v2\/types\/post"}],"author":[{"embeddable":true,"href":"https:\/\/www.fcbarcelonanoticias.com\/en\/wp-json\/wp\/v2\/users\/347"}],"replies":[{"embeddable":true,"href":"https:\/\/www.fcbarcelonanoticias.com\/en\/wp-json\/wp\/v2\/comments?post=141730"}],"version-history":[{"count":1,"href":"https:\/\/www.fcbarcelonanoticias.com\/en\/wp-json\/wp\/v2\/posts\/141730\/revisions"}],"predecessor-version":[{"id":154582,"href":"https:\/\/www.fcbarcelonanoticias.com\/en\/wp-json\/wp\/v2\/posts\/141730\/revisions\/154582"}],"wp:featuredmedia":[{"embeddable":true,"href":"https:\/\/www.fcbarcelonanoticias.com\/en\/wp-json\/wp\/v2\/media\/141732"}],"wp:attachment":[{"href":"https:\/\/www.fcbarcelonanoticias.com\/en\/wp-json\/wp\/v2\/media?parent=141730"}],"wp:term":[{"taxonomy":"category","embeddable":true,"href":"https:\/\/www.fcbarcelonanoticias.com\/en\/wp-json\/wp\/v2\/categories?post=141730"},{"taxonomy":"post_tag","embeddable":true,"href":"https:\/\/www.fcbarcelonanoticias.com\/en\/wp-json\/wp\/v2\/tags?post=141730"}],"curies":[{"name":"wp","href":"https:\/\/api.w.org\/{rel}","templated":true}]}}