{"id":141771,"date":"2022-06-23T02:43:00","date_gmt":"2022-06-23T00:43:00","guid":{"rendered":"https:\/\/weisetech.dev\/fc-barcelona-noticias\/en\/the-real-sociedad-goes-back-to-the-load-by-takefusa-kubo_281507_102\/"},"modified":"2022-06-23T02:43:00","modified_gmt":"2022-06-23T00:43:00","slug":"the-real-sociedad-goes-back-to-the-load-by-takefusa-kubo_281507_102","status":"publish","type":"post","link":"https:\/\/www.fcbarcelonanoticias.com\/en\/transfers\/the-real-sociedad-goes-back-to-the-load-by-takefusa-kubo_281507_102.html","title":{"rendered":"The Royal Society bids for the transfer of Takefusa Kubo"},"content":{"rendered":"<h2 class=\"wp-block-heading\">Takefusa Kubo will try his luck at another LaLiga club in 2022-23. The player owned by Real Madrid could go to Real Sociedad, a club that has already tried to sign him in the last two seasons. The &#8216;merengues&#8217; look for a transfer or a transfer<\/h2>  \r\n<div class=\"article-addons\">\r\n    <a href=\"https:\/\/www.fcbarcelonanoticias.com\/en\/calendar-fc-barcelona.html\"\r\n       target=\"_self\"\r\n       title=\"Calendar of FC Barcelona\"\r\n       class=\"blue-gredient-btn\">\r\n       \r\n        Calendar of FC Barcelona    <\/a>\r\n<\/div>   <p>The future of Takefusa Kubo follows linked to LaLiga. <strong>The canterano of the <a data-external=\"0\" data-intl-links-en=\"https:\/\/www.fcbarcelonanoticias.com\/en\/transfers\/operation-exit-doesn-t-finish-start-barcelona-begins-to-worry_281494_102.html\" data-intl-links-es=\"https:\/\/www.fcbarcelonanoticias.com\/fichajes\/operacion-salida-no-termina-arrancar-barcelona-empieza-preocuparse_281494_102.html\" href=\"https:\/\/www.fcbarcelonanoticias.com\/en\/transfers\/operation-exit-doesn-t-finish-start-barcelona-begins-to-worry_281494_102.html\" rel=\"follow\" target=\"_self\" title=\"La 'operaci\u00f3n salida' no termina de arrancar y el Bar\u00e7a empieza a preocuparse\">FC Barcelona<\/a> has agreement with the Real Madrid until June of 2025 and does not have place in the staff directed by Carlo Ancelotti<\/strong>, by what again will have to go out in quality of yielded this summer. In this sense, the Real Sociedad pretends fichar to the Japanese in property, in what it represents his third attempt for remaining with the one of Kawasaki after two attempts fallidos in 2020 and 2021.<\/p>  <p>It does a pair of seasons, <strong>the group &#8216;donostiarra&#8217; bid by Kubo, but the Madrid finish yielding him to the Villarreal<\/strong>. After six months for the forget in the &#8216;yellow Submarine&#8217; (19 parties, 1 goal and 3 assistances), the forward was transferred to the Getafe, where converted 1 goal and 1 assistance in 18 parties. <strong>In 2021, the group directed by Imanol Bailiff fracas\u00f3 again in his attempt by fichar to a Takefusa that finished returning to the Mallorca<\/strong>.<\/p>  <p>The Japanese already had contested a season in the Balearic group (the 2019-20) in which it saw action in 36 parties, adding 4 goals and 4 assistances. <strong>In the 2021-22, Kubo played 30 parties, converting 2 goals and 3 assistances that, at the end, helped to the ones of Javier Aguirre to act the miracle of the permanence<\/strong>. With the exits of Cristian Portuguese &#8216;Portu&#8217; and Adnan Januzaj, the Real looks for to reinforce his attack and the player of 21 years is the favourite of the technical body.<\/p>  <p>In the meantime, <strong>the <a data-external=\"0\" data-intl-links-en=\"https:\/\/www.fcbarcelonanoticias.com\/en\/transfers\/chelsea-thinks-in-central-of-the-madrid-for-replaces_281505_102.html\" data-intl-links-es=\"https:\/\/www.fcbarcelonanoticias.com\/fichajes\/chelsea-piensa-central-madrid-reemplazar-rudiger_281505_102.html\" href=\"https:\/\/www.fcbarcelonanoticias.com\/en\/transfers\/chelsea-thinks-in-central-of-the-madrid-for-replaces_281505_102.html\" rel=\"follow\" target=\"_self\" title=\"El Chelsea piensa en un central del Madrid para reemplazar a R\u00fcdiger\">Real Madrid<\/a> awaits by an offer convincente by the forward<\/strong>. The first option is a new cession by a year, without option of compulsory purchase. The second alternative aims to <strong>a traspaso by a mount near to the 10 million euros<\/strong>. As &#8216;MARK&#8217;, the club already refused a first offer of the Basques and, in case to sell, will save an option of repurchase &#8216;to low cost&#8217;, as they did with Casemiro in 2014 when the Brazilian left to the Carry.<\/p>  <h3>Kubo wants to follow playing in LaLiga<\/h3>  <p>Although the Japanese has received offers of Italian clubs and English, his priority is to follow playing in Spain. <strong>Takefusa Arrived to the Bar\u00e7a in 2011 and, after four years in The Masia, returned to his country with the FC Tokyo<\/strong>. The Madrid him fich\u00f3 &#8216;to cost zero&#8217; in the summer of 2019 and has perceived around 3.5 million euros by the cessions of the forward. For Kubo, the priority is fichar by a club where have options to be headline, since his aim is to arrive in full form to the World-wide of Catar 2022.<\/p> ","protected":false},"excerpt":{"rendered":"<p>Takefusa Kubo will try his luck at another LaLiga club in 2022-23. The player owned by Real Madrid could go to Real Sociedad, a club that has already tried to sign him in the last two seasons. The &#8216;merengues&#8217; look for a transfer or a transfer The future of Takefusa Kubo follows linked to LaLiga. [&hellip;]<\/p>\n","protected":false},"author":347,"featured_media":141776,"comment_status":"closed","ping_status":"open","sticky":false,"template":"","format":"standard","meta":{"_acf_changed":false,"inline_featured_image":false,"_nextfly_llmd_date_locked":false,"footnotes":""},"categories":[106,449],"tags":[72],"class_list":["post-141771","post","type-post","status-publish","format-standard","has-post-thumbnail","hentry","category-transfers","category-transfers-2","tag-real-sociedad"],"acf":[],"yoast_head":"<!-- This site is optimized with the Yoast SEO plugin v27.3 - https:\/\/yoast.com\/product\/yoast-seo-wordpress\/ -->\n<title>The Real Sociedad goes back to the load by Takefusa Kubo<\/title>\n<meta name=\"description\" content=\"Takefusa Kubo will test luck in another club of LaLiga in the 2022-23. The player property of the Real Madrid could leave to the Real Sociedad, club that already inte...\" \/>\n<meta name=\"robots\" content=\"index, follow, max-snippet:-1, max-image-preview:large, max-video-preview:-1\" \/>\n<link rel=\"canonical\" href=\"https:\/\/www.fcbarcelonanoticias.com\/en\/transfers\/the-real-sociedad-goes-back-to-the-load-by-takefusa-kubo_281507_102.html\" \/>\n<meta property=\"og:locale\" content=\"en_US\" \/>\n<meta property=\"og:type\" content=\"article\" \/>\n<meta property=\"og:title\" content=\"The Real Sociedad goes back to the load by Takefusa Kubo\" \/>\n<meta property=\"og:description\" content=\"Takefusa Kubo will test luck in another club of LaLiga in the 2022-23. The player property of the Real Madrid could leave to the Real Sociedad, club that already inte...\" \/>\n<meta property=\"og:url\" content=\"https:\/\/www.fcbarcelonanoticias.com\/en\/transfers\/the-real-sociedad-goes-back-to-the-load-by-takefusa-kubo_281507_102.html\" \/>\n<meta property=\"og:site_name\" content=\"EN - FC Barcelona Noticias\" \/>\n<meta property=\"article:published_time\" content=\"2022-06-23T00:43:00+00:00\" \/>\n<meta property=\"og:image\" content=\"https:\/\/www.fcbarcelonanoticias.com\/en\/wp-content\/uploads\/sites\/2\/2022\/06\/takefusa-kubo-japon.jpeg\" \/>\n\t<meta property=\"og:image:width\" content=\"1300\" \/>\n\t<meta property=\"og:image:height\" content=\"732\" \/>\n\t<meta property=\"og:image:type\" content=\"image\/jpeg\" \/>\n<meta name=\"author\" content=\"Andr\u00e9s Quiroz\" \/>\n<meta name=\"twitter:card\" content=\"summary_large_image\" \/>\n<meta name=\"twitter:label1\" content=\"Written by\" \/>\n\t<meta name=\"twitter:data1\" content=\"Andr\u00e9s Quiroz\" \/>\n\t<meta name=\"twitter:label2\" content=\"Est. reading time\" \/>\n\t<meta name=\"twitter:data2\" content=\"2 minutes\" \/>\n<script type=\"application\/ld+json\" class=\"yoast-schema-graph\">{\"@context\":\"https:\\\/\\\/schema.org\",\"@graph\":[{\"@type\":\"Article\",\"@id\":\"https:\\\/\\\/www.fcbarcelonanoticias.com\\\/en\\\/transfers\\\/the-real-sociedad-goes-back-to-the-load-by-takefusa-kubo_281507_102.html#article\",\"isPartOf\":{\"@id\":\"https:\\\/\\\/www.fcbarcelonanoticias.com\\\/en\\\/transfers\\\/the-real-sociedad-goes-back-to-the-load-by-takefusa-kubo_281507_102.html\"},\"author\":{\"name\":\"Andr\u00e9s Quiroz\",\"@id\":\"https:\\\/\\\/www.fcbarcelonanoticias.com\\\/en\\\/#\\\/schema\\\/person\\\/c2cd9f6fa1af5c0d0eccd0fefa575c88\"},\"headline\":\"The Royal Society bids for the transfer of Takefusa Kubo\",\"datePublished\":\"2022-06-23T00:43:00+00:00\",\"mainEntityOfPage\":{\"@id\":\"https:\\\/\\\/www.fcbarcelonanoticias.com\\\/en\\\/transfers\\\/the-real-sociedad-goes-back-to-the-load-by-takefusa-kubo_281507_102.html\"},\"wordCount\":476,\"image\":{\"@id\":\"https:\\\/\\\/www.fcbarcelonanoticias.com\\\/en\\\/transfers\\\/the-real-sociedad-goes-back-to-the-load-by-takefusa-kubo_281507_102.html#primaryimage\"},\"thumbnailUrl\":\"https:\\\/\\\/www.fcbarcelonanoticias.com\\\/en\\\/wp-content\\\/uploads\\\/sites\\\/2\\\/2022\\\/06\\\/takefusa-kubo-japon.jpeg\",\"keywords\":[\"Real Sociedad\"],\"articleSection\":[\"Transfers\",\"Transfers\"],\"inLanguage\":\"en-US\"},{\"@type\":\"WebPage\",\"@id\":\"https:\\\/\\\/www.fcbarcelonanoticias.com\\\/en\\\/transfers\\\/the-real-sociedad-goes-back-to-the-load-by-takefusa-kubo_281507_102.html\",\"url\":\"https:\\\/\\\/www.fcbarcelonanoticias.com\\\/en\\\/transfers\\\/the-real-sociedad-goes-back-to-the-load-by-takefusa-kubo_281507_102.html\",\"name\":\"The Real Sociedad goes back to the load by Takefusa Kubo\",\"isPartOf\":{\"@id\":\"https:\\\/\\\/www.fcbarcelonanoticias.com\\\/en\\\/#website\"},\"primaryImageOfPage\":{\"@id\":\"https:\\\/\\\/www.fcbarcelonanoticias.com\\\/en\\\/transfers\\\/the-real-sociedad-goes-back-to-the-load-by-takefusa-kubo_281507_102.html#primaryimage\"},\"image\":{\"@id\":\"https:\\\/\\\/www.fcbarcelonanoticias.com\\\/en\\\/transfers\\\/the-real-sociedad-goes-back-to-the-load-by-takefusa-kubo_281507_102.html#primaryimage\"},\"thumbnailUrl\":\"https:\\\/\\\/www.fcbarcelonanoticias.com\\\/en\\\/wp-content\\\/uploads\\\/sites\\\/2\\\/2022\\\/06\\\/takefusa-kubo-japon.jpeg\",\"datePublished\":\"2022-06-23T00:43:00+00:00\",\"author\":{\"@id\":\"https:\\\/\\\/www.fcbarcelonanoticias.com\\\/en\\\/#\\\/schema\\\/person\\\/c2cd9f6fa1af5c0d0eccd0fefa575c88\"},\"description\":\"Takefusa Kubo will test luck in another club of LaLiga in the 2022-23. The player property of the Real Madrid could leave to the Real Sociedad, club that already inte...\",\"breadcrumb\":{\"@id\":\"https:\\\/\\\/www.fcbarcelonanoticias.com\\\/en\\\/transfers\\\/the-real-sociedad-goes-back-to-the-load-by-takefusa-kubo_281507_102.html#breadcrumb\"},\"inLanguage\":\"en-US\",\"potentialAction\":[{\"@type\":\"ReadAction\",\"target\":[\"https:\\\/\\\/www.fcbarcelonanoticias.com\\\/en\\\/transfers\\\/the-real-sociedad-goes-back-to-the-load-by-takefusa-kubo_281507_102.html\"]}]},{\"@type\":\"ImageObject\",\"inLanguage\":\"en-US\",\"@id\":\"https:\\\/\\\/www.fcbarcelonanoticias.com\\\/en\\\/transfers\\\/the-real-sociedad-goes-back-to-the-load-by-takefusa-kubo_281507_102.html#primaryimage\",\"url\":\"https:\\\/\\\/www.fcbarcelonanoticias.com\\\/en\\\/wp-content\\\/uploads\\\/sites\\\/2\\\/2022\\\/06\\\/takefusa-kubo-japon.jpeg\",\"contentUrl\":\"https:\\\/\\\/www.fcbarcelonanoticias.com\\\/en\\\/wp-content\\\/uploads\\\/sites\\\/2\\\/2022\\\/06\\\/takefusa-kubo-japon.jpeg\",\"width\":1300,\"height\":732},{\"@type\":\"BreadcrumbList\",\"@id\":\"https:\\\/\\\/www.fcbarcelonanoticias.com\\\/en\\\/transfers\\\/the-real-sociedad-goes-back-to-the-load-by-takefusa-kubo_281507_102.html#breadcrumb\",\"itemListElement\":[{\"@type\":\"ListItem\",\"position\":1,\"name\":\"Portada\",\"item\":\"https:\\\/\\\/www.fcbarcelonanoticias.com\\\/en\\\/\"},{\"@type\":\"ListItem\",\"position\":2,\"name\":\"The Royal Society bids for the transfer of Takefusa Kubo\"}]},{\"@type\":\"WebSite\",\"@id\":\"https:\\\/\\\/www.fcbarcelonanoticias.com\\\/en\\\/#website\",\"url\":\"https:\\\/\\\/www.fcbarcelonanoticias.com\\\/en\\\/\",\"name\":\"EN - FC Barcelona Noticias\",\"description\":\"\",\"potentialAction\":[{\"@type\":\"SearchAction\",\"target\":{\"@type\":\"EntryPoint\",\"urlTemplate\":\"https:\\\/\\\/www.fcbarcelonanoticias.com\\\/en\\\/?s={search_term_string}\"},\"query-input\":{\"@type\":\"PropertyValueSpecification\",\"valueRequired\":true,\"valueName\":\"search_term_string\"}}],\"inLanguage\":\"en-US\"},{\"@type\":\"Person\",\"@id\":\"https:\\\/\\\/www.fcbarcelonanoticias.com\\\/en\\\/#\\\/schema\\\/person\\\/c2cd9f6fa1af5c0d0eccd0fefa575c88\",\"name\":\"Andr\u00e9s Quiroz\",\"image\":{\"@type\":\"ImageObject\",\"inLanguage\":\"en-US\",\"@id\":\"https:\\\/\\\/secure.gravatar.com\\\/avatar\\\/?s=96&d=mm&r=g\",\"url\":\"https:\\\/\\\/secure.gravatar.com\\\/avatar\\\/?s=96&d=mm&r=g\",\"contentUrl\":\"https:\\\/\\\/secure.gravatar.com\\\/avatar\\\/?s=96&d=mm&r=g\",\"caption\":\"Andr\u00e9s Quiroz\"},\"description\":\"Licenciado en Periodismo por la Universidad de los Andes. Me encargo de analizar y compartir los contenidos m\u00e1s destacados de la\u00a0actualidad del F\u00fatbol Club Barcelona, Mercado de Fichajes y F\u00fatbol Internacional en FCBN. La informaci\u00f3n es poder, pero tambi\u00e9n conocimiento.\",\"url\":\"https:\\\/\\\/www.fcbarcelonanoticias.com\\\/en\\\/fc-barcelona\\\/andres-quiroz_17_115.html\"}]}<\/script>\n<!-- \/ Yoast SEO plugin. -->","yoast_head_json":{"title":"The Real Sociedad goes back to the load by Takefusa Kubo","description":"Takefusa Kubo will test luck in another club of LaLiga in the 2022-23. The player property of the Real Madrid could leave to the Real Sociedad, club that already inte...","robots":{"index":"index","follow":"follow","max-snippet":"max-snippet:-1","max-image-preview":"max-image-preview:large","max-video-preview":"max-video-preview:-1"},"canonical":"https:\/\/www.fcbarcelonanoticias.com\/en\/transfers\/the-real-sociedad-goes-back-to-the-load-by-takefusa-kubo_281507_102.html","og_locale":"en_US","og_type":"article","og_title":"The Real Sociedad goes back to the load by Takefusa Kubo","og_description":"Takefusa Kubo will test luck in another club of LaLiga in the 2022-23. The player property of the Real Madrid could leave to the Real Sociedad, club that already inte...","og_url":"https:\/\/www.fcbarcelonanoticias.com\/en\/transfers\/the-real-sociedad-goes-back-to-the-load-by-takefusa-kubo_281507_102.html","og_site_name":"EN - FC Barcelona Noticias","article_published_time":"2022-06-23T00:43:00+00:00","og_image":[{"width":1300,"height":732,"url":"https:\/\/www.fcbarcelonanoticias.com\/en\/wp-content\/uploads\/sites\/2\/2022\/06\/takefusa-kubo-japon.jpeg","type":"image\/jpeg"}],"author":"Andr\u00e9s Quiroz","twitter_card":"summary_large_image","twitter_misc":{"Written by":"Andr\u00e9s Quiroz","Est. reading time":"2 minutes"},"schema":{"@context":"https:\/\/schema.org","@graph":[{"@type":"Article","@id":"https:\/\/www.fcbarcelonanoticias.com\/en\/transfers\/the-real-sociedad-goes-back-to-the-load-by-takefusa-kubo_281507_102.html#article","isPartOf":{"@id":"https:\/\/www.fcbarcelonanoticias.com\/en\/transfers\/the-real-sociedad-goes-back-to-the-load-by-takefusa-kubo_281507_102.html"},"author":{"name":"Andr\u00e9s Quiroz","@id":"https:\/\/www.fcbarcelonanoticias.com\/en\/#\/schema\/person\/c2cd9f6fa1af5c0d0eccd0fefa575c88"},"headline":"The Royal Society bids for the transfer of Takefusa Kubo","datePublished":"2022-06-23T00:43:00+00:00","mainEntityOfPage":{"@id":"https:\/\/www.fcbarcelonanoticias.com\/en\/transfers\/the-real-sociedad-goes-back-to-the-load-by-takefusa-kubo_281507_102.html"},"wordCount":476,"image":{"@id":"https:\/\/www.fcbarcelonanoticias.com\/en\/transfers\/the-real-sociedad-goes-back-to-the-load-by-takefusa-kubo_281507_102.html#primaryimage"},"thumbnailUrl":"https:\/\/www.fcbarcelonanoticias.com\/en\/wp-content\/uploads\/sites\/2\/2022\/06\/takefusa-kubo-japon.jpeg","keywords":["Real Sociedad"],"articleSection":["Transfers","Transfers"],"inLanguage":"en-US"},{"@type":"WebPage","@id":"https:\/\/www.fcbarcelonanoticias.com\/en\/transfers\/the-real-sociedad-goes-back-to-the-load-by-takefusa-kubo_281507_102.html","url":"https:\/\/www.fcbarcelonanoticias.com\/en\/transfers\/the-real-sociedad-goes-back-to-the-load-by-takefusa-kubo_281507_102.html","name":"The Real Sociedad goes back to the load by Takefusa Kubo","isPartOf":{"@id":"https:\/\/www.fcbarcelonanoticias.com\/en\/#website"},"primaryImageOfPage":{"@id":"https:\/\/www.fcbarcelonanoticias.com\/en\/transfers\/the-real-sociedad-goes-back-to-the-load-by-takefusa-kubo_281507_102.html#primaryimage"},"image":{"@id":"https:\/\/www.fcbarcelonanoticias.com\/en\/transfers\/the-real-sociedad-goes-back-to-the-load-by-takefusa-kubo_281507_102.html#primaryimage"},"thumbnailUrl":"https:\/\/www.fcbarcelonanoticias.com\/en\/wp-content\/uploads\/sites\/2\/2022\/06\/takefusa-kubo-japon.jpeg","datePublished":"2022-06-23T00:43:00+00:00","author":{"@id":"https:\/\/www.fcbarcelonanoticias.com\/en\/#\/schema\/person\/c2cd9f6fa1af5c0d0eccd0fefa575c88"},"description":"Takefusa Kubo will test luck in another club of LaLiga in the 2022-23. The player property of the Real Madrid could leave to the Real Sociedad, club that already inte...","breadcrumb":{"@id":"https:\/\/www.fcbarcelonanoticias.com\/en\/transfers\/the-real-sociedad-goes-back-to-the-load-by-takefusa-kubo_281507_102.html#breadcrumb"},"inLanguage":"en-US","potentialAction":[{"@type":"ReadAction","target":["https:\/\/www.fcbarcelonanoticias.com\/en\/transfers\/the-real-sociedad-goes-back-to-the-load-by-takefusa-kubo_281507_102.html"]}]},{"@type":"ImageObject","inLanguage":"en-US","@id":"https:\/\/www.fcbarcelonanoticias.com\/en\/transfers\/the-real-sociedad-goes-back-to-the-load-by-takefusa-kubo_281507_102.html#primaryimage","url":"https:\/\/www.fcbarcelonanoticias.com\/en\/wp-content\/uploads\/sites\/2\/2022\/06\/takefusa-kubo-japon.jpeg","contentUrl":"https:\/\/www.fcbarcelonanoticias.com\/en\/wp-content\/uploads\/sites\/2\/2022\/06\/takefusa-kubo-japon.jpeg","width":1300,"height":732},{"@type":"BreadcrumbList","@id":"https:\/\/www.fcbarcelonanoticias.com\/en\/transfers\/the-real-sociedad-goes-back-to-the-load-by-takefusa-kubo_281507_102.html#breadcrumb","itemListElement":[{"@type":"ListItem","position":1,"name":"Portada","item":"https:\/\/www.fcbarcelonanoticias.com\/en\/"},{"@type":"ListItem","position":2,"name":"The Royal Society bids for the transfer of Takefusa Kubo"}]},{"@type":"WebSite","@id":"https:\/\/www.fcbarcelonanoticias.com\/en\/#website","url":"https:\/\/www.fcbarcelonanoticias.com\/en\/","name":"EN - FC Barcelona Noticias","description":"","potentialAction":[{"@type":"SearchAction","target":{"@type":"EntryPoint","urlTemplate":"https:\/\/www.fcbarcelonanoticias.com\/en\/?s={search_term_string}"},"query-input":{"@type":"PropertyValueSpecification","valueRequired":true,"valueName":"search_term_string"}}],"inLanguage":"en-US"},{"@type":"Person","@id":"https:\/\/www.fcbarcelonanoticias.com\/en\/#\/schema\/person\/c2cd9f6fa1af5c0d0eccd0fefa575c88","name":"Andr\u00e9s Quiroz","image":{"@type":"ImageObject","inLanguage":"en-US","@id":"https:\/\/secure.gravatar.com\/avatar\/?s=96&d=mm&r=g","url":"https:\/\/secure.gravatar.com\/avatar\/?s=96&d=mm&r=g","contentUrl":"https:\/\/secure.gravatar.com\/avatar\/?s=96&d=mm&r=g","caption":"Andr\u00e9s Quiroz"},"description":"Licenciado en Periodismo por la Universidad de los Andes. Me encargo de analizar y compartir los contenidos m\u00e1s destacados de la\u00a0actualidad del F\u00fatbol Club Barcelona, Mercado de Fichajes y F\u00fatbol Internacional en FCBN. La informaci\u00f3n es poder, pero tambi\u00e9n conocimiento.","url":"https:\/\/www.fcbarcelonanoticias.com\/en\/fc-barcelona\/andres-quiroz_17_115.html"}]}},"_links":{"self":[{"href":"https:\/\/www.fcbarcelonanoticias.com\/en\/wp-json\/wp\/v2\/posts\/141771","targetHints":{"allow":["GET"]}}],"collection":[{"href":"https:\/\/www.fcbarcelonanoticias.com\/en\/wp-json\/wp\/v2\/posts"}],"about":[{"href":"https:\/\/www.fcbarcelonanoticias.com\/en\/wp-json\/wp\/v2\/types\/post"}],"author":[{"embeddable":true,"href":"https:\/\/www.fcbarcelonanoticias.com\/en\/wp-json\/wp\/v2\/users\/347"}],"replies":[{"embeddable":true,"href":"https:\/\/www.fcbarcelonanoticias.com\/en\/wp-json\/wp\/v2\/comments?post=141771"}],"version-history":[{"count":1,"href":"https:\/\/www.fcbarcelonanoticias.com\/en\/wp-json\/wp\/v2\/posts\/141771\/revisions"}],"predecessor-version":[{"id":154371,"href":"https:\/\/www.fcbarcelonanoticias.com\/en\/wp-json\/wp\/v2\/posts\/141771\/revisions\/154371"}],"wp:featuredmedia":[{"embeddable":true,"href":"https:\/\/www.fcbarcelonanoticias.com\/en\/wp-json\/wp\/v2\/media\/141776"}],"wp:attachment":[{"href":"https:\/\/www.fcbarcelonanoticias.com\/en\/wp-json\/wp\/v2\/media?parent=141771"}],"wp:term":[{"taxonomy":"category","embeddable":true,"href":"https:\/\/www.fcbarcelonanoticias.com\/en\/wp-json\/wp\/v2\/categories?post=141771"},{"taxonomy":"post_tag","embeddable":true,"href":"https:\/\/www.fcbarcelonanoticias.com\/en\/wp-json\/wp\/v2\/tags?post=141771"}],"curies":[{"name":"wp","href":"https:\/\/api.w.org\/{rel}","templated":true}]}}