{"id":141850,"date":"2024-11-19T17:22:00","date_gmt":"2024-11-19T16:22:00","guid":{"rendered":"https:\/\/weisetech.dev\/fc-barcelona-noticias\/en\/the-goalkeeping-legend-who-could-have-signed-for-fc-barcelona_308716_102\/"},"modified":"2024-11-20T04:37:00","modified_gmt":"2024-11-20T03:37:00","slug":"the-goalkeeping-legend-who-could-have-signed-for-fc-barcelona_308716_102","status":"publish","type":"post","link":"https:\/\/www.fcbarcelonanoticias.com\/en\/transfers\/the-goalkeeping-legend-who-could-have-signed-for-fc-barcelona_308716_102.html","title":{"rendered":"The goalkeeping legend who could have signed for FC Barcelona"},"content":{"rendered":"<h2 class=\"wp-block-heading\">Gianluigi Buffon confessed that he could have signed for Bar\u00e7a before signing his return to Parma in 2021<\/h2>  \r\n<div class=\"article-addons\">\r\n    <a href=\"https:\/\/www.fcbarcelonanoticias.com\/en\/calendar-fc-barcelona.html\"\r\n       target=\"_self\"\r\n       title=\"Calendar of FC Barcelona\"\r\n       class=\"blue-gredient-btn\">\r\n       \r\n        Calendar of FC Barcelona    <\/a>\r\n<\/div>   <p><strong>Gianluigi Buffon<\/strong>, a legend of Italian and world football, gave an interview to &#8216;Corriere della Sera&#8217; as part of the presentation of his autobiography &#8216;Falling, getting up, falling, getting up&#8217;. The former goalkeeper of teams such as <strong>Juventus <\/strong>or <strong>PSG<\/strong>, in addition to reviewing some details of his career, spoke about the possibility of playing for <strong>FC Barcelona <\/strong>after finishing his time in Turin.<\/p>  <p>&#8220;President Gravina offered me a farewell match, but I didn&#8217;t want to. Gasperini wrote to me that with him at Atalanta we would have won the Champions League, but Pirlo convinced me to stay at Juve. Then, <strong>I had an offer from Bar\u00e7a as second goalkeeper, and I liked the idea of \u200b\u200bplaying with Messi after Cristiano<\/strong>,&#8221; confessed &#8216;Gigi&#8217;.<\/p>  <h3>Buffon rejected the offer from Bar\u00e7a<\/h3>  <p>However, <strong>Buffon <\/strong>decided to &#8216;pass&#8217; on the Bar\u00e7a proposal for a curious reason. &#8220;One day I was driving and on the radio came a song that I love and that I hadn&#8217;t heard for 10 years, &#8216;Bella&#8217; by Jovanotti. <strong>I looked up and saw the toll booth at Parma. It was a sign: closing where it all began<\/strong>,&#8221; he recalled.<\/p>  <p>Thus, the historic Italian goalkeeper headed to the <strong>Ennio Tardini<\/strong> 20 years after his departure to end a successful career in which he won, among other things, the 2006 World Cup with the &#8216;azzurri&#8217;, rejecting the opportunity to play at a <a data-external=\"0\" data-intl-links-en=\"https:\/\/www.fcbarcelonanoticias.com\/en\/fc-barcelona\/stay-montjuic-is-extended-barca-defines-return-date-camp-nou_308617_102.html\" data-intl-links-es=\"https:\/\/www.fcbarcelonanoticias.com\/fc-barcelona\/estadia-montjuic-se-alarga-barca-define-fecha-regreso-camp-nou_308617_102.html\" href=\"https:\/\/www.fcbarcelonanoticias.com\/en\/fc-barcelona\/stay-montjuic-is-extended-barca-defines-return-date-camp-nou_308617_102.html\" rel=\"follow\" target=\"_self\" title=\"The stay in Montj\u00fcic is extended! Bar\u00e7a defines the date of return to the Camp Nou\">Spotify Camp Nou<\/a> that would have loved to enjoy a true goalkeeping legend.<\/p> ","protected":false},"excerpt":{"rendered":"<p>Gianluigi Buffon confessed that he could have signed for Bar\u00e7a before signing his return to Parma in 2021 Gianluigi Buffon, a legend of Italian and world football, gave an interview to &#8216;Corriere della Sera&#8217; as part of the presentation of his autobiography &#8216;Falling, getting up, falling, getting up&#8217;. The former goalkeeper of teams such as [&hellip;]<\/p>\n","protected":false},"author":358,"featured_media":141852,"comment_status":"closed","ping_status":"open","sticky":false,"template":"","format":"standard","meta":{"_acf_changed":false,"inline_featured_image":false,"_nextfly_llmd_date_locked":false,"footnotes":""},"categories":[106,449],"tags":[105],"class_list":["post-141850","post","type-post","status-publish","format-standard","has-post-thumbnail","hentry","category-transfers","category-transfers-2","tag-juventus"],"acf":[],"yoast_head":"<!-- This site is optimized with the Yoast SEO plugin v27.3 - https:\/\/yoast.com\/product\/yoast-seo-wordpress\/ -->\n<title>The goalkeeping legend who could have signed for FC Barcelona<\/title>\n<meta name=\"description\" content=\"Gianluigi Buffon confessed that he could have signed for Bar\u00e7a before signing his return to Parma in 2021\" \/>\n<meta name=\"robots\" content=\"index, follow, max-snippet:-1, max-image-preview:large, max-video-preview:-1\" \/>\n<link rel=\"canonical\" href=\"https:\/\/www.fcbarcelonanoticias.com\/en\/transfers\/the-goalkeeping-legend-who-could-have-signed-for-fc-barcelona_308716_102.html\" \/>\n<meta property=\"og:locale\" content=\"en_US\" \/>\n<meta property=\"og:type\" content=\"article\" \/>\n<meta property=\"og:title\" content=\"The goalkeeping legend who could have signed for FC Barcelona\" \/>\n<meta property=\"og:description\" content=\"Gianluigi Buffon confessed that he could have signed for Bar\u00e7a before signing his return to Parma in 2021\" \/>\n<meta property=\"og:url\" content=\"https:\/\/www.fcbarcelonanoticias.com\/en\/transfers\/the-goalkeeping-legend-who-could-have-signed-for-fc-barcelona_308716_102.html\" \/>\n<meta property=\"og:site_name\" content=\"EN - FC Barcelona Noticias\" \/>\n<meta property=\"article:published_time\" content=\"2024-11-19T16:22:00+00:00\" \/>\n<meta property=\"article:modified_time\" content=\"2024-11-20T03:37:00+00:00\" \/>\n<meta property=\"og:image\" content=\"https:\/\/www.fcbarcelonanoticias.com\/en\/wp-content\/uploads\/sites\/2\/2024\/11\/gianluigi-buffon-neuer-1.jpeg\" \/>\n\t<meta property=\"og:image:width\" content=\"1250\" \/>\n\t<meta property=\"og:image:height\" content=\"730\" \/>\n\t<meta property=\"og:image:type\" content=\"image\/jpeg\" \/>\n<meta name=\"author\" content=\"Juan Pablo Berdugo\" \/>\n<meta name=\"twitter:card\" content=\"summary_large_image\" \/>\n<meta name=\"twitter:label1\" content=\"Written by\" \/>\n\t<meta name=\"twitter:data1\" content=\"Juan Pablo Berdugo\" \/>\n\t<meta name=\"twitter:label2\" content=\"Est. reading time\" \/>\n\t<meta name=\"twitter:data2\" content=\"1 minute\" \/>\n<script type=\"application\/ld+json\" class=\"yoast-schema-graph\">{\"@context\":\"https:\\\/\\\/schema.org\",\"@graph\":[{\"@type\":\"Article\",\"@id\":\"https:\\\/\\\/www.fcbarcelonanoticias.com\\\/en\\\/transfers\\\/the-goalkeeping-legend-who-could-have-signed-for-fc-barcelona_308716_102.html#article\",\"isPartOf\":{\"@id\":\"https:\\\/\\\/www.fcbarcelonanoticias.com\\\/en\\\/transfers\\\/the-goalkeeping-legend-who-could-have-signed-for-fc-barcelona_308716_102.html\"},\"author\":{\"name\":\"Juan Pablo Berdugo\",\"@id\":\"https:\\\/\\\/www.fcbarcelonanoticias.com\\\/en\\\/#\\\/schema\\\/person\\\/88d756918a0a1ae9fa593b5edddd1815\"},\"headline\":\"The goalkeeping legend who could have signed for FC Barcelona\",\"datePublished\":\"2024-11-19T16:22:00+00:00\",\"dateModified\":\"2024-11-20T03:37:00+00:00\",\"mainEntityOfPage\":{\"@id\":\"https:\\\/\\\/www.fcbarcelonanoticias.com\\\/en\\\/transfers\\\/the-goalkeeping-legend-who-could-have-signed-for-fc-barcelona_308716_102.html\"},\"wordCount\":273,\"image\":{\"@id\":\"https:\\\/\\\/www.fcbarcelonanoticias.com\\\/en\\\/transfers\\\/the-goalkeeping-legend-who-could-have-signed-for-fc-barcelona_308716_102.html#primaryimage\"},\"thumbnailUrl\":\"https:\\\/\\\/www.fcbarcelonanoticias.com\\\/en\\\/wp-content\\\/uploads\\\/sites\\\/2\\\/2024\\\/11\\\/gianluigi-buffon-neuer-1.jpeg\",\"keywords\":[\"Juventus\"],\"articleSection\":[\"Transfers\",\"Transfers\"],\"inLanguage\":\"en-US\"},{\"@type\":\"WebPage\",\"@id\":\"https:\\\/\\\/www.fcbarcelonanoticias.com\\\/en\\\/transfers\\\/the-goalkeeping-legend-who-could-have-signed-for-fc-barcelona_308716_102.html\",\"url\":\"https:\\\/\\\/www.fcbarcelonanoticias.com\\\/en\\\/transfers\\\/the-goalkeeping-legend-who-could-have-signed-for-fc-barcelona_308716_102.html\",\"name\":\"The goalkeeping legend who could have signed for FC Barcelona\",\"isPartOf\":{\"@id\":\"https:\\\/\\\/www.fcbarcelonanoticias.com\\\/en\\\/#website\"},\"primaryImageOfPage\":{\"@id\":\"https:\\\/\\\/www.fcbarcelonanoticias.com\\\/en\\\/transfers\\\/the-goalkeeping-legend-who-could-have-signed-for-fc-barcelona_308716_102.html#primaryimage\"},\"image\":{\"@id\":\"https:\\\/\\\/www.fcbarcelonanoticias.com\\\/en\\\/transfers\\\/the-goalkeeping-legend-who-could-have-signed-for-fc-barcelona_308716_102.html#primaryimage\"},\"thumbnailUrl\":\"https:\\\/\\\/www.fcbarcelonanoticias.com\\\/en\\\/wp-content\\\/uploads\\\/sites\\\/2\\\/2024\\\/11\\\/gianluigi-buffon-neuer-1.jpeg\",\"datePublished\":\"2024-11-19T16:22:00+00:00\",\"dateModified\":\"2024-11-20T03:37:00+00:00\",\"author\":{\"@id\":\"https:\\\/\\\/www.fcbarcelonanoticias.com\\\/en\\\/#\\\/schema\\\/person\\\/88d756918a0a1ae9fa593b5edddd1815\"},\"description\":\"Gianluigi Buffon confessed that he could have signed for Bar\u00e7a before signing his return to Parma in 2021\",\"breadcrumb\":{\"@id\":\"https:\\\/\\\/www.fcbarcelonanoticias.com\\\/en\\\/transfers\\\/the-goalkeeping-legend-who-could-have-signed-for-fc-barcelona_308716_102.html#breadcrumb\"},\"inLanguage\":\"en-US\",\"potentialAction\":[{\"@type\":\"ReadAction\",\"target\":[\"https:\\\/\\\/www.fcbarcelonanoticias.com\\\/en\\\/transfers\\\/the-goalkeeping-legend-who-could-have-signed-for-fc-barcelona_308716_102.html\"]}]},{\"@type\":\"ImageObject\",\"inLanguage\":\"en-US\",\"@id\":\"https:\\\/\\\/www.fcbarcelonanoticias.com\\\/en\\\/transfers\\\/the-goalkeeping-legend-who-could-have-signed-for-fc-barcelona_308716_102.html#primaryimage\",\"url\":\"https:\\\/\\\/www.fcbarcelonanoticias.com\\\/en\\\/wp-content\\\/uploads\\\/sites\\\/2\\\/2024\\\/11\\\/gianluigi-buffon-neuer-1.jpeg\",\"contentUrl\":\"https:\\\/\\\/www.fcbarcelonanoticias.com\\\/en\\\/wp-content\\\/uploads\\\/sites\\\/2\\\/2024\\\/11\\\/gianluigi-buffon-neuer-1.jpeg\",\"width\":1250,\"height\":730},{\"@type\":\"BreadcrumbList\",\"@id\":\"https:\\\/\\\/www.fcbarcelonanoticias.com\\\/en\\\/transfers\\\/the-goalkeeping-legend-who-could-have-signed-for-fc-barcelona_308716_102.html#breadcrumb\",\"itemListElement\":[{\"@type\":\"ListItem\",\"position\":1,\"name\":\"Portada\",\"item\":\"https:\\\/\\\/www.fcbarcelonanoticias.com\\\/en\\\/\"},{\"@type\":\"ListItem\",\"position\":2,\"name\":\"The goalkeeping legend who could have signed for FC Barcelona\"}]},{\"@type\":\"WebSite\",\"@id\":\"https:\\\/\\\/www.fcbarcelonanoticias.com\\\/en\\\/#website\",\"url\":\"https:\\\/\\\/www.fcbarcelonanoticias.com\\\/en\\\/\",\"name\":\"EN - FC Barcelona Noticias\",\"description\":\"\",\"potentialAction\":[{\"@type\":\"SearchAction\",\"target\":{\"@type\":\"EntryPoint\",\"urlTemplate\":\"https:\\\/\\\/www.fcbarcelonanoticias.com\\\/en\\\/?s={search_term_string}\"},\"query-input\":{\"@type\":\"PropertyValueSpecification\",\"valueRequired\":true,\"valueName\":\"search_term_string\"}}],\"inLanguage\":\"en-US\"},{\"@type\":\"Person\",\"@id\":\"https:\\\/\\\/www.fcbarcelonanoticias.com\\\/en\\\/#\\\/schema\\\/person\\\/88d756918a0a1ae9fa593b5edddd1815\",\"name\":\"Juan Pablo Berdugo\",\"image\":{\"@type\":\"ImageObject\",\"inLanguage\":\"en-US\",\"@id\":\"https:\\\/\\\/secure.gravatar.com\\\/avatar\\\/?s=96&d=mm&r=g\",\"url\":\"https:\\\/\\\/secure.gravatar.com\\\/avatar\\\/?s=96&d=mm&r=g\",\"contentUrl\":\"https:\\\/\\\/secure.gravatar.com\\\/avatar\\\/?s=96&d=mm&r=g\",\"caption\":\"Juan Pablo Berdugo\"},\"description\":\"Juan Pablo Berdugo es graduado en Periodismo. Colabora con FCBN como especialista en informaci\u00f3n del primer equipo del FC Barcelona, f\u00fatbol internacional y mercado de fichajes. Destaca por su enfoque anal\u00edtico, su rigor informativo y su capacidad para detectar tendencias emergentes en el f\u00fatbol global.\",\"url\":\"https:\\\/\\\/www.fcbarcelonanoticias.com\\\/en\\\/fc-barcelona\\\/juan-pablo-berdugo_18_115.html\"}]}<\/script>\n<!-- \/ Yoast SEO plugin. -->","yoast_head_json":{"title":"The goalkeeping legend who could have signed for FC Barcelona","description":"Gianluigi Buffon confessed that he could have signed for Bar\u00e7a before signing his return to Parma in 2021","robots":{"index":"index","follow":"follow","max-snippet":"max-snippet:-1","max-image-preview":"max-image-preview:large","max-video-preview":"max-video-preview:-1"},"canonical":"https:\/\/www.fcbarcelonanoticias.com\/en\/transfers\/the-goalkeeping-legend-who-could-have-signed-for-fc-barcelona_308716_102.html","og_locale":"en_US","og_type":"article","og_title":"The goalkeeping legend who could have signed for FC Barcelona","og_description":"Gianluigi Buffon confessed that he could have signed for Bar\u00e7a before signing his return to Parma in 2021","og_url":"https:\/\/www.fcbarcelonanoticias.com\/en\/transfers\/the-goalkeeping-legend-who-could-have-signed-for-fc-barcelona_308716_102.html","og_site_name":"EN - FC Barcelona Noticias","article_published_time":"2024-11-19T16:22:00+00:00","article_modified_time":"2024-11-20T03:37:00+00:00","og_image":[{"width":1250,"height":730,"url":"https:\/\/www.fcbarcelonanoticias.com\/en\/wp-content\/uploads\/sites\/2\/2024\/11\/gianluigi-buffon-neuer-1.jpeg","type":"image\/jpeg"}],"author":"Juan Pablo Berdugo","twitter_card":"summary_large_image","twitter_misc":{"Written by":"Juan Pablo Berdugo","Est. reading time":"1 minute"},"schema":{"@context":"https:\/\/schema.org","@graph":[{"@type":"Article","@id":"https:\/\/www.fcbarcelonanoticias.com\/en\/transfers\/the-goalkeeping-legend-who-could-have-signed-for-fc-barcelona_308716_102.html#article","isPartOf":{"@id":"https:\/\/www.fcbarcelonanoticias.com\/en\/transfers\/the-goalkeeping-legend-who-could-have-signed-for-fc-barcelona_308716_102.html"},"author":{"name":"Juan Pablo Berdugo","@id":"https:\/\/www.fcbarcelonanoticias.com\/en\/#\/schema\/person\/88d756918a0a1ae9fa593b5edddd1815"},"headline":"The goalkeeping legend who could have signed for FC Barcelona","datePublished":"2024-11-19T16:22:00+00:00","dateModified":"2024-11-20T03:37:00+00:00","mainEntityOfPage":{"@id":"https:\/\/www.fcbarcelonanoticias.com\/en\/transfers\/the-goalkeeping-legend-who-could-have-signed-for-fc-barcelona_308716_102.html"},"wordCount":273,"image":{"@id":"https:\/\/www.fcbarcelonanoticias.com\/en\/transfers\/the-goalkeeping-legend-who-could-have-signed-for-fc-barcelona_308716_102.html#primaryimage"},"thumbnailUrl":"https:\/\/www.fcbarcelonanoticias.com\/en\/wp-content\/uploads\/sites\/2\/2024\/11\/gianluigi-buffon-neuer-1.jpeg","keywords":["Juventus"],"articleSection":["Transfers","Transfers"],"inLanguage":"en-US"},{"@type":"WebPage","@id":"https:\/\/www.fcbarcelonanoticias.com\/en\/transfers\/the-goalkeeping-legend-who-could-have-signed-for-fc-barcelona_308716_102.html","url":"https:\/\/www.fcbarcelonanoticias.com\/en\/transfers\/the-goalkeeping-legend-who-could-have-signed-for-fc-barcelona_308716_102.html","name":"The goalkeeping legend who could have signed for FC Barcelona","isPartOf":{"@id":"https:\/\/www.fcbarcelonanoticias.com\/en\/#website"},"primaryImageOfPage":{"@id":"https:\/\/www.fcbarcelonanoticias.com\/en\/transfers\/the-goalkeeping-legend-who-could-have-signed-for-fc-barcelona_308716_102.html#primaryimage"},"image":{"@id":"https:\/\/www.fcbarcelonanoticias.com\/en\/transfers\/the-goalkeeping-legend-who-could-have-signed-for-fc-barcelona_308716_102.html#primaryimage"},"thumbnailUrl":"https:\/\/www.fcbarcelonanoticias.com\/en\/wp-content\/uploads\/sites\/2\/2024\/11\/gianluigi-buffon-neuer-1.jpeg","datePublished":"2024-11-19T16:22:00+00:00","dateModified":"2024-11-20T03:37:00+00:00","author":{"@id":"https:\/\/www.fcbarcelonanoticias.com\/en\/#\/schema\/person\/88d756918a0a1ae9fa593b5edddd1815"},"description":"Gianluigi Buffon confessed that he could have signed for Bar\u00e7a before signing his return to Parma in 2021","breadcrumb":{"@id":"https:\/\/www.fcbarcelonanoticias.com\/en\/transfers\/the-goalkeeping-legend-who-could-have-signed-for-fc-barcelona_308716_102.html#breadcrumb"},"inLanguage":"en-US","potentialAction":[{"@type":"ReadAction","target":["https:\/\/www.fcbarcelonanoticias.com\/en\/transfers\/the-goalkeeping-legend-who-could-have-signed-for-fc-barcelona_308716_102.html"]}]},{"@type":"ImageObject","inLanguage":"en-US","@id":"https:\/\/www.fcbarcelonanoticias.com\/en\/transfers\/the-goalkeeping-legend-who-could-have-signed-for-fc-barcelona_308716_102.html#primaryimage","url":"https:\/\/www.fcbarcelonanoticias.com\/en\/wp-content\/uploads\/sites\/2\/2024\/11\/gianluigi-buffon-neuer-1.jpeg","contentUrl":"https:\/\/www.fcbarcelonanoticias.com\/en\/wp-content\/uploads\/sites\/2\/2024\/11\/gianluigi-buffon-neuer-1.jpeg","width":1250,"height":730},{"@type":"BreadcrumbList","@id":"https:\/\/www.fcbarcelonanoticias.com\/en\/transfers\/the-goalkeeping-legend-who-could-have-signed-for-fc-barcelona_308716_102.html#breadcrumb","itemListElement":[{"@type":"ListItem","position":1,"name":"Portada","item":"https:\/\/www.fcbarcelonanoticias.com\/en\/"},{"@type":"ListItem","position":2,"name":"The goalkeeping legend who could have signed for FC Barcelona"}]},{"@type":"WebSite","@id":"https:\/\/www.fcbarcelonanoticias.com\/en\/#website","url":"https:\/\/www.fcbarcelonanoticias.com\/en\/","name":"EN - FC Barcelona Noticias","description":"","potentialAction":[{"@type":"SearchAction","target":{"@type":"EntryPoint","urlTemplate":"https:\/\/www.fcbarcelonanoticias.com\/en\/?s={search_term_string}"},"query-input":{"@type":"PropertyValueSpecification","valueRequired":true,"valueName":"search_term_string"}}],"inLanguage":"en-US"},{"@type":"Person","@id":"https:\/\/www.fcbarcelonanoticias.com\/en\/#\/schema\/person\/88d756918a0a1ae9fa593b5edddd1815","name":"Juan Pablo Berdugo","image":{"@type":"ImageObject","inLanguage":"en-US","@id":"https:\/\/secure.gravatar.com\/avatar\/?s=96&d=mm&r=g","url":"https:\/\/secure.gravatar.com\/avatar\/?s=96&d=mm&r=g","contentUrl":"https:\/\/secure.gravatar.com\/avatar\/?s=96&d=mm&r=g","caption":"Juan Pablo Berdugo"},"description":"Juan Pablo Berdugo es graduado en Periodismo. Colabora con FCBN como especialista en informaci\u00f3n del primer equipo del FC Barcelona, f\u00fatbol internacional y mercado de fichajes. Destaca por su enfoque anal\u00edtico, su rigor informativo y su capacidad para detectar tendencias emergentes en el f\u00fatbol global.","url":"https:\/\/www.fcbarcelonanoticias.com\/en\/fc-barcelona\/juan-pablo-berdugo_18_115.html"}]}},"_links":{"self":[{"href":"https:\/\/www.fcbarcelonanoticias.com\/en\/wp-json\/wp\/v2\/posts\/141850","targetHints":{"allow":["GET"]}}],"collection":[{"href":"https:\/\/www.fcbarcelonanoticias.com\/en\/wp-json\/wp\/v2\/posts"}],"about":[{"href":"https:\/\/www.fcbarcelonanoticias.com\/en\/wp-json\/wp\/v2\/types\/post"}],"author":[{"embeddable":true,"href":"https:\/\/www.fcbarcelonanoticias.com\/en\/wp-json\/wp\/v2\/users\/358"}],"replies":[{"embeddable":true,"href":"https:\/\/www.fcbarcelonanoticias.com\/en\/wp-json\/wp\/v2\/comments?post=141850"}],"version-history":[{"count":1,"href":"https:\/\/www.fcbarcelonanoticias.com\/en\/wp-json\/wp\/v2\/posts\/141850\/revisions"}],"predecessor-version":[{"id":154329,"href":"https:\/\/www.fcbarcelonanoticias.com\/en\/wp-json\/wp\/v2\/posts\/141850\/revisions\/154329"}],"wp:featuredmedia":[{"embeddable":true,"href":"https:\/\/www.fcbarcelonanoticias.com\/en\/wp-json\/wp\/v2\/media\/141852"}],"wp:attachment":[{"href":"https:\/\/www.fcbarcelonanoticias.com\/en\/wp-json\/wp\/v2\/media?parent=141850"}],"wp:term":[{"taxonomy":"category","embeddable":true,"href":"https:\/\/www.fcbarcelonanoticias.com\/en\/wp-json\/wp\/v2\/categories?post=141850"},{"taxonomy":"post_tag","embeddable":true,"href":"https:\/\/www.fcbarcelonanoticias.com\/en\/wp-json\/wp\/v2\/tags?post=141850"}],"curies":[{"name":"wp","href":"https:\/\/api.w.org\/{rel}","templated":true}]}}