{"id":141873,"date":"2023-06-19T13:11:00","date_gmt":"2023-06-19T11:11:00","guid":{"rendered":"https:\/\/weisetech.dev\/fc-barcelona-noticias\/en\/the-barca-femeni-announces-the-turn-home-of-ona-batlle_293332_102\/"},"modified":"2023-06-19T13:11:00","modified_gmt":"2023-06-19T11:11:00","slug":"the-barca-femeni-announces-the-turn-home-of-ona-batlle_293332_102","status":"publish","type":"post","link":"https:\/\/www.fcbarcelonanoticias.com\/en\/transfers\/the-barca-femeni-announces-the-turn-home-of-ona-batlle_293332_102.html","title":{"rendered":"Bar\u00e7a Femen\u00ed announces the return home of Ona Batlle"},"content":{"rendered":"<h2 class=\"wp-block-heading\">Finally, the Catalan winger, Ona Batlle, returned to Bar\u00e7a and signed until 2026. After ending her relationship with Manchester United, the club where she played for the last three seasons, she returns to what has always been her home since she was 11 years old.<\/h2>  \r\n<div class=\"article-addons\">\r\n    <a href=\"https:\/\/www.fcbarcelonanoticias.com\/en\/calendar-fc-barcelona.html\"\r\n       target=\"_self\"\r\n       title=\"Calendar of FC Barcelona\"\r\n       class=\"blue-gredient-btn\">\r\n       \r\n        Calendar of FC Barcelona    <\/a>\r\n<\/div>   <p>The current champions of Europe, the Bar\u00e7a Femen\u00ed finish to announce his first reinforcement of face to the next season. <a data-external=\"0\" data-intl-links-en=\"https:\/\/www.fcbarcelonanoticias.com\/en\/transfers\/ona-batlle-has-happened-the-medical-recognition-and-will-sign-with-the-barca_292972_102.html\" data-intl-links-es=\"https:\/\/www.fcbarcelonanoticias.com\/fichajes\/fichaje-cerrado-ona-batlle-habria-firmado-ya-su-contrato-con-barca_292972_102.html\" href=\"https:\/\/www.fcbarcelonanoticias.com\/en\/transfers\/ona-batlle-has-happened-the-medical-recognition-and-will-sign-with-the-barca_292972_102.html\" rel=\"follow\" target=\"_self\" title=\"\u00a1Fichaje cerrado! Ona Batlle habr\u00eda firmado ya su contrato con el Bar\u00e7a\">It treats of the lateral Ona Batlle footballer formed in the Farm.<\/a> In 2011, with so alone 12 years, arrive to incorporate to the Childish-Alev\u00edn. After going through all the inferior categories, with the Bar\u00e7a Femen\u00ed proclaimed champion of the then Second Division, for afterwards continue his career in the Madrid CFF (2017\/18), in the Raise (2018-2020).<\/p>  <p><strong>These three last years has been playing for the Manchester United, where has surrendered to a very high level and that&#8217;s why it has gone back home.<\/strong> At present, it is a player consolidated, with a lot of present, but especially with a lot of future. Reinforcement of guarantees for Jonatan Gir\u00e1ldez of face to the next season where expect to litigate again by all the titles.<\/p>  <p><strong>The signature of the agreement produced in hours of the morning in the offices of the club beside the president Joan Laporta and the managerial Xavier Puig, manager of the Barcelona feminine<\/strong> football. The one of Vilassar of Sea, showed very ilusionada with this new professional challenge. &#8216;Always it has been my dream be in the first team of the Bar\u00e7a. It is true that was me, but did it with the mentality to be able to go back. Have many win and illusion to share changing room and experiences with the players that go to be&#8217;.<\/p>  <h2>Competition in the right band of the <strong>Bar\u00e7a <\/strong>Femen\u00ed<\/h2>  <p>With the incorporation of the young footballer, will be three the lateral right inside the staff, by such reason there will be a strong competition to know who remains inside the 11 headline. To the equal that Ona, the Bar\u00e7a explains in this position with the experienced Lucy Bronze and Marta Torrej\u00f3n, which were alternating trainings during the past course and even Lucy juice the final of the Champions going out of an injury.<\/p>  <p>Batlle, also does part of <a data-external=\"0\" data-intl-links-en=\"https:\/\/www.fcbarcelonanoticias.com\/en\/fc-barcelona\/the-seleccionador-jorge-vilda-marked-by-the-barca_40263_102.html\" data-intl-links-es=\"https:\/\/www.fcbarcelonanoticias.com\/fc-barcelona\/el-seleccionador-jorge-vilda-marcado-por-el-barca_40263_102.html\" href=\"https:\/\/www.fcbarcelonanoticias.com\/en\/fc-barcelona\/the-seleccionador-jorge-vilda-marked-by-the-barca_40263_102.html\" rel=\"follow\" target=\"_self\" title=\"El seleccionador Jorge Vilda, marcado por el Bar\u00e7a\">the elected by Jorge Vilda to represent to Spain in the world-wide feminine that celebrated from 20 July until 20 August in New Zealand and Australia<\/a>. There it will have the opportunity to begin to share with which will be his mates in the Barcelona group from the next season.<\/p> ","protected":false},"excerpt":{"rendered":"<p>Finally, the Catalan winger, Ona Batlle, returned to Bar\u00e7a and signed until 2026. After ending her relationship with Manchester United, the club where she played for the last three seasons, she returns to what has always been her home since she was 11 years old. The current champions of Europe, the Bar\u00e7a Femen\u00ed finish to [&hellip;]<\/p>\n","protected":false},"author":349,"featured_media":141876,"comment_status":"closed","ping_status":"open","sticky":false,"template":"","format":"standard","meta":{"_acf_changed":false,"inline_featured_image":false,"_nextfly_llmd_date_locked":false,"footnotes":""},"categories":[106,449],"tags":[158],"class_list":["post-141873","post","type-post","status-publish","format-standard","has-post-thumbnail","hentry","category-transfers","category-transfers-2","tag-joan-laporta"],"acf":[],"yoast_head":"<!-- This site is optimized with the Yoast SEO plugin v27.3 - https:\/\/yoast.com\/product\/yoast-seo-wordpress\/ -->\n<title>The Bar\u00e7a Femen\u00ed announces the turn home of Ona Batlle<\/title>\n<meta name=\"description\" content=\"Finally, the lateral Catalan, Ona Batlle, return to the Bar\u00e7a and signature until the 2026. After finalising his bond with the Manchester United, club where juice the three last seasons, goes back to which always has been his house from the 11 years\" \/>\n<meta name=\"robots\" content=\"index, follow, max-snippet:-1, max-image-preview:large, max-video-preview:-1\" \/>\n<link rel=\"canonical\" href=\"https:\/\/www.fcbarcelonanoticias.com\/en\/transfers\/the-barca-femeni-announces-the-turn-home-of-ona-batlle_293332_102.html\" \/>\n<meta property=\"og:locale\" content=\"en_US\" \/>\n<meta property=\"og:type\" content=\"article\" \/>\n<meta property=\"og:title\" content=\"The Bar\u00e7a Femen\u00ed announces the turn home of Ona Batlle\" \/>\n<meta property=\"og:description\" content=\"Finally, the lateral Catalan, Ona Batlle, return to the Bar\u00e7a and signature until the 2026. After finalising his bond with the Manchester United, club where juice the three last seasons, goes back to which always has been his house from the 11 years\" \/>\n<meta property=\"og:url\" content=\"https:\/\/www.fcbarcelonanoticias.com\/en\/transfers\/the-barca-femeni-announces-the-turn-home-of-ona-batlle_293332_102.html\" \/>\n<meta property=\"og:site_name\" content=\"EN - FC Barcelona Noticias\" \/>\n<meta property=\"article:published_time\" content=\"2023-06-19T11:11:00+00:00\" \/>\n<meta property=\"og:image\" content=\"https:\/\/www.fcbarcelonanoticias.com\/en\/wp-content\/uploads\/sites\/2\/2023\/06\/ona-batlle-partido.jpeg\" \/>\n\t<meta property=\"og:image:width\" content=\"1300\" \/>\n\t<meta property=\"og:image:height\" content=\"738\" \/>\n\t<meta property=\"og:image:type\" content=\"image\/jpeg\" \/>\n<meta name=\"author\" content=\"Mar\u00eda Alejandra Camacho\" \/>\n<meta name=\"twitter:card\" content=\"summary_large_image\" \/>\n<meta name=\"twitter:label1\" content=\"Written by\" \/>\n\t<meta name=\"twitter:data1\" content=\"Mar\u00eda Alejandra Camacho\" \/>\n\t<meta name=\"twitter:label2\" content=\"Est. reading time\" \/>\n\t<meta name=\"twitter:data2\" content=\"2 minutes\" \/>\n<script type=\"application\/ld+json\" class=\"yoast-schema-graph\">{\"@context\":\"https:\\\/\\\/schema.org\",\"@graph\":[{\"@type\":\"Article\",\"@id\":\"https:\\\/\\\/www.fcbarcelonanoticias.com\\\/en\\\/transfers\\\/the-barca-femeni-announces-the-turn-home-of-ona-batlle_293332_102.html#article\",\"isPartOf\":{\"@id\":\"https:\\\/\\\/www.fcbarcelonanoticias.com\\\/en\\\/transfers\\\/the-barca-femeni-announces-the-turn-home-of-ona-batlle_293332_102.html\"},\"author\":{\"name\":\"Mar\u00eda Alejandra Camacho\",\"@id\":\"https:\\\/\\\/www.fcbarcelonanoticias.com\\\/en\\\/#\\\/schema\\\/person\\\/6dabf936eaa66def2cadb54f0dd32ac1\"},\"headline\":\"Bar\u00e7a Femen\u00ed announces the return home of Ona Batlle\",\"datePublished\":\"2023-06-19T11:11:00+00:00\",\"mainEntityOfPage\":{\"@id\":\"https:\\\/\\\/www.fcbarcelonanoticias.com\\\/en\\\/transfers\\\/the-barca-femeni-announces-the-turn-home-of-ona-batlle_293332_102.html\"},\"wordCount\":436,\"image\":{\"@id\":\"https:\\\/\\\/www.fcbarcelonanoticias.com\\\/en\\\/transfers\\\/the-barca-femeni-announces-the-turn-home-of-ona-batlle_293332_102.html#primaryimage\"},\"thumbnailUrl\":\"https:\\\/\\\/www.fcbarcelonanoticias.com\\\/en\\\/wp-content\\\/uploads\\\/sites\\\/2\\\/2023\\\/06\\\/ona-batlle-partido.jpeg\",\"keywords\":[\"Joan Laporta\"],\"articleSection\":[\"Transfers\",\"Transfers\"],\"inLanguage\":\"en-US\"},{\"@type\":\"WebPage\",\"@id\":\"https:\\\/\\\/www.fcbarcelonanoticias.com\\\/en\\\/transfers\\\/the-barca-femeni-announces-the-turn-home-of-ona-batlle_293332_102.html\",\"url\":\"https:\\\/\\\/www.fcbarcelonanoticias.com\\\/en\\\/transfers\\\/the-barca-femeni-announces-the-turn-home-of-ona-batlle_293332_102.html\",\"name\":\"The Bar\u00e7a Femen\u00ed announces the turn home of Ona Batlle\",\"isPartOf\":{\"@id\":\"https:\\\/\\\/www.fcbarcelonanoticias.com\\\/en\\\/#website\"},\"primaryImageOfPage\":{\"@id\":\"https:\\\/\\\/www.fcbarcelonanoticias.com\\\/en\\\/transfers\\\/the-barca-femeni-announces-the-turn-home-of-ona-batlle_293332_102.html#primaryimage\"},\"image\":{\"@id\":\"https:\\\/\\\/www.fcbarcelonanoticias.com\\\/en\\\/transfers\\\/the-barca-femeni-announces-the-turn-home-of-ona-batlle_293332_102.html#primaryimage\"},\"thumbnailUrl\":\"https:\\\/\\\/www.fcbarcelonanoticias.com\\\/en\\\/wp-content\\\/uploads\\\/sites\\\/2\\\/2023\\\/06\\\/ona-batlle-partido.jpeg\",\"datePublished\":\"2023-06-19T11:11:00+00:00\",\"author\":{\"@id\":\"https:\\\/\\\/www.fcbarcelonanoticias.com\\\/en\\\/#\\\/schema\\\/person\\\/6dabf936eaa66def2cadb54f0dd32ac1\"},\"description\":\"Finally, the lateral Catalan, Ona Batlle, return to the Bar\u00e7a and signature until the 2026. After finalising his bond with the Manchester United, club where juice the three last seasons, goes back to which always has been his house from the 11 years\",\"breadcrumb\":{\"@id\":\"https:\\\/\\\/www.fcbarcelonanoticias.com\\\/en\\\/transfers\\\/the-barca-femeni-announces-the-turn-home-of-ona-batlle_293332_102.html#breadcrumb\"},\"inLanguage\":\"en-US\",\"potentialAction\":[{\"@type\":\"ReadAction\",\"target\":[\"https:\\\/\\\/www.fcbarcelonanoticias.com\\\/en\\\/transfers\\\/the-barca-femeni-announces-the-turn-home-of-ona-batlle_293332_102.html\"]}]},{\"@type\":\"ImageObject\",\"inLanguage\":\"en-US\",\"@id\":\"https:\\\/\\\/www.fcbarcelonanoticias.com\\\/en\\\/transfers\\\/the-barca-femeni-announces-the-turn-home-of-ona-batlle_293332_102.html#primaryimage\",\"url\":\"https:\\\/\\\/www.fcbarcelonanoticias.com\\\/en\\\/wp-content\\\/uploads\\\/sites\\\/2\\\/2023\\\/06\\\/ona-batlle-partido.jpeg\",\"contentUrl\":\"https:\\\/\\\/www.fcbarcelonanoticias.com\\\/en\\\/wp-content\\\/uploads\\\/sites\\\/2\\\/2023\\\/06\\\/ona-batlle-partido.jpeg\",\"width\":1300,\"height\":738},{\"@type\":\"BreadcrumbList\",\"@id\":\"https:\\\/\\\/www.fcbarcelonanoticias.com\\\/en\\\/transfers\\\/the-barca-femeni-announces-the-turn-home-of-ona-batlle_293332_102.html#breadcrumb\",\"itemListElement\":[{\"@type\":\"ListItem\",\"position\":1,\"name\":\"Portada\",\"item\":\"https:\\\/\\\/www.fcbarcelonanoticias.com\\\/en\\\/\"},{\"@type\":\"ListItem\",\"position\":2,\"name\":\"Bar\u00e7a Femen\u00ed announces the return home of Ona Batlle\"}]},{\"@type\":\"WebSite\",\"@id\":\"https:\\\/\\\/www.fcbarcelonanoticias.com\\\/en\\\/#website\",\"url\":\"https:\\\/\\\/www.fcbarcelonanoticias.com\\\/en\\\/\",\"name\":\"EN - FC Barcelona Noticias\",\"description\":\"\",\"potentialAction\":[{\"@type\":\"SearchAction\",\"target\":{\"@type\":\"EntryPoint\",\"urlTemplate\":\"https:\\\/\\\/www.fcbarcelonanoticias.com\\\/en\\\/?s={search_term_string}\"},\"query-input\":{\"@type\":\"PropertyValueSpecification\",\"valueRequired\":true,\"valueName\":\"search_term_string\"}}],\"inLanguage\":\"en-US\"},{\"@type\":\"Person\",\"@id\":\"https:\\\/\\\/www.fcbarcelonanoticias.com\\\/en\\\/#\\\/schema\\\/person\\\/6dabf936eaa66def2cadb54f0dd32ac1\",\"name\":\"Mar\u00eda Alejandra Camacho\",\"image\":{\"@type\":\"ImageObject\",\"inLanguage\":\"en-US\",\"@id\":\"https:\\\/\\\/secure.gravatar.com\\\/avatar\\\/?s=96&d=mm&r=g\",\"url\":\"https:\\\/\\\/secure.gravatar.com\\\/avatar\\\/?s=96&d=mm&r=g\",\"contentUrl\":\"https:\\\/\\\/secure.gravatar.com\\\/avatar\\\/?s=96&d=mm&r=g\",\"caption\":\"Mar\u00eda Alejandra Camacho\"},\"url\":\"https:\\\/\\\/www.fcbarcelonanoticias.com\\\/en\\\/maria-alejandra-camacho_22_115.html\"}]}<\/script>\n<!-- \/ Yoast SEO plugin. -->","yoast_head_json":{"title":"The Bar\u00e7a Femen\u00ed announces the turn home of Ona Batlle","description":"Finally, the lateral Catalan, Ona Batlle, return to the Bar\u00e7a and signature until the 2026. After finalising his bond with the Manchester United, club where juice the three last seasons, goes back to which always has been his house from the 11 years","robots":{"index":"index","follow":"follow","max-snippet":"max-snippet:-1","max-image-preview":"max-image-preview:large","max-video-preview":"max-video-preview:-1"},"canonical":"https:\/\/www.fcbarcelonanoticias.com\/en\/transfers\/the-barca-femeni-announces-the-turn-home-of-ona-batlle_293332_102.html","og_locale":"en_US","og_type":"article","og_title":"The Bar\u00e7a Femen\u00ed announces the turn home of Ona Batlle","og_description":"Finally, the lateral Catalan, Ona Batlle, return to the Bar\u00e7a and signature until the 2026. After finalising his bond with the Manchester United, club where juice the three last seasons, goes back to which always has been his house from the 11 years","og_url":"https:\/\/www.fcbarcelonanoticias.com\/en\/transfers\/the-barca-femeni-announces-the-turn-home-of-ona-batlle_293332_102.html","og_site_name":"EN - FC Barcelona Noticias","article_published_time":"2023-06-19T11:11:00+00:00","og_image":[{"width":1300,"height":738,"url":"https:\/\/www.fcbarcelonanoticias.com\/en\/wp-content\/uploads\/sites\/2\/2023\/06\/ona-batlle-partido.jpeg","type":"image\/jpeg"}],"author":"Mar\u00eda Alejandra Camacho","twitter_card":"summary_large_image","twitter_misc":{"Written by":"Mar\u00eda Alejandra Camacho","Est. reading time":"2 minutes"},"schema":{"@context":"https:\/\/schema.org","@graph":[{"@type":"Article","@id":"https:\/\/www.fcbarcelonanoticias.com\/en\/transfers\/the-barca-femeni-announces-the-turn-home-of-ona-batlle_293332_102.html#article","isPartOf":{"@id":"https:\/\/www.fcbarcelonanoticias.com\/en\/transfers\/the-barca-femeni-announces-the-turn-home-of-ona-batlle_293332_102.html"},"author":{"name":"Mar\u00eda Alejandra Camacho","@id":"https:\/\/www.fcbarcelonanoticias.com\/en\/#\/schema\/person\/6dabf936eaa66def2cadb54f0dd32ac1"},"headline":"Bar\u00e7a Femen\u00ed announces the return home of Ona Batlle","datePublished":"2023-06-19T11:11:00+00:00","mainEntityOfPage":{"@id":"https:\/\/www.fcbarcelonanoticias.com\/en\/transfers\/the-barca-femeni-announces-the-turn-home-of-ona-batlle_293332_102.html"},"wordCount":436,"image":{"@id":"https:\/\/www.fcbarcelonanoticias.com\/en\/transfers\/the-barca-femeni-announces-the-turn-home-of-ona-batlle_293332_102.html#primaryimage"},"thumbnailUrl":"https:\/\/www.fcbarcelonanoticias.com\/en\/wp-content\/uploads\/sites\/2\/2023\/06\/ona-batlle-partido.jpeg","keywords":["Joan Laporta"],"articleSection":["Transfers","Transfers"],"inLanguage":"en-US"},{"@type":"WebPage","@id":"https:\/\/www.fcbarcelonanoticias.com\/en\/transfers\/the-barca-femeni-announces-the-turn-home-of-ona-batlle_293332_102.html","url":"https:\/\/www.fcbarcelonanoticias.com\/en\/transfers\/the-barca-femeni-announces-the-turn-home-of-ona-batlle_293332_102.html","name":"The Bar\u00e7a Femen\u00ed announces the turn home of Ona Batlle","isPartOf":{"@id":"https:\/\/www.fcbarcelonanoticias.com\/en\/#website"},"primaryImageOfPage":{"@id":"https:\/\/www.fcbarcelonanoticias.com\/en\/transfers\/the-barca-femeni-announces-the-turn-home-of-ona-batlle_293332_102.html#primaryimage"},"image":{"@id":"https:\/\/www.fcbarcelonanoticias.com\/en\/transfers\/the-barca-femeni-announces-the-turn-home-of-ona-batlle_293332_102.html#primaryimage"},"thumbnailUrl":"https:\/\/www.fcbarcelonanoticias.com\/en\/wp-content\/uploads\/sites\/2\/2023\/06\/ona-batlle-partido.jpeg","datePublished":"2023-06-19T11:11:00+00:00","author":{"@id":"https:\/\/www.fcbarcelonanoticias.com\/en\/#\/schema\/person\/6dabf936eaa66def2cadb54f0dd32ac1"},"description":"Finally, the lateral Catalan, Ona Batlle, return to the Bar\u00e7a and signature until the 2026. After finalising his bond with the Manchester United, club where juice the three last seasons, goes back to which always has been his house from the 11 years","breadcrumb":{"@id":"https:\/\/www.fcbarcelonanoticias.com\/en\/transfers\/the-barca-femeni-announces-the-turn-home-of-ona-batlle_293332_102.html#breadcrumb"},"inLanguage":"en-US","potentialAction":[{"@type":"ReadAction","target":["https:\/\/www.fcbarcelonanoticias.com\/en\/transfers\/the-barca-femeni-announces-the-turn-home-of-ona-batlle_293332_102.html"]}]},{"@type":"ImageObject","inLanguage":"en-US","@id":"https:\/\/www.fcbarcelonanoticias.com\/en\/transfers\/the-barca-femeni-announces-the-turn-home-of-ona-batlle_293332_102.html#primaryimage","url":"https:\/\/www.fcbarcelonanoticias.com\/en\/wp-content\/uploads\/sites\/2\/2023\/06\/ona-batlle-partido.jpeg","contentUrl":"https:\/\/www.fcbarcelonanoticias.com\/en\/wp-content\/uploads\/sites\/2\/2023\/06\/ona-batlle-partido.jpeg","width":1300,"height":738},{"@type":"BreadcrumbList","@id":"https:\/\/www.fcbarcelonanoticias.com\/en\/transfers\/the-barca-femeni-announces-the-turn-home-of-ona-batlle_293332_102.html#breadcrumb","itemListElement":[{"@type":"ListItem","position":1,"name":"Portada","item":"https:\/\/www.fcbarcelonanoticias.com\/en\/"},{"@type":"ListItem","position":2,"name":"Bar\u00e7a Femen\u00ed announces the return home of Ona Batlle"}]},{"@type":"WebSite","@id":"https:\/\/www.fcbarcelonanoticias.com\/en\/#website","url":"https:\/\/www.fcbarcelonanoticias.com\/en\/","name":"EN - FC Barcelona Noticias","description":"","potentialAction":[{"@type":"SearchAction","target":{"@type":"EntryPoint","urlTemplate":"https:\/\/www.fcbarcelonanoticias.com\/en\/?s={search_term_string}"},"query-input":{"@type":"PropertyValueSpecification","valueRequired":true,"valueName":"search_term_string"}}],"inLanguage":"en-US"},{"@type":"Person","@id":"https:\/\/www.fcbarcelonanoticias.com\/en\/#\/schema\/person\/6dabf936eaa66def2cadb54f0dd32ac1","name":"Mar\u00eda Alejandra Camacho","image":{"@type":"ImageObject","inLanguage":"en-US","@id":"https:\/\/secure.gravatar.com\/avatar\/?s=96&d=mm&r=g","url":"https:\/\/secure.gravatar.com\/avatar\/?s=96&d=mm&r=g","contentUrl":"https:\/\/secure.gravatar.com\/avatar\/?s=96&d=mm&r=g","caption":"Mar\u00eda Alejandra Camacho"},"url":"https:\/\/www.fcbarcelonanoticias.com\/en\/maria-alejandra-camacho_22_115.html"}]}},"_links":{"self":[{"href":"https:\/\/www.fcbarcelonanoticias.com\/en\/wp-json\/wp\/v2\/posts\/141873","targetHints":{"allow":["GET"]}}],"collection":[{"href":"https:\/\/www.fcbarcelonanoticias.com\/en\/wp-json\/wp\/v2\/posts"}],"about":[{"href":"https:\/\/www.fcbarcelonanoticias.com\/en\/wp-json\/wp\/v2\/types\/post"}],"author":[{"embeddable":true,"href":"https:\/\/www.fcbarcelonanoticias.com\/en\/wp-json\/wp\/v2\/users\/349"}],"replies":[{"embeddable":true,"href":"https:\/\/www.fcbarcelonanoticias.com\/en\/wp-json\/wp\/v2\/comments?post=141873"}],"version-history":[{"count":1,"href":"https:\/\/www.fcbarcelonanoticias.com\/en\/wp-json\/wp\/v2\/posts\/141873\/revisions"}],"predecessor-version":[{"id":154844,"href":"https:\/\/www.fcbarcelonanoticias.com\/en\/wp-json\/wp\/v2\/posts\/141873\/revisions\/154844"}],"wp:featuredmedia":[{"embeddable":true,"href":"https:\/\/www.fcbarcelonanoticias.com\/en\/wp-json\/wp\/v2\/media\/141876"}],"wp:attachment":[{"href":"https:\/\/www.fcbarcelonanoticias.com\/en\/wp-json\/wp\/v2\/media?parent=141873"}],"wp:term":[{"taxonomy":"category","embeddable":true,"href":"https:\/\/www.fcbarcelonanoticias.com\/en\/wp-json\/wp\/v2\/categories?post=141873"},{"taxonomy":"post_tag","embeddable":true,"href":"https:\/\/www.fcbarcelonanoticias.com\/en\/wp-json\/wp\/v2\/tags?post=141873"}],"curies":[{"name":"wp","href":"https:\/\/api.w.org\/{rel}","templated":true}]}}