{"id":141884,"date":"2024-09-24T21:00:00","date_gmt":"2024-09-24T19:00:00","guid":{"rendered":"https:\/\/weisetech.dev\/fc-barcelona-noticias\/en\/the-goalkeeper-who-is-willing-to-come-out-of-retirement-to-cover-for-ter-stegen-at-barca_307472_102\/"},"modified":"2026-03-27T11:44:12","modified_gmt":"2026-03-27T10:44:12","slug":"the-goalkeeper-who-is-willing-to-come-out-of-retirement-to-cover-for-ter-stegen-at-barca_307472_102","status":"publish","type":"post","link":"https:\/\/www.fcbarcelonanoticias.com\/en\/transfers\/the-goalkeeper-who-is-willing-to-come-out-of-retirement-to-cover-for-ter-stegen-at-barca_307472_102.html","title":{"rendered":"The goalkeeper who is willing to come out of retirement to cover for Ter Stegen at Bar\u00e7a"},"content":{"rendered":"<h2 class=\"wp-block-heading\">Ter Stegen&#8217;s injury has opened the debate on the Bar\u00e7a goal. While the Catalans are studying the signing of a goalkeeper, in Poland Wojciech Szczesny would be willing to come out of retirement to cover for the German<\/h2>  \r\n<div class=\"article-addons\">\r\n    <a href=\"https:\/\/www.fcbarcelonanoticias.com\/en\/calendar-fc-barcelona.html\"\r\n       target=\"_self\"\r\n       title=\"Calendar of FC Barcelona\"\r\n       class=\"blue-gredient-btn\">\r\n       \r\n        Calendar of FC Barcelona    <\/a>\r\n<\/div>   <p><strong>Marc-Andr\u00e9 Ter Stegen<\/strong>&#8216;s serious injury has set off alarm bells at <strong>FC Barcelona<\/strong>, \u200b\u200bwhere they are considering the possibility of signing a goalkeeper imminently or trusting <strong>I\u00f1aki Pe\u00f1a<\/strong> until the winter market, when they would try to sign a new goalkeeper. The sports management has already studied the list of goalkeepers without a team and is handling the reports of the main candidates, so they will have to make a decision together with <strong>Hansi Flick<\/strong>.<\/p>  <div class=\"cke-element cke-element--102\"><section class=\"c-related-article\"><figure class=\"c-image__fig\"><a href=\"https:\/\/www.fcbarcelonanoticias.com\/en\/fichajes\/hansi-flick-no-cierra-puerta-fichaje-portero-lesion-ter-stegen_307468_102.html\" title=\"Rueda de prensa de Hansi Flick previa Getafe\" class=\"c-image__imglink\"><picture><img decoding=\"async\" src=\"https:\/\/www.fcbarcelonanoticias.com\/wp-content\/uploads\/sites\/2\/2024\/09\/fcbn-07849daacf99d495b0fe9d35fc5cbd0e.jpeg\" alt=\"Rueda de prensa de Hansi Flick previa Getafe\" title=\"Rueda de prensa de Hansi Flick previa Getafe\" class=\"c-image__img\" width=\"1250\" height=\"796\" loading=\"lazy\"><\/picture><\/a>     <\/figure><div class=\"c-related-article__wrapper\">         <p class=\"c-related-article__avantitle\">Related<\/p>         <h4 class=\"c-related-article__title\">             <a href=\"https:\/\/www.fcbarcelonanoticias.com\/en\/fichajes\/hansi-flick-no-cierra-puerta-fichaje-portero-lesion-ter-stegen_307468_102.html\" title=\"Hansi Flick is not closing the door on signing a goalkeeper after Ter Stegen's injury\" class=\"c-related-article__link\">                 Hansi Flick is not closing the door on signing a goalkeeper after Ter Stegen&#8217;s injury             <\/a>         <\/h4>     <\/div> <\/section><\/div>  <p>One of the most surprising options would be the Polish <strong>Wojciech Szczesny<\/strong>, who retired a month ago after finishing his contract with <strong>Juventus<\/strong>. The goalkeeper, with a proven career in teams such as <strong>Arsenal<\/strong>, <strong>Roma <\/strong>and the &#8216;bianconeri&#8217;, decided to hang up his boots to spend more time with his family, but from Poland they assure that he would not say no to an offer from <strong>Bar\u00e7a<\/strong>.<\/p>  <p>Despite being in a good professional moment, the now ex-footballer decided to step away from the playing fields, surprising everyone with his decision. The player received million-dollar offers from <strong>Saudi Arabia<\/strong>, but in July he announced his farewell to professional football. Despite this, Polish media such as &#8216;Foottruck&#8217;, which has journalists very close to the Polish internationals, maintain that there is a possibility that <strong>he would accept a Blaugrana proposal if it ends up existing<\/strong>.<\/p>  <h2>The relationship with Lewandowski, key<\/h2>  <p>One of the factors that could tip the balance in favour of <strong>Szczesny <\/strong>is his friendship with<strong> Robert Lewandowski<\/strong>, with whom he has a great relationship on a personal level. In fact, the goalkeeper has links with other Polish friends who live in Castelldefels, so he would not look down on the alternative of living for a season in Barcelona.<\/p>  <p>The Warsaw goalkeeper is, along with <strong>Keylor Navas<\/strong> and <strong>Claudio Bravo<\/strong>, one of the most attractive options for <strong>Bar\u00e7a <\/strong>if they decide to sign a goalkeeper immediately. However, the <strong>Spotify Camp Nou <\/strong>offices are not sure about the arrival of a permanent player for the position right now because it would be a stopgap, which is why, for the moment, they would prioritize waiting until January and placing their trust in I\u00f1aki Pe\u00f1a for the next three months.<\/p> ","protected":false},"excerpt":{"rendered":"<p>Ter Stegen&#8217;s injury has opened the debate on the Bar\u00e7a goal. While the Catalans are studying the signing of a goalkeeper, in Poland Wojciech Szczesny would be willing to come out of retirement to cover for the German Marc-Andr\u00e9 Ter Stegen&#8216;s serious injury has set off alarm bells at FC Barcelona, \u200b\u200bwhere they are considering [&hellip;]<\/p>\n","protected":false},"author":358,"featured_media":141888,"comment_status":"closed","ping_status":"open","sticky":false,"template":"","format":"standard","meta":{"_acf_changed":false,"inline_featured_image":false,"_nextfly_llmd_date_locked":false,"footnotes":""},"categories":[449,106],"tags":[87],"class_list":["post-141884","post","type-post","status-publish","format-standard","has-post-thumbnail","hentry","category-transfers-2","category-transfers","tag-hansi-flick"],"acf":[],"yoast_head":"<!-- This site is optimized with the Yoast SEO plugin v27.3 - https:\/\/yoast.com\/product\/yoast-seo-wordpress\/ -->\n<title>The goalkeeper who is willing to come out of retirement to cover for Ter Stegen at Bar\u00e7a<\/title>\n<meta name=\"description\" content=\"Ter Stegen&#039;s injury has opened the debate on the Bar\u00e7a goal. While the Catalans are studying the signing of a goalkeeper, in Poland Wojciech Szczesny would be willing to come out of retirement to cover for the German\" \/>\n<meta name=\"robots\" content=\"index, follow, max-snippet:-1, max-image-preview:large, max-video-preview:-1\" \/>\n<link rel=\"canonical\" href=\"https:\/\/www.fcbarcelonanoticias.com\/en\/transfers\/the-goalkeeper-who-is-willing-to-come-out-of-retirement-to-cover-for-ter-stegen-at-barca_307472_102.html\" \/>\n<meta property=\"og:locale\" content=\"en_US\" \/>\n<meta property=\"og:type\" content=\"article\" \/>\n<meta property=\"og:title\" content=\"The goalkeeper who is willing to come out of retirement to cover for Ter Stegen at Bar\u00e7a\" \/>\n<meta property=\"og:description\" content=\"Ter Stegen&#039;s injury has opened the debate on the Bar\u00e7a goal. While the Catalans are studying the signing of a goalkeeper, in Poland Wojciech Szczesny would be willing to come out of retirement to cover for the German\" \/>\n<meta property=\"og:url\" content=\"https:\/\/www.fcbarcelonanoticias.com\/en\/transfers\/the-goalkeeper-who-is-willing-to-come-out-of-retirement-to-cover-for-ter-stegen-at-barca_307472_102.html\" \/>\n<meta property=\"og:site_name\" content=\"EN - FC Barcelona Noticias\" \/>\n<meta property=\"article:published_time\" content=\"2024-09-24T19:00:00+00:00\" \/>\n<meta property=\"article:modified_time\" content=\"2026-03-27T10:44:12+00:00\" \/>\n<meta property=\"og:image\" content=\"https:\/\/www.fcbarcelonanoticias.com\/en\/wp-content\/uploads\/sites\/2\/2024\/09\/ter-stegen-barcelona-scaled.jpeg\" \/>\n\t<meta property=\"og:image:width\" content=\"2560\" \/>\n\t<meta property=\"og:image:height\" content=\"1709\" \/>\n\t<meta property=\"og:image:type\" content=\"image\/jpeg\" \/>\n<meta name=\"author\" content=\"Juan Pablo Berdugo\" \/>\n<meta name=\"twitter:card\" content=\"summary_large_image\" \/>\n<meta name=\"twitter:label1\" content=\"Written by\" \/>\n\t<meta name=\"twitter:data1\" content=\"Juan Pablo Berdugo\" \/>\n\t<meta name=\"twitter:label2\" content=\"Est. reading time\" \/>\n\t<meta name=\"twitter:data2\" content=\"2 minutes\" \/>\n<script type=\"application\/ld+json\" class=\"yoast-schema-graph\">{\"@context\":\"https:\\\/\\\/schema.org\",\"@graph\":[{\"@type\":\"Article\",\"@id\":\"https:\\\/\\\/www.fcbarcelonanoticias.com\\\/en\\\/transfers\\\/the-goalkeeper-who-is-willing-to-come-out-of-retirement-to-cover-for-ter-stegen-at-barca_307472_102.html#article\",\"isPartOf\":{\"@id\":\"https:\\\/\\\/www.fcbarcelonanoticias.com\\\/en\\\/transfers\\\/the-goalkeeper-who-is-willing-to-come-out-of-retirement-to-cover-for-ter-stegen-at-barca_307472_102.html\"},\"author\":{\"name\":\"Juan Pablo Berdugo\",\"@id\":\"https:\\\/\\\/www.fcbarcelonanoticias.com\\\/en\\\/#\\\/schema\\\/person\\\/88d756918a0a1ae9fa593b5edddd1815\"},\"headline\":\"The goalkeeper who is willing to come out of retirement to cover for Ter Stegen at Bar\u00e7a\",\"datePublished\":\"2024-09-24T19:00:00+00:00\",\"dateModified\":\"2026-03-27T10:44:12+00:00\",\"mainEntityOfPage\":{\"@id\":\"https:\\\/\\\/www.fcbarcelonanoticias.com\\\/en\\\/transfers\\\/the-goalkeeper-who-is-willing-to-come-out-of-retirement-to-cover-for-ter-stegen-at-barca_307472_102.html\"},\"wordCount\":442,\"image\":{\"@id\":\"https:\\\/\\\/www.fcbarcelonanoticias.com\\\/en\\\/transfers\\\/the-goalkeeper-who-is-willing-to-come-out-of-retirement-to-cover-for-ter-stegen-at-barca_307472_102.html#primaryimage\"},\"thumbnailUrl\":\"https:\\\/\\\/www.fcbarcelonanoticias.com\\\/en\\\/wp-content\\\/uploads\\\/sites\\\/2\\\/2024\\\/09\\\/ter-stegen-barcelona-scaled.jpeg\",\"keywords\":[\"Hansi Flick\"],\"articleSection\":[\"Transfers\",\"Transfers\"],\"inLanguage\":\"en-US\"},{\"@type\":\"WebPage\",\"@id\":\"https:\\\/\\\/www.fcbarcelonanoticias.com\\\/en\\\/transfers\\\/the-goalkeeper-who-is-willing-to-come-out-of-retirement-to-cover-for-ter-stegen-at-barca_307472_102.html\",\"url\":\"https:\\\/\\\/www.fcbarcelonanoticias.com\\\/en\\\/transfers\\\/the-goalkeeper-who-is-willing-to-come-out-of-retirement-to-cover-for-ter-stegen-at-barca_307472_102.html\",\"name\":\"The goalkeeper who is willing to come out of retirement to cover for Ter Stegen at Bar\u00e7a\",\"isPartOf\":{\"@id\":\"https:\\\/\\\/www.fcbarcelonanoticias.com\\\/en\\\/#website\"},\"primaryImageOfPage\":{\"@id\":\"https:\\\/\\\/www.fcbarcelonanoticias.com\\\/en\\\/transfers\\\/the-goalkeeper-who-is-willing-to-come-out-of-retirement-to-cover-for-ter-stegen-at-barca_307472_102.html#primaryimage\"},\"image\":{\"@id\":\"https:\\\/\\\/www.fcbarcelonanoticias.com\\\/en\\\/transfers\\\/the-goalkeeper-who-is-willing-to-come-out-of-retirement-to-cover-for-ter-stegen-at-barca_307472_102.html#primaryimage\"},\"thumbnailUrl\":\"https:\\\/\\\/www.fcbarcelonanoticias.com\\\/en\\\/wp-content\\\/uploads\\\/sites\\\/2\\\/2024\\\/09\\\/ter-stegen-barcelona-scaled.jpeg\",\"datePublished\":\"2024-09-24T19:00:00+00:00\",\"dateModified\":\"2026-03-27T10:44:12+00:00\",\"author\":{\"@id\":\"https:\\\/\\\/www.fcbarcelonanoticias.com\\\/en\\\/#\\\/schema\\\/person\\\/88d756918a0a1ae9fa593b5edddd1815\"},\"description\":\"Ter Stegen's injury has opened the debate on the Bar\u00e7a goal. While the Catalans are studying the signing of a goalkeeper, in Poland Wojciech Szczesny would be willing to come out of retirement to cover for the German\",\"breadcrumb\":{\"@id\":\"https:\\\/\\\/www.fcbarcelonanoticias.com\\\/en\\\/transfers\\\/the-goalkeeper-who-is-willing-to-come-out-of-retirement-to-cover-for-ter-stegen-at-barca_307472_102.html#breadcrumb\"},\"inLanguage\":\"en-US\",\"potentialAction\":[{\"@type\":\"ReadAction\",\"target\":[\"https:\\\/\\\/www.fcbarcelonanoticias.com\\\/en\\\/transfers\\\/the-goalkeeper-who-is-willing-to-come-out-of-retirement-to-cover-for-ter-stegen-at-barca_307472_102.html\"]}]},{\"@type\":\"ImageObject\",\"inLanguage\":\"en-US\",\"@id\":\"https:\\\/\\\/www.fcbarcelonanoticias.com\\\/en\\\/transfers\\\/the-goalkeeper-who-is-willing-to-come-out-of-retirement-to-cover-for-ter-stegen-at-barca_307472_102.html#primaryimage\",\"url\":\"https:\\\/\\\/www.fcbarcelonanoticias.com\\\/en\\\/wp-content\\\/uploads\\\/sites\\\/2\\\/2024\\\/09\\\/ter-stegen-barcelona-scaled.jpeg\",\"contentUrl\":\"https:\\\/\\\/www.fcbarcelonanoticias.com\\\/en\\\/wp-content\\\/uploads\\\/sites\\\/2\\\/2024\\\/09\\\/ter-stegen-barcelona-scaled.jpeg\",\"width\":2560,\"height\":1709},{\"@type\":\"BreadcrumbList\",\"@id\":\"https:\\\/\\\/www.fcbarcelonanoticias.com\\\/en\\\/transfers\\\/the-goalkeeper-who-is-willing-to-come-out-of-retirement-to-cover-for-ter-stegen-at-barca_307472_102.html#breadcrumb\",\"itemListElement\":[{\"@type\":\"ListItem\",\"position\":1,\"name\":\"Portada\",\"item\":\"https:\\\/\\\/www.fcbarcelonanoticias.com\\\/en\\\/\"},{\"@type\":\"ListItem\",\"position\":2,\"name\":\"The goalkeeper who is willing to come out of retirement to cover for Ter Stegen at Bar\u00e7a\"}]},{\"@type\":\"WebSite\",\"@id\":\"https:\\\/\\\/www.fcbarcelonanoticias.com\\\/en\\\/#website\",\"url\":\"https:\\\/\\\/www.fcbarcelonanoticias.com\\\/en\\\/\",\"name\":\"EN - FC Barcelona Noticias\",\"description\":\"\",\"potentialAction\":[{\"@type\":\"SearchAction\",\"target\":{\"@type\":\"EntryPoint\",\"urlTemplate\":\"https:\\\/\\\/www.fcbarcelonanoticias.com\\\/en\\\/?s={search_term_string}\"},\"query-input\":{\"@type\":\"PropertyValueSpecification\",\"valueRequired\":true,\"valueName\":\"search_term_string\"}}],\"inLanguage\":\"en-US\"},{\"@type\":\"Person\",\"@id\":\"https:\\\/\\\/www.fcbarcelonanoticias.com\\\/en\\\/#\\\/schema\\\/person\\\/88d756918a0a1ae9fa593b5edddd1815\",\"name\":\"Juan Pablo Berdugo\",\"image\":{\"@type\":\"ImageObject\",\"inLanguage\":\"en-US\",\"@id\":\"https:\\\/\\\/secure.gravatar.com\\\/avatar\\\/?s=96&d=mm&r=g\",\"url\":\"https:\\\/\\\/secure.gravatar.com\\\/avatar\\\/?s=96&d=mm&r=g\",\"contentUrl\":\"https:\\\/\\\/secure.gravatar.com\\\/avatar\\\/?s=96&d=mm&r=g\",\"caption\":\"Juan Pablo Berdugo\"},\"description\":\"Juan Pablo Berdugo es graduado en Periodismo. Colabora con FCBN como especialista en informaci\u00f3n del primer equipo del FC Barcelona, f\u00fatbol internacional y mercado de fichajes. Destaca por su enfoque anal\u00edtico, su rigor informativo y su capacidad para detectar tendencias emergentes en el f\u00fatbol global.\",\"url\":\"https:\\\/\\\/www.fcbarcelonanoticias.com\\\/en\\\/fc-barcelona\\\/juan-pablo-berdugo_18_115.html\"}]}<\/script>\n<!-- \/ Yoast SEO plugin. -->","yoast_head_json":{"title":"The goalkeeper who is willing to come out of retirement to cover for Ter Stegen at Bar\u00e7a","description":"Ter Stegen's injury has opened the debate on the Bar\u00e7a goal. While the Catalans are studying the signing of a goalkeeper, in Poland Wojciech Szczesny would be willing to come out of retirement to cover for the German","robots":{"index":"index","follow":"follow","max-snippet":"max-snippet:-1","max-image-preview":"max-image-preview:large","max-video-preview":"max-video-preview:-1"},"canonical":"https:\/\/www.fcbarcelonanoticias.com\/en\/transfers\/the-goalkeeper-who-is-willing-to-come-out-of-retirement-to-cover-for-ter-stegen-at-barca_307472_102.html","og_locale":"en_US","og_type":"article","og_title":"The goalkeeper who is willing to come out of retirement to cover for Ter Stegen at Bar\u00e7a","og_description":"Ter Stegen's injury has opened the debate on the Bar\u00e7a goal. While the Catalans are studying the signing of a goalkeeper, in Poland Wojciech Szczesny would be willing to come out of retirement to cover for the German","og_url":"https:\/\/www.fcbarcelonanoticias.com\/en\/transfers\/the-goalkeeper-who-is-willing-to-come-out-of-retirement-to-cover-for-ter-stegen-at-barca_307472_102.html","og_site_name":"EN - FC Barcelona Noticias","article_published_time":"2024-09-24T19:00:00+00:00","article_modified_time":"2026-03-27T10:44:12+00:00","og_image":[{"width":2560,"height":1709,"url":"https:\/\/www.fcbarcelonanoticias.com\/en\/wp-content\/uploads\/sites\/2\/2024\/09\/ter-stegen-barcelona-scaled.jpeg","type":"image\/jpeg"}],"author":"Juan Pablo Berdugo","twitter_card":"summary_large_image","twitter_misc":{"Written by":"Juan Pablo Berdugo","Est. reading time":"2 minutes"},"schema":{"@context":"https:\/\/schema.org","@graph":[{"@type":"Article","@id":"https:\/\/www.fcbarcelonanoticias.com\/en\/transfers\/the-goalkeeper-who-is-willing-to-come-out-of-retirement-to-cover-for-ter-stegen-at-barca_307472_102.html#article","isPartOf":{"@id":"https:\/\/www.fcbarcelonanoticias.com\/en\/transfers\/the-goalkeeper-who-is-willing-to-come-out-of-retirement-to-cover-for-ter-stegen-at-barca_307472_102.html"},"author":{"name":"Juan Pablo Berdugo","@id":"https:\/\/www.fcbarcelonanoticias.com\/en\/#\/schema\/person\/88d756918a0a1ae9fa593b5edddd1815"},"headline":"The goalkeeper who is willing to come out of retirement to cover for Ter Stegen at Bar\u00e7a","datePublished":"2024-09-24T19:00:00+00:00","dateModified":"2026-03-27T10:44:12+00:00","mainEntityOfPage":{"@id":"https:\/\/www.fcbarcelonanoticias.com\/en\/transfers\/the-goalkeeper-who-is-willing-to-come-out-of-retirement-to-cover-for-ter-stegen-at-barca_307472_102.html"},"wordCount":442,"image":{"@id":"https:\/\/www.fcbarcelonanoticias.com\/en\/transfers\/the-goalkeeper-who-is-willing-to-come-out-of-retirement-to-cover-for-ter-stegen-at-barca_307472_102.html#primaryimage"},"thumbnailUrl":"https:\/\/www.fcbarcelonanoticias.com\/en\/wp-content\/uploads\/sites\/2\/2024\/09\/ter-stegen-barcelona-scaled.jpeg","keywords":["Hansi Flick"],"articleSection":["Transfers","Transfers"],"inLanguage":"en-US"},{"@type":"WebPage","@id":"https:\/\/www.fcbarcelonanoticias.com\/en\/transfers\/the-goalkeeper-who-is-willing-to-come-out-of-retirement-to-cover-for-ter-stegen-at-barca_307472_102.html","url":"https:\/\/www.fcbarcelonanoticias.com\/en\/transfers\/the-goalkeeper-who-is-willing-to-come-out-of-retirement-to-cover-for-ter-stegen-at-barca_307472_102.html","name":"The goalkeeper who is willing to come out of retirement to cover for Ter Stegen at Bar\u00e7a","isPartOf":{"@id":"https:\/\/www.fcbarcelonanoticias.com\/en\/#website"},"primaryImageOfPage":{"@id":"https:\/\/www.fcbarcelonanoticias.com\/en\/transfers\/the-goalkeeper-who-is-willing-to-come-out-of-retirement-to-cover-for-ter-stegen-at-barca_307472_102.html#primaryimage"},"image":{"@id":"https:\/\/www.fcbarcelonanoticias.com\/en\/transfers\/the-goalkeeper-who-is-willing-to-come-out-of-retirement-to-cover-for-ter-stegen-at-barca_307472_102.html#primaryimage"},"thumbnailUrl":"https:\/\/www.fcbarcelonanoticias.com\/en\/wp-content\/uploads\/sites\/2\/2024\/09\/ter-stegen-barcelona-scaled.jpeg","datePublished":"2024-09-24T19:00:00+00:00","dateModified":"2026-03-27T10:44:12+00:00","author":{"@id":"https:\/\/www.fcbarcelonanoticias.com\/en\/#\/schema\/person\/88d756918a0a1ae9fa593b5edddd1815"},"description":"Ter Stegen's injury has opened the debate on the Bar\u00e7a goal. While the Catalans are studying the signing of a goalkeeper, in Poland Wojciech Szczesny would be willing to come out of retirement to cover for the German","breadcrumb":{"@id":"https:\/\/www.fcbarcelonanoticias.com\/en\/transfers\/the-goalkeeper-who-is-willing-to-come-out-of-retirement-to-cover-for-ter-stegen-at-barca_307472_102.html#breadcrumb"},"inLanguage":"en-US","potentialAction":[{"@type":"ReadAction","target":["https:\/\/www.fcbarcelonanoticias.com\/en\/transfers\/the-goalkeeper-who-is-willing-to-come-out-of-retirement-to-cover-for-ter-stegen-at-barca_307472_102.html"]}]},{"@type":"ImageObject","inLanguage":"en-US","@id":"https:\/\/www.fcbarcelonanoticias.com\/en\/transfers\/the-goalkeeper-who-is-willing-to-come-out-of-retirement-to-cover-for-ter-stegen-at-barca_307472_102.html#primaryimage","url":"https:\/\/www.fcbarcelonanoticias.com\/en\/wp-content\/uploads\/sites\/2\/2024\/09\/ter-stegen-barcelona-scaled.jpeg","contentUrl":"https:\/\/www.fcbarcelonanoticias.com\/en\/wp-content\/uploads\/sites\/2\/2024\/09\/ter-stegen-barcelona-scaled.jpeg","width":2560,"height":1709},{"@type":"BreadcrumbList","@id":"https:\/\/www.fcbarcelonanoticias.com\/en\/transfers\/the-goalkeeper-who-is-willing-to-come-out-of-retirement-to-cover-for-ter-stegen-at-barca_307472_102.html#breadcrumb","itemListElement":[{"@type":"ListItem","position":1,"name":"Portada","item":"https:\/\/www.fcbarcelonanoticias.com\/en\/"},{"@type":"ListItem","position":2,"name":"The goalkeeper who is willing to come out of retirement to cover for Ter Stegen at Bar\u00e7a"}]},{"@type":"WebSite","@id":"https:\/\/www.fcbarcelonanoticias.com\/en\/#website","url":"https:\/\/www.fcbarcelonanoticias.com\/en\/","name":"EN - FC Barcelona Noticias","description":"","potentialAction":[{"@type":"SearchAction","target":{"@type":"EntryPoint","urlTemplate":"https:\/\/www.fcbarcelonanoticias.com\/en\/?s={search_term_string}"},"query-input":{"@type":"PropertyValueSpecification","valueRequired":true,"valueName":"search_term_string"}}],"inLanguage":"en-US"},{"@type":"Person","@id":"https:\/\/www.fcbarcelonanoticias.com\/en\/#\/schema\/person\/88d756918a0a1ae9fa593b5edddd1815","name":"Juan Pablo Berdugo","image":{"@type":"ImageObject","inLanguage":"en-US","@id":"https:\/\/secure.gravatar.com\/avatar\/?s=96&d=mm&r=g","url":"https:\/\/secure.gravatar.com\/avatar\/?s=96&d=mm&r=g","contentUrl":"https:\/\/secure.gravatar.com\/avatar\/?s=96&d=mm&r=g","caption":"Juan Pablo Berdugo"},"description":"Juan Pablo Berdugo es graduado en Periodismo. Colabora con FCBN como especialista en informaci\u00f3n del primer equipo del FC Barcelona, f\u00fatbol internacional y mercado de fichajes. Destaca por su enfoque anal\u00edtico, su rigor informativo y su capacidad para detectar tendencias emergentes en el f\u00fatbol global.","url":"https:\/\/www.fcbarcelonanoticias.com\/en\/fc-barcelona\/juan-pablo-berdugo_18_115.html"}]}},"_links":{"self":[{"href":"https:\/\/www.fcbarcelonanoticias.com\/en\/wp-json\/wp\/v2\/posts\/141884","targetHints":{"allow":["GET"]}}],"collection":[{"href":"https:\/\/www.fcbarcelonanoticias.com\/en\/wp-json\/wp\/v2\/posts"}],"about":[{"href":"https:\/\/www.fcbarcelonanoticias.com\/en\/wp-json\/wp\/v2\/types\/post"}],"author":[{"embeddable":true,"href":"https:\/\/www.fcbarcelonanoticias.com\/en\/wp-json\/wp\/v2\/users\/358"}],"replies":[{"embeddable":true,"href":"https:\/\/www.fcbarcelonanoticias.com\/en\/wp-json\/wp\/v2\/comments?post=141884"}],"version-history":[{"count":2,"href":"https:\/\/www.fcbarcelonanoticias.com\/en\/wp-json\/wp\/v2\/posts\/141884\/revisions"}],"predecessor-version":[{"id":162070,"href":"https:\/\/www.fcbarcelonanoticias.com\/en\/wp-json\/wp\/v2\/posts\/141884\/revisions\/162070"}],"wp:featuredmedia":[{"embeddable":true,"href":"https:\/\/www.fcbarcelonanoticias.com\/en\/wp-json\/wp\/v2\/media\/141888"}],"wp:attachment":[{"href":"https:\/\/www.fcbarcelonanoticias.com\/en\/wp-json\/wp\/v2\/media?parent=141884"}],"wp:term":[{"taxonomy":"category","embeddable":true,"href":"https:\/\/www.fcbarcelonanoticias.com\/en\/wp-json\/wp\/v2\/categories?post=141884"},{"taxonomy":"post_tag","embeddable":true,"href":"https:\/\/www.fcbarcelonanoticias.com\/en\/wp-json\/wp\/v2\/tags?post=141884"}],"curies":[{"name":"wp","href":"https:\/\/api.w.org\/{rel}","templated":true}]}}