{"id":141894,"date":"2023-10-31T08:44:00","date_gmt":"2023-10-31T07:44:00","guid":{"rendered":"https:\/\/weisetech.dev\/fc-barcelona-noticias\/en\/the-gesture-of-mbappe-by-which-the-madridismo-goes-back-to-dream-with-his-signing_297621_102\/"},"modified":"2023-10-31T08:44:00","modified_gmt":"2023-10-31T07:44:00","slug":"the-gesture-of-mbappe-by-which-the-madridismo-goes-back-to-dream-with-his-signing_297621_102","status":"publish","type":"post","link":"https:\/\/www.fcbarcelonanoticias.com\/en\/transfers\/the-gesture-of-mbappe-by-which-the-madridismo-goes-back-to-dream-with-his-signing_297621_102.html","title":{"rendered":"Mbapp\u00e9&#8217;s gesture for which Madrid fans once again dream of signing him"},"content":{"rendered":"<h2 class=\"wp-block-heading\">Kylian Mbapp\u00e9 was one of those attending the Ballon d&#8217;Or gala and has not gone unnoticed. The player left a &#8216;curious&#8217; gesture after being questioned about his possible signing for Real Madrid<\/h2>  \r\n<div class=\"article-addons\">\r\n    <a href=\"https:\/\/www.fcbarcelonanoticias.com\/en\/calendar-fc-barcelona.html\"\r\n       target=\"_self\"\r\n       title=\"Calendar of FC Barcelona\"\r\n       class=\"blue-gredient-btn\">\r\n       \r\n        Calendar of FC Barcelona    <\/a>\r\n<\/div>   <p><strong>Kylian Mbapp\u00e9, as it is being habit in the last editions, was present in the Th\u00e9\u00e2tre du Ch\u00e2telet of Paris for the delivery of the Balloon of Gold.<\/strong> It remained in the third position in the votes after being a key piece for the Paris Saint-Germain and France, with which arrived to the final of the World-wide of 2022 and went the maximum goleador of the tournament, with an exceptional performance against the Argentinian of Leo Messi. <a data-external=\"0\" data-intl-links-en=\"https:\/\/www.fcbarcelonanoticias.com\/en\/golden-ball\/official-lionel-messi-tops-with-his-eighth-balloon-of-gold_297585_102.html\" data-intl-links-es=\"https:\/\/www.fcbarcelonanoticias.com\/balon-de-oro\/oficial-lionel-messi-se-corona-con-su-octavo-balon-oro_297585_102.html\" href=\"https:\/\/www.fcbarcelonanoticias.com\/en\/golden-ball\/official-lionel-messi-tops-with-his-eighth-balloon-of-gold_297585_102.html\" rel=\"follow\" target=\"_self\" title=\"OFICIAL: \u00a1Lionel Messi se corona con su octavo Bal\u00f3n de Oro!\">It remained by behind, precisely, of his excompa\u00f1ero<\/a> and, also, of an Erling Haaland that signed a historical season with the Manchester City that finish with a triplete of titles.<\/p>  <p>The true is that the French attacker has not left indifferent to anybody during and after the gala. &#8216;The Chiringuito&#8217; has published a video of the player of 24 years in which they have asked him if it will play in the Real Madrid during the next season and has finished smiling in an attempt to nod. <strong>The image already has given the turn to the world and reopens the eternal serial in which it has converted his future.<\/strong> It finishes agreement with the Paris Saint-Germain the next 30 June 2024 and, for the moment, follow without having negotiations so that it extend his stay in the Park of the Princes.<\/p>  <blockquote class=\"twitter-tweet\"> <p dir=\"ltr\" lang=\"es\">\ud83d\udea8 IMAGE <a href=\"https:\/\/twitter.com\/en\/elchiringuitotv?ref_src=twsrc%5Etfw\">@elchiringuitotv<\/a>\ud83d\udea8<br><br> \ud83d\ude33 The GESTURE of MBAPP\u00c9 when <a href=\"https:\/\/twitter.com\/en\/10JoseAlvarez?ref_src=twsrc%5Etfw\">@10JoseAlvarez<\/a> asks after him the REAL MADRID in 2024.<br><br> It goes to give the TURN to the WORLD <a href=\"https:\/\/twitter.com\/en\/hashtag\/ChiringuitoBal%C3%B3nDeOro?src=hash&amp;ref_src=twsrc%5Etfw\">#ChiringuitoBal\u00f3nDeOro<\/a>. <a href=\"https:\/\/t.co\/en\/Wi6VGyGwiK\">pic.twitter.com\/wi6vgygwik<\/a><\/p> \u2014 The Chiringuito TV (@elchiringuitotv) <a href=\"https:\/\/twitter.com\/en\/elchiringuitotv\/status\/1719140872460099680?ref_src=twsrc%5Etfw\">October 30, 2023<\/a> <\/blockquote> <h2>New &#8216;gesture&#8217; of Mbapp\u00e9?<\/h2>  <p>Although a big number of fans of the Real Madrid have tired of all the drama in which it has converted the future of &#8216;Donatello&#8217;, <strong>there is those who take it like an important gesture of face to what could happen in next summer.<\/strong> The continuity of Mbapp\u00e9, although the PSG him &#8216;forgave&#8217; by all what happened between June and August by the letter that had sent confirming that it did not go to execute the clause of enlargement of his agreement, is not ensured and, probably, depend on what can achieve or no the team of Luis Enrique this year.<\/p>  <p>The White House will go back to be attentive to what can happen. It is a &#8216;dream&#8217; of Florentino P\u00e9rez and in 2024 could carry him to Santiago Bernab\u00e9u like free agent. It will be, as all the years, an authentic novel that will begin on 1 January, when the footballer become free agent and have the possibility to negotiate his future with the club of his preference of face to the season 2024-2025&#8230;<strong> It will be, now yes, the definite moment or a new trip of the madridistas?<\/strong><\/p> ","protected":false},"excerpt":{"rendered":"<p>Kylian Mbapp\u00e9 was one of those attending the Ballon d&#8217;Or gala and has not gone unnoticed. The player left a &#8216;curious&#8217; gesture after being questioned about his possible signing for Real Madrid Kylian Mbapp\u00e9, as it is being habit in the last editions, was present in the Th\u00e9\u00e2tre du Ch\u00e2telet of Paris for the delivery [&hellip;]<\/p>\n","protected":false},"author":353,"featured_media":141897,"comment_status":"closed","ping_status":"open","sticky":false,"template":"","format":"standard","meta":{"_acf_changed":false,"inline_featured_image":false,"_nextfly_llmd_date_locked":false,"footnotes":""},"categories":[106,449],"tags":[171,88],"class_list":["post-141894","post","type-post","status-publish","format-standard","has-post-thumbnail","hentry","category-transfers","category-transfers-2","tag-mbappe","tag-paris-saint-germain"],"acf":[],"yoast_head":"<!-- This site is optimized with the Yoast SEO plugin v27.3 - https:\/\/yoast.com\/product\/yoast-seo-wordpress\/ -->\n<title>The gesture of Mbapp\u00e9 by which the madridismo goes back to dream with his signing<\/title>\n<meta name=\"description\" content=\"Kylian Mbapp\u00e9 Was one of the assistants to the gala of the Balloon of Gold and has not happened careless. The player left a &#039;curious&#039; gesture after being questioned by his possible signing by the Real Madrid\" \/>\n<meta name=\"robots\" content=\"index, follow, max-snippet:-1, max-image-preview:large, max-video-preview:-1\" \/>\n<link rel=\"canonical\" href=\"https:\/\/www.fcbarcelonanoticias.com\/en\/transfers\/the-gesture-of-mbappe-by-which-the-madridismo-goes-back-to-dream-with-his-signing_297621_102.html\" \/>\n<meta property=\"og:locale\" content=\"en_US\" \/>\n<meta property=\"og:type\" content=\"article\" \/>\n<meta property=\"og:title\" content=\"The gesture of Mbapp\u00e9 by which the madridismo goes back to dream with his signing\" \/>\n<meta property=\"og:description\" content=\"Kylian Mbapp\u00e9 Was one of the assistants to the gala of the Balloon of Gold and has not happened careless. The player left a &#039;curious&#039; gesture after being questioned by his possible signing by the Real Madrid\" \/>\n<meta property=\"og:url\" content=\"https:\/\/www.fcbarcelonanoticias.com\/en\/transfers\/the-gesture-of-mbappe-by-which-the-madridismo-goes-back-to-dream-with-his-signing_297621_102.html\" \/>\n<meta property=\"og:site_name\" content=\"EN - FC Barcelona Noticias\" \/>\n<meta property=\"article:published_time\" content=\"2023-10-31T07:44:00+00:00\" \/>\n<meta property=\"og:image\" content=\"https:\/\/www.fcbarcelonanoticias.com\/en\/wp-content\/uploads\/sites\/2\/2023\/10\/kyian-mbappe-en-la-gala-del-balon-de-oro.jpeg\" \/>\n\t<meta property=\"og:image:width\" content=\"1200\" \/>\n\t<meta property=\"og:image:height\" content=\"675\" \/>\n\t<meta property=\"og:image:type\" content=\"image\/jpeg\" \/>\n<meta name=\"author\" content=\"FC Barcelona Noticias\" \/>\n<meta name=\"twitter:card\" content=\"summary_large_image\" \/>\n<meta name=\"twitter:label1\" content=\"Written by\" \/>\n\t<meta name=\"twitter:data1\" content=\"FC Barcelona Noticias\" \/>\n\t<meta name=\"twitter:label2\" content=\"Est. reading time\" \/>\n\t<meta name=\"twitter:data2\" content=\"2 minutes\" \/>\n<script type=\"application\/ld+json\" class=\"yoast-schema-graph\">{\"@context\":\"https:\\\/\\\/schema.org\",\"@graph\":[{\"@type\":\"Article\",\"@id\":\"https:\\\/\\\/www.fcbarcelonanoticias.com\\\/en\\\/transfers\\\/the-gesture-of-mbappe-by-which-the-madridismo-goes-back-to-dream-with-his-signing_297621_102.html#article\",\"isPartOf\":{\"@id\":\"https:\\\/\\\/www.fcbarcelonanoticias.com\\\/en\\\/transfers\\\/the-gesture-of-mbappe-by-which-the-madridismo-goes-back-to-dream-with-his-signing_297621_102.html\"},\"author\":{\"name\":\"FC Barcelona Noticias\",\"@id\":\"https:\\\/\\\/www.fcbarcelonanoticias.com\\\/en\\\/#\\\/schema\\\/person\\\/0f2810101d27606974cdb8edb54fa54b\"},\"headline\":\"Mbapp\u00e9&#8217;s gesture for which Madrid fans once again dream of signing him\",\"datePublished\":\"2023-10-31T07:44:00+00:00\",\"mainEntityOfPage\":{\"@id\":\"https:\\\/\\\/www.fcbarcelonanoticias.com\\\/en\\\/transfers\\\/the-gesture-of-mbappe-by-which-the-madridismo-goes-back-to-dream-with-his-signing_297621_102.html\"},\"wordCount\":493,\"image\":{\"@id\":\"https:\\\/\\\/www.fcbarcelonanoticias.com\\\/en\\\/transfers\\\/the-gesture-of-mbappe-by-which-the-madridismo-goes-back-to-dream-with-his-signing_297621_102.html#primaryimage\"},\"thumbnailUrl\":\"https:\\\/\\\/www.fcbarcelonanoticias.com\\\/en\\\/wp-content\\\/uploads\\\/sites\\\/2\\\/2023\\\/10\\\/kyian-mbappe-en-la-gala-del-balon-de-oro.jpeg\",\"keywords\":[\"Mbapp\u00e9\",\"Paris Saint-Germain\"],\"articleSection\":[\"Transfers\",\"Transfers\"],\"inLanguage\":\"en-US\"},{\"@type\":\"WebPage\",\"@id\":\"https:\\\/\\\/www.fcbarcelonanoticias.com\\\/en\\\/transfers\\\/the-gesture-of-mbappe-by-which-the-madridismo-goes-back-to-dream-with-his-signing_297621_102.html\",\"url\":\"https:\\\/\\\/www.fcbarcelonanoticias.com\\\/en\\\/transfers\\\/the-gesture-of-mbappe-by-which-the-madridismo-goes-back-to-dream-with-his-signing_297621_102.html\",\"name\":\"The gesture of Mbapp\u00e9 by which the madridismo goes back to dream with his signing\",\"isPartOf\":{\"@id\":\"https:\\\/\\\/www.fcbarcelonanoticias.com\\\/en\\\/#website\"},\"primaryImageOfPage\":{\"@id\":\"https:\\\/\\\/www.fcbarcelonanoticias.com\\\/en\\\/transfers\\\/the-gesture-of-mbappe-by-which-the-madridismo-goes-back-to-dream-with-his-signing_297621_102.html#primaryimage\"},\"image\":{\"@id\":\"https:\\\/\\\/www.fcbarcelonanoticias.com\\\/en\\\/transfers\\\/the-gesture-of-mbappe-by-which-the-madridismo-goes-back-to-dream-with-his-signing_297621_102.html#primaryimage\"},\"thumbnailUrl\":\"https:\\\/\\\/www.fcbarcelonanoticias.com\\\/en\\\/wp-content\\\/uploads\\\/sites\\\/2\\\/2023\\\/10\\\/kyian-mbappe-en-la-gala-del-balon-de-oro.jpeg\",\"datePublished\":\"2023-10-31T07:44:00+00:00\",\"author\":{\"@id\":\"https:\\\/\\\/www.fcbarcelonanoticias.com\\\/en\\\/#\\\/schema\\\/person\\\/0f2810101d27606974cdb8edb54fa54b\"},\"description\":\"Kylian Mbapp\u00e9 Was one of the assistants to the gala of the Balloon of Gold and has not happened careless. The player left a 'curious' gesture after being questioned by his possible signing by the Real Madrid\",\"breadcrumb\":{\"@id\":\"https:\\\/\\\/www.fcbarcelonanoticias.com\\\/en\\\/transfers\\\/the-gesture-of-mbappe-by-which-the-madridismo-goes-back-to-dream-with-his-signing_297621_102.html#breadcrumb\"},\"inLanguage\":\"en-US\",\"potentialAction\":[{\"@type\":\"ReadAction\",\"target\":[\"https:\\\/\\\/www.fcbarcelonanoticias.com\\\/en\\\/transfers\\\/the-gesture-of-mbappe-by-which-the-madridismo-goes-back-to-dream-with-his-signing_297621_102.html\"]}]},{\"@type\":\"ImageObject\",\"inLanguage\":\"en-US\",\"@id\":\"https:\\\/\\\/www.fcbarcelonanoticias.com\\\/en\\\/transfers\\\/the-gesture-of-mbappe-by-which-the-madridismo-goes-back-to-dream-with-his-signing_297621_102.html#primaryimage\",\"url\":\"https:\\\/\\\/www.fcbarcelonanoticias.com\\\/en\\\/wp-content\\\/uploads\\\/sites\\\/2\\\/2023\\\/10\\\/kyian-mbappe-en-la-gala-del-balon-de-oro.jpeg\",\"contentUrl\":\"https:\\\/\\\/www.fcbarcelonanoticias.com\\\/en\\\/wp-content\\\/uploads\\\/sites\\\/2\\\/2023\\\/10\\\/kyian-mbappe-en-la-gala-del-balon-de-oro.jpeg\",\"width\":1200,\"height\":675},{\"@type\":\"BreadcrumbList\",\"@id\":\"https:\\\/\\\/www.fcbarcelonanoticias.com\\\/en\\\/transfers\\\/the-gesture-of-mbappe-by-which-the-madridismo-goes-back-to-dream-with-his-signing_297621_102.html#breadcrumb\",\"itemListElement\":[{\"@type\":\"ListItem\",\"position\":1,\"name\":\"Portada\",\"item\":\"https:\\\/\\\/www.fcbarcelonanoticias.com\\\/en\\\/\"},{\"@type\":\"ListItem\",\"position\":2,\"name\":\"Mbapp\u00e9&#8217;s gesture for which Madrid fans once again dream of signing him\"}]},{\"@type\":\"WebSite\",\"@id\":\"https:\\\/\\\/www.fcbarcelonanoticias.com\\\/en\\\/#website\",\"url\":\"https:\\\/\\\/www.fcbarcelonanoticias.com\\\/en\\\/\",\"name\":\"EN - FC Barcelona Noticias\",\"description\":\"\",\"potentialAction\":[{\"@type\":\"SearchAction\",\"target\":{\"@type\":\"EntryPoint\",\"urlTemplate\":\"https:\\\/\\\/www.fcbarcelonanoticias.com\\\/en\\\/?s={search_term_string}\"},\"query-input\":{\"@type\":\"PropertyValueSpecification\",\"valueRequired\":true,\"valueName\":\"search_term_string\"}}],\"inLanguage\":\"en-US\"},{\"@type\":\"Person\",\"@id\":\"https:\\\/\\\/www.fcbarcelonanoticias.com\\\/en\\\/#\\\/schema\\\/person\\\/0f2810101d27606974cdb8edb54fa54b\",\"name\":\"FC Barcelona Noticias\",\"image\":{\"@type\":\"ImageObject\",\"inLanguage\":\"en-US\",\"@id\":\"https:\\\/\\\/secure.gravatar.com\\\/avatar\\\/?s=96&d=mm&r=g\",\"url\":\"https:\\\/\\\/secure.gravatar.com\\\/avatar\\\/?s=96&d=mm&r=g\",\"contentUrl\":\"https:\\\/\\\/secure.gravatar.com\\\/avatar\\\/?s=96&d=mm&r=g\",\"caption\":\"FC Barcelona Noticias\"},\"url\":\"https:\\\/\\\/www.fcbarcelonanoticias.com\\\/en\\\/fc-barcelona\\\/fcbn-writing-fc-barcelona-news_6_115.html\"}]}<\/script>\n<!-- \/ Yoast SEO plugin. -->","yoast_head_json":{"title":"The gesture of Mbapp\u00e9 by which the madridismo goes back to dream with his signing","description":"Kylian Mbapp\u00e9 Was one of the assistants to the gala of the Balloon of Gold and has not happened careless. The player left a 'curious' gesture after being questioned by his possible signing by the Real Madrid","robots":{"index":"index","follow":"follow","max-snippet":"max-snippet:-1","max-image-preview":"max-image-preview:large","max-video-preview":"max-video-preview:-1"},"canonical":"https:\/\/www.fcbarcelonanoticias.com\/en\/transfers\/the-gesture-of-mbappe-by-which-the-madridismo-goes-back-to-dream-with-his-signing_297621_102.html","og_locale":"en_US","og_type":"article","og_title":"The gesture of Mbapp\u00e9 by which the madridismo goes back to dream with his signing","og_description":"Kylian Mbapp\u00e9 Was one of the assistants to the gala of the Balloon of Gold and has not happened careless. The player left a 'curious' gesture after being questioned by his possible signing by the Real Madrid","og_url":"https:\/\/www.fcbarcelonanoticias.com\/en\/transfers\/the-gesture-of-mbappe-by-which-the-madridismo-goes-back-to-dream-with-his-signing_297621_102.html","og_site_name":"EN - FC Barcelona Noticias","article_published_time":"2023-10-31T07:44:00+00:00","og_image":[{"width":1200,"height":675,"url":"https:\/\/www.fcbarcelonanoticias.com\/en\/wp-content\/uploads\/sites\/2\/2023\/10\/kyian-mbappe-en-la-gala-del-balon-de-oro.jpeg","type":"image\/jpeg"}],"author":"FC Barcelona Noticias","twitter_card":"summary_large_image","twitter_misc":{"Written by":"FC Barcelona Noticias","Est. reading time":"2 minutes"},"schema":{"@context":"https:\/\/schema.org","@graph":[{"@type":"Article","@id":"https:\/\/www.fcbarcelonanoticias.com\/en\/transfers\/the-gesture-of-mbappe-by-which-the-madridismo-goes-back-to-dream-with-his-signing_297621_102.html#article","isPartOf":{"@id":"https:\/\/www.fcbarcelonanoticias.com\/en\/transfers\/the-gesture-of-mbappe-by-which-the-madridismo-goes-back-to-dream-with-his-signing_297621_102.html"},"author":{"name":"FC Barcelona Noticias","@id":"https:\/\/www.fcbarcelonanoticias.com\/en\/#\/schema\/person\/0f2810101d27606974cdb8edb54fa54b"},"headline":"Mbapp\u00e9&#8217;s gesture for which Madrid fans once again dream of signing him","datePublished":"2023-10-31T07:44:00+00:00","mainEntityOfPage":{"@id":"https:\/\/www.fcbarcelonanoticias.com\/en\/transfers\/the-gesture-of-mbappe-by-which-the-madridismo-goes-back-to-dream-with-his-signing_297621_102.html"},"wordCount":493,"image":{"@id":"https:\/\/www.fcbarcelonanoticias.com\/en\/transfers\/the-gesture-of-mbappe-by-which-the-madridismo-goes-back-to-dream-with-his-signing_297621_102.html#primaryimage"},"thumbnailUrl":"https:\/\/www.fcbarcelonanoticias.com\/en\/wp-content\/uploads\/sites\/2\/2023\/10\/kyian-mbappe-en-la-gala-del-balon-de-oro.jpeg","keywords":["Mbapp\u00e9","Paris Saint-Germain"],"articleSection":["Transfers","Transfers"],"inLanguage":"en-US"},{"@type":"WebPage","@id":"https:\/\/www.fcbarcelonanoticias.com\/en\/transfers\/the-gesture-of-mbappe-by-which-the-madridismo-goes-back-to-dream-with-his-signing_297621_102.html","url":"https:\/\/www.fcbarcelonanoticias.com\/en\/transfers\/the-gesture-of-mbappe-by-which-the-madridismo-goes-back-to-dream-with-his-signing_297621_102.html","name":"The gesture of Mbapp\u00e9 by which the madridismo goes back to dream with his signing","isPartOf":{"@id":"https:\/\/www.fcbarcelonanoticias.com\/en\/#website"},"primaryImageOfPage":{"@id":"https:\/\/www.fcbarcelonanoticias.com\/en\/transfers\/the-gesture-of-mbappe-by-which-the-madridismo-goes-back-to-dream-with-his-signing_297621_102.html#primaryimage"},"image":{"@id":"https:\/\/www.fcbarcelonanoticias.com\/en\/transfers\/the-gesture-of-mbappe-by-which-the-madridismo-goes-back-to-dream-with-his-signing_297621_102.html#primaryimage"},"thumbnailUrl":"https:\/\/www.fcbarcelonanoticias.com\/en\/wp-content\/uploads\/sites\/2\/2023\/10\/kyian-mbappe-en-la-gala-del-balon-de-oro.jpeg","datePublished":"2023-10-31T07:44:00+00:00","author":{"@id":"https:\/\/www.fcbarcelonanoticias.com\/en\/#\/schema\/person\/0f2810101d27606974cdb8edb54fa54b"},"description":"Kylian Mbapp\u00e9 Was one of the assistants to the gala of the Balloon of Gold and has not happened careless. The player left a 'curious' gesture after being questioned by his possible signing by the Real Madrid","breadcrumb":{"@id":"https:\/\/www.fcbarcelonanoticias.com\/en\/transfers\/the-gesture-of-mbappe-by-which-the-madridismo-goes-back-to-dream-with-his-signing_297621_102.html#breadcrumb"},"inLanguage":"en-US","potentialAction":[{"@type":"ReadAction","target":["https:\/\/www.fcbarcelonanoticias.com\/en\/transfers\/the-gesture-of-mbappe-by-which-the-madridismo-goes-back-to-dream-with-his-signing_297621_102.html"]}]},{"@type":"ImageObject","inLanguage":"en-US","@id":"https:\/\/www.fcbarcelonanoticias.com\/en\/transfers\/the-gesture-of-mbappe-by-which-the-madridismo-goes-back-to-dream-with-his-signing_297621_102.html#primaryimage","url":"https:\/\/www.fcbarcelonanoticias.com\/en\/wp-content\/uploads\/sites\/2\/2023\/10\/kyian-mbappe-en-la-gala-del-balon-de-oro.jpeg","contentUrl":"https:\/\/www.fcbarcelonanoticias.com\/en\/wp-content\/uploads\/sites\/2\/2023\/10\/kyian-mbappe-en-la-gala-del-balon-de-oro.jpeg","width":1200,"height":675},{"@type":"BreadcrumbList","@id":"https:\/\/www.fcbarcelonanoticias.com\/en\/transfers\/the-gesture-of-mbappe-by-which-the-madridismo-goes-back-to-dream-with-his-signing_297621_102.html#breadcrumb","itemListElement":[{"@type":"ListItem","position":1,"name":"Portada","item":"https:\/\/www.fcbarcelonanoticias.com\/en\/"},{"@type":"ListItem","position":2,"name":"Mbapp\u00e9&#8217;s gesture for which Madrid fans once again dream of signing him"}]},{"@type":"WebSite","@id":"https:\/\/www.fcbarcelonanoticias.com\/en\/#website","url":"https:\/\/www.fcbarcelonanoticias.com\/en\/","name":"EN - FC Barcelona Noticias","description":"","potentialAction":[{"@type":"SearchAction","target":{"@type":"EntryPoint","urlTemplate":"https:\/\/www.fcbarcelonanoticias.com\/en\/?s={search_term_string}"},"query-input":{"@type":"PropertyValueSpecification","valueRequired":true,"valueName":"search_term_string"}}],"inLanguage":"en-US"},{"@type":"Person","@id":"https:\/\/www.fcbarcelonanoticias.com\/en\/#\/schema\/person\/0f2810101d27606974cdb8edb54fa54b","name":"FC Barcelona Noticias","image":{"@type":"ImageObject","inLanguage":"en-US","@id":"https:\/\/secure.gravatar.com\/avatar\/?s=96&d=mm&r=g","url":"https:\/\/secure.gravatar.com\/avatar\/?s=96&d=mm&r=g","contentUrl":"https:\/\/secure.gravatar.com\/avatar\/?s=96&d=mm&r=g","caption":"FC Barcelona Noticias"},"url":"https:\/\/www.fcbarcelonanoticias.com\/en\/fc-barcelona\/fcbn-writing-fc-barcelona-news_6_115.html"}]}},"_links":{"self":[{"href":"https:\/\/www.fcbarcelonanoticias.com\/en\/wp-json\/wp\/v2\/posts\/141894","targetHints":{"allow":["GET"]}}],"collection":[{"href":"https:\/\/www.fcbarcelonanoticias.com\/en\/wp-json\/wp\/v2\/posts"}],"about":[{"href":"https:\/\/www.fcbarcelonanoticias.com\/en\/wp-json\/wp\/v2\/types\/post"}],"author":[{"embeddable":true,"href":"https:\/\/www.fcbarcelonanoticias.com\/en\/wp-json\/wp\/v2\/users\/353"}],"replies":[{"embeddable":true,"href":"https:\/\/www.fcbarcelonanoticias.com\/en\/wp-json\/wp\/v2\/comments?post=141894"}],"version-history":[{"count":1,"href":"https:\/\/www.fcbarcelonanoticias.com\/en\/wp-json\/wp\/v2\/posts\/141894\/revisions"}],"predecessor-version":[{"id":154490,"href":"https:\/\/www.fcbarcelonanoticias.com\/en\/wp-json\/wp\/v2\/posts\/141894\/revisions\/154490"}],"wp:featuredmedia":[{"embeddable":true,"href":"https:\/\/www.fcbarcelonanoticias.com\/en\/wp-json\/wp\/v2\/media\/141897"}],"wp:attachment":[{"href":"https:\/\/www.fcbarcelonanoticias.com\/en\/wp-json\/wp\/v2\/media?parent=141894"}],"wp:term":[{"taxonomy":"category","embeddable":true,"href":"https:\/\/www.fcbarcelonanoticias.com\/en\/wp-json\/wp\/v2\/categories?post=141894"},{"taxonomy":"post_tag","embeddable":true,"href":"https:\/\/www.fcbarcelonanoticias.com\/en\/wp-json\/wp\/v2\/tags?post=141894"}],"curies":[{"name":"wp","href":"https:\/\/api.w.org\/{rel}","templated":true}]}}