{"id":142005,"date":"2023-01-21T12:31:00","date_gmt":"2023-01-21T11:31:00","guid":{"rendered":"https:\/\/weisetech.dev\/fc-barcelona-noticias\/en\/the-barca-expects-ok-to-sign_288837_102\/"},"modified":"2023-01-21T12:31:00","modified_gmt":"2023-01-21T11:31:00","slug":"the-barca-expects-ok-to-sign_288837_102","status":"publish","type":"post","link":"https:\/\/www.fcbarcelonanoticias.com\/en\/transfers\/the-barca-expects-ok-to-sign_288837_102.html","title":{"rendered":"Bar\u00e7a awaits the approval of LaLiga to be able to sign"},"content":{"rendered":"<h2 class=\"wp-block-heading\">After reaching an agreement with Atl\u00e9tico de Madrid for the transfer of Memphis Depay, Bar\u00e7a hopes to know their &#8216;financial fair play&#8217; numbers to find out how they can proceed in the winter market<\/h2>  \r\n<div class=\"article-addons\">\r\n    <a href=\"https:\/\/www.fcbarcelonanoticias.com\/en\/calendar-fc-barcelona.html\"\r\n       target=\"_self\"\r\n       title=\"Calendar of FC Barcelona\"\r\n       class=\"blue-gredient-btn\">\r\n       \r\n        Calendar of FC Barcelona    <\/a>\r\n<\/div>   <p>After carrying out the operation for traspasar to <a data-external=\"0\" data-intl-links-en=\"https:\/\/www.fcbarcelonanoticias.com\/en\/transfers\/memphis-depay-could-debut-with-atletico-this-same-saturday_288832_102.html\" data-intl-links-es=\"https:\/\/www.fcbarcelonanoticias.com\/fichajes\/memphis-depay-podria-debutar-con-atletico-este-mismo-sabado_288832_102.html\" href=\"https:\/\/www.fcbarcelonanoticias.com\/en\/transfers\/memphis-depay-could-debut-with-atletico-this-same-saturday_288832_102.html\" rel=\"follow\" target=\"_self\" title=\"Memphis Depay podr\u00eda debutar con el Atl\u00e9tico este mismo s\u00e1bado\">Memphis Depay<\/a> and still not adding incorporations in the market of winter, the FC Barcelona remains attentive to the figures that would remain after the exit of the Dutch <strong>to know if it has the necessary margin to carry out operations of this nature <\/strong>that to his time do not prevent him later inscribe players in front of the patronal once incorporated.<\/p>  <p>To the exit of Memphis<strong> adds the withdrawal of Gerard Hammered in November, by what have freed two squares that could be important of face to the next windows of the market of signings<\/strong>. Of this way, will be possible to do with at least a player in what it subtracts of the month of January to finish to reinforce a plantila that, although it has lucido solid lately, encarar\u00e1 the most difficult stretch of the season.<\/p>  <p><strong>The name in the diary of the Bar\u00e7a is the one of <a data-external=\"0\" data-intl-links-en=\"https:\/\/www.fcbarcelonanoticias.com\/en\/transfers\/brozovic-is-not-by-the-work-to-change-milan-by-barcelona_288746_102.html\" data-intl-links-es=\"https:\/\/www.fcbarcelonanoticias.com\/fichajes\/brozovic-no-esta-por-labor-cambiar-milan-por-barcelona_288746_102.html\" href=\"https:\/\/www.fcbarcelonanoticias.com\/en\/transfers\/brozovic-is-not-by-the-work-to-change-milan-by-barcelona_288746_102.html\" rel=\"follow\" target=\"_self\" title=\"Brozovic no est\u00e1 por la labor de cambiar Mil\u00e1n por Barcelona\">Marcelo Brozovic<\/a><\/strong>. Although it was not possible arrived to an agreement with the Inter of Milan to concretise an exchange that well could have included to Memphis Depay, the option that is stirring the Barcelona directive would be the cession, but for this, in addition to attaining obtain the &#8220;ok&#8221; of the directive of the picture lombardo, will be precise that the financial figures of the club are the sufficiently stable to occupy a square.<\/p>  <h4>The Bar\u00e7a, attentive to LaLiga<\/h4>  <p>With Memphis in the Athletic, only subtracts to know the numbers of the &#8216;fair play financial&#8217; to be able to proceed with some operation of market. These will define which will be the next steps that has to give the executive train before adding a new name to his staff.<strong> Between them it could include the registration of players like Ronald Ara\u00fajo or Pablo Mart\u00edn P\u00e1ez Gavira &#8216;Gavi&#8217;<\/strong>, that still continue with agreements signed in other conditions.<\/p>  <p>It expects that the patronal issue his pronouncement in the next days, and like this the Barcelona will be knowing which will be his conditions and limitations to be able to make some operation of market in what it subtracts of the wintry window of passes. As it aims &#8216;Sportive World&#8217;, up to now, <strong>the Bar\u00e7a could invest until a 40 % in winter when presenting an excess in his mass salarial<\/strong>, what supposes roughly some 3,8 million euros.<\/p> ","protected":false},"excerpt":{"rendered":"<p>After reaching an agreement with Atl\u00e9tico de Madrid for the transfer of Memphis Depay, Bar\u00e7a hopes to know their &#8216;financial fair play&#8217; numbers to find out how they can proceed in the winter market After carrying out the operation for traspasar to Memphis Depay and still not adding incorporations in the market of winter, the [&hellip;]<\/p>\n","protected":false},"author":363,"featured_media":142008,"comment_status":"closed","ping_status":"open","sticky":false,"template":"","format":"standard","meta":{"_acf_changed":false,"inline_featured_image":false,"_nextfly_llmd_date_locked":false,"footnotes":""},"categories":[449,106],"tags":[142],"class_list":["post-142005","post","type-post","status-publish","format-standard","has-post-thumbnail","hentry","category-transfers-2","category-transfers","tag-memphis-depay"],"acf":[],"yoast_head":"<!-- This site is optimized with the Yoast SEO plugin v27.3 - https:\/\/yoast.com\/product\/yoast-seo-wordpress\/ -->\n<title>The Bar\u00e7a expects the seen well of LaLiga to be able to fichar<\/title>\n<meta name=\"description\" content=\"After arriving to an agreement with the Athletic of Madrid for the traspaso of Memphis Depay, the Bar\u00e7a expects to know his numbers of the &#039;fair play financial&#039; to know how can proceed in the wintry market\" \/>\n<meta name=\"robots\" content=\"index, follow, max-snippet:-1, max-image-preview:large, max-video-preview:-1\" \/>\n<link rel=\"canonical\" href=\"https:\/\/www.fcbarcelonanoticias.com\/en\/transfers\/the-barca-expects-ok-to-sign_288837_102.html\" \/>\n<meta property=\"og:locale\" content=\"en_US\" \/>\n<meta property=\"og:type\" content=\"article\" \/>\n<meta property=\"og:title\" content=\"The Bar\u00e7a expects the seen well of LaLiga to be able to fichar\" \/>\n<meta property=\"og:description\" content=\"After arriving to an agreement with the Athletic of Madrid for the traspaso of Memphis Depay, the Bar\u00e7a expects to know his numbers of the &#039;fair play financial&#039; to know how can proceed in the wintry market\" \/>\n<meta property=\"og:url\" content=\"https:\/\/www.fcbarcelonanoticias.com\/en\/transfers\/the-barca-expects-ok-to-sign_288837_102.html\" \/>\n<meta property=\"og:site_name\" content=\"EN - FC Barcelona Noticias\" \/>\n<meta property=\"article:published_time\" content=\"2023-01-21T11:31:00+00:00\" \/>\n<meta property=\"og:image\" content=\"https:\/\/www.fcbarcelonanoticias.com\/en\/wp-content\/uploads\/sites\/2\/2023\/01\/joan-laporta-presidente-del-fc-barcelona-copy-1.jpeg\" \/>\n\t<meta property=\"og:image:width\" content=\"1200\" \/>\n\t<meta property=\"og:image:height\" content=\"675\" \/>\n\t<meta property=\"og:image:type\" content=\"image\/jpeg\" \/>\n<meta name=\"author\" content=\"Claudio Betancourt\" \/>\n<meta name=\"twitter:card\" content=\"summary_large_image\" \/>\n<meta name=\"twitter:label1\" content=\"Written by\" \/>\n\t<meta name=\"twitter:data1\" content=\"Claudio Betancourt\" \/>\n\t<meta name=\"twitter:label2\" content=\"Est. reading time\" \/>\n\t<meta name=\"twitter:data2\" content=\"2 minutes\" \/>\n<script type=\"application\/ld+json\" class=\"yoast-schema-graph\">{\"@context\":\"https:\\\/\\\/schema.org\",\"@graph\":[{\"@type\":\"Article\",\"@id\":\"https:\\\/\\\/www.fcbarcelonanoticias.com\\\/en\\\/transfers\\\/the-barca-expects-ok-to-sign_288837_102.html#article\",\"isPartOf\":{\"@id\":\"https:\\\/\\\/www.fcbarcelonanoticias.com\\\/en\\\/transfers\\\/the-barca-expects-ok-to-sign_288837_102.html\"},\"author\":{\"name\":\"Claudio Betancourt\",\"@id\":\"https:\\\/\\\/www.fcbarcelonanoticias.com\\\/en\\\/#\\\/schema\\\/person\\\/76c77917e39f918eb1604c571055386e\"},\"headline\":\"Bar\u00e7a awaits the approval of LaLiga to be able to sign\",\"datePublished\":\"2023-01-21T11:31:00+00:00\",\"mainEntityOfPage\":{\"@id\":\"https:\\\/\\\/www.fcbarcelonanoticias.com\\\/en\\\/transfers\\\/the-barca-expects-ok-to-sign_288837_102.html\"},\"wordCount\":446,\"image\":{\"@id\":\"https:\\\/\\\/www.fcbarcelonanoticias.com\\\/en\\\/transfers\\\/the-barca-expects-ok-to-sign_288837_102.html#primaryimage\"},\"thumbnailUrl\":\"https:\\\/\\\/www.fcbarcelonanoticias.com\\\/en\\\/wp-content\\\/uploads\\\/sites\\\/2\\\/2023\\\/01\\\/joan-laporta-presidente-del-fc-barcelona-copy-1.jpeg\",\"keywords\":[\"Memphis Depay\"],\"articleSection\":[\"Transfers\",\"Transfers\"],\"inLanguage\":\"en-US\"},{\"@type\":\"WebPage\",\"@id\":\"https:\\\/\\\/www.fcbarcelonanoticias.com\\\/en\\\/transfers\\\/the-barca-expects-ok-to-sign_288837_102.html\",\"url\":\"https:\\\/\\\/www.fcbarcelonanoticias.com\\\/en\\\/transfers\\\/the-barca-expects-ok-to-sign_288837_102.html\",\"name\":\"The Bar\u00e7a expects the seen well of LaLiga to be able to fichar\",\"isPartOf\":{\"@id\":\"https:\\\/\\\/www.fcbarcelonanoticias.com\\\/en\\\/#website\"},\"primaryImageOfPage\":{\"@id\":\"https:\\\/\\\/www.fcbarcelonanoticias.com\\\/en\\\/transfers\\\/the-barca-expects-ok-to-sign_288837_102.html#primaryimage\"},\"image\":{\"@id\":\"https:\\\/\\\/www.fcbarcelonanoticias.com\\\/en\\\/transfers\\\/the-barca-expects-ok-to-sign_288837_102.html#primaryimage\"},\"thumbnailUrl\":\"https:\\\/\\\/www.fcbarcelonanoticias.com\\\/en\\\/wp-content\\\/uploads\\\/sites\\\/2\\\/2023\\\/01\\\/joan-laporta-presidente-del-fc-barcelona-copy-1.jpeg\",\"datePublished\":\"2023-01-21T11:31:00+00:00\",\"author\":{\"@id\":\"https:\\\/\\\/www.fcbarcelonanoticias.com\\\/en\\\/#\\\/schema\\\/person\\\/76c77917e39f918eb1604c571055386e\"},\"description\":\"After arriving to an agreement with the Athletic of Madrid for the traspaso of Memphis Depay, the Bar\u00e7a expects to know his numbers of the 'fair play financial' to know how can proceed in the wintry market\",\"breadcrumb\":{\"@id\":\"https:\\\/\\\/www.fcbarcelonanoticias.com\\\/en\\\/transfers\\\/the-barca-expects-ok-to-sign_288837_102.html#breadcrumb\"},\"inLanguage\":\"en-US\",\"potentialAction\":[{\"@type\":\"ReadAction\",\"target\":[\"https:\\\/\\\/www.fcbarcelonanoticias.com\\\/en\\\/transfers\\\/the-barca-expects-ok-to-sign_288837_102.html\"]}]},{\"@type\":\"ImageObject\",\"inLanguage\":\"en-US\",\"@id\":\"https:\\\/\\\/www.fcbarcelonanoticias.com\\\/en\\\/transfers\\\/the-barca-expects-ok-to-sign_288837_102.html#primaryimage\",\"url\":\"https:\\\/\\\/www.fcbarcelonanoticias.com\\\/en\\\/wp-content\\\/uploads\\\/sites\\\/2\\\/2023\\\/01\\\/joan-laporta-presidente-del-fc-barcelona-copy-1.jpeg\",\"contentUrl\":\"https:\\\/\\\/www.fcbarcelonanoticias.com\\\/en\\\/wp-content\\\/uploads\\\/sites\\\/2\\\/2023\\\/01\\\/joan-laporta-presidente-del-fc-barcelona-copy-1.jpeg\",\"width\":1200,\"height\":675},{\"@type\":\"BreadcrumbList\",\"@id\":\"https:\\\/\\\/www.fcbarcelonanoticias.com\\\/en\\\/transfers\\\/the-barca-expects-ok-to-sign_288837_102.html#breadcrumb\",\"itemListElement\":[{\"@type\":\"ListItem\",\"position\":1,\"name\":\"Portada\",\"item\":\"https:\\\/\\\/www.fcbarcelonanoticias.com\\\/en\\\/\"},{\"@type\":\"ListItem\",\"position\":2,\"name\":\"Bar\u00e7a awaits the approval of LaLiga to be able to sign\"}]},{\"@type\":\"WebSite\",\"@id\":\"https:\\\/\\\/www.fcbarcelonanoticias.com\\\/en\\\/#website\",\"url\":\"https:\\\/\\\/www.fcbarcelonanoticias.com\\\/en\\\/\",\"name\":\"EN - FC Barcelona Noticias\",\"description\":\"\",\"potentialAction\":[{\"@type\":\"SearchAction\",\"target\":{\"@type\":\"EntryPoint\",\"urlTemplate\":\"https:\\\/\\\/www.fcbarcelonanoticias.com\\\/en\\\/?s={search_term_string}\"},\"query-input\":{\"@type\":\"PropertyValueSpecification\",\"valueRequired\":true,\"valueName\":\"search_term_string\"}}],\"inLanguage\":\"en-US\"},{\"@type\":\"Person\",\"@id\":\"https:\\\/\\\/www.fcbarcelonanoticias.com\\\/en\\\/#\\\/schema\\\/person\\\/76c77917e39f918eb1604c571055386e\",\"name\":\"Claudio Betancourt\",\"image\":{\"@type\":\"ImageObject\",\"inLanguage\":\"en-US\",\"@id\":\"https:\\\/\\\/secure.gravatar.com\\\/avatar\\\/?s=96&d=mm&r=g\",\"url\":\"https:\\\/\\\/secure.gravatar.com\\\/avatar\\\/?s=96&d=mm&r=g\",\"contentUrl\":\"https:\\\/\\\/secure.gravatar.com\\\/avatar\\\/?s=96&d=mm&r=g\",\"caption\":\"Claudio Betancourt\"},\"url\":\"https:\\\/\\\/www.fcbarcelonanoticias.com\\\/en\\\/claudio-betancourt_14_115.html\"}]}<\/script>\n<!-- \/ Yoast SEO plugin. -->","yoast_head_json":{"title":"The Bar\u00e7a expects the seen well of LaLiga to be able to fichar","description":"After arriving to an agreement with the Athletic of Madrid for the traspaso of Memphis Depay, the Bar\u00e7a expects to know his numbers of the 'fair play financial' to know how can proceed in the wintry market","robots":{"index":"index","follow":"follow","max-snippet":"max-snippet:-1","max-image-preview":"max-image-preview:large","max-video-preview":"max-video-preview:-1"},"canonical":"https:\/\/www.fcbarcelonanoticias.com\/en\/transfers\/the-barca-expects-ok-to-sign_288837_102.html","og_locale":"en_US","og_type":"article","og_title":"The Bar\u00e7a expects the seen well of LaLiga to be able to fichar","og_description":"After arriving to an agreement with the Athletic of Madrid for the traspaso of Memphis Depay, the Bar\u00e7a expects to know his numbers of the 'fair play financial' to know how can proceed in the wintry market","og_url":"https:\/\/www.fcbarcelonanoticias.com\/en\/transfers\/the-barca-expects-ok-to-sign_288837_102.html","og_site_name":"EN - FC Barcelona Noticias","article_published_time":"2023-01-21T11:31:00+00:00","og_image":[{"width":1200,"height":675,"url":"https:\/\/www.fcbarcelonanoticias.com\/en\/wp-content\/uploads\/sites\/2\/2023\/01\/joan-laporta-presidente-del-fc-barcelona-copy-1.jpeg","type":"image\/jpeg"}],"author":"Claudio Betancourt","twitter_card":"summary_large_image","twitter_misc":{"Written by":"Claudio Betancourt","Est. reading time":"2 minutes"},"schema":{"@context":"https:\/\/schema.org","@graph":[{"@type":"Article","@id":"https:\/\/www.fcbarcelonanoticias.com\/en\/transfers\/the-barca-expects-ok-to-sign_288837_102.html#article","isPartOf":{"@id":"https:\/\/www.fcbarcelonanoticias.com\/en\/transfers\/the-barca-expects-ok-to-sign_288837_102.html"},"author":{"name":"Claudio Betancourt","@id":"https:\/\/www.fcbarcelonanoticias.com\/en\/#\/schema\/person\/76c77917e39f918eb1604c571055386e"},"headline":"Bar\u00e7a awaits the approval of LaLiga to be able to sign","datePublished":"2023-01-21T11:31:00+00:00","mainEntityOfPage":{"@id":"https:\/\/www.fcbarcelonanoticias.com\/en\/transfers\/the-barca-expects-ok-to-sign_288837_102.html"},"wordCount":446,"image":{"@id":"https:\/\/www.fcbarcelonanoticias.com\/en\/transfers\/the-barca-expects-ok-to-sign_288837_102.html#primaryimage"},"thumbnailUrl":"https:\/\/www.fcbarcelonanoticias.com\/en\/wp-content\/uploads\/sites\/2\/2023\/01\/joan-laporta-presidente-del-fc-barcelona-copy-1.jpeg","keywords":["Memphis Depay"],"articleSection":["Transfers","Transfers"],"inLanguage":"en-US"},{"@type":"WebPage","@id":"https:\/\/www.fcbarcelonanoticias.com\/en\/transfers\/the-barca-expects-ok-to-sign_288837_102.html","url":"https:\/\/www.fcbarcelonanoticias.com\/en\/transfers\/the-barca-expects-ok-to-sign_288837_102.html","name":"The Bar\u00e7a expects the seen well of LaLiga to be able to fichar","isPartOf":{"@id":"https:\/\/www.fcbarcelonanoticias.com\/en\/#website"},"primaryImageOfPage":{"@id":"https:\/\/www.fcbarcelonanoticias.com\/en\/transfers\/the-barca-expects-ok-to-sign_288837_102.html#primaryimage"},"image":{"@id":"https:\/\/www.fcbarcelonanoticias.com\/en\/transfers\/the-barca-expects-ok-to-sign_288837_102.html#primaryimage"},"thumbnailUrl":"https:\/\/www.fcbarcelonanoticias.com\/en\/wp-content\/uploads\/sites\/2\/2023\/01\/joan-laporta-presidente-del-fc-barcelona-copy-1.jpeg","datePublished":"2023-01-21T11:31:00+00:00","author":{"@id":"https:\/\/www.fcbarcelonanoticias.com\/en\/#\/schema\/person\/76c77917e39f918eb1604c571055386e"},"description":"After arriving to an agreement with the Athletic of Madrid for the traspaso of Memphis Depay, the Bar\u00e7a expects to know his numbers of the 'fair play financial' to know how can proceed in the wintry market","breadcrumb":{"@id":"https:\/\/www.fcbarcelonanoticias.com\/en\/transfers\/the-barca-expects-ok-to-sign_288837_102.html#breadcrumb"},"inLanguage":"en-US","potentialAction":[{"@type":"ReadAction","target":["https:\/\/www.fcbarcelonanoticias.com\/en\/transfers\/the-barca-expects-ok-to-sign_288837_102.html"]}]},{"@type":"ImageObject","inLanguage":"en-US","@id":"https:\/\/www.fcbarcelonanoticias.com\/en\/transfers\/the-barca-expects-ok-to-sign_288837_102.html#primaryimage","url":"https:\/\/www.fcbarcelonanoticias.com\/en\/wp-content\/uploads\/sites\/2\/2023\/01\/joan-laporta-presidente-del-fc-barcelona-copy-1.jpeg","contentUrl":"https:\/\/www.fcbarcelonanoticias.com\/en\/wp-content\/uploads\/sites\/2\/2023\/01\/joan-laporta-presidente-del-fc-barcelona-copy-1.jpeg","width":1200,"height":675},{"@type":"BreadcrumbList","@id":"https:\/\/www.fcbarcelonanoticias.com\/en\/transfers\/the-barca-expects-ok-to-sign_288837_102.html#breadcrumb","itemListElement":[{"@type":"ListItem","position":1,"name":"Portada","item":"https:\/\/www.fcbarcelonanoticias.com\/en\/"},{"@type":"ListItem","position":2,"name":"Bar\u00e7a awaits the approval of LaLiga to be able to sign"}]},{"@type":"WebSite","@id":"https:\/\/www.fcbarcelonanoticias.com\/en\/#website","url":"https:\/\/www.fcbarcelonanoticias.com\/en\/","name":"EN - FC Barcelona Noticias","description":"","potentialAction":[{"@type":"SearchAction","target":{"@type":"EntryPoint","urlTemplate":"https:\/\/www.fcbarcelonanoticias.com\/en\/?s={search_term_string}"},"query-input":{"@type":"PropertyValueSpecification","valueRequired":true,"valueName":"search_term_string"}}],"inLanguage":"en-US"},{"@type":"Person","@id":"https:\/\/www.fcbarcelonanoticias.com\/en\/#\/schema\/person\/76c77917e39f918eb1604c571055386e","name":"Claudio Betancourt","image":{"@type":"ImageObject","inLanguage":"en-US","@id":"https:\/\/secure.gravatar.com\/avatar\/?s=96&d=mm&r=g","url":"https:\/\/secure.gravatar.com\/avatar\/?s=96&d=mm&r=g","contentUrl":"https:\/\/secure.gravatar.com\/avatar\/?s=96&d=mm&r=g","caption":"Claudio Betancourt"},"url":"https:\/\/www.fcbarcelonanoticias.com\/en\/claudio-betancourt_14_115.html"}]}},"_links":{"self":[{"href":"https:\/\/www.fcbarcelonanoticias.com\/en\/wp-json\/wp\/v2\/posts\/142005","targetHints":{"allow":["GET"]}}],"collection":[{"href":"https:\/\/www.fcbarcelonanoticias.com\/en\/wp-json\/wp\/v2\/posts"}],"about":[{"href":"https:\/\/www.fcbarcelonanoticias.com\/en\/wp-json\/wp\/v2\/types\/post"}],"author":[{"embeddable":true,"href":"https:\/\/www.fcbarcelonanoticias.com\/en\/wp-json\/wp\/v2\/users\/363"}],"replies":[{"embeddable":true,"href":"https:\/\/www.fcbarcelonanoticias.com\/en\/wp-json\/wp\/v2\/comments?post=142005"}],"version-history":[{"count":1,"href":"https:\/\/www.fcbarcelonanoticias.com\/en\/wp-json\/wp\/v2\/posts\/142005\/revisions"}],"predecessor-version":[{"id":154807,"href":"https:\/\/www.fcbarcelonanoticias.com\/en\/wp-json\/wp\/v2\/posts\/142005\/revisions\/154807"}],"wp:featuredmedia":[{"embeddable":true,"href":"https:\/\/www.fcbarcelonanoticias.com\/en\/wp-json\/wp\/v2\/media\/142008"}],"wp:attachment":[{"href":"https:\/\/www.fcbarcelonanoticias.com\/en\/wp-json\/wp\/v2\/media?parent=142005"}],"wp:term":[{"taxonomy":"category","embeddable":true,"href":"https:\/\/www.fcbarcelonanoticias.com\/en\/wp-json\/wp\/v2\/categories?post=142005"},{"taxonomy":"post_tag","embeddable":true,"href":"https:\/\/www.fcbarcelonanoticias.com\/en\/wp-json\/wp\/v2\/tags?post=142005"}],"curies":[{"name":"wp","href":"https:\/\/api.w.org\/{rel}","templated":true}]}}