{"id":142126,"date":"2024-12-24T16:50:00","date_gmt":"2024-12-24T15:50:00","guid":{"rendered":"https:\/\/weisetech.dev\/fc-barcelona-noticias\/en\/the-great-debate-of-barca-for-the-upcoming-transfer-market_309602_102\/"},"modified":"2024-12-24T16:50:00","modified_gmt":"2024-12-24T15:50:00","slug":"the-great-debate-of-barca-for-the-upcoming-transfer-market_309602_102","status":"publish","type":"post","link":"https:\/\/www.fcbarcelonanoticias.com\/en\/transfers\/the-great-debate-of-barca-for-the-upcoming-transfer-market_309602_102.html","title":{"rendered":"The Great Debate of Bar\u00e7a for the Upcoming Transfer Market"},"content":{"rendered":"<h2 class=\"wp-block-heading\">Bar\u00e7a must decide whether to sign a top-tier &#8216;9&#8217; next summer. Erling Haaland and Viktor Gy\u00f6keres are the club&#8217;s favorites<\/h2>  \r\n<div class=\"article-addons\">\r\n    <a href=\"https:\/\/www.fcbarcelonanoticias.com\/en\/calendar-fc-barcelona.html\"\r\n       target=\"_self\"\r\n       title=\"Calendar of FC Barcelona\"\r\n       class=\"blue-gredient-btn\">\r\n       \r\n        Calendar of FC Barcelona    <\/a>\r\n<\/div>   <p>The lack of goals has been one of the main causes, if not the biggest, of the <strong>FC Barcelona<\/strong> results crisis in <strong>LaLiga<\/strong>. The drop in performance of <strong>Robert Lewandowski<\/strong> has raised alarms within the blue and garnet entity, as at 36 years old, <a data-external=\"0\" data-intl-links-en=\"https:\/\/www.fcbarcelonanoticias.com\/en\/fc-barcelona-squad.html\" data-intl-links-es=\"https:\/\/www.fcbarcelonanoticias.com\/jugadores-fcbarcelona.html\" href=\"https:\/\/www.fcbarcelonanoticias.com\/en\/fc-barcelona-squad.html\" rel=\"follow\" target=\"_self\" title=\"FC Barcelona Squad\">the Pole is the only reliable center forward that Hansi Flick has in his squad<\/a>.<\/p>  <p>For this reason, both the sports management and the coaching staff concluded that the arrival of a &#8216;9&#8217; for the next season must be one of the main priorities. Considering the club&#8217;s financial context, the initial idea was to sign a young, promising, and affordable goalscorer, with <strong>Jonathan David<\/strong> being the main candidate in this regard.<\/p>  <p>However, the option of the Canadian does not quite fit in <strong>Can Bar\u00e7a<\/strong>, where some voices already consider that <strong>the time has come to strongly bet on signing a &#8216;top&#8217; center forward<\/strong> if the club&#8217;s finances allow it. Despite his overwhelming start to the season, the reality is that &#8216;Lewy&#8217; will turn 37 next summer, and the cul\u00e9s want to cover their backs.<\/p>  <h3>Bar\u00e7a&#8217;s Options<\/h3>  <p>Thus, the newspaper &#8216;SPORT&#8217; reveals that <strong>Deco<\/strong> has set the machinery in motion to prepare the ground in case the blaugranas can undertake an operation of this caliber. <strong>Viktor Gy\u00f6keres<\/strong> and <strong>Erling Haaland<\/strong> are the big favorites of the sports management, who are aware of the existing difficulties in both transfers but trust that certain factors will align in their favor.<\/p>  <p>Additionally, names like <strong>Darwin N\u00fa\u00f1ez<\/strong> or <strong>Victor Osimhen<\/strong> have also been offered to the institution, where they are analyzing all the options on the table considering that if one of these figures ends up landing in the City of Condal, coexisting with <strong>Lewandowski<\/strong> will become a hot topic for the Catalans.<\/p>  <p>The second half of the season will mark the roadmap for <strong>Bar\u00e7a<\/strong>, with the hope that the Pole will regain his best form. The player is on track to reach 60% of the matches that ensure his renewal <strong>and his desire is to continue wearing the blue and garnet jersey<\/strong>, but it will be his performance that will sway the club&#8217;s final decision regarding the upcoming summer transfer market.<\/p> ","protected":false},"excerpt":{"rendered":"<p>Bar\u00e7a must decide whether to sign a top-tier &#8216;9&#8217; next summer. Erling Haaland and Viktor Gy\u00f6keres are the club&#8217;s favorites The lack of goals has been one of the main causes, if not the biggest, of the FC Barcelona results crisis in LaLiga. The drop in performance of Robert Lewandowski has raised alarms within the [&hellip;]<\/p>\n","protected":false},"author":358,"featured_media":142129,"comment_status":"closed","ping_status":"open","sticky":false,"template":"","format":"standard","meta":{"_acf_changed":false,"inline_featured_image":false,"_nextfly_llmd_date_locked":false,"footnotes":""},"categories":[106,449],"tags":[154,235],"class_list":["post-142126","post","type-post","status-publish","format-standard","has-post-thumbnail","hentry","category-transfers","category-transfers-2","tag-erling-haaland","tag-viktor-gyokeres"],"acf":[],"yoast_head":"<!-- This site is optimized with the Yoast SEO plugin v27.3 - https:\/\/yoast.com\/product\/yoast-seo-wordpress\/ -->\n<title>The Great Debate of Bar\u00e7a for the Upcoming Transfer Market<\/title>\n<meta name=\"description\" content=\"Bar\u00e7a must decide whether to sign a top-tier &#039;9&#039; next summer. Erling Haaland and Viktor Gy\u00f6keres are the club&#039;s favorites\" \/>\n<meta name=\"robots\" content=\"index, follow, max-snippet:-1, max-image-preview:large, max-video-preview:-1\" \/>\n<link rel=\"canonical\" href=\"https:\/\/www.fcbarcelonanoticias.com\/en\/transfers\/the-great-debate-of-barca-for-the-upcoming-transfer-market_309602_102.html\" \/>\n<meta property=\"og:locale\" content=\"en_US\" \/>\n<meta property=\"og:type\" content=\"article\" \/>\n<meta property=\"og:title\" content=\"The Great Debate of Bar\u00e7a for the Upcoming Transfer Market\" \/>\n<meta property=\"og:description\" content=\"Bar\u00e7a must decide whether to sign a top-tier &#039;9&#039; next summer. Erling Haaland and Viktor Gy\u00f6keres are the club&#039;s favorites\" \/>\n<meta property=\"og:url\" content=\"https:\/\/www.fcbarcelonanoticias.com\/en\/transfers\/the-great-debate-of-barca-for-the-upcoming-transfer-market_309602_102.html\" \/>\n<meta property=\"og:site_name\" content=\"EN - FC Barcelona Noticias\" \/>\n<meta property=\"article:published_time\" content=\"2024-12-24T15:50:00+00:00\" \/>\n<meta property=\"og:image\" content=\"https:\/\/www.fcbarcelonanoticias.com\/en\/wp-content\/uploads\/sites\/2\/2024\/12\/erling-haaland-champions-scaled.jpeg\" \/>\n\t<meta property=\"og:image:width\" content=\"2560\" \/>\n\t<meta property=\"og:image:height\" content=\"1707\" \/>\n\t<meta property=\"og:image:type\" content=\"image\/jpeg\" \/>\n<meta name=\"author\" content=\"Juan Pablo Berdugo\" \/>\n<meta name=\"twitter:card\" content=\"summary_large_image\" \/>\n<meta name=\"twitter:label1\" content=\"Written by\" \/>\n\t<meta name=\"twitter:data1\" content=\"Juan Pablo Berdugo\" \/>\n\t<meta name=\"twitter:label2\" content=\"Est. reading time\" \/>\n\t<meta name=\"twitter:data2\" content=\"2 minutes\" \/>\n<script type=\"application\/ld+json\" class=\"yoast-schema-graph\">{\"@context\":\"https:\\\/\\\/schema.org\",\"@graph\":[{\"@type\":\"Article\",\"@id\":\"https:\\\/\\\/www.fcbarcelonanoticias.com\\\/en\\\/transfers\\\/the-great-debate-of-barca-for-the-upcoming-transfer-market_309602_102.html#article\",\"isPartOf\":{\"@id\":\"https:\\\/\\\/www.fcbarcelonanoticias.com\\\/en\\\/transfers\\\/the-great-debate-of-barca-for-the-upcoming-transfer-market_309602_102.html\"},\"author\":{\"name\":\"Juan Pablo Berdugo\",\"@id\":\"https:\\\/\\\/www.fcbarcelonanoticias.com\\\/en\\\/#\\\/schema\\\/person\\\/88d756918a0a1ae9fa593b5edddd1815\"},\"headline\":\"The Great Debate of Bar\u00e7a for the Upcoming Transfer Market\",\"datePublished\":\"2024-12-24T15:50:00+00:00\",\"mainEntityOfPage\":{\"@id\":\"https:\\\/\\\/www.fcbarcelonanoticias.com\\\/en\\\/transfers\\\/the-great-debate-of-barca-for-the-upcoming-transfer-market_309602_102.html\"},\"wordCount\":400,\"image\":{\"@id\":\"https:\\\/\\\/www.fcbarcelonanoticias.com\\\/en\\\/transfers\\\/the-great-debate-of-barca-for-the-upcoming-transfer-market_309602_102.html#primaryimage\"},\"thumbnailUrl\":\"https:\\\/\\\/www.fcbarcelonanoticias.com\\\/en\\\/wp-content\\\/uploads\\\/sites\\\/2\\\/2024\\\/12\\\/erling-haaland-champions-scaled.jpeg\",\"keywords\":[\"Erling Haaland\",\"Viktor Gy\u00f6keres\"],\"articleSection\":[\"Transfers\",\"Transfers\"],\"inLanguage\":\"en-US\"},{\"@type\":\"WebPage\",\"@id\":\"https:\\\/\\\/www.fcbarcelonanoticias.com\\\/en\\\/transfers\\\/the-great-debate-of-barca-for-the-upcoming-transfer-market_309602_102.html\",\"url\":\"https:\\\/\\\/www.fcbarcelonanoticias.com\\\/en\\\/transfers\\\/the-great-debate-of-barca-for-the-upcoming-transfer-market_309602_102.html\",\"name\":\"The Great Debate of Bar\u00e7a for the Upcoming Transfer Market\",\"isPartOf\":{\"@id\":\"https:\\\/\\\/www.fcbarcelonanoticias.com\\\/en\\\/#website\"},\"primaryImageOfPage\":{\"@id\":\"https:\\\/\\\/www.fcbarcelonanoticias.com\\\/en\\\/transfers\\\/the-great-debate-of-barca-for-the-upcoming-transfer-market_309602_102.html#primaryimage\"},\"image\":{\"@id\":\"https:\\\/\\\/www.fcbarcelonanoticias.com\\\/en\\\/transfers\\\/the-great-debate-of-barca-for-the-upcoming-transfer-market_309602_102.html#primaryimage\"},\"thumbnailUrl\":\"https:\\\/\\\/www.fcbarcelonanoticias.com\\\/en\\\/wp-content\\\/uploads\\\/sites\\\/2\\\/2024\\\/12\\\/erling-haaland-champions-scaled.jpeg\",\"datePublished\":\"2024-12-24T15:50:00+00:00\",\"author\":{\"@id\":\"https:\\\/\\\/www.fcbarcelonanoticias.com\\\/en\\\/#\\\/schema\\\/person\\\/88d756918a0a1ae9fa593b5edddd1815\"},\"description\":\"Bar\u00e7a must decide whether to sign a top-tier '9' next summer. Erling Haaland and Viktor Gy\u00f6keres are the club's favorites\",\"breadcrumb\":{\"@id\":\"https:\\\/\\\/www.fcbarcelonanoticias.com\\\/en\\\/transfers\\\/the-great-debate-of-barca-for-the-upcoming-transfer-market_309602_102.html#breadcrumb\"},\"inLanguage\":\"en-US\",\"potentialAction\":[{\"@type\":\"ReadAction\",\"target\":[\"https:\\\/\\\/www.fcbarcelonanoticias.com\\\/en\\\/transfers\\\/the-great-debate-of-barca-for-the-upcoming-transfer-market_309602_102.html\"]}]},{\"@type\":\"ImageObject\",\"inLanguage\":\"en-US\",\"@id\":\"https:\\\/\\\/www.fcbarcelonanoticias.com\\\/en\\\/transfers\\\/the-great-debate-of-barca-for-the-upcoming-transfer-market_309602_102.html#primaryimage\",\"url\":\"https:\\\/\\\/www.fcbarcelonanoticias.com\\\/en\\\/wp-content\\\/uploads\\\/sites\\\/2\\\/2024\\\/12\\\/erling-haaland-champions-scaled.jpeg\",\"contentUrl\":\"https:\\\/\\\/www.fcbarcelonanoticias.com\\\/en\\\/wp-content\\\/uploads\\\/sites\\\/2\\\/2024\\\/12\\\/erling-haaland-champions-scaled.jpeg\",\"width\":2560,\"height\":1707},{\"@type\":\"BreadcrumbList\",\"@id\":\"https:\\\/\\\/www.fcbarcelonanoticias.com\\\/en\\\/transfers\\\/the-great-debate-of-barca-for-the-upcoming-transfer-market_309602_102.html#breadcrumb\",\"itemListElement\":[{\"@type\":\"ListItem\",\"position\":1,\"name\":\"Portada\",\"item\":\"https:\\\/\\\/www.fcbarcelonanoticias.com\\\/en\\\/\"},{\"@type\":\"ListItem\",\"position\":2,\"name\":\"The Great Debate of Bar\u00e7a for the Upcoming Transfer Market\"}]},{\"@type\":\"WebSite\",\"@id\":\"https:\\\/\\\/www.fcbarcelonanoticias.com\\\/en\\\/#website\",\"url\":\"https:\\\/\\\/www.fcbarcelonanoticias.com\\\/en\\\/\",\"name\":\"EN - FC Barcelona Noticias\",\"description\":\"\",\"potentialAction\":[{\"@type\":\"SearchAction\",\"target\":{\"@type\":\"EntryPoint\",\"urlTemplate\":\"https:\\\/\\\/www.fcbarcelonanoticias.com\\\/en\\\/?s={search_term_string}\"},\"query-input\":{\"@type\":\"PropertyValueSpecification\",\"valueRequired\":true,\"valueName\":\"search_term_string\"}}],\"inLanguage\":\"en-US\"},{\"@type\":\"Person\",\"@id\":\"https:\\\/\\\/www.fcbarcelonanoticias.com\\\/en\\\/#\\\/schema\\\/person\\\/88d756918a0a1ae9fa593b5edddd1815\",\"name\":\"Juan Pablo Berdugo\",\"image\":{\"@type\":\"ImageObject\",\"inLanguage\":\"en-US\",\"@id\":\"https:\\\/\\\/secure.gravatar.com\\\/avatar\\\/?s=96&d=mm&r=g\",\"url\":\"https:\\\/\\\/secure.gravatar.com\\\/avatar\\\/?s=96&d=mm&r=g\",\"contentUrl\":\"https:\\\/\\\/secure.gravatar.com\\\/avatar\\\/?s=96&d=mm&r=g\",\"caption\":\"Juan Pablo Berdugo\"},\"description\":\"Juan Pablo Berdugo es graduado en Periodismo. Colabora con FCBN como especialista en informaci\u00f3n del primer equipo del FC Barcelona, f\u00fatbol internacional y mercado de fichajes. Destaca por su enfoque anal\u00edtico, su rigor informativo y su capacidad para detectar tendencias emergentes en el f\u00fatbol global.\",\"url\":\"https:\\\/\\\/www.fcbarcelonanoticias.com\\\/en\\\/fc-barcelona\\\/juan-pablo-berdugo_18_115.html\"}]}<\/script>\n<!-- \/ Yoast SEO plugin. -->","yoast_head_json":{"title":"The Great Debate of Bar\u00e7a for the Upcoming Transfer Market","description":"Bar\u00e7a must decide whether to sign a top-tier '9' next summer. Erling Haaland and Viktor Gy\u00f6keres are the club's favorites","robots":{"index":"index","follow":"follow","max-snippet":"max-snippet:-1","max-image-preview":"max-image-preview:large","max-video-preview":"max-video-preview:-1"},"canonical":"https:\/\/www.fcbarcelonanoticias.com\/en\/transfers\/the-great-debate-of-barca-for-the-upcoming-transfer-market_309602_102.html","og_locale":"en_US","og_type":"article","og_title":"The Great Debate of Bar\u00e7a for the Upcoming Transfer Market","og_description":"Bar\u00e7a must decide whether to sign a top-tier '9' next summer. Erling Haaland and Viktor Gy\u00f6keres are the club's favorites","og_url":"https:\/\/www.fcbarcelonanoticias.com\/en\/transfers\/the-great-debate-of-barca-for-the-upcoming-transfer-market_309602_102.html","og_site_name":"EN - FC Barcelona Noticias","article_published_time":"2024-12-24T15:50:00+00:00","og_image":[{"width":2560,"height":1707,"url":"https:\/\/www.fcbarcelonanoticias.com\/en\/wp-content\/uploads\/sites\/2\/2024\/12\/erling-haaland-champions-scaled.jpeg","type":"image\/jpeg"}],"author":"Juan Pablo Berdugo","twitter_card":"summary_large_image","twitter_misc":{"Written by":"Juan Pablo Berdugo","Est. reading time":"2 minutes"},"schema":{"@context":"https:\/\/schema.org","@graph":[{"@type":"Article","@id":"https:\/\/www.fcbarcelonanoticias.com\/en\/transfers\/the-great-debate-of-barca-for-the-upcoming-transfer-market_309602_102.html#article","isPartOf":{"@id":"https:\/\/www.fcbarcelonanoticias.com\/en\/transfers\/the-great-debate-of-barca-for-the-upcoming-transfer-market_309602_102.html"},"author":{"name":"Juan Pablo Berdugo","@id":"https:\/\/www.fcbarcelonanoticias.com\/en\/#\/schema\/person\/88d756918a0a1ae9fa593b5edddd1815"},"headline":"The Great Debate of Bar\u00e7a for the Upcoming Transfer Market","datePublished":"2024-12-24T15:50:00+00:00","mainEntityOfPage":{"@id":"https:\/\/www.fcbarcelonanoticias.com\/en\/transfers\/the-great-debate-of-barca-for-the-upcoming-transfer-market_309602_102.html"},"wordCount":400,"image":{"@id":"https:\/\/www.fcbarcelonanoticias.com\/en\/transfers\/the-great-debate-of-barca-for-the-upcoming-transfer-market_309602_102.html#primaryimage"},"thumbnailUrl":"https:\/\/www.fcbarcelonanoticias.com\/en\/wp-content\/uploads\/sites\/2\/2024\/12\/erling-haaland-champions-scaled.jpeg","keywords":["Erling Haaland","Viktor Gy\u00f6keres"],"articleSection":["Transfers","Transfers"],"inLanguage":"en-US"},{"@type":"WebPage","@id":"https:\/\/www.fcbarcelonanoticias.com\/en\/transfers\/the-great-debate-of-barca-for-the-upcoming-transfer-market_309602_102.html","url":"https:\/\/www.fcbarcelonanoticias.com\/en\/transfers\/the-great-debate-of-barca-for-the-upcoming-transfer-market_309602_102.html","name":"The Great Debate of Bar\u00e7a for the Upcoming Transfer Market","isPartOf":{"@id":"https:\/\/www.fcbarcelonanoticias.com\/en\/#website"},"primaryImageOfPage":{"@id":"https:\/\/www.fcbarcelonanoticias.com\/en\/transfers\/the-great-debate-of-barca-for-the-upcoming-transfer-market_309602_102.html#primaryimage"},"image":{"@id":"https:\/\/www.fcbarcelonanoticias.com\/en\/transfers\/the-great-debate-of-barca-for-the-upcoming-transfer-market_309602_102.html#primaryimage"},"thumbnailUrl":"https:\/\/www.fcbarcelonanoticias.com\/en\/wp-content\/uploads\/sites\/2\/2024\/12\/erling-haaland-champions-scaled.jpeg","datePublished":"2024-12-24T15:50:00+00:00","author":{"@id":"https:\/\/www.fcbarcelonanoticias.com\/en\/#\/schema\/person\/88d756918a0a1ae9fa593b5edddd1815"},"description":"Bar\u00e7a must decide whether to sign a top-tier '9' next summer. Erling Haaland and Viktor Gy\u00f6keres are the club's favorites","breadcrumb":{"@id":"https:\/\/www.fcbarcelonanoticias.com\/en\/transfers\/the-great-debate-of-barca-for-the-upcoming-transfer-market_309602_102.html#breadcrumb"},"inLanguage":"en-US","potentialAction":[{"@type":"ReadAction","target":["https:\/\/www.fcbarcelonanoticias.com\/en\/transfers\/the-great-debate-of-barca-for-the-upcoming-transfer-market_309602_102.html"]}]},{"@type":"ImageObject","inLanguage":"en-US","@id":"https:\/\/www.fcbarcelonanoticias.com\/en\/transfers\/the-great-debate-of-barca-for-the-upcoming-transfer-market_309602_102.html#primaryimage","url":"https:\/\/www.fcbarcelonanoticias.com\/en\/wp-content\/uploads\/sites\/2\/2024\/12\/erling-haaland-champions-scaled.jpeg","contentUrl":"https:\/\/www.fcbarcelonanoticias.com\/en\/wp-content\/uploads\/sites\/2\/2024\/12\/erling-haaland-champions-scaled.jpeg","width":2560,"height":1707},{"@type":"BreadcrumbList","@id":"https:\/\/www.fcbarcelonanoticias.com\/en\/transfers\/the-great-debate-of-barca-for-the-upcoming-transfer-market_309602_102.html#breadcrumb","itemListElement":[{"@type":"ListItem","position":1,"name":"Portada","item":"https:\/\/www.fcbarcelonanoticias.com\/en\/"},{"@type":"ListItem","position":2,"name":"The Great Debate of Bar\u00e7a for the Upcoming Transfer Market"}]},{"@type":"WebSite","@id":"https:\/\/www.fcbarcelonanoticias.com\/en\/#website","url":"https:\/\/www.fcbarcelonanoticias.com\/en\/","name":"EN - FC Barcelona Noticias","description":"","potentialAction":[{"@type":"SearchAction","target":{"@type":"EntryPoint","urlTemplate":"https:\/\/www.fcbarcelonanoticias.com\/en\/?s={search_term_string}"},"query-input":{"@type":"PropertyValueSpecification","valueRequired":true,"valueName":"search_term_string"}}],"inLanguage":"en-US"},{"@type":"Person","@id":"https:\/\/www.fcbarcelonanoticias.com\/en\/#\/schema\/person\/88d756918a0a1ae9fa593b5edddd1815","name":"Juan Pablo Berdugo","image":{"@type":"ImageObject","inLanguage":"en-US","@id":"https:\/\/secure.gravatar.com\/avatar\/?s=96&d=mm&r=g","url":"https:\/\/secure.gravatar.com\/avatar\/?s=96&d=mm&r=g","contentUrl":"https:\/\/secure.gravatar.com\/avatar\/?s=96&d=mm&r=g","caption":"Juan Pablo Berdugo"},"description":"Juan Pablo Berdugo es graduado en Periodismo. Colabora con FCBN como especialista en informaci\u00f3n del primer equipo del FC Barcelona, f\u00fatbol internacional y mercado de fichajes. Destaca por su enfoque anal\u00edtico, su rigor informativo y su capacidad para detectar tendencias emergentes en el f\u00fatbol global.","url":"https:\/\/www.fcbarcelonanoticias.com\/en\/fc-barcelona\/juan-pablo-berdugo_18_115.html"}]}},"_links":{"self":[{"href":"https:\/\/www.fcbarcelonanoticias.com\/en\/wp-json\/wp\/v2\/posts\/142126","targetHints":{"allow":["GET"]}}],"collection":[{"href":"https:\/\/www.fcbarcelonanoticias.com\/en\/wp-json\/wp\/v2\/posts"}],"about":[{"href":"https:\/\/www.fcbarcelonanoticias.com\/en\/wp-json\/wp\/v2\/types\/post"}],"author":[{"embeddable":true,"href":"https:\/\/www.fcbarcelonanoticias.com\/en\/wp-json\/wp\/v2\/users\/358"}],"replies":[{"embeddable":true,"href":"https:\/\/www.fcbarcelonanoticias.com\/en\/wp-json\/wp\/v2\/comments?post=142126"}],"version-history":[{"count":1,"href":"https:\/\/www.fcbarcelonanoticias.com\/en\/wp-json\/wp\/v2\/posts\/142126\/revisions"}],"predecessor-version":[{"id":154670,"href":"https:\/\/www.fcbarcelonanoticias.com\/en\/wp-json\/wp\/v2\/posts\/142126\/revisions\/154670"}],"wp:featuredmedia":[{"embeddable":true,"href":"https:\/\/www.fcbarcelonanoticias.com\/en\/wp-json\/wp\/v2\/media\/142129"}],"wp:attachment":[{"href":"https:\/\/www.fcbarcelonanoticias.com\/en\/wp-json\/wp\/v2\/media?parent=142126"}],"wp:term":[{"taxonomy":"category","embeddable":true,"href":"https:\/\/www.fcbarcelonanoticias.com\/en\/wp-json\/wp\/v2\/categories?post=142126"},{"taxonomy":"post_tag","embeddable":true,"href":"https:\/\/www.fcbarcelonanoticias.com\/en\/wp-json\/wp\/v2\/tags?post=142126"}],"curies":[{"name":"wp","href":"https:\/\/api.w.org\/{rel}","templated":true}]}}