{"id":142190,"date":"2024-05-25T17:01:00","date_gmt":"2024-05-25T15:01:00","guid":{"rendered":"https:\/\/weisetech.dev\/fc-barcelona-noticias\/en\/the-indignation-of-to-the-khelaifi-with-mbappe-it-can-not-go-out-free-and-reinforce-to-the-real-madrid_303836_102\/"},"modified":"2024-05-25T17:01:00","modified_gmt":"2024-05-25T15:01:00","slug":"the-indignation-of-to-the-khelaifi-with-mbappe-it-can-not-go-out-free-and-reinforce-to-the-real-madrid_303836_102","status":"publish","type":"post","link":"https:\/\/www.fcbarcelonanoticias.com\/en\/transfers\/the-indignation-of-to-the-khelaifi-with-mbappe-it-can-not-go-out-free-and-reinforce-to-the-real-madrid_303836_102.html","title":{"rendered":"The indignation of Al-Khela\u00effi with Mbapp\u00e9: &#8220;He can not go out free and reinforce to Real Madrid&#8221;"},"content":{"rendered":"<h2 class=\"wp-block-heading\">The relation between Mbapp\u00e9 and To the-Khela\u00effi has deteriorated  significantly, culminating, as &#8216;L&#8217;Instrument&#8217;, in strong reproach of the president of the PSG by the exit of the player to the Real Madrid<\/h2>  \r\n<div class=\"article-addons\">\r\n    <a href=\"https:\/\/www.fcbarcelonanoticias.com\/en\/calendar-fc-barcelona.html\"\r\n       target=\"_self\"\r\n       title=\"Calendar of FC Barcelona\"\r\n       class=\"blue-gredient-btn\">\r\n       \r\n        Calendar of FC Barcelona    <\/a>\r\n<\/div>   <p><a data-external=\"0\" data-intl-links-en=\"https:\/\/www.fcbarcelonanoticias.com\/en\/international-football\/kylian-mbappe-goes-back-to-speak-on-his-participation-in-the-olympic-games_303792_102.html\" data-intl-links-es=\"https:\/\/www.fcbarcelonanoticias.com\/futbol-internacional\/kylian-mbappe-vuelve-hablar-sobre-su-participacion-en-juegos-olimpicos_303792_102.html\" href=\"https:\/\/www.fcbarcelonanoticias.com\/en\/international-football\/kylian-mbappe-goes-back-to-speak-on-his-participation-in-the-olympic-games_303792_102.html\" rel=\"follow\" target=\"_self\" title=\"Kylian Mbapp\u00e9 vuelve a hablar sobre su participaci\u00f3n en los Juegos Ol\u00edmpicos\">The relation between Kylian Mbapp\u00e9<\/a> and Nasser To the-Khela\u00effi has gone from bad to worse with the step of the time, and the tension reached his maximum point when the French star decided not renewing his agreement with the PSG to leave free to the Real Madrid. According to near sources to the Parisian club, <strong>what some time was a fruitful and full association of promises has turned into a series of desencuentros and disagreements.<\/strong><\/p>  <p><strong>One of the reasons by which the president of the Paris is visibly bother by the decision of Mbapp\u00e9 is his game of the Park of the Princes without leaving a euro in the arks of the club.<\/strong> Justo this Saturday, when it will contest his last party with the T-shirt of the French group, &#8216;L&#8217;Instrument&#8217; recopil\u00f3 varied of the encontronazos, revealing a conversation of To the-Khela\u00effi with the one of Bondy, reproaching him his decision.<\/p>  <h2>You reproach them of To the Khela\u00effi to Mbapp\u00e9<\/h2>  <p><strong>&#8220;It can not go out free and reinforce to our rival elder. All the big players, like Bellingham and Kane, go leaving money to his club&#8221;<\/strong>, went some of reproach them of the president. This reproach originated after raising the &#8216;punishment&#8217; of the footballer the past summer, when in theory renounced to determinate clauses to be able to go back to the trainings, in addition to his differences with Luis Enrique.<\/p>  <p>&#8216;L&#8217;Instrument&#8217; also desvel\u00f3 some words that To the-Khela\u00effi devoted him to the French forward during the present course, and is that his practically enclosed course to the group merengue is something that definitively has not liked him for nothing. <strong>&#8220;It can not hurt to the PSG. You go to legitimate the Superliga!<\/strong>&#8220;, it aimed.<\/p> ","protected":false},"excerpt":{"rendered":"<p>The relation between Mbapp\u00e9 and To the-Khela\u00effi has deteriorated significantly, culminating, as &#8216;L&#8217;Instrument&#8217;, in strong reproach of the president of the PSG by the exit of the player to the Real Madrid The relation between Kylian Mbapp\u00e9 and Nasser To the-Khela\u00effi has gone from bad to worse with the step of the time, and the [&hellip;]<\/p>\n","protected":false},"author":360,"featured_media":142194,"comment_status":"closed","ping_status":"open","sticky":false,"template":"","format":"standard","meta":{"_acf_changed":false,"inline_featured_image":false,"_nextfly_llmd_date_locked":false,"footnotes":""},"categories":[106,449],"tags":[171,88],"class_list":["post-142190","post","type-post","status-publish","format-standard","has-post-thumbnail","hentry","category-transfers","category-transfers-2","tag-mbappe","tag-paris-saint-germain"],"acf":[],"yoast_head":"<!-- This site is optimized with the Yoast SEO plugin v27.3 - https:\/\/yoast.com\/product\/yoast-seo-wordpress\/ -->\n<title>The indignation of To the-Khela\u00effi with Mbapp\u00e9: &quot;it can not go out free and reinforce to the Real Madrid&quot;<\/title>\n<meta name=\"description\" content=\"The relation between Mbapp\u00e9 and To the-Khela\u00effi has deteriorated significantly, culminating, as &#039;L&#039;Instrument&#039;, in strong reproach of the president of the PSG by the exit of the player to the Real Madrid\" \/>\n<meta name=\"robots\" content=\"index, follow, max-snippet:-1, max-image-preview:large, max-video-preview:-1\" \/>\n<link rel=\"canonical\" href=\"https:\/\/www.fcbarcelonanoticias.com\/en\/transfers\/the-indignation-of-to-the-khelaifi-with-mbappe-it-can-not-go-out-free-and-reinforce-to-the-real-madrid_303836_102.html\" \/>\n<meta property=\"og:locale\" content=\"en_US\" \/>\n<meta property=\"og:type\" content=\"article\" \/>\n<meta property=\"og:title\" content=\"The indignation of To the-Khela\u00effi with Mbapp\u00e9: &quot;it can not go out free and reinforce to the Real Madrid&quot;\" \/>\n<meta property=\"og:description\" content=\"The relation between Mbapp\u00e9 and To the-Khela\u00effi has deteriorated significantly, culminating, as &#039;L&#039;Instrument&#039;, in strong reproach of the president of the PSG by the exit of the player to the Real Madrid\" \/>\n<meta property=\"og:url\" content=\"https:\/\/www.fcbarcelonanoticias.com\/en\/transfers\/the-indignation-of-to-the-khelaifi-with-mbappe-it-can-not-go-out-free-and-reinforce-to-the-real-madrid_303836_102.html\" \/>\n<meta property=\"og:site_name\" content=\"EN - FC Barcelona Noticias\" \/>\n<meta property=\"article:published_time\" content=\"2024-05-25T15:01:00+00:00\" \/>\n<meta property=\"og:image\" content=\"https:\/\/www.fcbarcelonanoticias.com\/en\/wp-content\/uploads\/sites\/2\/2024\/05\/nasser-al-khelaifi-kylian-mbappe.jpeg\" \/>\n\t<meta property=\"og:image:width\" content=\"1300\" \/>\n\t<meta property=\"og:image:height\" content=\"732\" \/>\n\t<meta property=\"og:image:type\" content=\"image\/jpeg\" \/>\n<meta name=\"author\" content=\"Jos\u00e9 Carlos Jaramillo\" \/>\n<meta name=\"twitter:card\" content=\"summary_large_image\" \/>\n<meta name=\"twitter:label1\" content=\"Written by\" \/>\n\t<meta name=\"twitter:data1\" content=\"Jos\u00e9 Carlos Jaramillo\" \/>\n\t<meta name=\"twitter:label2\" content=\"Est. reading time\" \/>\n\t<meta name=\"twitter:data2\" content=\"2 minutes\" \/>\n<script type=\"application\/ld+json\" class=\"yoast-schema-graph\">{\"@context\":\"https:\\\/\\\/schema.org\",\"@graph\":[{\"@type\":\"Article\",\"@id\":\"https:\\\/\\\/www.fcbarcelonanoticias.com\\\/en\\\/transfers\\\/the-indignation-of-to-the-khelaifi-with-mbappe-it-can-not-go-out-free-and-reinforce-to-the-real-madrid_303836_102.html#article\",\"isPartOf\":{\"@id\":\"https:\\\/\\\/www.fcbarcelonanoticias.com\\\/en\\\/transfers\\\/the-indignation-of-to-the-khelaifi-with-mbappe-it-can-not-go-out-free-and-reinforce-to-the-real-madrid_303836_102.html\"},\"author\":{\"name\":\"Jos\u00e9 Carlos Jaramillo\",\"@id\":\"https:\\\/\\\/www.fcbarcelonanoticias.com\\\/en\\\/#\\\/schema\\\/person\\\/7e0029b6b891133992eecb8d3e9829b8\"},\"headline\":\"The indignation of Al-Khela\u00effi with Mbapp\u00e9: &#8220;He can not go out free and reinforce to Real Madrid&#8221;\",\"datePublished\":\"2024-05-25T15:01:00+00:00\",\"mainEntityOfPage\":{\"@id\":\"https:\\\/\\\/www.fcbarcelonanoticias.com\\\/en\\\/transfers\\\/the-indignation-of-to-the-khelaifi-with-mbappe-it-can-not-go-out-free-and-reinforce-to-the-real-madrid_303836_102.html\"},\"wordCount\":343,\"image\":{\"@id\":\"https:\\\/\\\/www.fcbarcelonanoticias.com\\\/en\\\/transfers\\\/the-indignation-of-to-the-khelaifi-with-mbappe-it-can-not-go-out-free-and-reinforce-to-the-real-madrid_303836_102.html#primaryimage\"},\"thumbnailUrl\":\"https:\\\/\\\/www.fcbarcelonanoticias.com\\\/en\\\/wp-content\\\/uploads\\\/sites\\\/2\\\/2024\\\/05\\\/nasser-al-khelaifi-kylian-mbappe.jpeg\",\"keywords\":[\"Mbapp\u00e9\",\"Paris Saint-Germain\"],\"articleSection\":[\"Transfers\",\"Transfers\"],\"inLanguage\":\"en-US\"},{\"@type\":\"WebPage\",\"@id\":\"https:\\\/\\\/www.fcbarcelonanoticias.com\\\/en\\\/transfers\\\/the-indignation-of-to-the-khelaifi-with-mbappe-it-can-not-go-out-free-and-reinforce-to-the-real-madrid_303836_102.html\",\"url\":\"https:\\\/\\\/www.fcbarcelonanoticias.com\\\/en\\\/transfers\\\/the-indignation-of-to-the-khelaifi-with-mbappe-it-can-not-go-out-free-and-reinforce-to-the-real-madrid_303836_102.html\",\"name\":\"The indignation of To the-Khela\u00effi with Mbapp\u00e9: \\\"it can not go out free and reinforce to the Real Madrid\\\"\",\"isPartOf\":{\"@id\":\"https:\\\/\\\/www.fcbarcelonanoticias.com\\\/en\\\/#website\"},\"primaryImageOfPage\":{\"@id\":\"https:\\\/\\\/www.fcbarcelonanoticias.com\\\/en\\\/transfers\\\/the-indignation-of-to-the-khelaifi-with-mbappe-it-can-not-go-out-free-and-reinforce-to-the-real-madrid_303836_102.html#primaryimage\"},\"image\":{\"@id\":\"https:\\\/\\\/www.fcbarcelonanoticias.com\\\/en\\\/transfers\\\/the-indignation-of-to-the-khelaifi-with-mbappe-it-can-not-go-out-free-and-reinforce-to-the-real-madrid_303836_102.html#primaryimage\"},\"thumbnailUrl\":\"https:\\\/\\\/www.fcbarcelonanoticias.com\\\/en\\\/wp-content\\\/uploads\\\/sites\\\/2\\\/2024\\\/05\\\/nasser-al-khelaifi-kylian-mbappe.jpeg\",\"datePublished\":\"2024-05-25T15:01:00+00:00\",\"author\":{\"@id\":\"https:\\\/\\\/www.fcbarcelonanoticias.com\\\/en\\\/#\\\/schema\\\/person\\\/7e0029b6b891133992eecb8d3e9829b8\"},\"description\":\"The relation between Mbapp\u00e9 and To the-Khela\u00effi has deteriorated significantly, culminating, as 'L'Instrument', in strong reproach of the president of the PSG by the exit of the player to the Real Madrid\",\"breadcrumb\":{\"@id\":\"https:\\\/\\\/www.fcbarcelonanoticias.com\\\/en\\\/transfers\\\/the-indignation-of-to-the-khelaifi-with-mbappe-it-can-not-go-out-free-and-reinforce-to-the-real-madrid_303836_102.html#breadcrumb\"},\"inLanguage\":\"en-US\",\"potentialAction\":[{\"@type\":\"ReadAction\",\"target\":[\"https:\\\/\\\/www.fcbarcelonanoticias.com\\\/en\\\/transfers\\\/the-indignation-of-to-the-khelaifi-with-mbappe-it-can-not-go-out-free-and-reinforce-to-the-real-madrid_303836_102.html\"]}]},{\"@type\":\"ImageObject\",\"inLanguage\":\"en-US\",\"@id\":\"https:\\\/\\\/www.fcbarcelonanoticias.com\\\/en\\\/transfers\\\/the-indignation-of-to-the-khelaifi-with-mbappe-it-can-not-go-out-free-and-reinforce-to-the-real-madrid_303836_102.html#primaryimage\",\"url\":\"https:\\\/\\\/www.fcbarcelonanoticias.com\\\/en\\\/wp-content\\\/uploads\\\/sites\\\/2\\\/2024\\\/05\\\/nasser-al-khelaifi-kylian-mbappe.jpeg\",\"contentUrl\":\"https:\\\/\\\/www.fcbarcelonanoticias.com\\\/en\\\/wp-content\\\/uploads\\\/sites\\\/2\\\/2024\\\/05\\\/nasser-al-khelaifi-kylian-mbappe.jpeg\",\"width\":1300,\"height\":732},{\"@type\":\"BreadcrumbList\",\"@id\":\"https:\\\/\\\/www.fcbarcelonanoticias.com\\\/en\\\/transfers\\\/the-indignation-of-to-the-khelaifi-with-mbappe-it-can-not-go-out-free-and-reinforce-to-the-real-madrid_303836_102.html#breadcrumb\",\"itemListElement\":[{\"@type\":\"ListItem\",\"position\":1,\"name\":\"Portada\",\"item\":\"https:\\\/\\\/www.fcbarcelonanoticias.com\\\/en\\\/\"},{\"@type\":\"ListItem\",\"position\":2,\"name\":\"The indignation of Al-Khela\u00effi with Mbapp\u00e9: &#8220;He can not go out free and reinforce to Real Madrid&#8221;\"}]},{\"@type\":\"WebSite\",\"@id\":\"https:\\\/\\\/www.fcbarcelonanoticias.com\\\/en\\\/#website\",\"url\":\"https:\\\/\\\/www.fcbarcelonanoticias.com\\\/en\\\/\",\"name\":\"EN - FC Barcelona Noticias\",\"description\":\"\",\"potentialAction\":[{\"@type\":\"SearchAction\",\"target\":{\"@type\":\"EntryPoint\",\"urlTemplate\":\"https:\\\/\\\/www.fcbarcelonanoticias.com\\\/en\\\/?s={search_term_string}\"},\"query-input\":{\"@type\":\"PropertyValueSpecification\",\"valueRequired\":true,\"valueName\":\"search_term_string\"}}],\"inLanguage\":\"en-US\"},{\"@type\":\"Person\",\"@id\":\"https:\\\/\\\/www.fcbarcelonanoticias.com\\\/en\\\/#\\\/schema\\\/person\\\/7e0029b6b891133992eecb8d3e9829b8\",\"name\":\"Jos\u00e9 Carlos Jaramillo\",\"image\":{\"@type\":\"ImageObject\",\"inLanguage\":\"en-US\",\"@id\":\"https:\\\/\\\/secure.gravatar.com\\\/avatar\\\/?s=96&d=mm&r=g\",\"url\":\"https:\\\/\\\/secure.gravatar.com\\\/avatar\\\/?s=96&d=mm&r=g\",\"contentUrl\":\"https:\\\/\\\/secure.gravatar.com\\\/avatar\\\/?s=96&d=mm&r=g\",\"caption\":\"Jos\u00e9 Carlos Jaramillo\"},\"url\":\"https:\\\/\\\/www.fcbarcelonanoticias.com\\\/en\\\/jose-carlos-jaramillo_26_115.html\"}]}<\/script>\n<!-- \/ Yoast SEO plugin. -->","yoast_head_json":{"title":"The indignation of To the-Khela\u00effi with Mbapp\u00e9: \"it can not go out free and reinforce to the Real Madrid\"","description":"The relation between Mbapp\u00e9 and To the-Khela\u00effi has deteriorated significantly, culminating, as 'L'Instrument', in strong reproach of the president of the PSG by the exit of the player to the Real Madrid","robots":{"index":"index","follow":"follow","max-snippet":"max-snippet:-1","max-image-preview":"max-image-preview:large","max-video-preview":"max-video-preview:-1"},"canonical":"https:\/\/www.fcbarcelonanoticias.com\/en\/transfers\/the-indignation-of-to-the-khelaifi-with-mbappe-it-can-not-go-out-free-and-reinforce-to-the-real-madrid_303836_102.html","og_locale":"en_US","og_type":"article","og_title":"The indignation of To the-Khela\u00effi with Mbapp\u00e9: \"it can not go out free and reinforce to the Real Madrid\"","og_description":"The relation between Mbapp\u00e9 and To the-Khela\u00effi has deteriorated significantly, culminating, as 'L'Instrument', in strong reproach of the president of the PSG by the exit of the player to the Real Madrid","og_url":"https:\/\/www.fcbarcelonanoticias.com\/en\/transfers\/the-indignation-of-to-the-khelaifi-with-mbappe-it-can-not-go-out-free-and-reinforce-to-the-real-madrid_303836_102.html","og_site_name":"EN - FC Barcelona Noticias","article_published_time":"2024-05-25T15:01:00+00:00","og_image":[{"width":1300,"height":732,"url":"https:\/\/www.fcbarcelonanoticias.com\/en\/wp-content\/uploads\/sites\/2\/2024\/05\/nasser-al-khelaifi-kylian-mbappe.jpeg","type":"image\/jpeg"}],"author":"Jos\u00e9 Carlos Jaramillo","twitter_card":"summary_large_image","twitter_misc":{"Written by":"Jos\u00e9 Carlos Jaramillo","Est. reading time":"2 minutes"},"schema":{"@context":"https:\/\/schema.org","@graph":[{"@type":"Article","@id":"https:\/\/www.fcbarcelonanoticias.com\/en\/transfers\/the-indignation-of-to-the-khelaifi-with-mbappe-it-can-not-go-out-free-and-reinforce-to-the-real-madrid_303836_102.html#article","isPartOf":{"@id":"https:\/\/www.fcbarcelonanoticias.com\/en\/transfers\/the-indignation-of-to-the-khelaifi-with-mbappe-it-can-not-go-out-free-and-reinforce-to-the-real-madrid_303836_102.html"},"author":{"name":"Jos\u00e9 Carlos Jaramillo","@id":"https:\/\/www.fcbarcelonanoticias.com\/en\/#\/schema\/person\/7e0029b6b891133992eecb8d3e9829b8"},"headline":"The indignation of Al-Khela\u00effi with Mbapp\u00e9: &#8220;He can not go out free and reinforce to Real Madrid&#8221;","datePublished":"2024-05-25T15:01:00+00:00","mainEntityOfPage":{"@id":"https:\/\/www.fcbarcelonanoticias.com\/en\/transfers\/the-indignation-of-to-the-khelaifi-with-mbappe-it-can-not-go-out-free-and-reinforce-to-the-real-madrid_303836_102.html"},"wordCount":343,"image":{"@id":"https:\/\/www.fcbarcelonanoticias.com\/en\/transfers\/the-indignation-of-to-the-khelaifi-with-mbappe-it-can-not-go-out-free-and-reinforce-to-the-real-madrid_303836_102.html#primaryimage"},"thumbnailUrl":"https:\/\/www.fcbarcelonanoticias.com\/en\/wp-content\/uploads\/sites\/2\/2024\/05\/nasser-al-khelaifi-kylian-mbappe.jpeg","keywords":["Mbapp\u00e9","Paris Saint-Germain"],"articleSection":["Transfers","Transfers"],"inLanguage":"en-US"},{"@type":"WebPage","@id":"https:\/\/www.fcbarcelonanoticias.com\/en\/transfers\/the-indignation-of-to-the-khelaifi-with-mbappe-it-can-not-go-out-free-and-reinforce-to-the-real-madrid_303836_102.html","url":"https:\/\/www.fcbarcelonanoticias.com\/en\/transfers\/the-indignation-of-to-the-khelaifi-with-mbappe-it-can-not-go-out-free-and-reinforce-to-the-real-madrid_303836_102.html","name":"The indignation of To the-Khela\u00effi with Mbapp\u00e9: \"it can not go out free and reinforce to the Real Madrid\"","isPartOf":{"@id":"https:\/\/www.fcbarcelonanoticias.com\/en\/#website"},"primaryImageOfPage":{"@id":"https:\/\/www.fcbarcelonanoticias.com\/en\/transfers\/the-indignation-of-to-the-khelaifi-with-mbappe-it-can-not-go-out-free-and-reinforce-to-the-real-madrid_303836_102.html#primaryimage"},"image":{"@id":"https:\/\/www.fcbarcelonanoticias.com\/en\/transfers\/the-indignation-of-to-the-khelaifi-with-mbappe-it-can-not-go-out-free-and-reinforce-to-the-real-madrid_303836_102.html#primaryimage"},"thumbnailUrl":"https:\/\/www.fcbarcelonanoticias.com\/en\/wp-content\/uploads\/sites\/2\/2024\/05\/nasser-al-khelaifi-kylian-mbappe.jpeg","datePublished":"2024-05-25T15:01:00+00:00","author":{"@id":"https:\/\/www.fcbarcelonanoticias.com\/en\/#\/schema\/person\/7e0029b6b891133992eecb8d3e9829b8"},"description":"The relation between Mbapp\u00e9 and To the-Khela\u00effi has deteriorated significantly, culminating, as 'L'Instrument', in strong reproach of the president of the PSG by the exit of the player to the Real Madrid","breadcrumb":{"@id":"https:\/\/www.fcbarcelonanoticias.com\/en\/transfers\/the-indignation-of-to-the-khelaifi-with-mbappe-it-can-not-go-out-free-and-reinforce-to-the-real-madrid_303836_102.html#breadcrumb"},"inLanguage":"en-US","potentialAction":[{"@type":"ReadAction","target":["https:\/\/www.fcbarcelonanoticias.com\/en\/transfers\/the-indignation-of-to-the-khelaifi-with-mbappe-it-can-not-go-out-free-and-reinforce-to-the-real-madrid_303836_102.html"]}]},{"@type":"ImageObject","inLanguage":"en-US","@id":"https:\/\/www.fcbarcelonanoticias.com\/en\/transfers\/the-indignation-of-to-the-khelaifi-with-mbappe-it-can-not-go-out-free-and-reinforce-to-the-real-madrid_303836_102.html#primaryimage","url":"https:\/\/www.fcbarcelonanoticias.com\/en\/wp-content\/uploads\/sites\/2\/2024\/05\/nasser-al-khelaifi-kylian-mbappe.jpeg","contentUrl":"https:\/\/www.fcbarcelonanoticias.com\/en\/wp-content\/uploads\/sites\/2\/2024\/05\/nasser-al-khelaifi-kylian-mbappe.jpeg","width":1300,"height":732},{"@type":"BreadcrumbList","@id":"https:\/\/www.fcbarcelonanoticias.com\/en\/transfers\/the-indignation-of-to-the-khelaifi-with-mbappe-it-can-not-go-out-free-and-reinforce-to-the-real-madrid_303836_102.html#breadcrumb","itemListElement":[{"@type":"ListItem","position":1,"name":"Portada","item":"https:\/\/www.fcbarcelonanoticias.com\/en\/"},{"@type":"ListItem","position":2,"name":"The indignation of Al-Khela\u00effi with Mbapp\u00e9: &#8220;He can not go out free and reinforce to Real Madrid&#8221;"}]},{"@type":"WebSite","@id":"https:\/\/www.fcbarcelonanoticias.com\/en\/#website","url":"https:\/\/www.fcbarcelonanoticias.com\/en\/","name":"EN - FC Barcelona Noticias","description":"","potentialAction":[{"@type":"SearchAction","target":{"@type":"EntryPoint","urlTemplate":"https:\/\/www.fcbarcelonanoticias.com\/en\/?s={search_term_string}"},"query-input":{"@type":"PropertyValueSpecification","valueRequired":true,"valueName":"search_term_string"}}],"inLanguage":"en-US"},{"@type":"Person","@id":"https:\/\/www.fcbarcelonanoticias.com\/en\/#\/schema\/person\/7e0029b6b891133992eecb8d3e9829b8","name":"Jos\u00e9 Carlos Jaramillo","image":{"@type":"ImageObject","inLanguage":"en-US","@id":"https:\/\/secure.gravatar.com\/avatar\/?s=96&d=mm&r=g","url":"https:\/\/secure.gravatar.com\/avatar\/?s=96&d=mm&r=g","contentUrl":"https:\/\/secure.gravatar.com\/avatar\/?s=96&d=mm&r=g","caption":"Jos\u00e9 Carlos Jaramillo"},"url":"https:\/\/www.fcbarcelonanoticias.com\/en\/jose-carlos-jaramillo_26_115.html"}]}},"_links":{"self":[{"href":"https:\/\/www.fcbarcelonanoticias.com\/en\/wp-json\/wp\/v2\/posts\/142190","targetHints":{"allow":["GET"]}}],"collection":[{"href":"https:\/\/www.fcbarcelonanoticias.com\/en\/wp-json\/wp\/v2\/posts"}],"about":[{"href":"https:\/\/www.fcbarcelonanoticias.com\/en\/wp-json\/wp\/v2\/types\/post"}],"author":[{"embeddable":true,"href":"https:\/\/www.fcbarcelonanoticias.com\/en\/wp-json\/wp\/v2\/users\/360"}],"replies":[{"embeddable":true,"href":"https:\/\/www.fcbarcelonanoticias.com\/en\/wp-json\/wp\/v2\/comments?post=142190"}],"version-history":[{"count":1,"href":"https:\/\/www.fcbarcelonanoticias.com\/en\/wp-json\/wp\/v2\/posts\/142190\/revisions"}],"predecessor-version":[{"id":154746,"href":"https:\/\/www.fcbarcelonanoticias.com\/en\/wp-json\/wp\/v2\/posts\/142190\/revisions\/154746"}],"wp:featuredmedia":[{"embeddable":true,"href":"https:\/\/www.fcbarcelonanoticias.com\/en\/wp-json\/wp\/v2\/media\/142194"}],"wp:attachment":[{"href":"https:\/\/www.fcbarcelonanoticias.com\/en\/wp-json\/wp\/v2\/media?parent=142190"}],"wp:term":[{"taxonomy":"category","embeddable":true,"href":"https:\/\/www.fcbarcelonanoticias.com\/en\/wp-json\/wp\/v2\/categories?post=142190"},{"taxonomy":"post_tag","embeddable":true,"href":"https:\/\/www.fcbarcelonanoticias.com\/en\/wp-json\/wp\/v2\/tags?post=142190"}],"curies":[{"name":"wp","href":"https:\/\/api.w.org\/{rel}","templated":true}]}}