{"id":142202,"date":"2022-04-24T10:51:00","date_gmt":"2022-04-24T08:51:00","guid":{"rendered":"https:\/\/weisetech.dev\/fc-barcelona-noticias\/en\/the-barca-goes-back-to-think-in-lisandro-martinez-for-reforz_279686_102\/"},"modified":"2022-04-24T17:14:00","modified_gmt":"2022-04-24T15:14:00","slug":"the-barca-goes-back-to-think-in-lisandro-martinez-for-reforz_279686_102","status":"publish","type":"post","link":"https:\/\/www.fcbarcelonanoticias.com\/en\/transfers\/the-barca-goes-back-to-think-in-lisandro-martinez-for-reforz_279686_102.html","title":{"rendered":"Bar\u00e7a thinks about Lisandro Mart\u00ednez again to reinforce its defense"},"content":{"rendered":"<h2 class=\"wp-block-heading\">In the research of a defender for the Barcelona, \u200b\u200bthe option of Lisandro Mart\u00ednez has arisen again. The Argentinian has agreed with the Ajax until 2025, by what the Catalan entity could pay the 30 &#8216;kilos&#8217; that would ask the Dutch<\/h2>  \r\n<div class=\"article-addons\">\r\n    <a href=\"https:\/\/www.fcbarcelonanoticias.com\/en\/calendar-fc-barcelona.html\"\r\n       target=\"_self\"\r\n       title=\"Calendar of FC Barcelona\"\r\n       class=\"blue-gredient-btn\">\r\n       \r\n        Calendar of FC Barcelona    <\/a>\r\n<\/div>   <p>The FC Barcelona continues planning movements in the next market of signings, thinking <strong>especially in the last line on the field, a section that requires of new effective<\/strong> to reduce considerably the average of goals fit by party. They are varied the names on the table and the one of<a data-external=\"0\" data-intl-links-en=\"https:\/\/www.fcbarcelonanoticias.com\/en\/fc-barcelona\/lisandro-martinez-the-defender-that-goes-back-to-the-orbit-of-the-barca_276835_102.html\" data-intl-links-es=\"https:\/\/www.fcbarcelonanoticias.com\/fc-barcelona\/lisandro-martinez-zaguero-vuelve-orbita-barca_276835_102.html\" href=\"https:\/\/www.fcbarcelonanoticias.com\/en\/fc-barcelona\/lisandro-martinez-the-defender-that-goes-back-to-the-orbit-of-the-barca_276835_102.html\" rel=\"follow\" target=\"_self\" title=\"Lisandro Mart\u00ednez, el zaguero que vuelve a la \u00f3rbita del Bar\u00e7a\"> Lisandro Mart\u00ednez<\/a> could fit in the diagram of Xavi Hern\u00e1ndez.<\/p>  <p>The reports on the Argentinian have been very positive, especially regarding his technician on the field and to his optimum physical conditions. Besides, <strong>his pretences salariales would not be very high<\/strong>, what turns him into a very profitable option for the Barcelona team, whose finances do not live a good moment from does already several seasons.<\/p>  <p>Nevertheless, yes it would be necessary that the Catalan club disburse something of money by his traspaso, since his agreement with the Ajax will be in force until the summer of 2025. Even so, <strong>the good relations between the Barcelona and the team of \u00c1msterdam could facilitate the negotiations and allow an exchange<\/strong> that involve to some player of the Barcelona staff.<\/p>  <h3>Lisandro, very near of the Bar\u00e7a<\/h3>  <p>In accordance with &#8216;Culeman\u00eda&#8217;, an adviser of the surroundings of Mart\u00ednez would have visited the City Condal in search of a flat. Likewise, they speak of possible conversations with Jordi Cruyff, part of the executive train cul\u00e9. His name is of big interest for the technical office and from the dispatches would be following him painstakingly, whereas <strong>his cost of traspaso rondar\u00eda the 30 million euros<\/strong>.<\/p>  <p>The versatility is one of the main qualities of the Argentinian, by what could exert like central defender or like left side, by<strong> what would be an option of spare for Jordi Alba, although with a greater tendency to the played defensive<\/strong>. In spite of not standing out by his height of 1,75, is used to to be key in the aerial game.<\/p> ","protected":false},"excerpt":{"rendered":"<p>In the research of a defender for the Barcelona, \u200b\u200bthe option of Lisandro Mart\u00ednez has arisen again. The Argentinian has agreed with the Ajax until 2025, by what the Catalan entity could pay the 30 &#8216;kilos&#8217; that would ask the Dutch The FC Barcelona continues planning movements in the next market of signings, thinking especially [&hellip;]<\/p>\n","protected":false},"author":378,"featured_media":142207,"comment_status":"closed","ping_status":"open","sticky":false,"template":"","format":"standard","meta":{"_acf_changed":false,"inline_featured_image":false,"_nextfly_llmd_date_locked":false,"footnotes":""},"categories":[449,106],"tags":[213],"class_list":["post-142202","post","type-post","status-publish","format-standard","has-post-thumbnail","hentry","category-transfers-2","category-transfers","tag-ajax"],"acf":[],"yoast_head":"<!-- This site is optimized with the Yoast SEO plugin v27.3 - https:\/\/yoast.com\/product\/yoast-seo-wordpress\/ -->\n<title>Bar\u00e7a thinks about Lisandro Mart\u00ednez again to reinforce its defense<\/title>\n<meta name=\"description\" content=\"In the research of a defender for the Barcelona, has arisen again the option of Lisandro Mart\u00ednez. The Argentinian has agreement with the Ajax until 2025, po...\" \/>\n<meta name=\"robots\" content=\"index, follow, max-snippet:-1, max-image-preview:large, max-video-preview:-1\" \/>\n<link rel=\"canonical\" href=\"https:\/\/www.fcbarcelonanoticias.com\/en\/transfers\/the-barca-goes-back-to-think-in-lisandro-martinez-for-reforz_279686_102.html\" \/>\n<meta property=\"og:locale\" content=\"en_US\" \/>\n<meta property=\"og:type\" content=\"article\" \/>\n<meta property=\"og:title\" content=\"Bar\u00e7a thinks about Lisandro Mart\u00ednez again to reinforce its defense\" \/>\n<meta property=\"og:description\" content=\"In the research of a defender for the Barcelona, has arisen again the option of Lisandro Mart\u00ednez. The Argentinian has agreement with the Ajax until 2025, po...\" \/>\n<meta property=\"og:url\" content=\"https:\/\/www.fcbarcelonanoticias.com\/en\/transfers\/the-barca-goes-back-to-think-in-lisandro-martinez-for-reforz_279686_102.html\" \/>\n<meta property=\"og:site_name\" content=\"EN - FC Barcelona Noticias\" \/>\n<meta property=\"article:published_time\" content=\"2022-04-24T08:51:00+00:00\" \/>\n<meta property=\"article:modified_time\" content=\"2022-04-24T15:14:00+00:00\" \/>\n<meta property=\"og:image\" content=\"https:\/\/www.fcbarcelonanoticias.com\/en\/wp-content\/uploads\/sites\/2\/2022\/04\/lisandro-martinez-barca.jpeg\" \/>\n\t<meta property=\"og:image:width\" content=\"1300\" \/>\n\t<meta property=\"og:image:height\" content=\"734\" \/>\n\t<meta property=\"og:image:type\" content=\"image\/jpeg\" \/>\n<meta name=\"author\" content=\"user_4034\" \/>\n<meta name=\"twitter:card\" content=\"summary_large_image\" \/>\n<meta name=\"twitter:label1\" content=\"Written by\" \/>\n\t<meta name=\"twitter:data1\" content=\"user_4034\" \/>\n\t<meta name=\"twitter:label2\" content=\"Est. reading time\" \/>\n\t<meta name=\"twitter:data2\" content=\"2 minutes\" \/>\n<script type=\"application\/ld+json\" class=\"yoast-schema-graph\">{\"@context\":\"https:\\\/\\\/schema.org\",\"@graph\":[{\"@type\":\"Article\",\"@id\":\"https:\\\/\\\/www.fcbarcelonanoticias.com\\\/en\\\/transfers\\\/the-barca-goes-back-to-think-in-lisandro-martinez-for-reforz_279686_102.html#article\",\"isPartOf\":{\"@id\":\"https:\\\/\\\/www.fcbarcelonanoticias.com\\\/en\\\/transfers\\\/the-barca-goes-back-to-think-in-lisandro-martinez-for-reforz_279686_102.html\"},\"author\":{\"name\":\"user_4034\",\"@id\":\"https:\\\/\\\/www.fcbarcelonanoticias.com\\\/en\\\/#\\\/schema\\\/person\\\/af5ca539abaaa1bd2753d05ef7a706d0\"},\"headline\":\"Bar\u00e7a thinks about Lisandro Mart\u00ednez again to reinforce its defense\",\"datePublished\":\"2022-04-24T08:51:00+00:00\",\"dateModified\":\"2022-04-24T15:14:00+00:00\",\"mainEntityOfPage\":{\"@id\":\"https:\\\/\\\/www.fcbarcelonanoticias.com\\\/en\\\/transfers\\\/the-barca-goes-back-to-think-in-lisandro-martinez-for-reforz_279686_102.html\"},\"wordCount\":368,\"image\":{\"@id\":\"https:\\\/\\\/www.fcbarcelonanoticias.com\\\/en\\\/transfers\\\/the-barca-goes-back-to-think-in-lisandro-martinez-for-reforz_279686_102.html#primaryimage\"},\"thumbnailUrl\":\"https:\\\/\\\/www.fcbarcelonanoticias.com\\\/en\\\/wp-content\\\/uploads\\\/sites\\\/2\\\/2022\\\/04\\\/lisandro-martinez-barca.jpeg\",\"keywords\":[\"Ajax\"],\"articleSection\":[\"Transfers\",\"Transfers\"],\"inLanguage\":\"en-US\"},{\"@type\":\"WebPage\",\"@id\":\"https:\\\/\\\/www.fcbarcelonanoticias.com\\\/en\\\/transfers\\\/the-barca-goes-back-to-think-in-lisandro-martinez-for-reforz_279686_102.html\",\"url\":\"https:\\\/\\\/www.fcbarcelonanoticias.com\\\/en\\\/transfers\\\/the-barca-goes-back-to-think-in-lisandro-martinez-for-reforz_279686_102.html\",\"name\":\"Bar\u00e7a thinks about Lisandro Mart\u00ednez again to reinforce its defense\",\"isPartOf\":{\"@id\":\"https:\\\/\\\/www.fcbarcelonanoticias.com\\\/en\\\/#website\"},\"primaryImageOfPage\":{\"@id\":\"https:\\\/\\\/www.fcbarcelonanoticias.com\\\/en\\\/transfers\\\/the-barca-goes-back-to-think-in-lisandro-martinez-for-reforz_279686_102.html#primaryimage\"},\"image\":{\"@id\":\"https:\\\/\\\/www.fcbarcelonanoticias.com\\\/en\\\/transfers\\\/the-barca-goes-back-to-think-in-lisandro-martinez-for-reforz_279686_102.html#primaryimage\"},\"thumbnailUrl\":\"https:\\\/\\\/www.fcbarcelonanoticias.com\\\/en\\\/wp-content\\\/uploads\\\/sites\\\/2\\\/2022\\\/04\\\/lisandro-martinez-barca.jpeg\",\"datePublished\":\"2022-04-24T08:51:00+00:00\",\"dateModified\":\"2022-04-24T15:14:00+00:00\",\"author\":{\"@id\":\"https:\\\/\\\/www.fcbarcelonanoticias.com\\\/en\\\/#\\\/schema\\\/person\\\/af5ca539abaaa1bd2753d05ef7a706d0\"},\"description\":\"In the research of a defender for the Barcelona, has arisen again the option of Lisandro Mart\u00ednez. The Argentinian has agreement with the Ajax until 2025, po...\",\"breadcrumb\":{\"@id\":\"https:\\\/\\\/www.fcbarcelonanoticias.com\\\/en\\\/transfers\\\/the-barca-goes-back-to-think-in-lisandro-martinez-for-reforz_279686_102.html#breadcrumb\"},\"inLanguage\":\"en-US\",\"potentialAction\":[{\"@type\":\"ReadAction\",\"target\":[\"https:\\\/\\\/www.fcbarcelonanoticias.com\\\/en\\\/transfers\\\/the-barca-goes-back-to-think-in-lisandro-martinez-for-reforz_279686_102.html\"]}]},{\"@type\":\"ImageObject\",\"inLanguage\":\"en-US\",\"@id\":\"https:\\\/\\\/www.fcbarcelonanoticias.com\\\/en\\\/transfers\\\/the-barca-goes-back-to-think-in-lisandro-martinez-for-reforz_279686_102.html#primaryimage\",\"url\":\"https:\\\/\\\/www.fcbarcelonanoticias.com\\\/en\\\/wp-content\\\/uploads\\\/sites\\\/2\\\/2022\\\/04\\\/lisandro-martinez-barca.jpeg\",\"contentUrl\":\"https:\\\/\\\/www.fcbarcelonanoticias.com\\\/en\\\/wp-content\\\/uploads\\\/sites\\\/2\\\/2022\\\/04\\\/lisandro-martinez-barca.jpeg\",\"width\":1300,\"height\":734},{\"@type\":\"BreadcrumbList\",\"@id\":\"https:\\\/\\\/www.fcbarcelonanoticias.com\\\/en\\\/transfers\\\/the-barca-goes-back-to-think-in-lisandro-martinez-for-reforz_279686_102.html#breadcrumb\",\"itemListElement\":[{\"@type\":\"ListItem\",\"position\":1,\"name\":\"Portada\",\"item\":\"https:\\\/\\\/www.fcbarcelonanoticias.com\\\/en\\\/\"},{\"@type\":\"ListItem\",\"position\":2,\"name\":\"Bar\u00e7a thinks about Lisandro Mart\u00ednez again to reinforce its defense\"}]},{\"@type\":\"WebSite\",\"@id\":\"https:\\\/\\\/www.fcbarcelonanoticias.com\\\/en\\\/#website\",\"url\":\"https:\\\/\\\/www.fcbarcelonanoticias.com\\\/en\\\/\",\"name\":\"EN - FC Barcelona Noticias\",\"description\":\"\",\"potentialAction\":[{\"@type\":\"SearchAction\",\"target\":{\"@type\":\"EntryPoint\",\"urlTemplate\":\"https:\\\/\\\/www.fcbarcelonanoticias.com\\\/en\\\/?s={search_term_string}\"},\"query-input\":{\"@type\":\"PropertyValueSpecification\",\"valueRequired\":true,\"valueName\":\"search_term_string\"}}],\"inLanguage\":\"en-US\"},{\"@type\":\"Person\",\"@id\":\"https:\\\/\\\/www.fcbarcelonanoticias.com\\\/en\\\/#\\\/schema\\\/person\\\/af5ca539abaaa1bd2753d05ef7a706d0\",\"name\":\"user_4034\",\"image\":{\"@type\":\"ImageObject\",\"inLanguage\":\"en-US\",\"@id\":\"https:\\\/\\\/secure.gravatar.com\\\/avatar\\\/?s=96&d=mm&r=g\",\"url\":\"https:\\\/\\\/secure.gravatar.com\\\/avatar\\\/?s=96&d=mm&r=g\",\"contentUrl\":\"https:\\\/\\\/secure.gravatar.com\\\/avatar\\\/?s=96&d=mm&r=g\",\"caption\":\"user_4034\"},\"url\":\"https:\\\/\\\/www.fcbarcelonanoticias.com\\\/en\\\/user_4034.html\"}]}<\/script>\n<!-- \/ Yoast SEO plugin. -->","yoast_head_json":{"title":"Bar\u00e7a thinks about Lisandro Mart\u00ednez again to reinforce its defense","description":"In the research of a defender for the Barcelona, has arisen again the option of Lisandro Mart\u00ednez. The Argentinian has agreement with the Ajax until 2025, po...","robots":{"index":"index","follow":"follow","max-snippet":"max-snippet:-1","max-image-preview":"max-image-preview:large","max-video-preview":"max-video-preview:-1"},"canonical":"https:\/\/www.fcbarcelonanoticias.com\/en\/transfers\/the-barca-goes-back-to-think-in-lisandro-martinez-for-reforz_279686_102.html","og_locale":"en_US","og_type":"article","og_title":"Bar\u00e7a thinks about Lisandro Mart\u00ednez again to reinforce its defense","og_description":"In the research of a defender for the Barcelona, has arisen again the option of Lisandro Mart\u00ednez. The Argentinian has agreement with the Ajax until 2025, po...","og_url":"https:\/\/www.fcbarcelonanoticias.com\/en\/transfers\/the-barca-goes-back-to-think-in-lisandro-martinez-for-reforz_279686_102.html","og_site_name":"EN - FC Barcelona Noticias","article_published_time":"2022-04-24T08:51:00+00:00","article_modified_time":"2022-04-24T15:14:00+00:00","og_image":[{"width":1300,"height":734,"url":"https:\/\/www.fcbarcelonanoticias.com\/en\/wp-content\/uploads\/sites\/2\/2022\/04\/lisandro-martinez-barca.jpeg","type":"image\/jpeg"}],"author":"user_4034","twitter_card":"summary_large_image","twitter_misc":{"Written by":"user_4034","Est. reading time":"2 minutes"},"schema":{"@context":"https:\/\/schema.org","@graph":[{"@type":"Article","@id":"https:\/\/www.fcbarcelonanoticias.com\/en\/transfers\/the-barca-goes-back-to-think-in-lisandro-martinez-for-reforz_279686_102.html#article","isPartOf":{"@id":"https:\/\/www.fcbarcelonanoticias.com\/en\/transfers\/the-barca-goes-back-to-think-in-lisandro-martinez-for-reforz_279686_102.html"},"author":{"name":"user_4034","@id":"https:\/\/www.fcbarcelonanoticias.com\/en\/#\/schema\/person\/af5ca539abaaa1bd2753d05ef7a706d0"},"headline":"Bar\u00e7a thinks about Lisandro Mart\u00ednez again to reinforce its defense","datePublished":"2022-04-24T08:51:00+00:00","dateModified":"2022-04-24T15:14:00+00:00","mainEntityOfPage":{"@id":"https:\/\/www.fcbarcelonanoticias.com\/en\/transfers\/the-barca-goes-back-to-think-in-lisandro-martinez-for-reforz_279686_102.html"},"wordCount":368,"image":{"@id":"https:\/\/www.fcbarcelonanoticias.com\/en\/transfers\/the-barca-goes-back-to-think-in-lisandro-martinez-for-reforz_279686_102.html#primaryimage"},"thumbnailUrl":"https:\/\/www.fcbarcelonanoticias.com\/en\/wp-content\/uploads\/sites\/2\/2022\/04\/lisandro-martinez-barca.jpeg","keywords":["Ajax"],"articleSection":["Transfers","Transfers"],"inLanguage":"en-US"},{"@type":"WebPage","@id":"https:\/\/www.fcbarcelonanoticias.com\/en\/transfers\/the-barca-goes-back-to-think-in-lisandro-martinez-for-reforz_279686_102.html","url":"https:\/\/www.fcbarcelonanoticias.com\/en\/transfers\/the-barca-goes-back-to-think-in-lisandro-martinez-for-reforz_279686_102.html","name":"Bar\u00e7a thinks about Lisandro Mart\u00ednez again to reinforce its defense","isPartOf":{"@id":"https:\/\/www.fcbarcelonanoticias.com\/en\/#website"},"primaryImageOfPage":{"@id":"https:\/\/www.fcbarcelonanoticias.com\/en\/transfers\/the-barca-goes-back-to-think-in-lisandro-martinez-for-reforz_279686_102.html#primaryimage"},"image":{"@id":"https:\/\/www.fcbarcelonanoticias.com\/en\/transfers\/the-barca-goes-back-to-think-in-lisandro-martinez-for-reforz_279686_102.html#primaryimage"},"thumbnailUrl":"https:\/\/www.fcbarcelonanoticias.com\/en\/wp-content\/uploads\/sites\/2\/2022\/04\/lisandro-martinez-barca.jpeg","datePublished":"2022-04-24T08:51:00+00:00","dateModified":"2022-04-24T15:14:00+00:00","author":{"@id":"https:\/\/www.fcbarcelonanoticias.com\/en\/#\/schema\/person\/af5ca539abaaa1bd2753d05ef7a706d0"},"description":"In the research of a defender for the Barcelona, has arisen again the option of Lisandro Mart\u00ednez. The Argentinian has agreement with the Ajax until 2025, po...","breadcrumb":{"@id":"https:\/\/www.fcbarcelonanoticias.com\/en\/transfers\/the-barca-goes-back-to-think-in-lisandro-martinez-for-reforz_279686_102.html#breadcrumb"},"inLanguage":"en-US","potentialAction":[{"@type":"ReadAction","target":["https:\/\/www.fcbarcelonanoticias.com\/en\/transfers\/the-barca-goes-back-to-think-in-lisandro-martinez-for-reforz_279686_102.html"]}]},{"@type":"ImageObject","inLanguage":"en-US","@id":"https:\/\/www.fcbarcelonanoticias.com\/en\/transfers\/the-barca-goes-back-to-think-in-lisandro-martinez-for-reforz_279686_102.html#primaryimage","url":"https:\/\/www.fcbarcelonanoticias.com\/en\/wp-content\/uploads\/sites\/2\/2022\/04\/lisandro-martinez-barca.jpeg","contentUrl":"https:\/\/www.fcbarcelonanoticias.com\/en\/wp-content\/uploads\/sites\/2\/2022\/04\/lisandro-martinez-barca.jpeg","width":1300,"height":734},{"@type":"BreadcrumbList","@id":"https:\/\/www.fcbarcelonanoticias.com\/en\/transfers\/the-barca-goes-back-to-think-in-lisandro-martinez-for-reforz_279686_102.html#breadcrumb","itemListElement":[{"@type":"ListItem","position":1,"name":"Portada","item":"https:\/\/www.fcbarcelonanoticias.com\/en\/"},{"@type":"ListItem","position":2,"name":"Bar\u00e7a thinks about Lisandro Mart\u00ednez again to reinforce its defense"}]},{"@type":"WebSite","@id":"https:\/\/www.fcbarcelonanoticias.com\/en\/#website","url":"https:\/\/www.fcbarcelonanoticias.com\/en\/","name":"EN - FC Barcelona Noticias","description":"","potentialAction":[{"@type":"SearchAction","target":{"@type":"EntryPoint","urlTemplate":"https:\/\/www.fcbarcelonanoticias.com\/en\/?s={search_term_string}"},"query-input":{"@type":"PropertyValueSpecification","valueRequired":true,"valueName":"search_term_string"}}],"inLanguage":"en-US"},{"@type":"Person","@id":"https:\/\/www.fcbarcelonanoticias.com\/en\/#\/schema\/person\/af5ca539abaaa1bd2753d05ef7a706d0","name":"user_4034","image":{"@type":"ImageObject","inLanguage":"en-US","@id":"https:\/\/secure.gravatar.com\/avatar\/?s=96&d=mm&r=g","url":"https:\/\/secure.gravatar.com\/avatar\/?s=96&d=mm&r=g","contentUrl":"https:\/\/secure.gravatar.com\/avatar\/?s=96&d=mm&r=g","caption":"user_4034"},"url":"https:\/\/www.fcbarcelonanoticias.com\/en\/user_4034.html"}]}},"_links":{"self":[{"href":"https:\/\/www.fcbarcelonanoticias.com\/en\/wp-json\/wp\/v2\/posts\/142202","targetHints":{"allow":["GET"]}}],"collection":[{"href":"https:\/\/www.fcbarcelonanoticias.com\/en\/wp-json\/wp\/v2\/posts"}],"about":[{"href":"https:\/\/www.fcbarcelonanoticias.com\/en\/wp-json\/wp\/v2\/types\/post"}],"author":[{"embeddable":true,"href":"https:\/\/www.fcbarcelonanoticias.com\/en\/wp-json\/wp\/v2\/users\/378"}],"replies":[{"embeddable":true,"href":"https:\/\/www.fcbarcelonanoticias.com\/en\/wp-json\/wp\/v2\/comments?post=142202"}],"version-history":[{"count":1,"href":"https:\/\/www.fcbarcelonanoticias.com\/en\/wp-json\/wp\/v2\/posts\/142202\/revisions"}],"predecessor-version":[{"id":154906,"href":"https:\/\/www.fcbarcelonanoticias.com\/en\/wp-json\/wp\/v2\/posts\/142202\/revisions\/154906"}],"wp:featuredmedia":[{"embeddable":true,"href":"https:\/\/www.fcbarcelonanoticias.com\/en\/wp-json\/wp\/v2\/media\/142207"}],"wp:attachment":[{"href":"https:\/\/www.fcbarcelonanoticias.com\/en\/wp-json\/wp\/v2\/media?parent=142202"}],"wp:term":[{"taxonomy":"category","embeddable":true,"href":"https:\/\/www.fcbarcelonanoticias.com\/en\/wp-json\/wp\/v2\/categories?post=142202"},{"taxonomy":"post_tag","embeddable":true,"href":"https:\/\/www.fcbarcelonanoticias.com\/en\/wp-json\/wp\/v2\/tags?post=142202"}],"curies":[{"name":"wp","href":"https:\/\/api.w.org\/{rel}","templated":true}]}}