{"id":142203,"date":"2024-03-08T15:37:00","date_gmt":"2024-03-08T14:37:00","guid":{"rendered":"https:\/\/weisetech.dev\/fc-barcelona-noticias\/en\/the-reasons-that-forced-barca-to-get-rid-of-the-lethal-aubameyang_301517_102\/"},"modified":"2024-03-08T15:37:00","modified_gmt":"2024-03-08T14:37:00","slug":"the-reasons-that-forced-barca-to-get-rid-of-the-lethal-aubameyang_301517_102","status":"publish","type":"post","link":"https:\/\/www.fcbarcelonanoticias.com\/en\/transfers\/the-reasons-that-forced-barca-to-get-rid-of-the-lethal-aubameyang_301517_102.html","title":{"rendered":"The reasons that &#8216;forced&#8217; Bar\u00e7a to get rid of the lethal Aubameyang"},"content":{"rendered":"<h2 class=\"wp-block-heading\">As fate would have it, Aubameyang did not want Aubameyang to continue wearing Bar\u00e7a, but some internal factors at Bar\u00e7a also had a lot of influence that ended up putting the striker on the exit ramp in 2022<\/h2>  \r\n<div class=\"article-addons\">\r\n    <a href=\"https:\/\/www.fcbarcelonanoticias.com\/en\/calendar-fc-barcelona.html\"\r\n       target=\"_self\"\r\n       title=\"Calendar of FC Barcelona\"\r\n       class=\"blue-gredient-btn\">\r\n       \r\n        Calendar of FC Barcelona    <\/a>\r\n<\/div>   <p>21 goals and 8 assistances are the big numbers of Pierre-Emerick Aubameyang this season with the Marseilles, adding all the competitions. <strong>The forward has been exceptional to the French football -where formed &#8211; and this Thursday went back it to show it when leading <a data-external=\"0\" data-intl-links-en=\"https:\/\/www.fcbarcelonanoticias.com\/en\/europa-league\/aubameyang-sinks-to-the-villarreal-and-the-brighton-of-ansu-and-of-zerbi-falls-in-rome_301503_102.html\" data-intl-links-es=\"https:\/\/www.fcbarcelonanoticias.com\/europa-league\/aubameyang-hunde-villarreal-brighton-ansu-zerbi-se-cae-en-roma_301503_102.html\" href=\"https:\/\/www.fcbarcelonanoticias.com\/en\/europa-league\/aubameyang-sinks-to-the-villarreal-and-the-brighton-of-ansu-and-of-zerbi-falls-in-rome_301503_102.html\" rel=\"follow\" target=\"_self\" title=\"Aubameyang hunde al Villarreal y el Brighton de Ansu y De Zerbi se cae en Roma\">the goleada of the instrument Frenchman in front of the Villarreal<\/a> in the gone of the eighth of final of the Europe League.<\/strong><\/p>  <blockquote class=\"twitter-tweet\"> <p dir=\"ltr\" lang=\"es\">Golazo Of Aubameyang!<br> Seeing his unavoidable performance think that it could have been still in the Barcelona <a href=\"https:\/\/t.co\/en\/6V0Y9ioy5D\">pic.twitter.com\/6v0y9ioy5d<\/a><\/p> \u2014 Football by the veins (@futbolxvenas) <a href=\"https:\/\/twitter.com\/en\/futbolxvenas\/status\/1765849730314018923?ref_src=twsrc%5Etfw\">March 7, 2024<\/a> <\/blockquote> <p>With these figures and this performance, is normal that a lot of fans <a data-external=\"0\" data-intl-links-en=\"https:\/\/www.fcbarcelonanoticias.com\/en\/transfers\/the-greenwood-option-gains-momentum-at-fcbarcelona_301496_102.html\" data-intl-links-es=\"https:\/\/www.fcbarcelonanoticias.com\/fichajes\/opcion-greenwood-gana-enteros-en-el-fc-barcelona_301496_102.html\" href=\"https:\/\/www.fcbarcelonanoticias.com\/en\/transfers\/the-greenwood-option-gains-momentum-at-fcbarcelona_301496_102.html\" rel=\"follow\" target=\"_self\" title=\"La opci\u00f3n Greenwood gana enteros&nbsp;en&nbsp;el&nbsp;FC Barcelona\">of the FC Barcelona<\/a> him extra\u00f1en and even ask after what the team cul\u00e9 decided to leave him go only half season after his arrival and having showed besides in these months that could contribute really to the Barcelona project. <strong>And it is that there were several reasons by which the entity decided to leave him go out to Chelsea, ingresando little more than 10 million euros.<\/strong><\/p>  <h2>A summer that did not leave place for Aubameyang<\/h2>  <p>For this it is necessary to remember the summer of the 2022, in fact, the last day of that market. <strong>In this moment the sportive area, led by Mateu Alemany and Jordi Cruyff, tightened to force the exit of the attacker on economic grounds,<\/strong> although it could have followed helping ofensivamente to the team assuming the role of acting of Robert Lewandowski that arrived from the Bayern like the signing crashes of that market.<\/p>  <p>However, and being one of the factors that added to the exit of Auba, in that moment finish like second forward a Memphis Depay that finished leaving in January and playing very little between election of Xavi, injuries and the World-wide of Catar. Another problem, as it signals &#8216;Sport&#8217;, <strong>is that the Catalan club could not assume his index card and the one of Lewandowski in a same season and went the elected to recess limit salarial in a summer in which they invested almost 200 million euros.<\/strong><\/p>  <h2>An operation that helped to the Bar\u00e7a, but no entirely<\/h2>  <p>Aubameyang Had arrived to the Bar\u00e7a with the letter of pertinent freedom of the Arsenal. The rescission of his agreement, <strong>made possible that the French forward accepted to earn a very low index card during six months in an agreement of two years and half in which it went to recover quantities from the summer of the 2022.<\/strong> His ascending index card and the signing of Lewandowski finished doing very complicated his continuity.<\/p>  <p>In spite of having marked 13 goals in 23 parties, Aubameyang was put in the market to try square accounts and besides helped to the entity to close the arrival of Marcos Alonso, the one who that summer had to expect until last moment when having remained without place in the accounts cul\u00e9s. <strong>The side could arrive free like part of the negotiation with Chelsea, being a factor more so that the cul\u00e9s right now can not be enjoying of the goals of the gabon\u00e9s.<\/strong><\/p> ","protected":false},"excerpt":{"rendered":"<p>As fate would have it, Aubameyang did not want Aubameyang to continue wearing Bar\u00e7a, but some internal factors at Bar\u00e7a also had a lot of influence that ended up putting the striker on the exit ramp in 2022 21 goals and 8 assistances are the big numbers of Pierre-Emerick Aubameyang this season with the Marseilles, [&hellip;]<\/p>\n","protected":false},"author":345,"featured_media":142210,"comment_status":"closed","ping_status":"open","sticky":false,"template":"","format":"standard","meta":{"_acf_changed":false,"inline_featured_image":false,"_nextfly_llmd_date_locked":false,"footnotes":""},"categories":[449,106],"tags":[230,161,158,256,142],"class_list":["post-142203","post","type-post","status-publish","format-standard","has-post-thumbnail","hentry","category-transfers-2","category-transfers","tag-aubameyang","tag-chelsea","tag-joan-laporta","tag-marcos-alonso","tag-memphis-depay"],"acf":[],"yoast_head":"<!-- This site is optimized with the Yoast SEO plugin v27.3 - https:\/\/yoast.com\/product\/yoast-seo-wordpress\/ -->\n<title>The reasons that &#039;forced&#039; Bar\u00e7a to get rid of the lethal Aubameyang<\/title>\n<meta name=\"description\" content=\"As fate would have it, Aubameyang did not want Aubameyang to continue wearing Bar\u00e7a, but some internal factors at Bar\u00e7a also had a lot of influence that ended up putting the striker on the exit ramp in 2022\" \/>\n<meta name=\"robots\" content=\"index, follow, max-snippet:-1, max-image-preview:large, max-video-preview:-1\" \/>\n<link rel=\"canonical\" href=\"https:\/\/www.fcbarcelonanoticias.com\/en\/transfers\/the-reasons-that-forced-barca-to-get-rid-of-the-lethal-aubameyang_301517_102.html\" \/>\n<meta property=\"og:locale\" content=\"en_US\" \/>\n<meta property=\"og:type\" content=\"article\" \/>\n<meta property=\"og:title\" content=\"The reasons that &#039;forced&#039; Bar\u00e7a to get rid of the lethal Aubameyang\" \/>\n<meta property=\"og:description\" content=\"As fate would have it, Aubameyang did not want Aubameyang to continue wearing Bar\u00e7a, but some internal factors at Bar\u00e7a also had a lot of influence that ended up putting the striker on the exit ramp in 2022\" \/>\n<meta property=\"og:url\" content=\"https:\/\/www.fcbarcelonanoticias.com\/en\/transfers\/the-reasons-that-forced-barca-to-get-rid-of-the-lethal-aubameyang_301517_102.html\" \/>\n<meta property=\"og:site_name\" content=\"EN - FC Barcelona Noticias\" \/>\n<meta property=\"article:published_time\" content=\"2024-03-08T14:37:00+00:00\" \/>\n<meta property=\"og:image\" content=\"https:\/\/www.fcbarcelonanoticias.com\/en\/wp-content\/uploads\/sites\/2\/2024\/03\/aubameyang-con-la-camiseta-de-marsella.jpeg\" \/>\n\t<meta property=\"og:image:width\" content=\"1300\" \/>\n\t<meta property=\"og:image:height\" content=\"731\" \/>\n\t<meta property=\"og:image:type\" content=\"image\/jpeg\" \/>\n<meta name=\"author\" content=\"Carlos Montenegro\" \/>\n<meta name=\"twitter:card\" content=\"summary_large_image\" \/>\n<meta name=\"twitter:label1\" content=\"Written by\" \/>\n\t<meta name=\"twitter:data1\" content=\"Carlos Montenegro\" \/>\n\t<meta name=\"twitter:label2\" content=\"Est. reading time\" \/>\n\t<meta name=\"twitter:data2\" content=\"3 minutes\" \/>\n<script type=\"application\/ld+json\" class=\"yoast-schema-graph\">{\"@context\":\"https:\\\/\\\/schema.org\",\"@graph\":[{\"@type\":\"Article\",\"@id\":\"https:\\\/\\\/www.fcbarcelonanoticias.com\\\/en\\\/transfers\\\/the-reasons-that-forced-barca-to-get-rid-of-the-lethal-aubameyang_301517_102.html#article\",\"isPartOf\":{\"@id\":\"https:\\\/\\\/www.fcbarcelonanoticias.com\\\/en\\\/transfers\\\/the-reasons-that-forced-barca-to-get-rid-of-the-lethal-aubameyang_301517_102.html\"},\"author\":{\"name\":\"Carlos Montenegro\",\"@id\":\"https:\\\/\\\/www.fcbarcelonanoticias.com\\\/en\\\/#\\\/schema\\\/person\\\/aa1d038709c262cb247e240f6b39bbf5\"},\"headline\":\"The reasons that &#8216;forced&#8217; Bar\u00e7a to get rid of the lethal Aubameyang\",\"datePublished\":\"2024-03-08T14:37:00+00:00\",\"mainEntityOfPage\":{\"@id\":\"https:\\\/\\\/www.fcbarcelonanoticias.com\\\/en\\\/transfers\\\/the-reasons-that-forced-barca-to-get-rid-of-the-lethal-aubameyang_301517_102.html\"},\"wordCount\":566,\"image\":{\"@id\":\"https:\\\/\\\/www.fcbarcelonanoticias.com\\\/en\\\/transfers\\\/the-reasons-that-forced-barca-to-get-rid-of-the-lethal-aubameyang_301517_102.html#primaryimage\"},\"thumbnailUrl\":\"https:\\\/\\\/www.fcbarcelonanoticias.com\\\/en\\\/wp-content\\\/uploads\\\/sites\\\/2\\\/2024\\\/03\\\/aubameyang-con-la-camiseta-de-marsella.jpeg\",\"keywords\":[\"Aubameyang\",\"Chelsea\",\"Joan Laporta\",\"Marcos Alonso\",\"Memphis Depay\"],\"articleSection\":[\"Transfers\",\"Transfers\"],\"inLanguage\":\"en-US\"},{\"@type\":\"WebPage\",\"@id\":\"https:\\\/\\\/www.fcbarcelonanoticias.com\\\/en\\\/transfers\\\/the-reasons-that-forced-barca-to-get-rid-of-the-lethal-aubameyang_301517_102.html\",\"url\":\"https:\\\/\\\/www.fcbarcelonanoticias.com\\\/en\\\/transfers\\\/the-reasons-that-forced-barca-to-get-rid-of-the-lethal-aubameyang_301517_102.html\",\"name\":\"The reasons that 'forced' Bar\u00e7a to get rid of the lethal Aubameyang\",\"isPartOf\":{\"@id\":\"https:\\\/\\\/www.fcbarcelonanoticias.com\\\/en\\\/#website\"},\"primaryImageOfPage\":{\"@id\":\"https:\\\/\\\/www.fcbarcelonanoticias.com\\\/en\\\/transfers\\\/the-reasons-that-forced-barca-to-get-rid-of-the-lethal-aubameyang_301517_102.html#primaryimage\"},\"image\":{\"@id\":\"https:\\\/\\\/www.fcbarcelonanoticias.com\\\/en\\\/transfers\\\/the-reasons-that-forced-barca-to-get-rid-of-the-lethal-aubameyang_301517_102.html#primaryimage\"},\"thumbnailUrl\":\"https:\\\/\\\/www.fcbarcelonanoticias.com\\\/en\\\/wp-content\\\/uploads\\\/sites\\\/2\\\/2024\\\/03\\\/aubameyang-con-la-camiseta-de-marsella.jpeg\",\"datePublished\":\"2024-03-08T14:37:00+00:00\",\"author\":{\"@id\":\"https:\\\/\\\/www.fcbarcelonanoticias.com\\\/en\\\/#\\\/schema\\\/person\\\/aa1d038709c262cb247e240f6b39bbf5\"},\"description\":\"As fate would have it, Aubameyang did not want Aubameyang to continue wearing Bar\u00e7a, but some internal factors at Bar\u00e7a also had a lot of influence that ended up putting the striker on the exit ramp in 2022\",\"breadcrumb\":{\"@id\":\"https:\\\/\\\/www.fcbarcelonanoticias.com\\\/en\\\/transfers\\\/the-reasons-that-forced-barca-to-get-rid-of-the-lethal-aubameyang_301517_102.html#breadcrumb\"},\"inLanguage\":\"en-US\",\"potentialAction\":[{\"@type\":\"ReadAction\",\"target\":[\"https:\\\/\\\/www.fcbarcelonanoticias.com\\\/en\\\/transfers\\\/the-reasons-that-forced-barca-to-get-rid-of-the-lethal-aubameyang_301517_102.html\"]}]},{\"@type\":\"ImageObject\",\"inLanguage\":\"en-US\",\"@id\":\"https:\\\/\\\/www.fcbarcelonanoticias.com\\\/en\\\/transfers\\\/the-reasons-that-forced-barca-to-get-rid-of-the-lethal-aubameyang_301517_102.html#primaryimage\",\"url\":\"https:\\\/\\\/www.fcbarcelonanoticias.com\\\/en\\\/wp-content\\\/uploads\\\/sites\\\/2\\\/2024\\\/03\\\/aubameyang-con-la-camiseta-de-marsella.jpeg\",\"contentUrl\":\"https:\\\/\\\/www.fcbarcelonanoticias.com\\\/en\\\/wp-content\\\/uploads\\\/sites\\\/2\\\/2024\\\/03\\\/aubameyang-con-la-camiseta-de-marsella.jpeg\",\"width\":1300,\"height\":731},{\"@type\":\"BreadcrumbList\",\"@id\":\"https:\\\/\\\/www.fcbarcelonanoticias.com\\\/en\\\/transfers\\\/the-reasons-that-forced-barca-to-get-rid-of-the-lethal-aubameyang_301517_102.html#breadcrumb\",\"itemListElement\":[{\"@type\":\"ListItem\",\"position\":1,\"name\":\"Portada\",\"item\":\"https:\\\/\\\/www.fcbarcelonanoticias.com\\\/en\\\/\"},{\"@type\":\"ListItem\",\"position\":2,\"name\":\"The reasons that &#8216;forced&#8217; Bar\u00e7a to get rid of the lethal Aubameyang\"}]},{\"@type\":\"WebSite\",\"@id\":\"https:\\\/\\\/www.fcbarcelonanoticias.com\\\/en\\\/#website\",\"url\":\"https:\\\/\\\/www.fcbarcelonanoticias.com\\\/en\\\/\",\"name\":\"EN - FC Barcelona Noticias\",\"description\":\"\",\"potentialAction\":[{\"@type\":\"SearchAction\",\"target\":{\"@type\":\"EntryPoint\",\"urlTemplate\":\"https:\\\/\\\/www.fcbarcelonanoticias.com\\\/en\\\/?s={search_term_string}\"},\"query-input\":{\"@type\":\"PropertyValueSpecification\",\"valueRequired\":true,\"valueName\":\"search_term_string\"}}],\"inLanguage\":\"en-US\"},{\"@type\":\"Person\",\"@id\":\"https:\\\/\\\/www.fcbarcelonanoticias.com\\\/en\\\/#\\\/schema\\\/person\\\/aa1d038709c262cb247e240f6b39bbf5\",\"name\":\"Carlos Montenegro\",\"image\":{\"@type\":\"ImageObject\",\"inLanguage\":\"en-US\",\"@id\":\"https:\\\/\\\/secure.gravatar.com\\\/avatar\\\/?s=96&d=mm&r=g\",\"url\":\"https:\\\/\\\/secure.gravatar.com\\\/avatar\\\/?s=96&d=mm&r=g\",\"contentUrl\":\"https:\\\/\\\/secure.gravatar.com\\\/avatar\\\/?s=96&d=mm&r=g\",\"caption\":\"Carlos Montenegro\"},\"url\":\"https:\\\/\\\/www.fcbarcelonanoticias.com\\\/en\\\/carlos-montenegro_20_115.html\"}]}<\/script>\n<!-- \/ Yoast SEO plugin. -->","yoast_head_json":{"title":"The reasons that 'forced' Bar\u00e7a to get rid of the lethal Aubameyang","description":"As fate would have it, Aubameyang did not want Aubameyang to continue wearing Bar\u00e7a, but some internal factors at Bar\u00e7a also had a lot of influence that ended up putting the striker on the exit ramp in 2022","robots":{"index":"index","follow":"follow","max-snippet":"max-snippet:-1","max-image-preview":"max-image-preview:large","max-video-preview":"max-video-preview:-1"},"canonical":"https:\/\/www.fcbarcelonanoticias.com\/en\/transfers\/the-reasons-that-forced-barca-to-get-rid-of-the-lethal-aubameyang_301517_102.html","og_locale":"en_US","og_type":"article","og_title":"The reasons that 'forced' Bar\u00e7a to get rid of the lethal Aubameyang","og_description":"As fate would have it, Aubameyang did not want Aubameyang to continue wearing Bar\u00e7a, but some internal factors at Bar\u00e7a also had a lot of influence that ended up putting the striker on the exit ramp in 2022","og_url":"https:\/\/www.fcbarcelonanoticias.com\/en\/transfers\/the-reasons-that-forced-barca-to-get-rid-of-the-lethal-aubameyang_301517_102.html","og_site_name":"EN - FC Barcelona Noticias","article_published_time":"2024-03-08T14:37:00+00:00","og_image":[{"width":1300,"height":731,"url":"https:\/\/www.fcbarcelonanoticias.com\/en\/wp-content\/uploads\/sites\/2\/2024\/03\/aubameyang-con-la-camiseta-de-marsella.jpeg","type":"image\/jpeg"}],"author":"Carlos Montenegro","twitter_card":"summary_large_image","twitter_misc":{"Written by":"Carlos Montenegro","Est. reading time":"3 minutes"},"schema":{"@context":"https:\/\/schema.org","@graph":[{"@type":"Article","@id":"https:\/\/www.fcbarcelonanoticias.com\/en\/transfers\/the-reasons-that-forced-barca-to-get-rid-of-the-lethal-aubameyang_301517_102.html#article","isPartOf":{"@id":"https:\/\/www.fcbarcelonanoticias.com\/en\/transfers\/the-reasons-that-forced-barca-to-get-rid-of-the-lethal-aubameyang_301517_102.html"},"author":{"name":"Carlos Montenegro","@id":"https:\/\/www.fcbarcelonanoticias.com\/en\/#\/schema\/person\/aa1d038709c262cb247e240f6b39bbf5"},"headline":"The reasons that &#8216;forced&#8217; Bar\u00e7a to get rid of the lethal Aubameyang","datePublished":"2024-03-08T14:37:00+00:00","mainEntityOfPage":{"@id":"https:\/\/www.fcbarcelonanoticias.com\/en\/transfers\/the-reasons-that-forced-barca-to-get-rid-of-the-lethal-aubameyang_301517_102.html"},"wordCount":566,"image":{"@id":"https:\/\/www.fcbarcelonanoticias.com\/en\/transfers\/the-reasons-that-forced-barca-to-get-rid-of-the-lethal-aubameyang_301517_102.html#primaryimage"},"thumbnailUrl":"https:\/\/www.fcbarcelonanoticias.com\/en\/wp-content\/uploads\/sites\/2\/2024\/03\/aubameyang-con-la-camiseta-de-marsella.jpeg","keywords":["Aubameyang","Chelsea","Joan Laporta","Marcos Alonso","Memphis Depay"],"articleSection":["Transfers","Transfers"],"inLanguage":"en-US"},{"@type":"WebPage","@id":"https:\/\/www.fcbarcelonanoticias.com\/en\/transfers\/the-reasons-that-forced-barca-to-get-rid-of-the-lethal-aubameyang_301517_102.html","url":"https:\/\/www.fcbarcelonanoticias.com\/en\/transfers\/the-reasons-that-forced-barca-to-get-rid-of-the-lethal-aubameyang_301517_102.html","name":"The reasons that 'forced' Bar\u00e7a to get rid of the lethal Aubameyang","isPartOf":{"@id":"https:\/\/www.fcbarcelonanoticias.com\/en\/#website"},"primaryImageOfPage":{"@id":"https:\/\/www.fcbarcelonanoticias.com\/en\/transfers\/the-reasons-that-forced-barca-to-get-rid-of-the-lethal-aubameyang_301517_102.html#primaryimage"},"image":{"@id":"https:\/\/www.fcbarcelonanoticias.com\/en\/transfers\/the-reasons-that-forced-barca-to-get-rid-of-the-lethal-aubameyang_301517_102.html#primaryimage"},"thumbnailUrl":"https:\/\/www.fcbarcelonanoticias.com\/en\/wp-content\/uploads\/sites\/2\/2024\/03\/aubameyang-con-la-camiseta-de-marsella.jpeg","datePublished":"2024-03-08T14:37:00+00:00","author":{"@id":"https:\/\/www.fcbarcelonanoticias.com\/en\/#\/schema\/person\/aa1d038709c262cb247e240f6b39bbf5"},"description":"As fate would have it, Aubameyang did not want Aubameyang to continue wearing Bar\u00e7a, but some internal factors at Bar\u00e7a also had a lot of influence that ended up putting the striker on the exit ramp in 2022","breadcrumb":{"@id":"https:\/\/www.fcbarcelonanoticias.com\/en\/transfers\/the-reasons-that-forced-barca-to-get-rid-of-the-lethal-aubameyang_301517_102.html#breadcrumb"},"inLanguage":"en-US","potentialAction":[{"@type":"ReadAction","target":["https:\/\/www.fcbarcelonanoticias.com\/en\/transfers\/the-reasons-that-forced-barca-to-get-rid-of-the-lethal-aubameyang_301517_102.html"]}]},{"@type":"ImageObject","inLanguage":"en-US","@id":"https:\/\/www.fcbarcelonanoticias.com\/en\/transfers\/the-reasons-that-forced-barca-to-get-rid-of-the-lethal-aubameyang_301517_102.html#primaryimage","url":"https:\/\/www.fcbarcelonanoticias.com\/en\/wp-content\/uploads\/sites\/2\/2024\/03\/aubameyang-con-la-camiseta-de-marsella.jpeg","contentUrl":"https:\/\/www.fcbarcelonanoticias.com\/en\/wp-content\/uploads\/sites\/2\/2024\/03\/aubameyang-con-la-camiseta-de-marsella.jpeg","width":1300,"height":731},{"@type":"BreadcrumbList","@id":"https:\/\/www.fcbarcelonanoticias.com\/en\/transfers\/the-reasons-that-forced-barca-to-get-rid-of-the-lethal-aubameyang_301517_102.html#breadcrumb","itemListElement":[{"@type":"ListItem","position":1,"name":"Portada","item":"https:\/\/www.fcbarcelonanoticias.com\/en\/"},{"@type":"ListItem","position":2,"name":"The reasons that &#8216;forced&#8217; Bar\u00e7a to get rid of the lethal Aubameyang"}]},{"@type":"WebSite","@id":"https:\/\/www.fcbarcelonanoticias.com\/en\/#website","url":"https:\/\/www.fcbarcelonanoticias.com\/en\/","name":"EN - FC Barcelona Noticias","description":"","potentialAction":[{"@type":"SearchAction","target":{"@type":"EntryPoint","urlTemplate":"https:\/\/www.fcbarcelonanoticias.com\/en\/?s={search_term_string}"},"query-input":{"@type":"PropertyValueSpecification","valueRequired":true,"valueName":"search_term_string"}}],"inLanguage":"en-US"},{"@type":"Person","@id":"https:\/\/www.fcbarcelonanoticias.com\/en\/#\/schema\/person\/aa1d038709c262cb247e240f6b39bbf5","name":"Carlos Montenegro","image":{"@type":"ImageObject","inLanguage":"en-US","@id":"https:\/\/secure.gravatar.com\/avatar\/?s=96&d=mm&r=g","url":"https:\/\/secure.gravatar.com\/avatar\/?s=96&d=mm&r=g","contentUrl":"https:\/\/secure.gravatar.com\/avatar\/?s=96&d=mm&r=g","caption":"Carlos Montenegro"},"url":"https:\/\/www.fcbarcelonanoticias.com\/en\/carlos-montenegro_20_115.html"}]}},"_links":{"self":[{"href":"https:\/\/www.fcbarcelonanoticias.com\/en\/wp-json\/wp\/v2\/posts\/142203","targetHints":{"allow":["GET"]}}],"collection":[{"href":"https:\/\/www.fcbarcelonanoticias.com\/en\/wp-json\/wp\/v2\/posts"}],"about":[{"href":"https:\/\/www.fcbarcelonanoticias.com\/en\/wp-json\/wp\/v2\/types\/post"}],"author":[{"embeddable":true,"href":"https:\/\/www.fcbarcelonanoticias.com\/en\/wp-json\/wp\/v2\/users\/345"}],"replies":[{"embeddable":true,"href":"https:\/\/www.fcbarcelonanoticias.com\/en\/wp-json\/wp\/v2\/comments?post=142203"}],"version-history":[{"count":1,"href":"https:\/\/www.fcbarcelonanoticias.com\/en\/wp-json\/wp\/v2\/posts\/142203\/revisions"}],"predecessor-version":[{"id":154432,"href":"https:\/\/www.fcbarcelonanoticias.com\/en\/wp-json\/wp\/v2\/posts\/142203\/revisions\/154432"}],"wp:featuredmedia":[{"embeddable":true,"href":"https:\/\/www.fcbarcelonanoticias.com\/en\/wp-json\/wp\/v2\/media\/142210"}],"wp:attachment":[{"href":"https:\/\/www.fcbarcelonanoticias.com\/en\/wp-json\/wp\/v2\/media?parent=142203"}],"wp:term":[{"taxonomy":"category","embeddable":true,"href":"https:\/\/www.fcbarcelonanoticias.com\/en\/wp-json\/wp\/v2\/categories?post=142203"},{"taxonomy":"post_tag","embeddable":true,"href":"https:\/\/www.fcbarcelonanoticias.com\/en\/wp-json\/wp\/v2\/tags?post=142203"}],"curies":[{"name":"wp","href":"https:\/\/api.w.org\/{rel}","templated":true}]}}