{"id":142225,"date":"2023-01-17T23:17:00","date_gmt":"2023-01-17T22:17:00","guid":{"rendered":"https:\/\/weisetech.dev\/fc-barcelona-noticias\/en\/the-inter-does-not-want-only-to-kessie-to-leave-that-brozovic-play-in-the-barca_288728_102\/"},"modified":"2023-01-18T09:40:00","modified_gmt":"2023-01-18T08:40:00","slug":"the-inter-does-not-want-only-to-kessie-to-leave-that-brozovic-play-in-the-barca_288728_102","status":"publish","type":"post","link":"https:\/\/www.fcbarcelonanoticias.com\/en\/transfers\/the-inter-does-not-want-only-to-kessie-to-leave-that-brozovic-play-in-the-barca_288728_102.html","title":{"rendered":"Inter doesn&#8217;t want only Kessi\u00e9 to let Brozovic play for Bar\u00e7a"},"content":{"rendered":"<h2 class=\"wp-block-heading\">The possible exchange between FC Barcelona and Inter Milan to send Franck Kessi\u00e9 for Marcelo Brozovic seems very far from materializing in January. According to the newspaper &#8216;La Repubblica&#8217;, the &#8216;Nerazzurri&#8217; would ask for an extra amount for the Croatian<\/h2>  \r\n<div class=\"article-addons\">\r\n    <a href=\"https:\/\/www.fcbarcelonanoticias.com\/en\/calendar-fc-barcelona.html\"\r\n       target=\"_self\"\r\n       title=\"Calendar of FC Barcelona\"\r\n       class=\"blue-gredient-btn\">\r\n       \r\n        Calendar of FC Barcelona    <\/a>\r\n<\/div>   <p>Further of the sportive, the possible barter Kessi\u00e9-Brozovic between the FC Barcelona and the Inter of Milan happens, fundamentally, by the financial. According to the Italian newspaper &#8216;The Repubblica&#8217;, <strong>the &#8216;nerazzurri&#8217; ponderan positively the negotiation, as long as the <a data-external=\"0\" data-intl-links-en=\"https:\/\/www.fcbarcelonanoticias.com\/en\/transfers\/of-turn-to-scene-gundogan-would-keep-on-being-an-option-nbsp-for-nbsp-the-nbsp-barca_288722_102.html\" data-intl-links-es=\"https:\/\/www.fcbarcelonanoticias.com\/fichajes\/de-vuelta-escena-gundogan-seguiria-siendo-opcion-para-el-barcelona_288722_102.html\" href=\"https:\/\/www.fcbarcelonanoticias.com\/en\/transfers\/of-turn-to-scene-gundogan-would-keep-on-being-an-option-nbsp-for-nbsp-the-nbsp-barca_288722_102.html\" rel=\"follow\" target=\"_self\" title=\"\u00bfDe vuelta a escena? G\u00fcndogan seguir\u00eda siendo una opci\u00f3n&nbsp;para&nbsp;el&nbsp;Bar\u00e7a\">Bar\u00e7a<\/a> credit a mount extra by the Croat<\/strong> or, in his defect, include to another player in the operation, something that would go against the interests cul\u00e9s.<\/p>  <p><strong>With agreement until 2026 and identical value of market in Transfermarkt, the Bar\u00e7a bets by an exchange of &#8216;chromiums&#8217;<\/strong>, whereas the managerial interista considers that the value of his defender is higher that the one of the marfile\u00f1o, still when Marcelo (30) is four greater years that Franck (26). The true is that, <strong>in the case of the mediocentro, his plans aim to <a data-external=\"0\" data-intl-links-en=\"https:\/\/www.fcbarcelonanoticias.com\/en\/transfers\/no-of-kessie-franck-does-not-have-any-intention-to-leave-the-barca_288718_102.html\" data-intl-links-es=\"https:\/\/www.fcbarcelonanoticias.com\/fichajes\/no-kessie-franck-no-tiene-ninguna-intencion-dejar-barcelona_288718_102.html\" href=\"https:\/\/www.fcbarcelonanoticias.com\/en\/transfers\/no-of-kessie-franck-does-not-have-any-intention-to-leave-the-barca_288718_102.html\" no=\"\" rel=\"follow\" target=\"_self\" title=\"\u00a1\">remain in Catalonia<\/a><\/strong> at least, until the summer, since it trusts to triumph under the orders of Xavi Hern\u00e1ndez.<\/p>  <p>Of the same way, the egarense is happy with Kessi\u00e9 in the staff, although no opondr\u00eda to the arrival of a Brozovic that would contribute much more in defence because of his characteristics. <strong>With problems in his calf, the Croat does not play from the World-wide and grieve sum 621 minutes of action in 10 apparitions of the Series To<\/strong>, a key factor to determine in which conditions would arrive to the Spotify Camp Nou if the barter closed this month.<\/p>  <p>By his part, <strong>Franck himself has seen action with the ones of Xavi this year<\/strong>. The one of Ouragahio was month and half went by an injury in the biceps femoral of the left thigh, but <strong>reappeared in the party in front of the Intercity of Glass of Rey<\/strong>, contesting the 120 minutes in Alicante. Also it played half hour in the triumph by League in front of the Athletic and almost all the extention of semis in the Supercopa in front of the Betis, giving him a &#8216;plus&#8217; on the Croat regarding the physical in this moment.<\/p>  <h3>The negotiations could prosper in summer<\/h3>  <p>Although the barter luce very complicated to close this month, in summer the history could restart with a much more simple and satisfactory denouement for both clubs. <strong>A lot it will have to see the level of leadership of the players in the second half of season<\/strong>, where the demanding <a data-external=\"0\" data-intl-links-en=\"https:\/\/www.fcbarcelonanoticias.com\/en\/fc-barcelona\/the-hard-calendar-of-barca-and-madrid-after-the-supercopa_288610_102.html\" data-intl-links-es=\"https:\/\/www.fcbarcelonanoticias.com\/fc-barcelona\/duro-calendario-barcelona-madrid-despues-supercopa_288610_102.html\" href=\"https:\/\/www.fcbarcelonanoticias.com\/en\/fc-barcelona\/the-hard-calendar-of-barca-and-madrid-after-the-supercopa_288610_102.html\" rel=\"follow\" target=\"_self\" title=\"El duro calendario de Bar\u00e7a y Madrid despu\u00e9s de la Supercopa\">calendar<\/a> of cul\u00e9s and &#8216;nerazzurris&#8217;, definitely, will force to Xavi and Simone Inzaghi to bet by both while they are well physically.<\/p>  <p>For now, <strong>so much Bar\u00e7a like Inter keep the hermetismo on the operation<\/strong> and, in the case of the group blaugrana, fichar a forward and resolve the exit of Memphis Depay luce like a much more urgent subject. In the meantime, <strong><a data-external=\"0\" data-intl-links-en=\"https:\/\/www.fcbarcelonanoticias.com\/en\/transfers\/the-inter-denies-that-it-was-working-in-some-exchange-of-players-nbsp-with-nbsp-the-nbsp-barca_288724_102.html\" data-intl-links-es=\"https:\/\/www.fcbarcelonanoticias.com\/fichajes\/inter-niega-este-trabajando-en-algun-intercambio-jugadores-con-el-barcelona_288724_102.html\" href=\"https:\/\/www.fcbarcelonanoticias.com\/en\/transfers\/the-inter-denies-that-it-was-working-in-some-exchange-of-players-nbsp-with-nbsp-the-nbsp-barca_288724_102.html\" rel=\"follow\" target=\"_self\" title=\"El Inter niega que est\u00e9 trabajando en alg\u00fan intercambio de jugadores&nbsp;con&nbsp;el&nbsp;Bar\u00e7a\">in Milan deny<\/a> any operation in course<\/strong> that involve to Brozovic and Kessi\u00e9, faithful to the habit to handle these operations with the greater possible discretion.<\/p> ","protected":false},"excerpt":{"rendered":"<p>The possible exchange between FC Barcelona and Inter Milan to send Franck Kessi\u00e9 for Marcelo Brozovic seems very far from materializing in January. According to the newspaper &#8216;La Repubblica&#8217;, the &#8216;Nerazzurri&#8217; would ask for an extra amount for the Croatian Further of the sportive, the possible barter Kessi\u00e9-Brozovic between the FC Barcelona and the Inter [&hellip;]<\/p>\n","protected":false},"author":347,"featured_media":142227,"comment_status":"closed","ping_status":"open","sticky":false,"template":"","format":"standard","meta":{"_acf_changed":false,"inline_featured_image":false,"_nextfly_llmd_date_locked":false,"footnotes":""},"categories":[449,106],"tags":[305,100],"class_list":["post-142225","post","type-post","status-publish","format-standard","has-post-thumbnail","hentry","category-transfers-2","category-transfers","tag-frank-kessie","tag-inter-milan"],"acf":[],"yoast_head":"<!-- This site is optimized with the Yoast SEO plugin v27.3 - https:\/\/yoast.com\/product\/yoast-seo-wordpress\/ -->\n<title>The Inter does not want only to Kessi\u00e9 to leave that Brozovic play in the Bar\u00e7a<\/title>\n<meta name=\"description\" content=\"The possible barter between the FC Barcelona and the Inter of Milan to send to Franck Kessi\u00e9 by Marcelo Brozovic seems very far to concretise in January. As it advances the newspaper &#039;The Repubblica&#039;, the &#039;nerazzurri&#039; would ask a mount extra by the Croat\" \/>\n<meta name=\"robots\" content=\"index, follow, max-snippet:-1, max-image-preview:large, max-video-preview:-1\" \/>\n<link rel=\"canonical\" href=\"https:\/\/www.fcbarcelonanoticias.com\/en\/transfers\/the-inter-does-not-want-only-to-kessie-to-leave-that-brozovic-play-in-the-barca_288728_102.html\" \/>\n<meta property=\"og:locale\" content=\"en_US\" \/>\n<meta property=\"og:type\" content=\"article\" \/>\n<meta property=\"og:title\" content=\"The Inter does not want only to Kessi\u00e9 to leave that Brozovic play in the Bar\u00e7a\" \/>\n<meta property=\"og:description\" content=\"The possible barter between the FC Barcelona and the Inter of Milan to send to Franck Kessi\u00e9 by Marcelo Brozovic seems very far to concretise in January. As it advances the newspaper &#039;The Repubblica&#039;, the &#039;nerazzurri&#039; would ask a mount extra by the Croat\" \/>\n<meta property=\"og:url\" content=\"https:\/\/www.fcbarcelonanoticias.com\/en\/transfers\/the-inter-does-not-want-only-to-kessie-to-leave-that-brozovic-play-in-the-barca_288728_102.html\" \/>\n<meta property=\"og:site_name\" content=\"EN - FC Barcelona Noticias\" \/>\n<meta property=\"article:published_time\" content=\"2023-01-17T22:17:00+00:00\" \/>\n<meta property=\"article:modified_time\" content=\"2023-01-18T08:40:00+00:00\" \/>\n<meta property=\"og:image\" content=\"https:\/\/www.fcbarcelonanoticias.com\/en\/wp-content\/uploads\/sites\/2\/2023\/01\/marcelo-brozovic-inter-milan.jpeg\" \/>\n\t<meta property=\"og:image:width\" content=\"1300\" \/>\n\t<meta property=\"og:image:height\" content=\"732\" \/>\n\t<meta property=\"og:image:type\" content=\"image\/jpeg\" \/>\n<meta name=\"author\" content=\"Andr\u00e9s Quiroz\" \/>\n<meta name=\"twitter:card\" content=\"summary_large_image\" \/>\n<meta name=\"twitter:label1\" content=\"Written by\" \/>\n\t<meta name=\"twitter:data1\" content=\"Andr\u00e9s Quiroz\" \/>\n\t<meta name=\"twitter:label2\" content=\"Est. reading time\" \/>\n\t<meta name=\"twitter:data2\" content=\"3 minutes\" \/>\n<script type=\"application\/ld+json\" class=\"yoast-schema-graph\">{\"@context\":\"https:\\\/\\\/schema.org\",\"@graph\":[{\"@type\":\"Article\",\"@id\":\"https:\\\/\\\/www.fcbarcelonanoticias.com\\\/en\\\/transfers\\\/the-inter-does-not-want-only-to-kessie-to-leave-that-brozovic-play-in-the-barca_288728_102.html#article\",\"isPartOf\":{\"@id\":\"https:\\\/\\\/www.fcbarcelonanoticias.com\\\/en\\\/transfers\\\/the-inter-does-not-want-only-to-kessie-to-leave-that-brozovic-play-in-the-barca_288728_102.html\"},\"author\":{\"name\":\"Andr\u00e9s Quiroz\",\"@id\":\"https:\\\/\\\/www.fcbarcelonanoticias.com\\\/en\\\/#\\\/schema\\\/person\\\/c2cd9f6fa1af5c0d0eccd0fefa575c88\"},\"headline\":\"Inter doesn&#8217;t want only Kessi\u00e9 to let Brozovic play for Bar\u00e7a\",\"datePublished\":\"2023-01-17T22:17:00+00:00\",\"dateModified\":\"2023-01-18T08:40:00+00:00\",\"mainEntityOfPage\":{\"@id\":\"https:\\\/\\\/www.fcbarcelonanoticias.com\\\/en\\\/transfers\\\/the-inter-does-not-want-only-to-kessie-to-leave-that-brozovic-play-in-the-barca_288728_102.html\"},\"wordCount\":528,\"image\":{\"@id\":\"https:\\\/\\\/www.fcbarcelonanoticias.com\\\/en\\\/transfers\\\/the-inter-does-not-want-only-to-kessie-to-leave-that-brozovic-play-in-the-barca_288728_102.html#primaryimage\"},\"thumbnailUrl\":\"https:\\\/\\\/www.fcbarcelonanoticias.com\\\/en\\\/wp-content\\\/uploads\\\/sites\\\/2\\\/2023\\\/01\\\/marcelo-brozovic-inter-milan.jpeg\",\"keywords\":[\"Frank Kessi\u00e9\",\"Inter Milan\"],\"articleSection\":[\"Transfers\",\"Transfers\"],\"inLanguage\":\"en-US\"},{\"@type\":\"WebPage\",\"@id\":\"https:\\\/\\\/www.fcbarcelonanoticias.com\\\/en\\\/transfers\\\/the-inter-does-not-want-only-to-kessie-to-leave-that-brozovic-play-in-the-barca_288728_102.html\",\"url\":\"https:\\\/\\\/www.fcbarcelonanoticias.com\\\/en\\\/transfers\\\/the-inter-does-not-want-only-to-kessie-to-leave-that-brozovic-play-in-the-barca_288728_102.html\",\"name\":\"The Inter does not want only to Kessi\u00e9 to leave that Brozovic play in the Bar\u00e7a\",\"isPartOf\":{\"@id\":\"https:\\\/\\\/www.fcbarcelonanoticias.com\\\/en\\\/#website\"},\"primaryImageOfPage\":{\"@id\":\"https:\\\/\\\/www.fcbarcelonanoticias.com\\\/en\\\/transfers\\\/the-inter-does-not-want-only-to-kessie-to-leave-that-brozovic-play-in-the-barca_288728_102.html#primaryimage\"},\"image\":{\"@id\":\"https:\\\/\\\/www.fcbarcelonanoticias.com\\\/en\\\/transfers\\\/the-inter-does-not-want-only-to-kessie-to-leave-that-brozovic-play-in-the-barca_288728_102.html#primaryimage\"},\"thumbnailUrl\":\"https:\\\/\\\/www.fcbarcelonanoticias.com\\\/en\\\/wp-content\\\/uploads\\\/sites\\\/2\\\/2023\\\/01\\\/marcelo-brozovic-inter-milan.jpeg\",\"datePublished\":\"2023-01-17T22:17:00+00:00\",\"dateModified\":\"2023-01-18T08:40:00+00:00\",\"author\":{\"@id\":\"https:\\\/\\\/www.fcbarcelonanoticias.com\\\/en\\\/#\\\/schema\\\/person\\\/c2cd9f6fa1af5c0d0eccd0fefa575c88\"},\"description\":\"The possible barter between the FC Barcelona and the Inter of Milan to send to Franck Kessi\u00e9 by Marcelo Brozovic seems very far to concretise in January. As it advances the newspaper 'The Repubblica', the 'nerazzurri' would ask a mount extra by the Croat\",\"breadcrumb\":{\"@id\":\"https:\\\/\\\/www.fcbarcelonanoticias.com\\\/en\\\/transfers\\\/the-inter-does-not-want-only-to-kessie-to-leave-that-brozovic-play-in-the-barca_288728_102.html#breadcrumb\"},\"inLanguage\":\"en-US\",\"potentialAction\":[{\"@type\":\"ReadAction\",\"target\":[\"https:\\\/\\\/www.fcbarcelonanoticias.com\\\/en\\\/transfers\\\/the-inter-does-not-want-only-to-kessie-to-leave-that-brozovic-play-in-the-barca_288728_102.html\"]}]},{\"@type\":\"ImageObject\",\"inLanguage\":\"en-US\",\"@id\":\"https:\\\/\\\/www.fcbarcelonanoticias.com\\\/en\\\/transfers\\\/the-inter-does-not-want-only-to-kessie-to-leave-that-brozovic-play-in-the-barca_288728_102.html#primaryimage\",\"url\":\"https:\\\/\\\/www.fcbarcelonanoticias.com\\\/en\\\/wp-content\\\/uploads\\\/sites\\\/2\\\/2023\\\/01\\\/marcelo-brozovic-inter-milan.jpeg\",\"contentUrl\":\"https:\\\/\\\/www.fcbarcelonanoticias.com\\\/en\\\/wp-content\\\/uploads\\\/sites\\\/2\\\/2023\\\/01\\\/marcelo-brozovic-inter-milan.jpeg\",\"width\":1300,\"height\":732},{\"@type\":\"BreadcrumbList\",\"@id\":\"https:\\\/\\\/www.fcbarcelonanoticias.com\\\/en\\\/transfers\\\/the-inter-does-not-want-only-to-kessie-to-leave-that-brozovic-play-in-the-barca_288728_102.html#breadcrumb\",\"itemListElement\":[{\"@type\":\"ListItem\",\"position\":1,\"name\":\"Portada\",\"item\":\"https:\\\/\\\/www.fcbarcelonanoticias.com\\\/en\\\/\"},{\"@type\":\"ListItem\",\"position\":2,\"name\":\"Inter doesn&#8217;t want only Kessi\u00e9 to let Brozovic play for Bar\u00e7a\"}]},{\"@type\":\"WebSite\",\"@id\":\"https:\\\/\\\/www.fcbarcelonanoticias.com\\\/en\\\/#website\",\"url\":\"https:\\\/\\\/www.fcbarcelonanoticias.com\\\/en\\\/\",\"name\":\"EN - FC Barcelona Noticias\",\"description\":\"\",\"potentialAction\":[{\"@type\":\"SearchAction\",\"target\":{\"@type\":\"EntryPoint\",\"urlTemplate\":\"https:\\\/\\\/www.fcbarcelonanoticias.com\\\/en\\\/?s={search_term_string}\"},\"query-input\":{\"@type\":\"PropertyValueSpecification\",\"valueRequired\":true,\"valueName\":\"search_term_string\"}}],\"inLanguage\":\"en-US\"},{\"@type\":\"Person\",\"@id\":\"https:\\\/\\\/www.fcbarcelonanoticias.com\\\/en\\\/#\\\/schema\\\/person\\\/c2cd9f6fa1af5c0d0eccd0fefa575c88\",\"name\":\"Andr\u00e9s Quiroz\",\"image\":{\"@type\":\"ImageObject\",\"inLanguage\":\"en-US\",\"@id\":\"https:\\\/\\\/secure.gravatar.com\\\/avatar\\\/?s=96&d=mm&r=g\",\"url\":\"https:\\\/\\\/secure.gravatar.com\\\/avatar\\\/?s=96&d=mm&r=g\",\"contentUrl\":\"https:\\\/\\\/secure.gravatar.com\\\/avatar\\\/?s=96&d=mm&r=g\",\"caption\":\"Andr\u00e9s Quiroz\"},\"description\":\"Licenciado en Periodismo por la Universidad de los Andes. Me encargo de analizar y compartir los contenidos m\u00e1s destacados de la\u00a0actualidad del F\u00fatbol Club Barcelona, Mercado de Fichajes y F\u00fatbol Internacional en FCBN. La informaci\u00f3n es poder, pero tambi\u00e9n conocimiento.\",\"url\":\"https:\\\/\\\/www.fcbarcelonanoticias.com\\\/en\\\/fc-barcelona\\\/andres-quiroz_17_115.html\"}]}<\/script>\n<!-- \/ Yoast SEO plugin. -->","yoast_head_json":{"title":"The Inter does not want only to Kessi\u00e9 to leave that Brozovic play in the Bar\u00e7a","description":"The possible barter between the FC Barcelona and the Inter of Milan to send to Franck Kessi\u00e9 by Marcelo Brozovic seems very far to concretise in January. As it advances the newspaper 'The Repubblica', the 'nerazzurri' would ask a mount extra by the Croat","robots":{"index":"index","follow":"follow","max-snippet":"max-snippet:-1","max-image-preview":"max-image-preview:large","max-video-preview":"max-video-preview:-1"},"canonical":"https:\/\/www.fcbarcelonanoticias.com\/en\/transfers\/the-inter-does-not-want-only-to-kessie-to-leave-that-brozovic-play-in-the-barca_288728_102.html","og_locale":"en_US","og_type":"article","og_title":"The Inter does not want only to Kessi\u00e9 to leave that Brozovic play in the Bar\u00e7a","og_description":"The possible barter between the FC Barcelona and the Inter of Milan to send to Franck Kessi\u00e9 by Marcelo Brozovic seems very far to concretise in January. As it advances the newspaper 'The Repubblica', the 'nerazzurri' would ask a mount extra by the Croat","og_url":"https:\/\/www.fcbarcelonanoticias.com\/en\/transfers\/the-inter-does-not-want-only-to-kessie-to-leave-that-brozovic-play-in-the-barca_288728_102.html","og_site_name":"EN - FC Barcelona Noticias","article_published_time":"2023-01-17T22:17:00+00:00","article_modified_time":"2023-01-18T08:40:00+00:00","og_image":[{"width":1300,"height":732,"url":"https:\/\/www.fcbarcelonanoticias.com\/en\/wp-content\/uploads\/sites\/2\/2023\/01\/marcelo-brozovic-inter-milan.jpeg","type":"image\/jpeg"}],"author":"Andr\u00e9s Quiroz","twitter_card":"summary_large_image","twitter_misc":{"Written by":"Andr\u00e9s Quiroz","Est. reading time":"3 minutes"},"schema":{"@context":"https:\/\/schema.org","@graph":[{"@type":"Article","@id":"https:\/\/www.fcbarcelonanoticias.com\/en\/transfers\/the-inter-does-not-want-only-to-kessie-to-leave-that-brozovic-play-in-the-barca_288728_102.html#article","isPartOf":{"@id":"https:\/\/www.fcbarcelonanoticias.com\/en\/transfers\/the-inter-does-not-want-only-to-kessie-to-leave-that-brozovic-play-in-the-barca_288728_102.html"},"author":{"name":"Andr\u00e9s Quiroz","@id":"https:\/\/www.fcbarcelonanoticias.com\/en\/#\/schema\/person\/c2cd9f6fa1af5c0d0eccd0fefa575c88"},"headline":"Inter doesn&#8217;t want only Kessi\u00e9 to let Brozovic play for Bar\u00e7a","datePublished":"2023-01-17T22:17:00+00:00","dateModified":"2023-01-18T08:40:00+00:00","mainEntityOfPage":{"@id":"https:\/\/www.fcbarcelonanoticias.com\/en\/transfers\/the-inter-does-not-want-only-to-kessie-to-leave-that-brozovic-play-in-the-barca_288728_102.html"},"wordCount":528,"image":{"@id":"https:\/\/www.fcbarcelonanoticias.com\/en\/transfers\/the-inter-does-not-want-only-to-kessie-to-leave-that-brozovic-play-in-the-barca_288728_102.html#primaryimage"},"thumbnailUrl":"https:\/\/www.fcbarcelonanoticias.com\/en\/wp-content\/uploads\/sites\/2\/2023\/01\/marcelo-brozovic-inter-milan.jpeg","keywords":["Frank Kessi\u00e9","Inter Milan"],"articleSection":["Transfers","Transfers"],"inLanguage":"en-US"},{"@type":"WebPage","@id":"https:\/\/www.fcbarcelonanoticias.com\/en\/transfers\/the-inter-does-not-want-only-to-kessie-to-leave-that-brozovic-play-in-the-barca_288728_102.html","url":"https:\/\/www.fcbarcelonanoticias.com\/en\/transfers\/the-inter-does-not-want-only-to-kessie-to-leave-that-brozovic-play-in-the-barca_288728_102.html","name":"The Inter does not want only to Kessi\u00e9 to leave that Brozovic play in the Bar\u00e7a","isPartOf":{"@id":"https:\/\/www.fcbarcelonanoticias.com\/en\/#website"},"primaryImageOfPage":{"@id":"https:\/\/www.fcbarcelonanoticias.com\/en\/transfers\/the-inter-does-not-want-only-to-kessie-to-leave-that-brozovic-play-in-the-barca_288728_102.html#primaryimage"},"image":{"@id":"https:\/\/www.fcbarcelonanoticias.com\/en\/transfers\/the-inter-does-not-want-only-to-kessie-to-leave-that-brozovic-play-in-the-barca_288728_102.html#primaryimage"},"thumbnailUrl":"https:\/\/www.fcbarcelonanoticias.com\/en\/wp-content\/uploads\/sites\/2\/2023\/01\/marcelo-brozovic-inter-milan.jpeg","datePublished":"2023-01-17T22:17:00+00:00","dateModified":"2023-01-18T08:40:00+00:00","author":{"@id":"https:\/\/www.fcbarcelonanoticias.com\/en\/#\/schema\/person\/c2cd9f6fa1af5c0d0eccd0fefa575c88"},"description":"The possible barter between the FC Barcelona and the Inter of Milan to send to Franck Kessi\u00e9 by Marcelo Brozovic seems very far to concretise in January. As it advances the newspaper 'The Repubblica', the 'nerazzurri' would ask a mount extra by the Croat","breadcrumb":{"@id":"https:\/\/www.fcbarcelonanoticias.com\/en\/transfers\/the-inter-does-not-want-only-to-kessie-to-leave-that-brozovic-play-in-the-barca_288728_102.html#breadcrumb"},"inLanguage":"en-US","potentialAction":[{"@type":"ReadAction","target":["https:\/\/www.fcbarcelonanoticias.com\/en\/transfers\/the-inter-does-not-want-only-to-kessie-to-leave-that-brozovic-play-in-the-barca_288728_102.html"]}]},{"@type":"ImageObject","inLanguage":"en-US","@id":"https:\/\/www.fcbarcelonanoticias.com\/en\/transfers\/the-inter-does-not-want-only-to-kessie-to-leave-that-brozovic-play-in-the-barca_288728_102.html#primaryimage","url":"https:\/\/www.fcbarcelonanoticias.com\/en\/wp-content\/uploads\/sites\/2\/2023\/01\/marcelo-brozovic-inter-milan.jpeg","contentUrl":"https:\/\/www.fcbarcelonanoticias.com\/en\/wp-content\/uploads\/sites\/2\/2023\/01\/marcelo-brozovic-inter-milan.jpeg","width":1300,"height":732},{"@type":"BreadcrumbList","@id":"https:\/\/www.fcbarcelonanoticias.com\/en\/transfers\/the-inter-does-not-want-only-to-kessie-to-leave-that-brozovic-play-in-the-barca_288728_102.html#breadcrumb","itemListElement":[{"@type":"ListItem","position":1,"name":"Portada","item":"https:\/\/www.fcbarcelonanoticias.com\/en\/"},{"@type":"ListItem","position":2,"name":"Inter doesn&#8217;t want only Kessi\u00e9 to let Brozovic play for Bar\u00e7a"}]},{"@type":"WebSite","@id":"https:\/\/www.fcbarcelonanoticias.com\/en\/#website","url":"https:\/\/www.fcbarcelonanoticias.com\/en\/","name":"EN - FC Barcelona Noticias","description":"","potentialAction":[{"@type":"SearchAction","target":{"@type":"EntryPoint","urlTemplate":"https:\/\/www.fcbarcelonanoticias.com\/en\/?s={search_term_string}"},"query-input":{"@type":"PropertyValueSpecification","valueRequired":true,"valueName":"search_term_string"}}],"inLanguage":"en-US"},{"@type":"Person","@id":"https:\/\/www.fcbarcelonanoticias.com\/en\/#\/schema\/person\/c2cd9f6fa1af5c0d0eccd0fefa575c88","name":"Andr\u00e9s Quiroz","image":{"@type":"ImageObject","inLanguage":"en-US","@id":"https:\/\/secure.gravatar.com\/avatar\/?s=96&d=mm&r=g","url":"https:\/\/secure.gravatar.com\/avatar\/?s=96&d=mm&r=g","contentUrl":"https:\/\/secure.gravatar.com\/avatar\/?s=96&d=mm&r=g","caption":"Andr\u00e9s Quiroz"},"description":"Licenciado en Periodismo por la Universidad de los Andes. Me encargo de analizar y compartir los contenidos m\u00e1s destacados de la\u00a0actualidad del F\u00fatbol Club Barcelona, Mercado de Fichajes y F\u00fatbol Internacional en FCBN. La informaci\u00f3n es poder, pero tambi\u00e9n conocimiento.","url":"https:\/\/www.fcbarcelonanoticias.com\/en\/fc-barcelona\/andres-quiroz_17_115.html"}]}},"_links":{"self":[{"href":"https:\/\/www.fcbarcelonanoticias.com\/en\/wp-json\/wp\/v2\/posts\/142225","targetHints":{"allow":["GET"]}}],"collection":[{"href":"https:\/\/www.fcbarcelonanoticias.com\/en\/wp-json\/wp\/v2\/posts"}],"about":[{"href":"https:\/\/www.fcbarcelonanoticias.com\/en\/wp-json\/wp\/v2\/types\/post"}],"author":[{"embeddable":true,"href":"https:\/\/www.fcbarcelonanoticias.com\/en\/wp-json\/wp\/v2\/users\/347"}],"replies":[{"embeddable":true,"href":"https:\/\/www.fcbarcelonanoticias.com\/en\/wp-json\/wp\/v2\/comments?post=142225"}],"version-history":[{"count":1,"href":"https:\/\/www.fcbarcelonanoticias.com\/en\/wp-json\/wp\/v2\/posts\/142225\/revisions"}],"predecessor-version":[{"id":154778,"href":"https:\/\/www.fcbarcelonanoticias.com\/en\/wp-json\/wp\/v2\/posts\/142225\/revisions\/154778"}],"wp:featuredmedia":[{"embeddable":true,"href":"https:\/\/www.fcbarcelonanoticias.com\/en\/wp-json\/wp\/v2\/media\/142227"}],"wp:attachment":[{"href":"https:\/\/www.fcbarcelonanoticias.com\/en\/wp-json\/wp\/v2\/media?parent=142225"}],"wp:term":[{"taxonomy":"category","embeddable":true,"href":"https:\/\/www.fcbarcelonanoticias.com\/en\/wp-json\/wp\/v2\/categories?post=142225"},{"taxonomy":"post_tag","embeddable":true,"href":"https:\/\/www.fcbarcelonanoticias.com\/en\/wp-json\/wp\/v2\/tags?post=142225"}],"curies":[{"name":"wp","href":"https:\/\/api.w.org\/{rel}","templated":true}]}}