{"id":142228,"date":"2024-09-12T23:24:00","date_gmt":"2024-09-12T21:24:00","guid":{"rendered":"https:\/\/weisetech.dev\/fc-barcelona-noticias\/en\/the-relationship-between-vinicius-and-real-madrid-is-shaky-and-in-saudi-arabia-they-shake-hands_307241_102\/"},"modified":"2024-09-13T07:27:00","modified_gmt":"2024-09-13T05:27:00","slug":"the-relationship-between-vinicius-and-real-madrid-is-shaky-and-in-saudi-arabia-they-shake-hands_307241_102","status":"publish","type":"post","link":"https:\/\/www.fcbarcelonanoticias.com\/en\/transfers\/the-relationship-between-vinicius-and-real-madrid-is-shaky-and-in-saudi-arabia-they-shake-hands_307241_102.html","title":{"rendered":"The relationship between Vinicius and Real Madrid is &#8216;shaky&#8217; and in Saudi Arabia they &#8216;shake hands&#8217;"},"content":{"rendered":"<h2 class=\"wp-block-heading\">The relationship between Vinicius Jr. and Real Madrid is going through a critical moment. The Brazilian&#8217;s latest statements, added to the player&#8217;s stance on the Saudi Arabian offer, have caused him to lose the support of the club and the fans<\/h2>  \r\n<div class=\"article-addons\">\r\n    <a href=\"https:\/\/www.fcbarcelonanoticias.com\/en\/calendar-fc-barcelona.html\"\r\n       target=\"_self\"\r\n       title=\"Calendar of FC Barcelona\"\r\n       class=\"blue-gredient-btn\">\r\n       \r\n        Calendar of FC Barcelona    <\/a>\r\n<\/div>   <p><strong>Vinicius Jr.<\/strong> has created a &#8216;hurricane&#8217; at the Santiago Bernab\u00e9u. <a data-external=\"0\" data-intl-links-en=\"https:\/\/www.fcbarcelonanoticias.com\/en\/football-soccer\/javier-tebas-gets-wet-about-vinicius-controversial-statements-about-racism-in-spain_307206_102.html\" data-intl-links-es=\"https:\/\/www.fcbarcelonanoticias.com\/futbol\/javier-tebas-se-moja-sobre-polemicas-declaraciones-vinicius-sobre-racismo-en-espana_307206_102.html\" href=\"https:\/\/www.fcbarcelonanoticias.com\/en\/football-soccer\/javier-tebas-gets-wet-about-vinicius-controversial-statements-about-racism-in-spain_307206_102.html\" rel=\"follow\" target=\"_self\" title=\"Javier Tebas gets 'wet' about Vinicius' controversial statements about racism in Spain\">The footballer&#8217;s latest statements, in which he suggested the possibility of withdrawing the hosting of the 2030 World Cup<\/a> from Spain due to the racist incidents suffered, and thus frustrating the possibility of the <strong>Santiago Bernab\u00e9u<\/strong> hosting the final of the tournament, ended up &#8216;detonating&#8217; a &#8216;bomb&#8217; that had been wanting to explode for some time due to the Brazilian&#8217;s outbursts in several games for the Vikings.<\/p>  <p>Thus, the South American winger has seen how the unconditional support of Real Madrid has turned into reproaches for his position off the field of play. Complaints that, in addition, have increased after the player allegedly stopped the negotiation to extend his contract with the merengue entity after the appearance of a &#8216;mega offer&#8217; sent from <strong>Saudi Arabia<\/strong>.<\/p>  <h2>Madrid&#8217;s top brass are considering the sale of Vini Jr.<\/h2>  <p>This response from<strong> Vini Jr.<\/strong>, listening to the Saudi proposal and allowing them to transfer their offer to <strong>Real Madrid<\/strong>, went down badly with the Madrid top brass, who felt &#8216;betrayed&#8217; by the player. However, &#8216;El Peri\u00f3dico de Espa\u00f1a&#8217; assures that <strong>Florentino P\u00e9rez<\/strong> has asked his entourage to calm down, cooling the matter down by rejecting the Arabs&#8217; proposal by asking for the billion-dollar buyout clause for the player, making it clear that he is &#8216;untouchable&#8217; for the club.<\/p>  <p>However, the aforementioned source assured that the White House is &#8220;real danger&#8221; that the player will head to the <strong>Saudi Pro League<\/strong>. In fact, part of the board of directors would have valued the option of accepting the Saudi offer, which would have made <strong>Vinicius<\/strong> the most expensive transfer in history. A stance that is beginning to gain followers in the club, where they have &#8216;had enough&#8217; of the forward&#8217;s attitudes and his controversies off the pitch.<\/p>  <h2>Al-Ahli admitted their interest in the Brazilian &#8216;crack&#8217;<\/h2>  <p>For his part,<strong> Khaled Al-Issa<\/strong>, president of the Board of Directors of the<strong> Al-Ahli<\/strong> foundation, admitted in an interview with &#8216;Koora Rotana&#8217; the interest in <strong>Vini Jr.<\/strong> &#8220;We had the desire to bring in a very big winger, Vinicius, but during the negotiations something unexpected happened, that the Saudi players went to professionalize according to the scholarship program.&#8221; This affected them firsthand, since &#8220;<strong>Firas Al-Braikan<\/strong> would have become a professional, so the priority changed to signing a forward and we negotiated with <strong>Ivan Toney<\/strong> and <strong>Victor Osimhen<\/strong>.&#8221;<\/p>  <p>Despite this, the proposal from the Arab team could still be on the table for Real Madrid, who would be tempted by such a huge sum. The Saudis have reportedly offered a figure close to 500 million euros to close the transfer of the footballer, whose contractual offer consisted of one billion for five seasons. Out of this world numbers to complete a signing that was not exclusively a footballing issue, since in <strong>Saudi Arabia<\/strong> they see <strong>Vinicius Jr. <\/strong>as a showcase to promote the 2034 World Cup. Therefore, if both parties do not get their situation back on track, the South American&#8217;s future could take a completely unexpected turn.<\/p> ","protected":false},"excerpt":{"rendered":"<p>The relationship between Vinicius Jr. and Real Madrid is going through a critical moment. The Brazilian&#8217;s latest statements, added to the player&#8217;s stance on the Saudi Arabian offer, have caused him to lose the support of the club and the fans Vinicius Jr. has created a &#8216;hurricane&#8217; at the Santiago Bernab\u00e9u. The footballer&#8217;s latest statements, [&hellip;]<\/p>\n","protected":false},"author":358,"featured_media":142232,"comment_status":"closed","ping_status":"open","sticky":false,"template":"","format":"standard","meta":{"_acf_changed":false,"inline_featured_image":false,"_nextfly_llmd_date_locked":false,"footnotes":""},"categories":[106,449],"tags":[],"class_list":["post-142228","post","type-post","status-publish","format-standard","has-post-thumbnail","hentry","category-transfers","category-transfers-2"],"acf":[],"yoast_head":"<!-- This site is optimized with the Yoast SEO plugin v27.3 - https:\/\/yoast.com\/product\/yoast-seo-wordpress\/ -->\n<title>The relationship between Vinicius and Real Madrid is &#039;shaky&#039; and in Saudi Arabia they &#039;shake hands&#039;<\/title>\n<meta name=\"description\" content=\"The relationship between Vinicius Jr. and Real Madrid is going through a critical moment. The Brazilian&#039;s latest statements, added to the player&#039;s stance on the Saudi Arabian offer, have caused him to lose the support of the club and the fans\" \/>\n<meta name=\"robots\" content=\"index, follow, max-snippet:-1, max-image-preview:large, max-video-preview:-1\" \/>\n<link rel=\"canonical\" href=\"https:\/\/www.fcbarcelonanoticias.com\/en\/transfers\/the-relationship-between-vinicius-and-real-madrid-is-shaky-and-in-saudi-arabia-they-shake-hands_307241_102.html\" \/>\n<meta property=\"og:locale\" content=\"en_US\" \/>\n<meta property=\"og:type\" content=\"article\" \/>\n<meta property=\"og:title\" content=\"The relationship between Vinicius and Real Madrid is &#039;shaky&#039; and in Saudi Arabia they &#039;shake hands&#039;\" \/>\n<meta property=\"og:description\" content=\"The relationship between Vinicius Jr. and Real Madrid is going through a critical moment. The Brazilian&#039;s latest statements, added to the player&#039;s stance on the Saudi Arabian offer, have caused him to lose the support of the club and the fans\" \/>\n<meta property=\"og:url\" content=\"https:\/\/www.fcbarcelonanoticias.com\/en\/transfers\/the-relationship-between-vinicius-and-real-madrid-is-shaky-and-in-saudi-arabia-they-shake-hands_307241_102.html\" \/>\n<meta property=\"og:site_name\" content=\"EN - FC Barcelona Noticias\" \/>\n<meta property=\"article:published_time\" content=\"2024-09-12T21:24:00+00:00\" \/>\n<meta property=\"article:modified_time\" content=\"2024-09-13T05:27:00+00:00\" \/>\n<meta property=\"og:image\" content=\"https:\/\/www.fcbarcelonanoticias.com\/en\/wp-content\/uploads\/sites\/2\/2024\/09\/vinicius-real-madrid.jpeg\" \/>\n\t<meta property=\"og:image:width\" content=\"1250\" \/>\n\t<meta property=\"og:image:height\" content=\"750\" \/>\n\t<meta property=\"og:image:type\" content=\"image\/jpeg\" \/>\n<meta name=\"author\" content=\"Juan Pablo Berdugo\" \/>\n<meta name=\"twitter:card\" content=\"summary_large_image\" \/>\n<meta name=\"twitter:label1\" content=\"Written by\" \/>\n\t<meta name=\"twitter:data1\" content=\"Juan Pablo Berdugo\" \/>\n\t<meta name=\"twitter:label2\" content=\"Est. reading time\" \/>\n\t<meta name=\"twitter:data2\" content=\"3 minutes\" \/>\n<script type=\"application\/ld+json\" class=\"yoast-schema-graph\">{\"@context\":\"https:\\\/\\\/schema.org\",\"@graph\":[{\"@type\":\"Article\",\"@id\":\"https:\\\/\\\/www.fcbarcelonanoticias.com\\\/en\\\/transfers\\\/the-relationship-between-vinicius-and-real-madrid-is-shaky-and-in-saudi-arabia-they-shake-hands_307241_102.html#article\",\"isPartOf\":{\"@id\":\"https:\\\/\\\/www.fcbarcelonanoticias.com\\\/en\\\/transfers\\\/the-relationship-between-vinicius-and-real-madrid-is-shaky-and-in-saudi-arabia-they-shake-hands_307241_102.html\"},\"author\":{\"name\":\"Juan Pablo Berdugo\",\"@id\":\"https:\\\/\\\/www.fcbarcelonanoticias.com\\\/en\\\/#\\\/schema\\\/person\\\/88d756918a0a1ae9fa593b5edddd1815\"},\"headline\":\"The relationship between Vinicius and Real Madrid is &#8216;shaky&#8217; and in Saudi Arabia they &#8216;shake hands&#8217;\",\"datePublished\":\"2024-09-12T21:24:00+00:00\",\"dateModified\":\"2024-09-13T05:27:00+00:00\",\"mainEntityOfPage\":{\"@id\":\"https:\\\/\\\/www.fcbarcelonanoticias.com\\\/en\\\/transfers\\\/the-relationship-between-vinicius-and-real-madrid-is-shaky-and-in-saudi-arabia-they-shake-hands_307241_102.html\"},\"wordCount\":572,\"image\":{\"@id\":\"https:\\\/\\\/www.fcbarcelonanoticias.com\\\/en\\\/transfers\\\/the-relationship-between-vinicius-and-real-madrid-is-shaky-and-in-saudi-arabia-they-shake-hands_307241_102.html#primaryimage\"},\"thumbnailUrl\":\"https:\\\/\\\/www.fcbarcelonanoticias.com\\\/en\\\/wp-content\\\/uploads\\\/sites\\\/2\\\/2024\\\/09\\\/vinicius-real-madrid.jpeg\",\"articleSection\":[\"Transfers\",\"Transfers\"],\"inLanguage\":\"en-US\"},{\"@type\":\"WebPage\",\"@id\":\"https:\\\/\\\/www.fcbarcelonanoticias.com\\\/en\\\/transfers\\\/the-relationship-between-vinicius-and-real-madrid-is-shaky-and-in-saudi-arabia-they-shake-hands_307241_102.html\",\"url\":\"https:\\\/\\\/www.fcbarcelonanoticias.com\\\/en\\\/transfers\\\/the-relationship-between-vinicius-and-real-madrid-is-shaky-and-in-saudi-arabia-they-shake-hands_307241_102.html\",\"name\":\"The relationship between Vinicius and Real Madrid is 'shaky' and in Saudi Arabia they 'shake hands'\",\"isPartOf\":{\"@id\":\"https:\\\/\\\/www.fcbarcelonanoticias.com\\\/en\\\/#website\"},\"primaryImageOfPage\":{\"@id\":\"https:\\\/\\\/www.fcbarcelonanoticias.com\\\/en\\\/transfers\\\/the-relationship-between-vinicius-and-real-madrid-is-shaky-and-in-saudi-arabia-they-shake-hands_307241_102.html#primaryimage\"},\"image\":{\"@id\":\"https:\\\/\\\/www.fcbarcelonanoticias.com\\\/en\\\/transfers\\\/the-relationship-between-vinicius-and-real-madrid-is-shaky-and-in-saudi-arabia-they-shake-hands_307241_102.html#primaryimage\"},\"thumbnailUrl\":\"https:\\\/\\\/www.fcbarcelonanoticias.com\\\/en\\\/wp-content\\\/uploads\\\/sites\\\/2\\\/2024\\\/09\\\/vinicius-real-madrid.jpeg\",\"datePublished\":\"2024-09-12T21:24:00+00:00\",\"dateModified\":\"2024-09-13T05:27:00+00:00\",\"author\":{\"@id\":\"https:\\\/\\\/www.fcbarcelonanoticias.com\\\/en\\\/#\\\/schema\\\/person\\\/88d756918a0a1ae9fa593b5edddd1815\"},\"description\":\"The relationship between Vinicius Jr. and Real Madrid is going through a critical moment. The Brazilian's latest statements, added to the player's stance on the Saudi Arabian offer, have caused him to lose the support of the club and the fans\",\"breadcrumb\":{\"@id\":\"https:\\\/\\\/www.fcbarcelonanoticias.com\\\/en\\\/transfers\\\/the-relationship-between-vinicius-and-real-madrid-is-shaky-and-in-saudi-arabia-they-shake-hands_307241_102.html#breadcrumb\"},\"inLanguage\":\"en-US\",\"potentialAction\":[{\"@type\":\"ReadAction\",\"target\":[\"https:\\\/\\\/www.fcbarcelonanoticias.com\\\/en\\\/transfers\\\/the-relationship-between-vinicius-and-real-madrid-is-shaky-and-in-saudi-arabia-they-shake-hands_307241_102.html\"]}]},{\"@type\":\"ImageObject\",\"inLanguage\":\"en-US\",\"@id\":\"https:\\\/\\\/www.fcbarcelonanoticias.com\\\/en\\\/transfers\\\/the-relationship-between-vinicius-and-real-madrid-is-shaky-and-in-saudi-arabia-they-shake-hands_307241_102.html#primaryimage\",\"url\":\"https:\\\/\\\/www.fcbarcelonanoticias.com\\\/en\\\/wp-content\\\/uploads\\\/sites\\\/2\\\/2024\\\/09\\\/vinicius-real-madrid.jpeg\",\"contentUrl\":\"https:\\\/\\\/www.fcbarcelonanoticias.com\\\/en\\\/wp-content\\\/uploads\\\/sites\\\/2\\\/2024\\\/09\\\/vinicius-real-madrid.jpeg\",\"width\":1250,\"height\":750},{\"@type\":\"BreadcrumbList\",\"@id\":\"https:\\\/\\\/www.fcbarcelonanoticias.com\\\/en\\\/transfers\\\/the-relationship-between-vinicius-and-real-madrid-is-shaky-and-in-saudi-arabia-they-shake-hands_307241_102.html#breadcrumb\",\"itemListElement\":[{\"@type\":\"ListItem\",\"position\":1,\"name\":\"Portada\",\"item\":\"https:\\\/\\\/www.fcbarcelonanoticias.com\\\/en\\\/\"},{\"@type\":\"ListItem\",\"position\":2,\"name\":\"The relationship between Vinicius and Real Madrid is &#8216;shaky&#8217; and in Saudi Arabia they &#8216;shake hands&#8217;\"}]},{\"@type\":\"WebSite\",\"@id\":\"https:\\\/\\\/www.fcbarcelonanoticias.com\\\/en\\\/#website\",\"url\":\"https:\\\/\\\/www.fcbarcelonanoticias.com\\\/en\\\/\",\"name\":\"EN - FC Barcelona Noticias\",\"description\":\"\",\"potentialAction\":[{\"@type\":\"SearchAction\",\"target\":{\"@type\":\"EntryPoint\",\"urlTemplate\":\"https:\\\/\\\/www.fcbarcelonanoticias.com\\\/en\\\/?s={search_term_string}\"},\"query-input\":{\"@type\":\"PropertyValueSpecification\",\"valueRequired\":true,\"valueName\":\"search_term_string\"}}],\"inLanguage\":\"en-US\"},{\"@type\":\"Person\",\"@id\":\"https:\\\/\\\/www.fcbarcelonanoticias.com\\\/en\\\/#\\\/schema\\\/person\\\/88d756918a0a1ae9fa593b5edddd1815\",\"name\":\"Juan Pablo Berdugo\",\"image\":{\"@type\":\"ImageObject\",\"inLanguage\":\"en-US\",\"@id\":\"https:\\\/\\\/secure.gravatar.com\\\/avatar\\\/?s=96&d=mm&r=g\",\"url\":\"https:\\\/\\\/secure.gravatar.com\\\/avatar\\\/?s=96&d=mm&r=g\",\"contentUrl\":\"https:\\\/\\\/secure.gravatar.com\\\/avatar\\\/?s=96&d=mm&r=g\",\"caption\":\"Juan Pablo Berdugo\"},\"description\":\"Juan Pablo Berdugo es graduado en Periodismo. Colabora con FCBN como especialista en informaci\u00f3n del primer equipo del FC Barcelona, f\u00fatbol internacional y mercado de fichajes. Destaca por su enfoque anal\u00edtico, su rigor informativo y su capacidad para detectar tendencias emergentes en el f\u00fatbol global.\",\"url\":\"https:\\\/\\\/www.fcbarcelonanoticias.com\\\/en\\\/fc-barcelona\\\/juan-pablo-berdugo_18_115.html\"}]}<\/script>\n<!-- \/ Yoast SEO plugin. -->","yoast_head_json":{"title":"The relationship between Vinicius and Real Madrid is 'shaky' and in Saudi Arabia they 'shake hands'","description":"The relationship between Vinicius Jr. and Real Madrid is going through a critical moment. The Brazilian's latest statements, added to the player's stance on the Saudi Arabian offer, have caused him to lose the support of the club and the fans","robots":{"index":"index","follow":"follow","max-snippet":"max-snippet:-1","max-image-preview":"max-image-preview:large","max-video-preview":"max-video-preview:-1"},"canonical":"https:\/\/www.fcbarcelonanoticias.com\/en\/transfers\/the-relationship-between-vinicius-and-real-madrid-is-shaky-and-in-saudi-arabia-they-shake-hands_307241_102.html","og_locale":"en_US","og_type":"article","og_title":"The relationship between Vinicius and Real Madrid is 'shaky' and in Saudi Arabia they 'shake hands'","og_description":"The relationship between Vinicius Jr. and Real Madrid is going through a critical moment. The Brazilian's latest statements, added to the player's stance on the Saudi Arabian offer, have caused him to lose the support of the club and the fans","og_url":"https:\/\/www.fcbarcelonanoticias.com\/en\/transfers\/the-relationship-between-vinicius-and-real-madrid-is-shaky-and-in-saudi-arabia-they-shake-hands_307241_102.html","og_site_name":"EN - FC Barcelona Noticias","article_published_time":"2024-09-12T21:24:00+00:00","article_modified_time":"2024-09-13T05:27:00+00:00","og_image":[{"width":1250,"height":750,"url":"https:\/\/www.fcbarcelonanoticias.com\/en\/wp-content\/uploads\/sites\/2\/2024\/09\/vinicius-real-madrid.jpeg","type":"image\/jpeg"}],"author":"Juan Pablo Berdugo","twitter_card":"summary_large_image","twitter_misc":{"Written by":"Juan Pablo Berdugo","Est. reading time":"3 minutes"},"schema":{"@context":"https:\/\/schema.org","@graph":[{"@type":"Article","@id":"https:\/\/www.fcbarcelonanoticias.com\/en\/transfers\/the-relationship-between-vinicius-and-real-madrid-is-shaky-and-in-saudi-arabia-they-shake-hands_307241_102.html#article","isPartOf":{"@id":"https:\/\/www.fcbarcelonanoticias.com\/en\/transfers\/the-relationship-between-vinicius-and-real-madrid-is-shaky-and-in-saudi-arabia-they-shake-hands_307241_102.html"},"author":{"name":"Juan Pablo Berdugo","@id":"https:\/\/www.fcbarcelonanoticias.com\/en\/#\/schema\/person\/88d756918a0a1ae9fa593b5edddd1815"},"headline":"The relationship between Vinicius and Real Madrid is &#8216;shaky&#8217; and in Saudi Arabia they &#8216;shake hands&#8217;","datePublished":"2024-09-12T21:24:00+00:00","dateModified":"2024-09-13T05:27:00+00:00","mainEntityOfPage":{"@id":"https:\/\/www.fcbarcelonanoticias.com\/en\/transfers\/the-relationship-between-vinicius-and-real-madrid-is-shaky-and-in-saudi-arabia-they-shake-hands_307241_102.html"},"wordCount":572,"image":{"@id":"https:\/\/www.fcbarcelonanoticias.com\/en\/transfers\/the-relationship-between-vinicius-and-real-madrid-is-shaky-and-in-saudi-arabia-they-shake-hands_307241_102.html#primaryimage"},"thumbnailUrl":"https:\/\/www.fcbarcelonanoticias.com\/en\/wp-content\/uploads\/sites\/2\/2024\/09\/vinicius-real-madrid.jpeg","articleSection":["Transfers","Transfers"],"inLanguage":"en-US"},{"@type":"WebPage","@id":"https:\/\/www.fcbarcelonanoticias.com\/en\/transfers\/the-relationship-between-vinicius-and-real-madrid-is-shaky-and-in-saudi-arabia-they-shake-hands_307241_102.html","url":"https:\/\/www.fcbarcelonanoticias.com\/en\/transfers\/the-relationship-between-vinicius-and-real-madrid-is-shaky-and-in-saudi-arabia-they-shake-hands_307241_102.html","name":"The relationship between Vinicius and Real Madrid is 'shaky' and in Saudi Arabia they 'shake hands'","isPartOf":{"@id":"https:\/\/www.fcbarcelonanoticias.com\/en\/#website"},"primaryImageOfPage":{"@id":"https:\/\/www.fcbarcelonanoticias.com\/en\/transfers\/the-relationship-between-vinicius-and-real-madrid-is-shaky-and-in-saudi-arabia-they-shake-hands_307241_102.html#primaryimage"},"image":{"@id":"https:\/\/www.fcbarcelonanoticias.com\/en\/transfers\/the-relationship-between-vinicius-and-real-madrid-is-shaky-and-in-saudi-arabia-they-shake-hands_307241_102.html#primaryimage"},"thumbnailUrl":"https:\/\/www.fcbarcelonanoticias.com\/en\/wp-content\/uploads\/sites\/2\/2024\/09\/vinicius-real-madrid.jpeg","datePublished":"2024-09-12T21:24:00+00:00","dateModified":"2024-09-13T05:27:00+00:00","author":{"@id":"https:\/\/www.fcbarcelonanoticias.com\/en\/#\/schema\/person\/88d756918a0a1ae9fa593b5edddd1815"},"description":"The relationship between Vinicius Jr. and Real Madrid is going through a critical moment. The Brazilian's latest statements, added to the player's stance on the Saudi Arabian offer, have caused him to lose the support of the club and the fans","breadcrumb":{"@id":"https:\/\/www.fcbarcelonanoticias.com\/en\/transfers\/the-relationship-between-vinicius-and-real-madrid-is-shaky-and-in-saudi-arabia-they-shake-hands_307241_102.html#breadcrumb"},"inLanguage":"en-US","potentialAction":[{"@type":"ReadAction","target":["https:\/\/www.fcbarcelonanoticias.com\/en\/transfers\/the-relationship-between-vinicius-and-real-madrid-is-shaky-and-in-saudi-arabia-they-shake-hands_307241_102.html"]}]},{"@type":"ImageObject","inLanguage":"en-US","@id":"https:\/\/www.fcbarcelonanoticias.com\/en\/transfers\/the-relationship-between-vinicius-and-real-madrid-is-shaky-and-in-saudi-arabia-they-shake-hands_307241_102.html#primaryimage","url":"https:\/\/www.fcbarcelonanoticias.com\/en\/wp-content\/uploads\/sites\/2\/2024\/09\/vinicius-real-madrid.jpeg","contentUrl":"https:\/\/www.fcbarcelonanoticias.com\/en\/wp-content\/uploads\/sites\/2\/2024\/09\/vinicius-real-madrid.jpeg","width":1250,"height":750},{"@type":"BreadcrumbList","@id":"https:\/\/www.fcbarcelonanoticias.com\/en\/transfers\/the-relationship-between-vinicius-and-real-madrid-is-shaky-and-in-saudi-arabia-they-shake-hands_307241_102.html#breadcrumb","itemListElement":[{"@type":"ListItem","position":1,"name":"Portada","item":"https:\/\/www.fcbarcelonanoticias.com\/en\/"},{"@type":"ListItem","position":2,"name":"The relationship between Vinicius and Real Madrid is &#8216;shaky&#8217; and in Saudi Arabia they &#8216;shake hands&#8217;"}]},{"@type":"WebSite","@id":"https:\/\/www.fcbarcelonanoticias.com\/en\/#website","url":"https:\/\/www.fcbarcelonanoticias.com\/en\/","name":"EN - FC Barcelona Noticias","description":"","potentialAction":[{"@type":"SearchAction","target":{"@type":"EntryPoint","urlTemplate":"https:\/\/www.fcbarcelonanoticias.com\/en\/?s={search_term_string}"},"query-input":{"@type":"PropertyValueSpecification","valueRequired":true,"valueName":"search_term_string"}}],"inLanguage":"en-US"},{"@type":"Person","@id":"https:\/\/www.fcbarcelonanoticias.com\/en\/#\/schema\/person\/88d756918a0a1ae9fa593b5edddd1815","name":"Juan Pablo Berdugo","image":{"@type":"ImageObject","inLanguage":"en-US","@id":"https:\/\/secure.gravatar.com\/avatar\/?s=96&d=mm&r=g","url":"https:\/\/secure.gravatar.com\/avatar\/?s=96&d=mm&r=g","contentUrl":"https:\/\/secure.gravatar.com\/avatar\/?s=96&d=mm&r=g","caption":"Juan Pablo Berdugo"},"description":"Juan Pablo Berdugo es graduado en Periodismo. Colabora con FCBN como especialista en informaci\u00f3n del primer equipo del FC Barcelona, f\u00fatbol internacional y mercado de fichajes. Destaca por su enfoque anal\u00edtico, su rigor informativo y su capacidad para detectar tendencias emergentes en el f\u00fatbol global.","url":"https:\/\/www.fcbarcelonanoticias.com\/en\/fc-barcelona\/juan-pablo-berdugo_18_115.html"}]}},"_links":{"self":[{"href":"https:\/\/www.fcbarcelonanoticias.com\/en\/wp-json\/wp\/v2\/posts\/142228","targetHints":{"allow":["GET"]}}],"collection":[{"href":"https:\/\/www.fcbarcelonanoticias.com\/en\/wp-json\/wp\/v2\/posts"}],"about":[{"href":"https:\/\/www.fcbarcelonanoticias.com\/en\/wp-json\/wp\/v2\/types\/post"}],"author":[{"embeddable":true,"href":"https:\/\/www.fcbarcelonanoticias.com\/en\/wp-json\/wp\/v2\/users\/358"}],"replies":[{"embeddable":true,"href":"https:\/\/www.fcbarcelonanoticias.com\/en\/wp-json\/wp\/v2\/comments?post=142228"}],"version-history":[{"count":1,"href":"https:\/\/www.fcbarcelonanoticias.com\/en\/wp-json\/wp\/v2\/posts\/142228\/revisions"}],"predecessor-version":[{"id":154420,"href":"https:\/\/www.fcbarcelonanoticias.com\/en\/wp-json\/wp\/v2\/posts\/142228\/revisions\/154420"}],"wp:featuredmedia":[{"embeddable":true,"href":"https:\/\/www.fcbarcelonanoticias.com\/en\/wp-json\/wp\/v2\/media\/142232"}],"wp:attachment":[{"href":"https:\/\/www.fcbarcelonanoticias.com\/en\/wp-json\/wp\/v2\/media?parent=142228"}],"wp:term":[{"taxonomy":"category","embeddable":true,"href":"https:\/\/www.fcbarcelonanoticias.com\/en\/wp-json\/wp\/v2\/categories?post=142228"},{"taxonomy":"post_tag","embeddable":true,"href":"https:\/\/www.fcbarcelonanoticias.com\/en\/wp-json\/wp\/v2\/tags?post=142228"}],"curies":[{"name":"wp","href":"https:\/\/api.w.org\/{rel}","templated":true}]}}