{"id":142269,"date":"2024-10-09T23:18:00","date_gmt":"2024-10-09T21:18:00","guid":{"rendered":"https:\/\/weisetech.dev\/fc-barcelona-noticias\/en\/the-reason-why-frenkie-jong-left-psg-to-sign-for-barca-comes-to-light_307831_102\/"},"modified":"2024-10-09T23:18:00","modified_gmt":"2024-10-09T21:18:00","slug":"the-reason-why-frenkie-jong-left-psg-to-sign-for-barca-comes-to-light_307831_102","status":"publish","type":"post","link":"https:\/\/www.fcbarcelonanoticias.com\/en\/transfers\/the-reason-why-frenkie-jong-left-psg-to-sign-for-barca-comes-to-light_307831_102.html","title":{"rendered":"The reason why Frenkie de Jong &#8216;left&#8217; PSG to sign for Bar\u00e7a comes to light"},"content":{"rendered":"<h2 class=\"wp-block-heading\">Eric Abidal was the one in charge of getting Frenkie de Jong signed for Bar\u00e7a. The Frenchman revealed how he convinced him to &#8216;leave&#8217; PSG to become a Bar\u00e7a player<\/h2>  \r\n<div class=\"article-addons\">\r\n    <a href=\"https:\/\/www.fcbarcelonanoticias.com\/en\/calendar-fc-barcelona.html\"\r\n       target=\"_self\"\r\n       title=\"Calendar of FC Barcelona\"\r\n       class=\"blue-gredient-btn\">\r\n       \r\n        Calendar of FC Barcelona    <\/a>\r\n<\/div>   <p><strong>Eric Abidal&#8217;<\/strong>s importance at <strong>FC Barcelona<\/strong> transcends the playing field. The former left-back of the Bar\u00e7a team in the two<strong> Champions Leagues <\/strong>won under <strong>Pep Guardiola<\/strong> also served as the club&#8217;s sporting director between 2018 and 2021, a position in which he played a fundamental role in the signing of Frenkie de Jong. He made this known in an interview with &#8216;Free Foot&#8217;, where he also spoke of names such as<strong> Lamine Yamal<\/strong> or <strong>Kound\u00e9<\/strong>.<\/p>  <p>The Dutch midfielder had everything done with <strong>Paris Saint-Germain<\/strong>, but the French executive managed to convince him to leave them to join the Bar\u00e7a squad. &#8220;He told me, &#8216;look, I haven&#8217;t spoken to the <strong>Bar\u00e7a <\/strong>coach. That&#8217;s why I made the decision to go to <strong>PSG<\/strong>, because I&#8217;ve spoken to <strong>Tuchel<\/strong>,'&#8221; the former footballer began explaining.<\/p>  <p>&#8220;I simply told him: &#8216;At <strong>Bar\u00e7a<\/strong>, it is the institution that signs you, not the coach. And the second thing, with the total price of the transfer, you will be an undisputed starter,'&#8221; he added, thus revealing the reason that led <strong>Frenkie <\/strong>to sign for Bar\u00e7a.<\/p>  <h2>The present of Lamine Yamal, Kound\u00e9 and the impact of Gavi<\/h2>  <p>On the other hand, <a data-external=\"0\" data-intl-links-en=\"https:\/\/www.fcbarcelonanoticias.com\/en\/lamine-yamal.html\" data-intl-links-es=\"https:\/\/www.fcbarcelonanoticias.com\/lamine-yamal.html\" href=\"https:\/\/www.fcbarcelonanoticias.com\/en\/lamine-yamal.html\" rel=\"follow\" target=\"_self\" title=\"Lamine Yamal\">Abidal joined the list of admirers of Lamine Yamal<\/a> by stating that &#8220;he has become the player that everyone knows, but for me what is surprising is knowing that <strong>at La Masia there are players like him who leave from one day to the next<\/strong> and that makes me think of an interview with Mbapp\u00e9 who said: &#8216;don&#8217;t talk to me about age&#8217; and I think he was right. The level is what makes the difference. And, if he has the level that we are seeing on the field of play, age matters little.&#8221;<\/p>  <p>Finally, he praised <strong>Jules Kound\u00e9&#8217;s<\/strong> excellent start to the season, stating that &#8220;I think he is showing his class in La Liga. <strong>He is a versatile player and I know that Bar\u00e7a are very satisfied with him<\/strong>; he is a player who brings a lot of balance.&#8221;<\/p> ","protected":false},"excerpt":{"rendered":"<p>Eric Abidal was the one in charge of getting Frenkie de Jong signed for Bar\u00e7a. The Frenchman revealed how he convinced him to &#8216;leave&#8217; PSG to become a Bar\u00e7a player Eric Abidal&#8217;s importance at FC Barcelona transcends the playing field. The former left-back of the Bar\u00e7a team in the two Champions Leagues won under Pep [&hellip;]<\/p>\n","protected":false},"author":358,"featured_media":142273,"comment_status":"closed","ping_status":"open","sticky":false,"template":"","format":"standard","meta":{"_acf_changed":false,"inline_featured_image":false,"_nextfly_llmd_date_locked":false,"footnotes":""},"categories":[106,449],"tags":[88],"class_list":["post-142269","post","type-post","status-publish","format-standard","has-post-thumbnail","hentry","category-transfers","category-transfers-2","tag-paris-saint-germain"],"acf":[],"yoast_head":"<!-- This site is optimized with the Yoast SEO plugin v27.3 - https:\/\/yoast.com\/product\/yoast-seo-wordpress\/ -->\n<title>The reason why Frenkie de Jong &#039;left&#039; PSG to sign for Bar\u00e7a comes to light<\/title>\n<meta name=\"description\" content=\"Eric Abidal was the one in charge of getting Frenkie de Jong signed for Bar\u00e7a. The Frenchman revealed how he convinced him to &#039;leave&#039; PSG to become a Bar\u00e7a player\" \/>\n<meta name=\"robots\" content=\"index, follow, max-snippet:-1, max-image-preview:large, max-video-preview:-1\" \/>\n<link rel=\"canonical\" href=\"https:\/\/www.fcbarcelonanoticias.com\/en\/transfers\/the-reason-why-frenkie-jong-left-psg-to-sign-for-barca-comes-to-light_307831_102.html\" \/>\n<meta property=\"og:locale\" content=\"en_US\" \/>\n<meta property=\"og:type\" content=\"article\" \/>\n<meta property=\"og:title\" content=\"The reason why Frenkie de Jong &#039;left&#039; PSG to sign for Bar\u00e7a comes to light\" \/>\n<meta property=\"og:description\" content=\"Eric Abidal was the one in charge of getting Frenkie de Jong signed for Bar\u00e7a. The Frenchman revealed how he convinced him to &#039;leave&#039; PSG to become a Bar\u00e7a player\" \/>\n<meta property=\"og:url\" content=\"https:\/\/www.fcbarcelonanoticias.com\/en\/transfers\/the-reason-why-frenkie-jong-left-psg-to-sign-for-barca-comes-to-light_307831_102.html\" \/>\n<meta property=\"og:site_name\" content=\"EN - FC Barcelona Noticias\" \/>\n<meta property=\"article:published_time\" content=\"2024-10-09T21:18:00+00:00\" \/>\n<meta property=\"og:image\" content=\"https:\/\/www.fcbarcelonanoticias.com\/en\/wp-content\/uploads\/sites\/2\/2024\/10\/frenkie-de-jong-2.jpeg\" \/>\n\t<meta property=\"og:image:width\" content=\"1250\" \/>\n\t<meta property=\"og:image:height\" content=\"730\" \/>\n\t<meta property=\"og:image:type\" content=\"image\/jpeg\" \/>\n<meta name=\"author\" content=\"Juan Pablo Berdugo\" \/>\n<meta name=\"twitter:card\" content=\"summary_large_image\" \/>\n<meta name=\"twitter:label1\" content=\"Written by\" \/>\n\t<meta name=\"twitter:data1\" content=\"Juan Pablo Berdugo\" \/>\n\t<meta name=\"twitter:label2\" content=\"Est. reading time\" \/>\n\t<meta name=\"twitter:data2\" content=\"2 minutes\" \/>\n<script type=\"application\/ld+json\" class=\"yoast-schema-graph\">{\"@context\":\"https:\\\/\\\/schema.org\",\"@graph\":[{\"@type\":\"Article\",\"@id\":\"https:\\\/\\\/www.fcbarcelonanoticias.com\\\/en\\\/transfers\\\/the-reason-why-frenkie-jong-left-psg-to-sign-for-barca-comes-to-light_307831_102.html#article\",\"isPartOf\":{\"@id\":\"https:\\\/\\\/www.fcbarcelonanoticias.com\\\/en\\\/transfers\\\/the-reason-why-frenkie-jong-left-psg-to-sign-for-barca-comes-to-light_307831_102.html\"},\"author\":{\"name\":\"Juan Pablo Berdugo\",\"@id\":\"https:\\\/\\\/www.fcbarcelonanoticias.com\\\/en\\\/#\\\/schema\\\/person\\\/88d756918a0a1ae9fa593b5edddd1815\"},\"headline\":\"The reason why Frenkie de Jong &#8216;left&#8217; PSG to sign for Bar\u00e7a comes to light\",\"datePublished\":\"2024-10-09T21:18:00+00:00\",\"mainEntityOfPage\":{\"@id\":\"https:\\\/\\\/www.fcbarcelonanoticias.com\\\/en\\\/transfers\\\/the-reason-why-frenkie-jong-left-psg-to-sign-for-barca-comes-to-light_307831_102.html\"},\"wordCount\":392,\"image\":{\"@id\":\"https:\\\/\\\/www.fcbarcelonanoticias.com\\\/en\\\/transfers\\\/the-reason-why-frenkie-jong-left-psg-to-sign-for-barca-comes-to-light_307831_102.html#primaryimage\"},\"thumbnailUrl\":\"https:\\\/\\\/www.fcbarcelonanoticias.com\\\/en\\\/wp-content\\\/uploads\\\/sites\\\/2\\\/2024\\\/10\\\/frenkie-de-jong-2.jpeg\",\"keywords\":[\"Paris Saint-Germain\"],\"articleSection\":[\"Transfers\",\"Transfers\"],\"inLanguage\":\"en-US\"},{\"@type\":\"WebPage\",\"@id\":\"https:\\\/\\\/www.fcbarcelonanoticias.com\\\/en\\\/transfers\\\/the-reason-why-frenkie-jong-left-psg-to-sign-for-barca-comes-to-light_307831_102.html\",\"url\":\"https:\\\/\\\/www.fcbarcelonanoticias.com\\\/en\\\/transfers\\\/the-reason-why-frenkie-jong-left-psg-to-sign-for-barca-comes-to-light_307831_102.html\",\"name\":\"The reason why Frenkie de Jong 'left' PSG to sign for Bar\u00e7a comes to light\",\"isPartOf\":{\"@id\":\"https:\\\/\\\/www.fcbarcelonanoticias.com\\\/en\\\/#website\"},\"primaryImageOfPage\":{\"@id\":\"https:\\\/\\\/www.fcbarcelonanoticias.com\\\/en\\\/transfers\\\/the-reason-why-frenkie-jong-left-psg-to-sign-for-barca-comes-to-light_307831_102.html#primaryimage\"},\"image\":{\"@id\":\"https:\\\/\\\/www.fcbarcelonanoticias.com\\\/en\\\/transfers\\\/the-reason-why-frenkie-jong-left-psg-to-sign-for-barca-comes-to-light_307831_102.html#primaryimage\"},\"thumbnailUrl\":\"https:\\\/\\\/www.fcbarcelonanoticias.com\\\/en\\\/wp-content\\\/uploads\\\/sites\\\/2\\\/2024\\\/10\\\/frenkie-de-jong-2.jpeg\",\"datePublished\":\"2024-10-09T21:18:00+00:00\",\"author\":{\"@id\":\"https:\\\/\\\/www.fcbarcelonanoticias.com\\\/en\\\/#\\\/schema\\\/person\\\/88d756918a0a1ae9fa593b5edddd1815\"},\"description\":\"Eric Abidal was the one in charge of getting Frenkie de Jong signed for Bar\u00e7a. The Frenchman revealed how he convinced him to 'leave' PSG to become a Bar\u00e7a player\",\"breadcrumb\":{\"@id\":\"https:\\\/\\\/www.fcbarcelonanoticias.com\\\/en\\\/transfers\\\/the-reason-why-frenkie-jong-left-psg-to-sign-for-barca-comes-to-light_307831_102.html#breadcrumb\"},\"inLanguage\":\"en-US\",\"potentialAction\":[{\"@type\":\"ReadAction\",\"target\":[\"https:\\\/\\\/www.fcbarcelonanoticias.com\\\/en\\\/transfers\\\/the-reason-why-frenkie-jong-left-psg-to-sign-for-barca-comes-to-light_307831_102.html\"]}]},{\"@type\":\"ImageObject\",\"inLanguage\":\"en-US\",\"@id\":\"https:\\\/\\\/www.fcbarcelonanoticias.com\\\/en\\\/transfers\\\/the-reason-why-frenkie-jong-left-psg-to-sign-for-barca-comes-to-light_307831_102.html#primaryimage\",\"url\":\"https:\\\/\\\/www.fcbarcelonanoticias.com\\\/en\\\/wp-content\\\/uploads\\\/sites\\\/2\\\/2024\\\/10\\\/frenkie-de-jong-2.jpeg\",\"contentUrl\":\"https:\\\/\\\/www.fcbarcelonanoticias.com\\\/en\\\/wp-content\\\/uploads\\\/sites\\\/2\\\/2024\\\/10\\\/frenkie-de-jong-2.jpeg\",\"width\":1250,\"height\":730},{\"@type\":\"BreadcrumbList\",\"@id\":\"https:\\\/\\\/www.fcbarcelonanoticias.com\\\/en\\\/transfers\\\/the-reason-why-frenkie-jong-left-psg-to-sign-for-barca-comes-to-light_307831_102.html#breadcrumb\",\"itemListElement\":[{\"@type\":\"ListItem\",\"position\":1,\"name\":\"Portada\",\"item\":\"https:\\\/\\\/www.fcbarcelonanoticias.com\\\/en\\\/\"},{\"@type\":\"ListItem\",\"position\":2,\"name\":\"The reason why Frenkie de Jong &#8216;left&#8217; PSG to sign for Bar\u00e7a comes to light\"}]},{\"@type\":\"WebSite\",\"@id\":\"https:\\\/\\\/www.fcbarcelonanoticias.com\\\/en\\\/#website\",\"url\":\"https:\\\/\\\/www.fcbarcelonanoticias.com\\\/en\\\/\",\"name\":\"EN - FC Barcelona Noticias\",\"description\":\"\",\"potentialAction\":[{\"@type\":\"SearchAction\",\"target\":{\"@type\":\"EntryPoint\",\"urlTemplate\":\"https:\\\/\\\/www.fcbarcelonanoticias.com\\\/en\\\/?s={search_term_string}\"},\"query-input\":{\"@type\":\"PropertyValueSpecification\",\"valueRequired\":true,\"valueName\":\"search_term_string\"}}],\"inLanguage\":\"en-US\"},{\"@type\":\"Person\",\"@id\":\"https:\\\/\\\/www.fcbarcelonanoticias.com\\\/en\\\/#\\\/schema\\\/person\\\/88d756918a0a1ae9fa593b5edddd1815\",\"name\":\"Juan Pablo Berdugo\",\"image\":{\"@type\":\"ImageObject\",\"inLanguage\":\"en-US\",\"@id\":\"https:\\\/\\\/secure.gravatar.com\\\/avatar\\\/?s=96&d=mm&r=g\",\"url\":\"https:\\\/\\\/secure.gravatar.com\\\/avatar\\\/?s=96&d=mm&r=g\",\"contentUrl\":\"https:\\\/\\\/secure.gravatar.com\\\/avatar\\\/?s=96&d=mm&r=g\",\"caption\":\"Juan Pablo Berdugo\"},\"description\":\"Juan Pablo Berdugo es graduado en Periodismo. Colabora con FCBN como especialista en informaci\u00f3n del primer equipo del FC Barcelona, f\u00fatbol internacional y mercado de fichajes. Destaca por su enfoque anal\u00edtico, su rigor informativo y su capacidad para detectar tendencias emergentes en el f\u00fatbol global.\",\"url\":\"https:\\\/\\\/www.fcbarcelonanoticias.com\\\/en\\\/fc-barcelona\\\/juan-pablo-berdugo_18_115.html\"}]}<\/script>\n<!-- \/ Yoast SEO plugin. -->","yoast_head_json":{"title":"The reason why Frenkie de Jong 'left' PSG to sign for Bar\u00e7a comes to light","description":"Eric Abidal was the one in charge of getting Frenkie de Jong signed for Bar\u00e7a. The Frenchman revealed how he convinced him to 'leave' PSG to become a Bar\u00e7a player","robots":{"index":"index","follow":"follow","max-snippet":"max-snippet:-1","max-image-preview":"max-image-preview:large","max-video-preview":"max-video-preview:-1"},"canonical":"https:\/\/www.fcbarcelonanoticias.com\/en\/transfers\/the-reason-why-frenkie-jong-left-psg-to-sign-for-barca-comes-to-light_307831_102.html","og_locale":"en_US","og_type":"article","og_title":"The reason why Frenkie de Jong 'left' PSG to sign for Bar\u00e7a comes to light","og_description":"Eric Abidal was the one in charge of getting Frenkie de Jong signed for Bar\u00e7a. The Frenchman revealed how he convinced him to 'leave' PSG to become a Bar\u00e7a player","og_url":"https:\/\/www.fcbarcelonanoticias.com\/en\/transfers\/the-reason-why-frenkie-jong-left-psg-to-sign-for-barca-comes-to-light_307831_102.html","og_site_name":"EN - FC Barcelona Noticias","article_published_time":"2024-10-09T21:18:00+00:00","og_image":[{"width":1250,"height":730,"url":"https:\/\/www.fcbarcelonanoticias.com\/en\/wp-content\/uploads\/sites\/2\/2024\/10\/frenkie-de-jong-2.jpeg","type":"image\/jpeg"}],"author":"Juan Pablo Berdugo","twitter_card":"summary_large_image","twitter_misc":{"Written by":"Juan Pablo Berdugo","Est. reading time":"2 minutes"},"schema":{"@context":"https:\/\/schema.org","@graph":[{"@type":"Article","@id":"https:\/\/www.fcbarcelonanoticias.com\/en\/transfers\/the-reason-why-frenkie-jong-left-psg-to-sign-for-barca-comes-to-light_307831_102.html#article","isPartOf":{"@id":"https:\/\/www.fcbarcelonanoticias.com\/en\/transfers\/the-reason-why-frenkie-jong-left-psg-to-sign-for-barca-comes-to-light_307831_102.html"},"author":{"name":"Juan Pablo Berdugo","@id":"https:\/\/www.fcbarcelonanoticias.com\/en\/#\/schema\/person\/88d756918a0a1ae9fa593b5edddd1815"},"headline":"The reason why Frenkie de Jong &#8216;left&#8217; PSG to sign for Bar\u00e7a comes to light","datePublished":"2024-10-09T21:18:00+00:00","mainEntityOfPage":{"@id":"https:\/\/www.fcbarcelonanoticias.com\/en\/transfers\/the-reason-why-frenkie-jong-left-psg-to-sign-for-barca-comes-to-light_307831_102.html"},"wordCount":392,"image":{"@id":"https:\/\/www.fcbarcelonanoticias.com\/en\/transfers\/the-reason-why-frenkie-jong-left-psg-to-sign-for-barca-comes-to-light_307831_102.html#primaryimage"},"thumbnailUrl":"https:\/\/www.fcbarcelonanoticias.com\/en\/wp-content\/uploads\/sites\/2\/2024\/10\/frenkie-de-jong-2.jpeg","keywords":["Paris Saint-Germain"],"articleSection":["Transfers","Transfers"],"inLanguage":"en-US"},{"@type":"WebPage","@id":"https:\/\/www.fcbarcelonanoticias.com\/en\/transfers\/the-reason-why-frenkie-jong-left-psg-to-sign-for-barca-comes-to-light_307831_102.html","url":"https:\/\/www.fcbarcelonanoticias.com\/en\/transfers\/the-reason-why-frenkie-jong-left-psg-to-sign-for-barca-comes-to-light_307831_102.html","name":"The reason why Frenkie de Jong 'left' PSG to sign for Bar\u00e7a comes to light","isPartOf":{"@id":"https:\/\/www.fcbarcelonanoticias.com\/en\/#website"},"primaryImageOfPage":{"@id":"https:\/\/www.fcbarcelonanoticias.com\/en\/transfers\/the-reason-why-frenkie-jong-left-psg-to-sign-for-barca-comes-to-light_307831_102.html#primaryimage"},"image":{"@id":"https:\/\/www.fcbarcelonanoticias.com\/en\/transfers\/the-reason-why-frenkie-jong-left-psg-to-sign-for-barca-comes-to-light_307831_102.html#primaryimage"},"thumbnailUrl":"https:\/\/www.fcbarcelonanoticias.com\/en\/wp-content\/uploads\/sites\/2\/2024\/10\/frenkie-de-jong-2.jpeg","datePublished":"2024-10-09T21:18:00+00:00","author":{"@id":"https:\/\/www.fcbarcelonanoticias.com\/en\/#\/schema\/person\/88d756918a0a1ae9fa593b5edddd1815"},"description":"Eric Abidal was the one in charge of getting Frenkie de Jong signed for Bar\u00e7a. The Frenchman revealed how he convinced him to 'leave' PSG to become a Bar\u00e7a player","breadcrumb":{"@id":"https:\/\/www.fcbarcelonanoticias.com\/en\/transfers\/the-reason-why-frenkie-jong-left-psg-to-sign-for-barca-comes-to-light_307831_102.html#breadcrumb"},"inLanguage":"en-US","potentialAction":[{"@type":"ReadAction","target":["https:\/\/www.fcbarcelonanoticias.com\/en\/transfers\/the-reason-why-frenkie-jong-left-psg-to-sign-for-barca-comes-to-light_307831_102.html"]}]},{"@type":"ImageObject","inLanguage":"en-US","@id":"https:\/\/www.fcbarcelonanoticias.com\/en\/transfers\/the-reason-why-frenkie-jong-left-psg-to-sign-for-barca-comes-to-light_307831_102.html#primaryimage","url":"https:\/\/www.fcbarcelonanoticias.com\/en\/wp-content\/uploads\/sites\/2\/2024\/10\/frenkie-de-jong-2.jpeg","contentUrl":"https:\/\/www.fcbarcelonanoticias.com\/en\/wp-content\/uploads\/sites\/2\/2024\/10\/frenkie-de-jong-2.jpeg","width":1250,"height":730},{"@type":"BreadcrumbList","@id":"https:\/\/www.fcbarcelonanoticias.com\/en\/transfers\/the-reason-why-frenkie-jong-left-psg-to-sign-for-barca-comes-to-light_307831_102.html#breadcrumb","itemListElement":[{"@type":"ListItem","position":1,"name":"Portada","item":"https:\/\/www.fcbarcelonanoticias.com\/en\/"},{"@type":"ListItem","position":2,"name":"The reason why Frenkie de Jong &#8216;left&#8217; PSG to sign for Bar\u00e7a comes to light"}]},{"@type":"WebSite","@id":"https:\/\/www.fcbarcelonanoticias.com\/en\/#website","url":"https:\/\/www.fcbarcelonanoticias.com\/en\/","name":"EN - FC Barcelona Noticias","description":"","potentialAction":[{"@type":"SearchAction","target":{"@type":"EntryPoint","urlTemplate":"https:\/\/www.fcbarcelonanoticias.com\/en\/?s={search_term_string}"},"query-input":{"@type":"PropertyValueSpecification","valueRequired":true,"valueName":"search_term_string"}}],"inLanguage":"en-US"},{"@type":"Person","@id":"https:\/\/www.fcbarcelonanoticias.com\/en\/#\/schema\/person\/88d756918a0a1ae9fa593b5edddd1815","name":"Juan Pablo Berdugo","image":{"@type":"ImageObject","inLanguage":"en-US","@id":"https:\/\/secure.gravatar.com\/avatar\/?s=96&d=mm&r=g","url":"https:\/\/secure.gravatar.com\/avatar\/?s=96&d=mm&r=g","contentUrl":"https:\/\/secure.gravatar.com\/avatar\/?s=96&d=mm&r=g","caption":"Juan Pablo Berdugo"},"description":"Juan Pablo Berdugo es graduado en Periodismo. Colabora con FCBN como especialista en informaci\u00f3n del primer equipo del FC Barcelona, f\u00fatbol internacional y mercado de fichajes. Destaca por su enfoque anal\u00edtico, su rigor informativo y su capacidad para detectar tendencias emergentes en el f\u00fatbol global.","url":"https:\/\/www.fcbarcelonanoticias.com\/en\/fc-barcelona\/juan-pablo-berdugo_18_115.html"}]}},"_links":{"self":[{"href":"https:\/\/www.fcbarcelonanoticias.com\/en\/wp-json\/wp\/v2\/posts\/142269","targetHints":{"allow":["GET"]}}],"collection":[{"href":"https:\/\/www.fcbarcelonanoticias.com\/en\/wp-json\/wp\/v2\/posts"}],"about":[{"href":"https:\/\/www.fcbarcelonanoticias.com\/en\/wp-json\/wp\/v2\/types\/post"}],"author":[{"embeddable":true,"href":"https:\/\/www.fcbarcelonanoticias.com\/en\/wp-json\/wp\/v2\/users\/358"}],"replies":[{"embeddable":true,"href":"https:\/\/www.fcbarcelonanoticias.com\/en\/wp-json\/wp\/v2\/comments?post=142269"}],"version-history":[{"count":1,"href":"https:\/\/www.fcbarcelonanoticias.com\/en\/wp-json\/wp\/v2\/posts\/142269\/revisions"}],"predecessor-version":[{"id":154395,"href":"https:\/\/www.fcbarcelonanoticias.com\/en\/wp-json\/wp\/v2\/posts\/142269\/revisions\/154395"}],"wp:featuredmedia":[{"embeddable":true,"href":"https:\/\/www.fcbarcelonanoticias.com\/en\/wp-json\/wp\/v2\/media\/142273"}],"wp:attachment":[{"href":"https:\/\/www.fcbarcelonanoticias.com\/en\/wp-json\/wp\/v2\/media?parent=142269"}],"wp:term":[{"taxonomy":"category","embeddable":true,"href":"https:\/\/www.fcbarcelonanoticias.com\/en\/wp-json\/wp\/v2\/categories?post=142269"},{"taxonomy":"post_tag","embeddable":true,"href":"https:\/\/www.fcbarcelonanoticias.com\/en\/wp-json\/wp\/v2\/tags?post=142269"}],"curies":[{"name":"wp","href":"https:\/\/api.w.org\/{rel}","templated":true}]}}