{"id":142286,"date":"2022-07-03T16:21:00","date_gmt":"2022-07-03T14:21:00","guid":{"rendered":"https:\/\/weisetech.dev\/fc-barcelona-noticias\/en\/the-indirect-of-the-rennes-on-the-signing-of-umtiti_281840_102\/"},"modified":"2022-07-03T16:22:00","modified_gmt":"2022-07-03T14:22:00","slug":"the-indirect-of-the-rennes-on-the-signing-of-umtiti_281840_102","status":"publish","type":"post","link":"https:\/\/www.fcbarcelonanoticias.com\/en\/transfers\/the-indirect-of-the-rennes-on-the-signing-of-umtiti_281840_102.html","title":{"rendered":"The hint of Rennes on the signing of Umtiti"},"content":{"rendered":"<h2 class=\"wp-block-heading\">Bruno G\u00e9n\u00e9sio, Rennes coach, has requested the signing of Samuel Umtiti for this summer. The Lyon coach shared with the central defender at Olympique while he was assistant coach for &#8216;Les Lions&#8217; between 2011 and 2016, for which he knows him very well<\/h2>  \r\n<div class=\"article-addons\">\r\n    <a href=\"https:\/\/www.fcbarcelonanoticias.com\/en\/calendar-fc-barcelona.html\"\r\n       target=\"_self\"\r\n       title=\"Calendar of FC Barcelona\"\r\n       class=\"blue-gredient-btn\">\r\n       \r\n        Calendar of FC Barcelona    <\/a>\r\n<\/div>   <p>The FC Barcelona has found a new alternative to the future of Samuel Umtiti. <strong>The central is a descarte fixed of <a data-external=\"0\" data-intl-links-en=\"https:\/\/www.fcbarcelonanoticias.com\/en\/fc-barcelona\/offensive-trident-with-sounds-xavi-barcelona-2022-23_281831_102.html\" data-intl-links-es=\"https:\/\/www.fcbarcelonanoticias.com\/fc-barcelona\/tridente-ofensivo-con-suena-xavi-barcelona-2022-23_281831_102.html\" href=\"https:\/\/www.fcbarcelonanoticias.com\/en\/fc-barcelona\/offensive-trident-with-sounds-xavi-barcelona-2022-23_281831_102.html\" rel=\"follow\" target=\"_self\" title=\"El tridente ofensivo con el que sue\u00f1a Xavi para el Bar\u00e7a 2022-23\">Xavi Hern\u00e1ndez<\/a> for the 2022-23<\/strong> and will not be present in the first week of the pre-season, in which it expects resolve his traspaso to some French club. In this sense,<strong> &#8216;L&#8217;Instrument&#8217; confirmed that the Stade Rennes is interested in fichar to the central to request of the technician Bruno G\u00e9n\u00e9sio<\/strong>, with the one who coincided in the Olympique Lyon.<\/p>  <p><strong>Umtiti Debuted like professional in &#8216;Them Lions&#8217; in the season 2011-12, when G\u00e9n\u00e9sio was trainer attach<\/strong> of the m\u00edster R\u00e9mi Garde. The today DT of the Rennes formed part of the technical body of the Lyon until 2016, year in that it did charge of the bench of the club. In 2019 it left to China by two years, returning to France in 2021 with the Rennes. Now, the technician and the central could reecontrarse, for relief of the Bar\u00e7a.<\/p>  <p>This week, <strong>the managerial cul\u00e9 expects to resolve the exit of Umtiti and of Rey Manaj, player that is very near to leave to the Getafe<\/strong>. In the case of Samuel, the most viable option seems <strong>a no compulsory conveyance with option to buy<\/strong> in which the Rennes assume the whole of his wage. The player of 28 renewed in January until 2026 to go down his index card to 3 million net euros to the year, an adjust salarial that allowed to inscribe to Ferr\u00e1n Torres.<\/p>  <p>On the defender of Yaund\u00e9, G\u00e9n\u00e9sio said that it is a player that knows perfectly. &#8220;I have had it in the period of training and afterwards in the first team of the Lyon and this creates a bond. <strong>All know his history, his qualities, the setbacks that had the past year, but keeps on being a player of a lot of level and interest us the players like him&#8221;<\/strong>, explained the trainer of 55 years.<\/p>  <h3>Umtiti, option to replace to Nayef Aguerd<\/h3>  <p>The Rennes would be interested in the cession with option to purchase of Umtiti to replace to Nayef Aguerd. <strong>The Moroccan left to the West Ham in return of 35 million euros after contesting 3.548 minutes in 40 parties of the 2021-22 in which it added 4 goals and 3 assistances<\/strong>. The ones of G\u00e9n\u00e9sio will contest the phase of groups of the Europe League after culminating the past season in the fourth place of Tie it 1. It will accept Umtiti the offer of the Rennes? The <a data-external=\"0\" data-intl-links-en=\"https:\/\/www.fcbarcelonanoticias.com\/en\/transfers\/memphis-depay-pronounces-after-the-rumours-on-his-exit-of-the-barca_281830_102.html\" data-intl-links-es=\"https:\/\/www.fcbarcelonanoticias.com\/fichajes\/memphis-depay-se-pronuncia-rumores-sobre-su-salida-barcelona_281830_102.html\" href=\"https:\/\/www.fcbarcelonanoticias.com\/en\/transfers\/memphis-depay-pronounces-after-the-rumours-on-his-exit-of-the-barca_281830_102.html\" rel=\"follow\" target=\"_self\" title=\"Memphis Depay se pronuncia tras los rumores sobre su salida del Bar\u00e7a\">Bar\u00e7a<\/a> bets to the success of this negotiation to focus in the exits of \u00d3scar Mignueza, Riqui Puig, Francisco Trincao and Net, last of the &#8216;desconvocados&#8217; of the first week of pre-season.<\/p> ","protected":false},"excerpt":{"rendered":"<p>Bruno G\u00e9n\u00e9sio, Rennes coach, has requested the signing of Samuel Umtiti for this summer. The Lyon coach shared with the central defender at Olympique while he was assistant coach for &#8216;Les Lions&#8217; between 2011 and 2016, for which he knows him very well The FC Barcelona has found a new alternative to the future of [&hellip;]<\/p>\n","protected":false},"author":347,"featured_media":142290,"comment_status":"closed","ping_status":"open","sticky":false,"template":"","format":"standard","meta":{"_acf_changed":false,"inline_featured_image":false,"_nextfly_llmd_date_locked":false,"footnotes":""},"categories":[106,449],"tags":[309],"class_list":["post-142286","post","type-post","status-publish","format-standard","has-post-thumbnail","hentry","category-transfers","category-transfers-2","tag-samuel-umtiti"],"acf":[],"yoast_head":"<!-- This site is optimized with the Yoast SEO plugin v27.3 - https:\/\/yoast.com\/product\/yoast-seo-wordpress\/ -->\n<title>The indirect of the Rennes on the signing of Umtiti<\/title>\n<meta name=\"description\" content=\"Bruno G\u00e9n\u00e9sio, technician of the Rennes, has asked the signing of Samuel Umtiti for this summer. The m\u00edster of Lyon shared with the central in the Olympique mientra...\" \/>\n<meta name=\"robots\" content=\"index, follow, max-snippet:-1, max-image-preview:large, max-video-preview:-1\" \/>\n<link rel=\"canonical\" href=\"https:\/\/www.fcbarcelonanoticias.com\/en\/transfers\/the-indirect-of-the-rennes-on-the-signing-of-umtiti_281840_102.html\" \/>\n<meta property=\"og:locale\" content=\"en_US\" \/>\n<meta property=\"og:type\" content=\"article\" \/>\n<meta property=\"og:title\" content=\"The indirect of the Rennes on the signing of Umtiti\" \/>\n<meta property=\"og:description\" content=\"Bruno G\u00e9n\u00e9sio, technician of the Rennes, has asked the signing of Samuel Umtiti for this summer. The m\u00edster of Lyon shared with the central in the Olympique mientra...\" \/>\n<meta property=\"og:url\" content=\"https:\/\/www.fcbarcelonanoticias.com\/en\/transfers\/the-indirect-of-the-rennes-on-the-signing-of-umtiti_281840_102.html\" \/>\n<meta property=\"og:site_name\" content=\"EN - FC Barcelona Noticias\" \/>\n<meta property=\"article:published_time\" content=\"2022-07-03T14:21:00+00:00\" \/>\n<meta property=\"article:modified_time\" content=\"2022-07-03T14:22:00+00:00\" \/>\n<meta property=\"og:image\" content=\"https:\/\/www.fcbarcelonanoticias.com\/en\/wp-content\/uploads\/sites\/2\/2022\/07\/1004182409.jpeg\" \/>\n\t<meta property=\"og:image:width\" content=\"1200\" \/>\n\t<meta property=\"og:image:height\" content=\"700\" \/>\n\t<meta property=\"og:image:type\" content=\"image\/jpeg\" \/>\n<meta name=\"author\" content=\"Andr\u00e9s Quiroz\" \/>\n<meta name=\"twitter:card\" content=\"summary_large_image\" \/>\n<meta name=\"twitter:label1\" content=\"Written by\" \/>\n\t<meta name=\"twitter:data1\" content=\"Andr\u00e9s Quiroz\" \/>\n\t<meta name=\"twitter:label2\" content=\"Est. reading time\" \/>\n\t<meta name=\"twitter:data2\" content=\"2 minutes\" \/>\n<script type=\"application\/ld+json\" class=\"yoast-schema-graph\">{\"@context\":\"https:\\\/\\\/schema.org\",\"@graph\":[{\"@type\":\"Article\",\"@id\":\"https:\\\/\\\/www.fcbarcelonanoticias.com\\\/en\\\/transfers\\\/the-indirect-of-the-rennes-on-the-signing-of-umtiti_281840_102.html#article\",\"isPartOf\":{\"@id\":\"https:\\\/\\\/www.fcbarcelonanoticias.com\\\/en\\\/transfers\\\/the-indirect-of-the-rennes-on-the-signing-of-umtiti_281840_102.html\"},\"author\":{\"name\":\"Andr\u00e9s Quiroz\",\"@id\":\"https:\\\/\\\/www.fcbarcelonanoticias.com\\\/en\\\/#\\\/schema\\\/person\\\/c2cd9f6fa1af5c0d0eccd0fefa575c88\"},\"headline\":\"The hint of Rennes on the signing of Umtiti\",\"datePublished\":\"2022-07-03T14:21:00+00:00\",\"dateModified\":\"2022-07-03T14:22:00+00:00\",\"mainEntityOfPage\":{\"@id\":\"https:\\\/\\\/www.fcbarcelonanoticias.com\\\/en\\\/transfers\\\/the-indirect-of-the-rennes-on-the-signing-of-umtiti_281840_102.html\"},\"wordCount\":504,\"image\":{\"@id\":\"https:\\\/\\\/www.fcbarcelonanoticias.com\\\/en\\\/transfers\\\/the-indirect-of-the-rennes-on-the-signing-of-umtiti_281840_102.html#primaryimage\"},\"thumbnailUrl\":\"https:\\\/\\\/www.fcbarcelonanoticias.com\\\/en\\\/wp-content\\\/uploads\\\/sites\\\/2\\\/2022\\\/07\\\/1004182409.jpeg\",\"keywords\":[\"Samuel Umtiti\"],\"articleSection\":[\"Transfers\",\"Transfers\"],\"inLanguage\":\"en-US\"},{\"@type\":\"WebPage\",\"@id\":\"https:\\\/\\\/www.fcbarcelonanoticias.com\\\/en\\\/transfers\\\/the-indirect-of-the-rennes-on-the-signing-of-umtiti_281840_102.html\",\"url\":\"https:\\\/\\\/www.fcbarcelonanoticias.com\\\/en\\\/transfers\\\/the-indirect-of-the-rennes-on-the-signing-of-umtiti_281840_102.html\",\"name\":\"The indirect of the Rennes on the signing of Umtiti\",\"isPartOf\":{\"@id\":\"https:\\\/\\\/www.fcbarcelonanoticias.com\\\/en\\\/#website\"},\"primaryImageOfPage\":{\"@id\":\"https:\\\/\\\/www.fcbarcelonanoticias.com\\\/en\\\/transfers\\\/the-indirect-of-the-rennes-on-the-signing-of-umtiti_281840_102.html#primaryimage\"},\"image\":{\"@id\":\"https:\\\/\\\/www.fcbarcelonanoticias.com\\\/en\\\/transfers\\\/the-indirect-of-the-rennes-on-the-signing-of-umtiti_281840_102.html#primaryimage\"},\"thumbnailUrl\":\"https:\\\/\\\/www.fcbarcelonanoticias.com\\\/en\\\/wp-content\\\/uploads\\\/sites\\\/2\\\/2022\\\/07\\\/1004182409.jpeg\",\"datePublished\":\"2022-07-03T14:21:00+00:00\",\"dateModified\":\"2022-07-03T14:22:00+00:00\",\"author\":{\"@id\":\"https:\\\/\\\/www.fcbarcelonanoticias.com\\\/en\\\/#\\\/schema\\\/person\\\/c2cd9f6fa1af5c0d0eccd0fefa575c88\"},\"description\":\"Bruno G\u00e9n\u00e9sio, technician of the Rennes, has asked the signing of Samuel Umtiti for this summer. The m\u00edster of Lyon shared with the central in the Olympique mientra...\",\"breadcrumb\":{\"@id\":\"https:\\\/\\\/www.fcbarcelonanoticias.com\\\/en\\\/transfers\\\/the-indirect-of-the-rennes-on-the-signing-of-umtiti_281840_102.html#breadcrumb\"},\"inLanguage\":\"en-US\",\"potentialAction\":[{\"@type\":\"ReadAction\",\"target\":[\"https:\\\/\\\/www.fcbarcelonanoticias.com\\\/en\\\/transfers\\\/the-indirect-of-the-rennes-on-the-signing-of-umtiti_281840_102.html\"]}]},{\"@type\":\"ImageObject\",\"inLanguage\":\"en-US\",\"@id\":\"https:\\\/\\\/www.fcbarcelonanoticias.com\\\/en\\\/transfers\\\/the-indirect-of-the-rennes-on-the-signing-of-umtiti_281840_102.html#primaryimage\",\"url\":\"https:\\\/\\\/www.fcbarcelonanoticias.com\\\/en\\\/wp-content\\\/uploads\\\/sites\\\/2\\\/2022\\\/07\\\/1004182409.jpeg\",\"contentUrl\":\"https:\\\/\\\/www.fcbarcelonanoticias.com\\\/en\\\/wp-content\\\/uploads\\\/sites\\\/2\\\/2022\\\/07\\\/1004182409.jpeg\",\"width\":1200,\"height\":700},{\"@type\":\"BreadcrumbList\",\"@id\":\"https:\\\/\\\/www.fcbarcelonanoticias.com\\\/en\\\/transfers\\\/the-indirect-of-the-rennes-on-the-signing-of-umtiti_281840_102.html#breadcrumb\",\"itemListElement\":[{\"@type\":\"ListItem\",\"position\":1,\"name\":\"Portada\",\"item\":\"https:\\\/\\\/www.fcbarcelonanoticias.com\\\/en\\\/\"},{\"@type\":\"ListItem\",\"position\":2,\"name\":\"The hint of Rennes on the signing of Umtiti\"}]},{\"@type\":\"WebSite\",\"@id\":\"https:\\\/\\\/www.fcbarcelonanoticias.com\\\/en\\\/#website\",\"url\":\"https:\\\/\\\/www.fcbarcelonanoticias.com\\\/en\\\/\",\"name\":\"EN - FC Barcelona Noticias\",\"description\":\"\",\"potentialAction\":[{\"@type\":\"SearchAction\",\"target\":{\"@type\":\"EntryPoint\",\"urlTemplate\":\"https:\\\/\\\/www.fcbarcelonanoticias.com\\\/en\\\/?s={search_term_string}\"},\"query-input\":{\"@type\":\"PropertyValueSpecification\",\"valueRequired\":true,\"valueName\":\"search_term_string\"}}],\"inLanguage\":\"en-US\"},{\"@type\":\"Person\",\"@id\":\"https:\\\/\\\/www.fcbarcelonanoticias.com\\\/en\\\/#\\\/schema\\\/person\\\/c2cd9f6fa1af5c0d0eccd0fefa575c88\",\"name\":\"Andr\u00e9s Quiroz\",\"image\":{\"@type\":\"ImageObject\",\"inLanguage\":\"en-US\",\"@id\":\"https:\\\/\\\/secure.gravatar.com\\\/avatar\\\/?s=96&d=mm&r=g\",\"url\":\"https:\\\/\\\/secure.gravatar.com\\\/avatar\\\/?s=96&d=mm&r=g\",\"contentUrl\":\"https:\\\/\\\/secure.gravatar.com\\\/avatar\\\/?s=96&d=mm&r=g\",\"caption\":\"Andr\u00e9s Quiroz\"},\"description\":\"Licenciado en Periodismo por la Universidad de los Andes. Me encargo de analizar y compartir los contenidos m\u00e1s destacados de la\u00a0actualidad del F\u00fatbol Club Barcelona, Mercado de Fichajes y F\u00fatbol Internacional en FCBN. La informaci\u00f3n es poder, pero tambi\u00e9n conocimiento.\",\"url\":\"https:\\\/\\\/www.fcbarcelonanoticias.com\\\/en\\\/fc-barcelona\\\/andres-quiroz_17_115.html\"}]}<\/script>\n<!-- \/ Yoast SEO plugin. -->","yoast_head_json":{"title":"The indirect of the Rennes on the signing of Umtiti","description":"Bruno G\u00e9n\u00e9sio, technician of the Rennes, has asked the signing of Samuel Umtiti for this summer. The m\u00edster of Lyon shared with the central in the Olympique mientra...","robots":{"index":"index","follow":"follow","max-snippet":"max-snippet:-1","max-image-preview":"max-image-preview:large","max-video-preview":"max-video-preview:-1"},"canonical":"https:\/\/www.fcbarcelonanoticias.com\/en\/transfers\/the-indirect-of-the-rennes-on-the-signing-of-umtiti_281840_102.html","og_locale":"en_US","og_type":"article","og_title":"The indirect of the Rennes on the signing of Umtiti","og_description":"Bruno G\u00e9n\u00e9sio, technician of the Rennes, has asked the signing of Samuel Umtiti for this summer. The m\u00edster of Lyon shared with the central in the Olympique mientra...","og_url":"https:\/\/www.fcbarcelonanoticias.com\/en\/transfers\/the-indirect-of-the-rennes-on-the-signing-of-umtiti_281840_102.html","og_site_name":"EN - FC Barcelona Noticias","article_published_time":"2022-07-03T14:21:00+00:00","article_modified_time":"2022-07-03T14:22:00+00:00","og_image":[{"width":1200,"height":700,"url":"https:\/\/www.fcbarcelonanoticias.com\/en\/wp-content\/uploads\/sites\/2\/2022\/07\/1004182409.jpeg","type":"image\/jpeg"}],"author":"Andr\u00e9s Quiroz","twitter_card":"summary_large_image","twitter_misc":{"Written by":"Andr\u00e9s Quiroz","Est. reading time":"2 minutes"},"schema":{"@context":"https:\/\/schema.org","@graph":[{"@type":"Article","@id":"https:\/\/www.fcbarcelonanoticias.com\/en\/transfers\/the-indirect-of-the-rennes-on-the-signing-of-umtiti_281840_102.html#article","isPartOf":{"@id":"https:\/\/www.fcbarcelonanoticias.com\/en\/transfers\/the-indirect-of-the-rennes-on-the-signing-of-umtiti_281840_102.html"},"author":{"name":"Andr\u00e9s Quiroz","@id":"https:\/\/www.fcbarcelonanoticias.com\/en\/#\/schema\/person\/c2cd9f6fa1af5c0d0eccd0fefa575c88"},"headline":"The hint of Rennes on the signing of Umtiti","datePublished":"2022-07-03T14:21:00+00:00","dateModified":"2022-07-03T14:22:00+00:00","mainEntityOfPage":{"@id":"https:\/\/www.fcbarcelonanoticias.com\/en\/transfers\/the-indirect-of-the-rennes-on-the-signing-of-umtiti_281840_102.html"},"wordCount":504,"image":{"@id":"https:\/\/www.fcbarcelonanoticias.com\/en\/transfers\/the-indirect-of-the-rennes-on-the-signing-of-umtiti_281840_102.html#primaryimage"},"thumbnailUrl":"https:\/\/www.fcbarcelonanoticias.com\/en\/wp-content\/uploads\/sites\/2\/2022\/07\/1004182409.jpeg","keywords":["Samuel Umtiti"],"articleSection":["Transfers","Transfers"],"inLanguage":"en-US"},{"@type":"WebPage","@id":"https:\/\/www.fcbarcelonanoticias.com\/en\/transfers\/the-indirect-of-the-rennes-on-the-signing-of-umtiti_281840_102.html","url":"https:\/\/www.fcbarcelonanoticias.com\/en\/transfers\/the-indirect-of-the-rennes-on-the-signing-of-umtiti_281840_102.html","name":"The indirect of the Rennes on the signing of Umtiti","isPartOf":{"@id":"https:\/\/www.fcbarcelonanoticias.com\/en\/#website"},"primaryImageOfPage":{"@id":"https:\/\/www.fcbarcelonanoticias.com\/en\/transfers\/the-indirect-of-the-rennes-on-the-signing-of-umtiti_281840_102.html#primaryimage"},"image":{"@id":"https:\/\/www.fcbarcelonanoticias.com\/en\/transfers\/the-indirect-of-the-rennes-on-the-signing-of-umtiti_281840_102.html#primaryimage"},"thumbnailUrl":"https:\/\/www.fcbarcelonanoticias.com\/en\/wp-content\/uploads\/sites\/2\/2022\/07\/1004182409.jpeg","datePublished":"2022-07-03T14:21:00+00:00","dateModified":"2022-07-03T14:22:00+00:00","author":{"@id":"https:\/\/www.fcbarcelonanoticias.com\/en\/#\/schema\/person\/c2cd9f6fa1af5c0d0eccd0fefa575c88"},"description":"Bruno G\u00e9n\u00e9sio, technician of the Rennes, has asked the signing of Samuel Umtiti for this summer. The m\u00edster of Lyon shared with the central in the Olympique mientra...","breadcrumb":{"@id":"https:\/\/www.fcbarcelonanoticias.com\/en\/transfers\/the-indirect-of-the-rennes-on-the-signing-of-umtiti_281840_102.html#breadcrumb"},"inLanguage":"en-US","potentialAction":[{"@type":"ReadAction","target":["https:\/\/www.fcbarcelonanoticias.com\/en\/transfers\/the-indirect-of-the-rennes-on-the-signing-of-umtiti_281840_102.html"]}]},{"@type":"ImageObject","inLanguage":"en-US","@id":"https:\/\/www.fcbarcelonanoticias.com\/en\/transfers\/the-indirect-of-the-rennes-on-the-signing-of-umtiti_281840_102.html#primaryimage","url":"https:\/\/www.fcbarcelonanoticias.com\/en\/wp-content\/uploads\/sites\/2\/2022\/07\/1004182409.jpeg","contentUrl":"https:\/\/www.fcbarcelonanoticias.com\/en\/wp-content\/uploads\/sites\/2\/2022\/07\/1004182409.jpeg","width":1200,"height":700},{"@type":"BreadcrumbList","@id":"https:\/\/www.fcbarcelonanoticias.com\/en\/transfers\/the-indirect-of-the-rennes-on-the-signing-of-umtiti_281840_102.html#breadcrumb","itemListElement":[{"@type":"ListItem","position":1,"name":"Portada","item":"https:\/\/www.fcbarcelonanoticias.com\/en\/"},{"@type":"ListItem","position":2,"name":"The hint of Rennes on the signing of Umtiti"}]},{"@type":"WebSite","@id":"https:\/\/www.fcbarcelonanoticias.com\/en\/#website","url":"https:\/\/www.fcbarcelonanoticias.com\/en\/","name":"EN - FC Barcelona Noticias","description":"","potentialAction":[{"@type":"SearchAction","target":{"@type":"EntryPoint","urlTemplate":"https:\/\/www.fcbarcelonanoticias.com\/en\/?s={search_term_string}"},"query-input":{"@type":"PropertyValueSpecification","valueRequired":true,"valueName":"search_term_string"}}],"inLanguage":"en-US"},{"@type":"Person","@id":"https:\/\/www.fcbarcelonanoticias.com\/en\/#\/schema\/person\/c2cd9f6fa1af5c0d0eccd0fefa575c88","name":"Andr\u00e9s Quiroz","image":{"@type":"ImageObject","inLanguage":"en-US","@id":"https:\/\/secure.gravatar.com\/avatar\/?s=96&d=mm&r=g","url":"https:\/\/secure.gravatar.com\/avatar\/?s=96&d=mm&r=g","contentUrl":"https:\/\/secure.gravatar.com\/avatar\/?s=96&d=mm&r=g","caption":"Andr\u00e9s Quiroz"},"description":"Licenciado en Periodismo por la Universidad de los Andes. Me encargo de analizar y compartir los contenidos m\u00e1s destacados de la\u00a0actualidad del F\u00fatbol Club Barcelona, Mercado de Fichajes y F\u00fatbol Internacional en FCBN. La informaci\u00f3n es poder, pero tambi\u00e9n conocimiento.","url":"https:\/\/www.fcbarcelonanoticias.com\/en\/fc-barcelona\/andres-quiroz_17_115.html"}]}},"_links":{"self":[{"href":"https:\/\/www.fcbarcelonanoticias.com\/en\/wp-json\/wp\/v2\/posts\/142286","targetHints":{"allow":["GET"]}}],"collection":[{"href":"https:\/\/www.fcbarcelonanoticias.com\/en\/wp-json\/wp\/v2\/posts"}],"about":[{"href":"https:\/\/www.fcbarcelonanoticias.com\/en\/wp-json\/wp\/v2\/types\/post"}],"author":[{"embeddable":true,"href":"https:\/\/www.fcbarcelonanoticias.com\/en\/wp-json\/wp\/v2\/users\/347"}],"replies":[{"embeddable":true,"href":"https:\/\/www.fcbarcelonanoticias.com\/en\/wp-json\/wp\/v2\/comments?post=142286"}],"version-history":[{"count":1,"href":"https:\/\/www.fcbarcelonanoticias.com\/en\/wp-json\/wp\/v2\/posts\/142286\/revisions"}],"predecessor-version":[{"id":154730,"href":"https:\/\/www.fcbarcelonanoticias.com\/en\/wp-json\/wp\/v2\/posts\/142286\/revisions\/154730"}],"wp:featuredmedia":[{"embeddable":true,"href":"https:\/\/www.fcbarcelonanoticias.com\/en\/wp-json\/wp\/v2\/media\/142290"}],"wp:attachment":[{"href":"https:\/\/www.fcbarcelonanoticias.com\/en\/wp-json\/wp\/v2\/media?parent=142286"}],"wp:term":[{"taxonomy":"category","embeddable":true,"href":"https:\/\/www.fcbarcelonanoticias.com\/en\/wp-json\/wp\/v2\/categories?post=142286"},{"taxonomy":"post_tag","embeddable":true,"href":"https:\/\/www.fcbarcelonanoticias.com\/en\/wp-json\/wp\/v2\/tags?post=142286"}],"curies":[{"name":"wp","href":"https:\/\/api.w.org\/{rel}","templated":true}]}}