{"id":142405,"date":"2024-06-08T08:03:00","date_gmt":"2024-06-08T06:03:00","guid":{"rendered":"https:\/\/weisetech.dev\/fc-barcelona-noticias\/en\/the-barca-follows-working-to-win-to-the-premier-and-the-eredivisie-in-the-career-by-fichar-to-mokio_304277_102\/"},"modified":"2024-06-10T00:58:00","modified_gmt":"2024-06-09T22:58:00","slug":"the-barca-follows-working-to-win-to-the-premier-and-the-eredivisie-in-the-career-by-fichar-to-mokio_304277_102","status":"publish","type":"post","link":"https:\/\/www.fcbarcelonanoticias.com\/en\/transfers\/the-barca-follows-working-to-win-to-the-premier-and-the-eredivisie-in-the-career-by-fichar-to-mokio_304277_102.html","title":{"rendered":"Bar\u00e7a continues working to win the Premier and the Eredivisie in the race to sign Mokio"},"content":{"rendered":"<h2 class=\"wp-block-heading\">Bar\u00e7a has its sights on Jorthy Mokio as one of the club&#8217;s bets for the future. The Catalans are aware of the interest that the 16-year-old central defender has aroused in the Premier League and the Eredivisie and has anticipated his possible competition<\/h2>  \r\n<div class=\"article-addons\">\r\n    <a href=\"https:\/\/www.fcbarcelonanoticias.com\/en\/calendar-fc-barcelona.html\"\r\n       target=\"_self\"\r\n       title=\"Calendar of FC Barcelona\"\r\n       class=\"blue-gredient-btn\">\r\n       \r\n        Calendar of FC Barcelona    <\/a>\r\n<\/div>   <p>The <a data-external=\"0\" data-intl-links-en=\"https:\/\/www.fcbarcelonanoticias.com\/en\/fc-barcelona\" data-intl-links-es=\"https:\/\/www.fcbarcelonanoticias.com\/fc-barcelona\" href=\"https:\/\/www.fcbarcelonanoticias.com\/en\/football-soccer\/fc-barcelona.html\" rel=\"follow\" target=\"_self\" title=\"FC Barcelona\">FC Barcelona<\/a> <strong>works in reinforcing his staff no only of face to the present, but also with regard to the future of the club<\/strong>. The entity blaugrana, in addition to giving him a lot of weight and importance to the &#8216;perlas&#8217; of the Masia, keeps opened the &#8216;road&#8217; to incorporate to youngsters &#8216;jewels&#8217; of the world-wide football whose potential invite to think that can be keys in the first team along the next years.<\/p>  <p><strong>The last footballer in fulfilling with these conditions and that has called the attention in Can Bar\u00e7a is Jorthy Mokio<\/strong>. The central of 16 years, current player of the KAA Gent of Belgium, burst into in the Jupiler Pro League like one of the big disclosures of the season, waking up the interest of clubs like the <a data-external=\"0\" data-intl-links-en=\"https:\/\/www.fcbarcelonanoticias.com\/en\/tags\/manchester-city\" data-intl-links-es=\"https:\/\/www.fcbarcelonanoticias.com\/tags\/manchester-city\" href=\"https:\/\/www.fcbarcelonanoticias.com\/en\/tags\/manchester-city.html\" rel=\"follow\" target=\"_self\" title=\"Manchester City\">Manchester City<\/a> and the Rome, in addition to the blaugranas.<\/p>  <p>However, it went the Catalan square the first in advancing in the &#8216;career&#8217; by the defender. The cul\u00e9s, conscious that if the footballer oriented by economic subjects went to be very difficult to win the &#8216;auction&#8217; in front of other big European teams, <strong>tried to convince him with a sportive project of future, and everything aims to that attained his committed<\/strong>.<\/p>  <p>In spite of that his possible arrival could see &#8216;committed&#8217; by the change of trainer, the true is that the Bar\u00e7a never abandoned this aim and the contacts have gone intensifying these last weeks. According to the journalist Matteo Moretto, <strong>recently produced new conversations between the entity blaugrana and the surroundings of Mokio<\/strong>.<\/p>  <h2>The Premier and the Eredivisie, to the &#8216;threaten&#8217;<\/h2>  <p>Of the same way, the previously mentioned source sustains that the operation of the central defender is totally open. Although the Bar\u00e7a is working to lead the &#8216;bidding&#8217; by Mokio, <strong>from the Premier League and the Eredivisie have done him arrive to the player several greater economic offers to the proposals by the cul\u00e9s<\/strong>, by what in his hands is to decide between the money and the sportive project.<\/p> ","protected":false},"excerpt":{"rendered":"<p>Bar\u00e7a has its sights on Jorthy Mokio as one of the club&#8217;s bets for the future. The Catalans are aware of the interest that the 16-year-old central defender has aroused in the Premier League and the Eredivisie and has anticipated his possible competition The FC Barcelona works in reinforcing his staff no only of face [&hellip;]<\/p>\n","protected":false},"author":358,"featured_media":142407,"comment_status":"closed","ping_status":"open","sticky":false,"template":"","format":"standard","meta":{"_acf_changed":false,"inline_featured_image":false,"_nextfly_llmd_date_locked":false,"footnotes":""},"categories":[449,106],"tags":[213,430,222],"class_list":["post-142405","post","type-post","status-publish","format-standard","has-post-thumbnail","hentry","category-transfers-2","category-transfers","tag-ajax","tag-gent","tag-psv-eindhoven"],"acf":[],"yoast_head":"<!-- This site is optimized with the Yoast SEO plugin v27.3 - https:\/\/yoast.com\/product\/yoast-seo-wordpress\/ -->\n<title>The Bar\u00e7a follows working to win to the Premier and the Eredivisie in the career by fichar to Mokio<\/title>\n<meta name=\"description\" content=\"The Bar\u00e7a has looks it in Jorthy Mokio like one of the bet to future of the club. The Catalans are conscious of the interest that has woken up the central of 16 years in the Premier League and the Eredivisie and has advanced to his possible competition\" \/>\n<meta name=\"robots\" content=\"index, follow, max-snippet:-1, max-image-preview:large, max-video-preview:-1\" \/>\n<link rel=\"canonical\" href=\"https:\/\/www.fcbarcelonanoticias.com\/en\/transfers\/the-barca-follows-working-to-win-to-the-premier-and-the-eredivisie-in-the-career-by-fichar-to-mokio_304277_102.html\" \/>\n<meta property=\"og:locale\" content=\"en_US\" \/>\n<meta property=\"og:type\" content=\"article\" \/>\n<meta property=\"og:title\" content=\"The Bar\u00e7a follows working to win to the Premier and the Eredivisie in the career by fichar to Mokio\" \/>\n<meta property=\"og:description\" content=\"The Bar\u00e7a has looks it in Jorthy Mokio like one of the bet to future of the club. The Catalans are conscious of the interest that has woken up the central of 16 years in the Premier League and the Eredivisie and has advanced to his possible competition\" \/>\n<meta property=\"og:url\" content=\"https:\/\/www.fcbarcelonanoticias.com\/en\/transfers\/the-barca-follows-working-to-win-to-the-premier-and-the-eredivisie-in-the-career-by-fichar-to-mokio_304277_102.html\" \/>\n<meta property=\"og:site_name\" content=\"EN - FC Barcelona Noticias\" \/>\n<meta property=\"article:published_time\" content=\"2024-06-08T06:03:00+00:00\" \/>\n<meta property=\"article:modified_time\" content=\"2024-06-09T22:58:00+00:00\" \/>\n<meta property=\"og:image\" content=\"https:\/\/www.fcbarcelonanoticias.com\/en\/wp-content\/uploads\/sites\/2\/2024\/06\/jorthy-mokio-con-el-kaa-gent-de-belgica-2.png\" \/>\n\t<meta property=\"og:image:width\" content=\"1300\" \/>\n\t<meta property=\"og:image:height\" content=\"732\" \/>\n\t<meta property=\"og:image:type\" content=\"image\/png\" \/>\n<meta name=\"author\" content=\"Juan Pablo Berdugo\" \/>\n<meta name=\"twitter:card\" content=\"summary_large_image\" \/>\n<meta name=\"twitter:label1\" content=\"Written by\" \/>\n\t<meta name=\"twitter:data1\" content=\"Juan Pablo Berdugo\" \/>\n\t<meta name=\"twitter:label2\" content=\"Est. reading time\" \/>\n\t<meta name=\"twitter:data2\" content=\"2 minutes\" \/>\n<script type=\"application\/ld+json\" class=\"yoast-schema-graph\">{\"@context\":\"https:\\\/\\\/schema.org\",\"@graph\":[{\"@type\":\"Article\",\"@id\":\"https:\\\/\\\/www.fcbarcelonanoticias.com\\\/en\\\/transfers\\\/the-barca-follows-working-to-win-to-the-premier-and-the-eredivisie-in-the-career-by-fichar-to-mokio_304277_102.html#article\",\"isPartOf\":{\"@id\":\"https:\\\/\\\/www.fcbarcelonanoticias.com\\\/en\\\/transfers\\\/the-barca-follows-working-to-win-to-the-premier-and-the-eredivisie-in-the-career-by-fichar-to-mokio_304277_102.html\"},\"author\":{\"name\":\"Juan Pablo Berdugo\",\"@id\":\"https:\\\/\\\/www.fcbarcelonanoticias.com\\\/en\\\/#\\\/schema\\\/person\\\/88d756918a0a1ae9fa593b5edddd1815\"},\"headline\":\"Bar\u00e7a continues working to win the Premier and the Eredivisie in the race to sign Mokio\",\"datePublished\":\"2024-06-08T06:03:00+00:00\",\"dateModified\":\"2024-06-09T22:58:00+00:00\",\"mainEntityOfPage\":{\"@id\":\"https:\\\/\\\/www.fcbarcelonanoticias.com\\\/en\\\/transfers\\\/the-barca-follows-working-to-win-to-the-premier-and-the-eredivisie-in-the-career-by-fichar-to-mokio_304277_102.html\"},\"wordCount\":399,\"image\":{\"@id\":\"https:\\\/\\\/www.fcbarcelonanoticias.com\\\/en\\\/transfers\\\/the-barca-follows-working-to-win-to-the-premier-and-the-eredivisie-in-the-career-by-fichar-to-mokio_304277_102.html#primaryimage\"},\"thumbnailUrl\":\"https:\\\/\\\/www.fcbarcelonanoticias.com\\\/en\\\/wp-content\\\/uploads\\\/sites\\\/2\\\/2024\\\/06\\\/jorthy-mokio-con-el-kaa-gent-de-belgica-2.png\",\"keywords\":[\"Ajax\",\"Gent\",\"PSV Eindhoven\"],\"articleSection\":[\"Transfers\",\"Transfers\"],\"inLanguage\":\"en-US\"},{\"@type\":\"WebPage\",\"@id\":\"https:\\\/\\\/www.fcbarcelonanoticias.com\\\/en\\\/transfers\\\/the-barca-follows-working-to-win-to-the-premier-and-the-eredivisie-in-the-career-by-fichar-to-mokio_304277_102.html\",\"url\":\"https:\\\/\\\/www.fcbarcelonanoticias.com\\\/en\\\/transfers\\\/the-barca-follows-working-to-win-to-the-premier-and-the-eredivisie-in-the-career-by-fichar-to-mokio_304277_102.html\",\"name\":\"The Bar\u00e7a follows working to win to the Premier and the Eredivisie in the career by fichar to Mokio\",\"isPartOf\":{\"@id\":\"https:\\\/\\\/www.fcbarcelonanoticias.com\\\/en\\\/#website\"},\"primaryImageOfPage\":{\"@id\":\"https:\\\/\\\/www.fcbarcelonanoticias.com\\\/en\\\/transfers\\\/the-barca-follows-working-to-win-to-the-premier-and-the-eredivisie-in-the-career-by-fichar-to-mokio_304277_102.html#primaryimage\"},\"image\":{\"@id\":\"https:\\\/\\\/www.fcbarcelonanoticias.com\\\/en\\\/transfers\\\/the-barca-follows-working-to-win-to-the-premier-and-the-eredivisie-in-the-career-by-fichar-to-mokio_304277_102.html#primaryimage\"},\"thumbnailUrl\":\"https:\\\/\\\/www.fcbarcelonanoticias.com\\\/en\\\/wp-content\\\/uploads\\\/sites\\\/2\\\/2024\\\/06\\\/jorthy-mokio-con-el-kaa-gent-de-belgica-2.png\",\"datePublished\":\"2024-06-08T06:03:00+00:00\",\"dateModified\":\"2024-06-09T22:58:00+00:00\",\"author\":{\"@id\":\"https:\\\/\\\/www.fcbarcelonanoticias.com\\\/en\\\/#\\\/schema\\\/person\\\/88d756918a0a1ae9fa593b5edddd1815\"},\"description\":\"The Bar\u00e7a has looks it in Jorthy Mokio like one of the bet to future of the club. The Catalans are conscious of the interest that has woken up the central of 16 years in the Premier League and the Eredivisie and has advanced to his possible competition\",\"breadcrumb\":{\"@id\":\"https:\\\/\\\/www.fcbarcelonanoticias.com\\\/en\\\/transfers\\\/the-barca-follows-working-to-win-to-the-premier-and-the-eredivisie-in-the-career-by-fichar-to-mokio_304277_102.html#breadcrumb\"},\"inLanguage\":\"en-US\",\"potentialAction\":[{\"@type\":\"ReadAction\",\"target\":[\"https:\\\/\\\/www.fcbarcelonanoticias.com\\\/en\\\/transfers\\\/the-barca-follows-working-to-win-to-the-premier-and-the-eredivisie-in-the-career-by-fichar-to-mokio_304277_102.html\"]}]},{\"@type\":\"ImageObject\",\"inLanguage\":\"en-US\",\"@id\":\"https:\\\/\\\/www.fcbarcelonanoticias.com\\\/en\\\/transfers\\\/the-barca-follows-working-to-win-to-the-premier-and-the-eredivisie-in-the-career-by-fichar-to-mokio_304277_102.html#primaryimage\",\"url\":\"https:\\\/\\\/www.fcbarcelonanoticias.com\\\/en\\\/wp-content\\\/uploads\\\/sites\\\/2\\\/2024\\\/06\\\/jorthy-mokio-con-el-kaa-gent-de-belgica-2.png\",\"contentUrl\":\"https:\\\/\\\/www.fcbarcelonanoticias.com\\\/en\\\/wp-content\\\/uploads\\\/sites\\\/2\\\/2024\\\/06\\\/jorthy-mokio-con-el-kaa-gent-de-belgica-2.png\",\"width\":1300,\"height\":732},{\"@type\":\"BreadcrumbList\",\"@id\":\"https:\\\/\\\/www.fcbarcelonanoticias.com\\\/en\\\/transfers\\\/the-barca-follows-working-to-win-to-the-premier-and-the-eredivisie-in-the-career-by-fichar-to-mokio_304277_102.html#breadcrumb\",\"itemListElement\":[{\"@type\":\"ListItem\",\"position\":1,\"name\":\"Portada\",\"item\":\"https:\\\/\\\/www.fcbarcelonanoticias.com\\\/en\\\/\"},{\"@type\":\"ListItem\",\"position\":2,\"name\":\"Bar\u00e7a continues working to win the Premier and the Eredivisie in the race to sign Mokio\"}]},{\"@type\":\"WebSite\",\"@id\":\"https:\\\/\\\/www.fcbarcelonanoticias.com\\\/en\\\/#website\",\"url\":\"https:\\\/\\\/www.fcbarcelonanoticias.com\\\/en\\\/\",\"name\":\"EN - FC Barcelona Noticias\",\"description\":\"\",\"potentialAction\":[{\"@type\":\"SearchAction\",\"target\":{\"@type\":\"EntryPoint\",\"urlTemplate\":\"https:\\\/\\\/www.fcbarcelonanoticias.com\\\/en\\\/?s={search_term_string}\"},\"query-input\":{\"@type\":\"PropertyValueSpecification\",\"valueRequired\":true,\"valueName\":\"search_term_string\"}}],\"inLanguage\":\"en-US\"},{\"@type\":\"Person\",\"@id\":\"https:\\\/\\\/www.fcbarcelonanoticias.com\\\/en\\\/#\\\/schema\\\/person\\\/88d756918a0a1ae9fa593b5edddd1815\",\"name\":\"Juan Pablo Berdugo\",\"image\":{\"@type\":\"ImageObject\",\"inLanguage\":\"en-US\",\"@id\":\"https:\\\/\\\/secure.gravatar.com\\\/avatar\\\/?s=96&d=mm&r=g\",\"url\":\"https:\\\/\\\/secure.gravatar.com\\\/avatar\\\/?s=96&d=mm&r=g\",\"contentUrl\":\"https:\\\/\\\/secure.gravatar.com\\\/avatar\\\/?s=96&d=mm&r=g\",\"caption\":\"Juan Pablo Berdugo\"},\"description\":\"Juan Pablo Berdugo es graduado en Periodismo. Colabora con FCBN como especialista en informaci\u00f3n del primer equipo del FC Barcelona, f\u00fatbol internacional y mercado de fichajes. Destaca por su enfoque anal\u00edtico, su rigor informativo y su capacidad para detectar tendencias emergentes en el f\u00fatbol global.\",\"url\":\"https:\\\/\\\/www.fcbarcelonanoticias.com\\\/en\\\/fc-barcelona\\\/juan-pablo-berdugo_18_115.html\"}]}<\/script>\n<!-- \/ Yoast SEO plugin. -->","yoast_head_json":{"title":"The Bar\u00e7a follows working to win to the Premier and the Eredivisie in the career by fichar to Mokio","description":"The Bar\u00e7a has looks it in Jorthy Mokio like one of the bet to future of the club. The Catalans are conscious of the interest that has woken up the central of 16 years in the Premier League and the Eredivisie and has advanced to his possible competition","robots":{"index":"index","follow":"follow","max-snippet":"max-snippet:-1","max-image-preview":"max-image-preview:large","max-video-preview":"max-video-preview:-1"},"canonical":"https:\/\/www.fcbarcelonanoticias.com\/en\/transfers\/the-barca-follows-working-to-win-to-the-premier-and-the-eredivisie-in-the-career-by-fichar-to-mokio_304277_102.html","og_locale":"en_US","og_type":"article","og_title":"The Bar\u00e7a follows working to win to the Premier and the Eredivisie in the career by fichar to Mokio","og_description":"The Bar\u00e7a has looks it in Jorthy Mokio like one of the bet to future of the club. The Catalans are conscious of the interest that has woken up the central of 16 years in the Premier League and the Eredivisie and has advanced to his possible competition","og_url":"https:\/\/www.fcbarcelonanoticias.com\/en\/transfers\/the-barca-follows-working-to-win-to-the-premier-and-the-eredivisie-in-the-career-by-fichar-to-mokio_304277_102.html","og_site_name":"EN - FC Barcelona Noticias","article_published_time":"2024-06-08T06:03:00+00:00","article_modified_time":"2024-06-09T22:58:00+00:00","og_image":[{"width":1300,"height":732,"url":"https:\/\/www.fcbarcelonanoticias.com\/en\/wp-content\/uploads\/sites\/2\/2024\/06\/jorthy-mokio-con-el-kaa-gent-de-belgica-2.png","type":"image\/png"}],"author":"Juan Pablo Berdugo","twitter_card":"summary_large_image","twitter_misc":{"Written by":"Juan Pablo Berdugo","Est. reading time":"2 minutes"},"schema":{"@context":"https:\/\/schema.org","@graph":[{"@type":"Article","@id":"https:\/\/www.fcbarcelonanoticias.com\/en\/transfers\/the-barca-follows-working-to-win-to-the-premier-and-the-eredivisie-in-the-career-by-fichar-to-mokio_304277_102.html#article","isPartOf":{"@id":"https:\/\/www.fcbarcelonanoticias.com\/en\/transfers\/the-barca-follows-working-to-win-to-the-premier-and-the-eredivisie-in-the-career-by-fichar-to-mokio_304277_102.html"},"author":{"name":"Juan Pablo Berdugo","@id":"https:\/\/www.fcbarcelonanoticias.com\/en\/#\/schema\/person\/88d756918a0a1ae9fa593b5edddd1815"},"headline":"Bar\u00e7a continues working to win the Premier and the Eredivisie in the race to sign Mokio","datePublished":"2024-06-08T06:03:00+00:00","dateModified":"2024-06-09T22:58:00+00:00","mainEntityOfPage":{"@id":"https:\/\/www.fcbarcelonanoticias.com\/en\/transfers\/the-barca-follows-working-to-win-to-the-premier-and-the-eredivisie-in-the-career-by-fichar-to-mokio_304277_102.html"},"wordCount":399,"image":{"@id":"https:\/\/www.fcbarcelonanoticias.com\/en\/transfers\/the-barca-follows-working-to-win-to-the-premier-and-the-eredivisie-in-the-career-by-fichar-to-mokio_304277_102.html#primaryimage"},"thumbnailUrl":"https:\/\/www.fcbarcelonanoticias.com\/en\/wp-content\/uploads\/sites\/2\/2024\/06\/jorthy-mokio-con-el-kaa-gent-de-belgica-2.png","keywords":["Ajax","Gent","PSV Eindhoven"],"articleSection":["Transfers","Transfers"],"inLanguage":"en-US"},{"@type":"WebPage","@id":"https:\/\/www.fcbarcelonanoticias.com\/en\/transfers\/the-barca-follows-working-to-win-to-the-premier-and-the-eredivisie-in-the-career-by-fichar-to-mokio_304277_102.html","url":"https:\/\/www.fcbarcelonanoticias.com\/en\/transfers\/the-barca-follows-working-to-win-to-the-premier-and-the-eredivisie-in-the-career-by-fichar-to-mokio_304277_102.html","name":"The Bar\u00e7a follows working to win to the Premier and the Eredivisie in the career by fichar to Mokio","isPartOf":{"@id":"https:\/\/www.fcbarcelonanoticias.com\/en\/#website"},"primaryImageOfPage":{"@id":"https:\/\/www.fcbarcelonanoticias.com\/en\/transfers\/the-barca-follows-working-to-win-to-the-premier-and-the-eredivisie-in-the-career-by-fichar-to-mokio_304277_102.html#primaryimage"},"image":{"@id":"https:\/\/www.fcbarcelonanoticias.com\/en\/transfers\/the-barca-follows-working-to-win-to-the-premier-and-the-eredivisie-in-the-career-by-fichar-to-mokio_304277_102.html#primaryimage"},"thumbnailUrl":"https:\/\/www.fcbarcelonanoticias.com\/en\/wp-content\/uploads\/sites\/2\/2024\/06\/jorthy-mokio-con-el-kaa-gent-de-belgica-2.png","datePublished":"2024-06-08T06:03:00+00:00","dateModified":"2024-06-09T22:58:00+00:00","author":{"@id":"https:\/\/www.fcbarcelonanoticias.com\/en\/#\/schema\/person\/88d756918a0a1ae9fa593b5edddd1815"},"description":"The Bar\u00e7a has looks it in Jorthy Mokio like one of the bet to future of the club. The Catalans are conscious of the interest that has woken up the central of 16 years in the Premier League and the Eredivisie and has advanced to his possible competition","breadcrumb":{"@id":"https:\/\/www.fcbarcelonanoticias.com\/en\/transfers\/the-barca-follows-working-to-win-to-the-premier-and-the-eredivisie-in-the-career-by-fichar-to-mokio_304277_102.html#breadcrumb"},"inLanguage":"en-US","potentialAction":[{"@type":"ReadAction","target":["https:\/\/www.fcbarcelonanoticias.com\/en\/transfers\/the-barca-follows-working-to-win-to-the-premier-and-the-eredivisie-in-the-career-by-fichar-to-mokio_304277_102.html"]}]},{"@type":"ImageObject","inLanguage":"en-US","@id":"https:\/\/www.fcbarcelonanoticias.com\/en\/transfers\/the-barca-follows-working-to-win-to-the-premier-and-the-eredivisie-in-the-career-by-fichar-to-mokio_304277_102.html#primaryimage","url":"https:\/\/www.fcbarcelonanoticias.com\/en\/wp-content\/uploads\/sites\/2\/2024\/06\/jorthy-mokio-con-el-kaa-gent-de-belgica-2.png","contentUrl":"https:\/\/www.fcbarcelonanoticias.com\/en\/wp-content\/uploads\/sites\/2\/2024\/06\/jorthy-mokio-con-el-kaa-gent-de-belgica-2.png","width":1300,"height":732},{"@type":"BreadcrumbList","@id":"https:\/\/www.fcbarcelonanoticias.com\/en\/transfers\/the-barca-follows-working-to-win-to-the-premier-and-the-eredivisie-in-the-career-by-fichar-to-mokio_304277_102.html#breadcrumb","itemListElement":[{"@type":"ListItem","position":1,"name":"Portada","item":"https:\/\/www.fcbarcelonanoticias.com\/en\/"},{"@type":"ListItem","position":2,"name":"Bar\u00e7a continues working to win the Premier and the Eredivisie in the race to sign Mokio"}]},{"@type":"WebSite","@id":"https:\/\/www.fcbarcelonanoticias.com\/en\/#website","url":"https:\/\/www.fcbarcelonanoticias.com\/en\/","name":"EN - FC Barcelona Noticias","description":"","potentialAction":[{"@type":"SearchAction","target":{"@type":"EntryPoint","urlTemplate":"https:\/\/www.fcbarcelonanoticias.com\/en\/?s={search_term_string}"},"query-input":{"@type":"PropertyValueSpecification","valueRequired":true,"valueName":"search_term_string"}}],"inLanguage":"en-US"},{"@type":"Person","@id":"https:\/\/www.fcbarcelonanoticias.com\/en\/#\/schema\/person\/88d756918a0a1ae9fa593b5edddd1815","name":"Juan Pablo Berdugo","image":{"@type":"ImageObject","inLanguage":"en-US","@id":"https:\/\/secure.gravatar.com\/avatar\/?s=96&d=mm&r=g","url":"https:\/\/secure.gravatar.com\/avatar\/?s=96&d=mm&r=g","contentUrl":"https:\/\/secure.gravatar.com\/avatar\/?s=96&d=mm&r=g","caption":"Juan Pablo Berdugo"},"description":"Juan Pablo Berdugo es graduado en Periodismo. Colabora con FCBN como especialista en informaci\u00f3n del primer equipo del FC Barcelona, f\u00fatbol internacional y mercado de fichajes. Destaca por su enfoque anal\u00edtico, su rigor informativo y su capacidad para detectar tendencias emergentes en el f\u00fatbol global.","url":"https:\/\/www.fcbarcelonanoticias.com\/en\/fc-barcelona\/juan-pablo-berdugo_18_115.html"}]}},"_links":{"self":[{"href":"https:\/\/www.fcbarcelonanoticias.com\/en\/wp-json\/wp\/v2\/posts\/142405","targetHints":{"allow":["GET"]}}],"collection":[{"href":"https:\/\/www.fcbarcelonanoticias.com\/en\/wp-json\/wp\/v2\/posts"}],"about":[{"href":"https:\/\/www.fcbarcelonanoticias.com\/en\/wp-json\/wp\/v2\/types\/post"}],"author":[{"embeddable":true,"href":"https:\/\/www.fcbarcelonanoticias.com\/en\/wp-json\/wp\/v2\/users\/358"}],"replies":[{"embeddable":true,"href":"https:\/\/www.fcbarcelonanoticias.com\/en\/wp-json\/wp\/v2\/comments?post=142405"}],"version-history":[{"count":1,"href":"https:\/\/www.fcbarcelonanoticias.com\/en\/wp-json\/wp\/v2\/posts\/142405\/revisions"}],"predecessor-version":[{"id":154990,"href":"https:\/\/www.fcbarcelonanoticias.com\/en\/wp-json\/wp\/v2\/posts\/142405\/revisions\/154990"}],"wp:featuredmedia":[{"embeddable":true,"href":"https:\/\/www.fcbarcelonanoticias.com\/en\/wp-json\/wp\/v2\/media\/142407"}],"wp:attachment":[{"href":"https:\/\/www.fcbarcelonanoticias.com\/en\/wp-json\/wp\/v2\/media?parent=142405"}],"wp:term":[{"taxonomy":"category","embeddable":true,"href":"https:\/\/www.fcbarcelonanoticias.com\/en\/wp-json\/wp\/v2\/categories?post=142405"},{"taxonomy":"post_tag","embeddable":true,"href":"https:\/\/www.fcbarcelonanoticias.com\/en\/wp-json\/wp\/v2\/tags?post=142405"}],"curies":[{"name":"wp","href":"https:\/\/api.w.org\/{rel}","templated":true}]}}