{"id":142436,"date":"2022-08-10T16:54:00","date_gmt":"2022-08-10T14:54:00","guid":{"rendered":"https:\/\/weisetech.dev\/fc-barcelona-noticias\/en\/the-jewel-of-the-sporting-that-could-reinforce-free-to-the-barca_283097_102\/"},"modified":"2022-08-10T16:54:00","modified_gmt":"2022-08-10T14:54:00","slug":"the-jewel-of-the-sporting-that-could-reinforce-free-to-the-barca_283097_102","status":"publish","type":"post","link":"https:\/\/www.fcbarcelonanoticias.com\/en\/transfers\/the-jewel-of-the-sporting-that-could-reinforce-free-to-the-barca_283097_102.html","title":{"rendered":"The &#8216;jewel&#8217; of Sporting that could reinforce Bar\u00e7a for free"},"content":{"rendered":"<h2 class=\"wp-block-heading\">San\u00e1 Fernandes could join Barcelona&#8217;s academy, either with Juvenil A or Bar\u00e7a Atl\u00e8tic. The 16-year-old winger has refused to renew with Lisbon, although he would also be on City&#8217;s agenda<\/h2>  \r\n<div class=\"article-addons\">\r\n    <a href=\"https:\/\/www.fcbarcelonanoticias.com\/en\/calendar-fc-barcelona.html\"\r\n       target=\"_self\"\r\n       title=\"Calendar of FC Barcelona\"\r\n       class=\"blue-gredient-btn\">\r\n       \r\n        Calendar of FC Barcelona    <\/a>\r\n<\/div>   <p>Although the FC Barcelona has practically defined his aims of face to the next weeks of the market of signings for the first team, with the operations to bring to <a data-external=\"0\" data-intl-links-en=\"https:\/\/www.fcbarcelonanoticias.com\/en\/fc-barcelona\/marcos-alonso-will-force-to-balde-to-take-decision-on_283094_102.html\" data-intl-links-es=\"https:\/\/www.fcbarcelonanoticias.com\/fc-barcelona\/marcos-alonso-obligara-balde-tomar-decision-sobre-su-futuro_283094_102.html\" href=\"https:\/\/www.fcbarcelonanoticias.com\/en\/fc-barcelona\/marcos-alonso-will-force-to-balde-to-take-decision-on_283094_102.html\" rel=\"follow\" target=\"_self\" title=\"Marcos Alonso obligar\u00e1 a Balde a tomar una decisi\u00f3n sobre su futuro\">Marcos Alonso<\/a> and Bernardo Silva, <strong>is possible that a new name can add to the diary of Joan Laporta to reinforce his quarry<\/strong>, in accordance with some informations spread by part of the Portuguese press.<\/p>  <p>In accordance with the newspaper &#8216;Sport&#8217;, the player in question would be <strong>San\u00e1 Fernandes, the one who at present is a member of the Sporting of Lisbon<\/strong> and whose negative to renew with the &#8216;is\u00f5him&#8217; could would obey to his interest to add to the Juvenile To or even to the Bar\u00e7a Atl\u00e8tic of face to the next season. At present, the luso finds without team after the expiration of his agreement the past 1 July.<\/p>  <h3>The Bar\u00e7a would have competition by his signing<\/h3>  <p>In fact, the extreme of 16 years already has called the attention of several clubs along Europe, one of them has been the Manchester City. Fernandes Already has been international with the combined Portuguese sub-21, whereas <strong>in the inferior of the &#8216;green and brancos&#8217; was the author of a ten of goals along his 22 presentations during the season 2021-22<\/strong>.<\/p>  <p>Weeks backwards, the newspaper &#8216;Or Jogo&#8217; had spoken of the interest of the &#8216;sky blues&#8217; by his signing, after remaining impressed by the disequilibrium and the speed that characterise to the luso born in Guinea Bis\u00e1u. Thus, <strong>if the Bar\u00e7a wishes to incorporate him, will have to hurry<\/strong> and go in in contact with the attacker before the team of Pep Guardiola can anticipate in the operation.<\/p>  <p>After his arrival to the team lisboeta in 2018, San\u00e1 Fernandes has sacked of the &#8216;is\u00f5him&#8217; through his account in Instagram:<strong> &#8220;Thanks to all. Thank you Sporting!&#8221;<\/strong>. In case to arrive to the City Condal, his projection could allow him emulate to players like Pedri Gonz\u00e1lez, Ronald Ara\u00fajo, Nico Gonz\u00e1lez, those who have consolidated in the first team after his go through <a data-external=\"0\" data-intl-links-en=\"https:\/\/www.fcbarcelonanoticias.com\/en\/transfers\/the-barca-had-to-leave-go-out-to-one-of-the-defences-c_283095_102.html\" data-intl-links-es=\"https:\/\/www.fcbarcelonanoticias.com\/fichajes\/barcelona-dispuesto-dejar-salir-defensas-con-mas-proyeccion_283095_102.html\" href=\"https:\/\/www.fcbarcelonanoticias.com\/en\/transfers\/the-barca-had-to-leave-go-out-to-one-of-the-defences-c_283095_102.html\" rel=\"follow\" target=\"_self\" title=\"El Bar\u00e7a, dispuesto a dejar salir a uno de los defensas con m\u00e1s proyecci\u00f3n del B\">the Barcelona basic football<\/a>.<\/p> ","protected":false},"excerpt":{"rendered":"<p>San\u00e1 Fernandes could join Barcelona&#8217;s academy, either with Juvenil A or Bar\u00e7a Atl\u00e8tic. The 16-year-old winger has refused to renew with Lisbon, although he would also be on City&#8217;s agenda Although the FC Barcelona has practically defined his aims of face to the next weeks of the market of signings for the first team, with [&hellip;]<\/p>\n","protected":false},"author":378,"featured_media":142440,"comment_status":"closed","ping_status":"open","sticky":false,"template":"","format":"standard","meta":{"_acf_changed":false,"inline_featured_image":false,"_nextfly_llmd_date_locked":false,"footnotes":""},"categories":[449,106],"tags":[215,181],"class_list":["post-142436","post","type-post","status-publish","format-standard","has-post-thumbnail","hentry","category-transfers-2","category-transfers","tag-sporting-portugal","tag-the-masia"],"acf":[],"yoast_head":"<!-- This site is optimized with the Yoast SEO plugin v27.3 - https:\/\/yoast.com\/product\/yoast-seo-wordpress\/ -->\n<title>The &#039;jewel&#039; of the Sporting that could reinforce free to the Bar\u00e7a<\/title>\n<meta name=\"description\" content=\"San\u00e1 Fernandes Could add to the quarry of the Barcelona, well was to the Juvenile To or to the Bar\u00e7a Atl\u00e8tic. The extreme of 16 years has denied to renew with the lisb...\" \/>\n<meta name=\"robots\" content=\"index, follow, max-snippet:-1, max-image-preview:large, max-video-preview:-1\" \/>\n<link rel=\"canonical\" href=\"https:\/\/www.fcbarcelonanoticias.com\/en\/transfers\/the-jewel-of-the-sporting-that-could-reinforce-free-to-the-barca_283097_102.html\" \/>\n<meta property=\"og:locale\" content=\"en_US\" \/>\n<meta property=\"og:type\" content=\"article\" \/>\n<meta property=\"og:title\" content=\"The &#039;jewel&#039; of the Sporting that could reinforce free to the Bar\u00e7a\" \/>\n<meta property=\"og:description\" content=\"San\u00e1 Fernandes Could add to the quarry of the Barcelona, well was to the Juvenile To or to the Bar\u00e7a Atl\u00e8tic. The extreme of 16 years has denied to renew with the lisb...\" \/>\n<meta property=\"og:url\" content=\"https:\/\/www.fcbarcelonanoticias.com\/en\/transfers\/the-jewel-of-the-sporting-that-could-reinforce-free-to-the-barca_283097_102.html\" \/>\n<meta property=\"og:site_name\" content=\"EN - FC Barcelona Noticias\" \/>\n<meta property=\"article:published_time\" content=\"2022-08-10T14:54:00+00:00\" \/>\n<meta property=\"og:image\" content=\"https:\/\/www.fcbarcelonanoticias.com\/en\/wp-content\/uploads\/sites\/2\/2022\/08\/fbl-por-liga-sporting-santa-clara-1-scaled.jpeg\" \/>\n\t<meta property=\"og:image:width\" content=\"2560\" \/>\n\t<meta property=\"og:image:height\" content=\"1707\" \/>\n\t<meta property=\"og:image:type\" content=\"image\/jpeg\" \/>\n<meta name=\"author\" content=\"user_4034\" \/>\n<meta name=\"twitter:card\" content=\"summary_large_image\" \/>\n<meta name=\"twitter:label1\" content=\"Written by\" \/>\n\t<meta name=\"twitter:data1\" content=\"user_4034\" \/>\n\t<meta name=\"twitter:label2\" content=\"Est. reading time\" \/>\n\t<meta name=\"twitter:data2\" content=\"2 minutes\" \/>\n<script type=\"application\/ld+json\" class=\"yoast-schema-graph\">{\"@context\":\"https:\\\/\\\/schema.org\",\"@graph\":[{\"@type\":\"Article\",\"@id\":\"https:\\\/\\\/www.fcbarcelonanoticias.com\\\/en\\\/transfers\\\/the-jewel-of-the-sporting-that-could-reinforce-free-to-the-barca_283097_102.html#article\",\"isPartOf\":{\"@id\":\"https:\\\/\\\/www.fcbarcelonanoticias.com\\\/en\\\/transfers\\\/the-jewel-of-the-sporting-that-could-reinforce-free-to-the-barca_283097_102.html\"},\"author\":{\"name\":\"user_4034\",\"@id\":\"https:\\\/\\\/www.fcbarcelonanoticias.com\\\/en\\\/#\\\/schema\\\/person\\\/af5ca539abaaa1bd2753d05ef7a706d0\"},\"headline\":\"The &#8216;jewel&#8217; of Sporting that could reinforce Bar\u00e7a for free\",\"datePublished\":\"2022-08-10T14:54:00+00:00\",\"mainEntityOfPage\":{\"@id\":\"https:\\\/\\\/www.fcbarcelonanoticias.com\\\/en\\\/transfers\\\/the-jewel-of-the-sporting-that-could-reinforce-free-to-the-barca_283097_102.html\"},\"wordCount\":393,\"image\":{\"@id\":\"https:\\\/\\\/www.fcbarcelonanoticias.com\\\/en\\\/transfers\\\/the-jewel-of-the-sporting-that-could-reinforce-free-to-the-barca_283097_102.html#primaryimage\"},\"thumbnailUrl\":\"https:\\\/\\\/www.fcbarcelonanoticias.com\\\/en\\\/wp-content\\\/uploads\\\/sites\\\/2\\\/2022\\\/08\\\/fbl-por-liga-sporting-santa-clara-1-scaled.jpeg\",\"keywords\":[\"Sporting Portugal\",\"The Masia\"],\"articleSection\":[\"Transfers\",\"Transfers\"],\"inLanguage\":\"en-US\"},{\"@type\":\"WebPage\",\"@id\":\"https:\\\/\\\/www.fcbarcelonanoticias.com\\\/en\\\/transfers\\\/the-jewel-of-the-sporting-that-could-reinforce-free-to-the-barca_283097_102.html\",\"url\":\"https:\\\/\\\/www.fcbarcelonanoticias.com\\\/en\\\/transfers\\\/the-jewel-of-the-sporting-that-could-reinforce-free-to-the-barca_283097_102.html\",\"name\":\"The 'jewel' of the Sporting that could reinforce free to the Bar\u00e7a\",\"isPartOf\":{\"@id\":\"https:\\\/\\\/www.fcbarcelonanoticias.com\\\/en\\\/#website\"},\"primaryImageOfPage\":{\"@id\":\"https:\\\/\\\/www.fcbarcelonanoticias.com\\\/en\\\/transfers\\\/the-jewel-of-the-sporting-that-could-reinforce-free-to-the-barca_283097_102.html#primaryimage\"},\"image\":{\"@id\":\"https:\\\/\\\/www.fcbarcelonanoticias.com\\\/en\\\/transfers\\\/the-jewel-of-the-sporting-that-could-reinforce-free-to-the-barca_283097_102.html#primaryimage\"},\"thumbnailUrl\":\"https:\\\/\\\/www.fcbarcelonanoticias.com\\\/en\\\/wp-content\\\/uploads\\\/sites\\\/2\\\/2022\\\/08\\\/fbl-por-liga-sporting-santa-clara-1-scaled.jpeg\",\"datePublished\":\"2022-08-10T14:54:00+00:00\",\"author\":{\"@id\":\"https:\\\/\\\/www.fcbarcelonanoticias.com\\\/en\\\/#\\\/schema\\\/person\\\/af5ca539abaaa1bd2753d05ef7a706d0\"},\"description\":\"San\u00e1 Fernandes Could add to the quarry of the Barcelona, well was to the Juvenile To or to the Bar\u00e7a Atl\u00e8tic. The extreme of 16 years has denied to renew with the lisb...\",\"breadcrumb\":{\"@id\":\"https:\\\/\\\/www.fcbarcelonanoticias.com\\\/en\\\/transfers\\\/the-jewel-of-the-sporting-that-could-reinforce-free-to-the-barca_283097_102.html#breadcrumb\"},\"inLanguage\":\"en-US\",\"potentialAction\":[{\"@type\":\"ReadAction\",\"target\":[\"https:\\\/\\\/www.fcbarcelonanoticias.com\\\/en\\\/transfers\\\/the-jewel-of-the-sporting-that-could-reinforce-free-to-the-barca_283097_102.html\"]}]},{\"@type\":\"ImageObject\",\"inLanguage\":\"en-US\",\"@id\":\"https:\\\/\\\/www.fcbarcelonanoticias.com\\\/en\\\/transfers\\\/the-jewel-of-the-sporting-that-could-reinforce-free-to-the-barca_283097_102.html#primaryimage\",\"url\":\"https:\\\/\\\/www.fcbarcelonanoticias.com\\\/en\\\/wp-content\\\/uploads\\\/sites\\\/2\\\/2022\\\/08\\\/fbl-por-liga-sporting-santa-clara-1-scaled.jpeg\",\"contentUrl\":\"https:\\\/\\\/www.fcbarcelonanoticias.com\\\/en\\\/wp-content\\\/uploads\\\/sites\\\/2\\\/2022\\\/08\\\/fbl-por-liga-sporting-santa-clara-1-scaled.jpeg\",\"width\":2560,\"height\":1707},{\"@type\":\"BreadcrumbList\",\"@id\":\"https:\\\/\\\/www.fcbarcelonanoticias.com\\\/en\\\/transfers\\\/the-jewel-of-the-sporting-that-could-reinforce-free-to-the-barca_283097_102.html#breadcrumb\",\"itemListElement\":[{\"@type\":\"ListItem\",\"position\":1,\"name\":\"Portada\",\"item\":\"https:\\\/\\\/www.fcbarcelonanoticias.com\\\/en\\\/\"},{\"@type\":\"ListItem\",\"position\":2,\"name\":\"The &#8216;jewel&#8217; of Sporting that could reinforce Bar\u00e7a for free\"}]},{\"@type\":\"WebSite\",\"@id\":\"https:\\\/\\\/www.fcbarcelonanoticias.com\\\/en\\\/#website\",\"url\":\"https:\\\/\\\/www.fcbarcelonanoticias.com\\\/en\\\/\",\"name\":\"EN - FC Barcelona Noticias\",\"description\":\"\",\"potentialAction\":[{\"@type\":\"SearchAction\",\"target\":{\"@type\":\"EntryPoint\",\"urlTemplate\":\"https:\\\/\\\/www.fcbarcelonanoticias.com\\\/en\\\/?s={search_term_string}\"},\"query-input\":{\"@type\":\"PropertyValueSpecification\",\"valueRequired\":true,\"valueName\":\"search_term_string\"}}],\"inLanguage\":\"en-US\"},{\"@type\":\"Person\",\"@id\":\"https:\\\/\\\/www.fcbarcelonanoticias.com\\\/en\\\/#\\\/schema\\\/person\\\/af5ca539abaaa1bd2753d05ef7a706d0\",\"name\":\"user_4034\",\"image\":{\"@type\":\"ImageObject\",\"inLanguage\":\"en-US\",\"@id\":\"https:\\\/\\\/secure.gravatar.com\\\/avatar\\\/?s=96&d=mm&r=g\",\"url\":\"https:\\\/\\\/secure.gravatar.com\\\/avatar\\\/?s=96&d=mm&r=g\",\"contentUrl\":\"https:\\\/\\\/secure.gravatar.com\\\/avatar\\\/?s=96&d=mm&r=g\",\"caption\":\"user_4034\"},\"url\":\"https:\\\/\\\/www.fcbarcelonanoticias.com\\\/en\\\/user_4034.html\"}]}<\/script>\n<!-- \/ Yoast SEO plugin. -->","yoast_head_json":{"title":"The 'jewel' of the Sporting that could reinforce free to the Bar\u00e7a","description":"San\u00e1 Fernandes Could add to the quarry of the Barcelona, well was to the Juvenile To or to the Bar\u00e7a Atl\u00e8tic. The extreme of 16 years has denied to renew with the lisb...","robots":{"index":"index","follow":"follow","max-snippet":"max-snippet:-1","max-image-preview":"max-image-preview:large","max-video-preview":"max-video-preview:-1"},"canonical":"https:\/\/www.fcbarcelonanoticias.com\/en\/transfers\/the-jewel-of-the-sporting-that-could-reinforce-free-to-the-barca_283097_102.html","og_locale":"en_US","og_type":"article","og_title":"The 'jewel' of the Sporting that could reinforce free to the Bar\u00e7a","og_description":"San\u00e1 Fernandes Could add to the quarry of the Barcelona, well was to the Juvenile To or to the Bar\u00e7a Atl\u00e8tic. The extreme of 16 years has denied to renew with the lisb...","og_url":"https:\/\/www.fcbarcelonanoticias.com\/en\/transfers\/the-jewel-of-the-sporting-that-could-reinforce-free-to-the-barca_283097_102.html","og_site_name":"EN - FC Barcelona Noticias","article_published_time":"2022-08-10T14:54:00+00:00","og_image":[{"width":2560,"height":1707,"url":"https:\/\/www.fcbarcelonanoticias.com\/en\/wp-content\/uploads\/sites\/2\/2022\/08\/fbl-por-liga-sporting-santa-clara-1-scaled.jpeg","type":"image\/jpeg"}],"author":"user_4034","twitter_card":"summary_large_image","twitter_misc":{"Written by":"user_4034","Est. reading time":"2 minutes"},"schema":{"@context":"https:\/\/schema.org","@graph":[{"@type":"Article","@id":"https:\/\/www.fcbarcelonanoticias.com\/en\/transfers\/the-jewel-of-the-sporting-that-could-reinforce-free-to-the-barca_283097_102.html#article","isPartOf":{"@id":"https:\/\/www.fcbarcelonanoticias.com\/en\/transfers\/the-jewel-of-the-sporting-that-could-reinforce-free-to-the-barca_283097_102.html"},"author":{"name":"user_4034","@id":"https:\/\/www.fcbarcelonanoticias.com\/en\/#\/schema\/person\/af5ca539abaaa1bd2753d05ef7a706d0"},"headline":"The &#8216;jewel&#8217; of Sporting that could reinforce Bar\u00e7a for free","datePublished":"2022-08-10T14:54:00+00:00","mainEntityOfPage":{"@id":"https:\/\/www.fcbarcelonanoticias.com\/en\/transfers\/the-jewel-of-the-sporting-that-could-reinforce-free-to-the-barca_283097_102.html"},"wordCount":393,"image":{"@id":"https:\/\/www.fcbarcelonanoticias.com\/en\/transfers\/the-jewel-of-the-sporting-that-could-reinforce-free-to-the-barca_283097_102.html#primaryimage"},"thumbnailUrl":"https:\/\/www.fcbarcelonanoticias.com\/en\/wp-content\/uploads\/sites\/2\/2022\/08\/fbl-por-liga-sporting-santa-clara-1-scaled.jpeg","keywords":["Sporting Portugal","The Masia"],"articleSection":["Transfers","Transfers"],"inLanguage":"en-US"},{"@type":"WebPage","@id":"https:\/\/www.fcbarcelonanoticias.com\/en\/transfers\/the-jewel-of-the-sporting-that-could-reinforce-free-to-the-barca_283097_102.html","url":"https:\/\/www.fcbarcelonanoticias.com\/en\/transfers\/the-jewel-of-the-sporting-that-could-reinforce-free-to-the-barca_283097_102.html","name":"The 'jewel' of the Sporting that could reinforce free to the Bar\u00e7a","isPartOf":{"@id":"https:\/\/www.fcbarcelonanoticias.com\/en\/#website"},"primaryImageOfPage":{"@id":"https:\/\/www.fcbarcelonanoticias.com\/en\/transfers\/the-jewel-of-the-sporting-that-could-reinforce-free-to-the-barca_283097_102.html#primaryimage"},"image":{"@id":"https:\/\/www.fcbarcelonanoticias.com\/en\/transfers\/the-jewel-of-the-sporting-that-could-reinforce-free-to-the-barca_283097_102.html#primaryimage"},"thumbnailUrl":"https:\/\/www.fcbarcelonanoticias.com\/en\/wp-content\/uploads\/sites\/2\/2022\/08\/fbl-por-liga-sporting-santa-clara-1-scaled.jpeg","datePublished":"2022-08-10T14:54:00+00:00","author":{"@id":"https:\/\/www.fcbarcelonanoticias.com\/en\/#\/schema\/person\/af5ca539abaaa1bd2753d05ef7a706d0"},"description":"San\u00e1 Fernandes Could add to the quarry of the Barcelona, well was to the Juvenile To or to the Bar\u00e7a Atl\u00e8tic. The extreme of 16 years has denied to renew with the lisb...","breadcrumb":{"@id":"https:\/\/www.fcbarcelonanoticias.com\/en\/transfers\/the-jewel-of-the-sporting-that-could-reinforce-free-to-the-barca_283097_102.html#breadcrumb"},"inLanguage":"en-US","potentialAction":[{"@type":"ReadAction","target":["https:\/\/www.fcbarcelonanoticias.com\/en\/transfers\/the-jewel-of-the-sporting-that-could-reinforce-free-to-the-barca_283097_102.html"]}]},{"@type":"ImageObject","inLanguage":"en-US","@id":"https:\/\/www.fcbarcelonanoticias.com\/en\/transfers\/the-jewel-of-the-sporting-that-could-reinforce-free-to-the-barca_283097_102.html#primaryimage","url":"https:\/\/www.fcbarcelonanoticias.com\/en\/wp-content\/uploads\/sites\/2\/2022\/08\/fbl-por-liga-sporting-santa-clara-1-scaled.jpeg","contentUrl":"https:\/\/www.fcbarcelonanoticias.com\/en\/wp-content\/uploads\/sites\/2\/2022\/08\/fbl-por-liga-sporting-santa-clara-1-scaled.jpeg","width":2560,"height":1707},{"@type":"BreadcrumbList","@id":"https:\/\/www.fcbarcelonanoticias.com\/en\/transfers\/the-jewel-of-the-sporting-that-could-reinforce-free-to-the-barca_283097_102.html#breadcrumb","itemListElement":[{"@type":"ListItem","position":1,"name":"Portada","item":"https:\/\/www.fcbarcelonanoticias.com\/en\/"},{"@type":"ListItem","position":2,"name":"The &#8216;jewel&#8217; of Sporting that could reinforce Bar\u00e7a for free"}]},{"@type":"WebSite","@id":"https:\/\/www.fcbarcelonanoticias.com\/en\/#website","url":"https:\/\/www.fcbarcelonanoticias.com\/en\/","name":"EN - FC Barcelona Noticias","description":"","potentialAction":[{"@type":"SearchAction","target":{"@type":"EntryPoint","urlTemplate":"https:\/\/www.fcbarcelonanoticias.com\/en\/?s={search_term_string}"},"query-input":{"@type":"PropertyValueSpecification","valueRequired":true,"valueName":"search_term_string"}}],"inLanguage":"en-US"},{"@type":"Person","@id":"https:\/\/www.fcbarcelonanoticias.com\/en\/#\/schema\/person\/af5ca539abaaa1bd2753d05ef7a706d0","name":"user_4034","image":{"@type":"ImageObject","inLanguage":"en-US","@id":"https:\/\/secure.gravatar.com\/avatar\/?s=96&d=mm&r=g","url":"https:\/\/secure.gravatar.com\/avatar\/?s=96&d=mm&r=g","contentUrl":"https:\/\/secure.gravatar.com\/avatar\/?s=96&d=mm&r=g","caption":"user_4034"},"url":"https:\/\/www.fcbarcelonanoticias.com\/en\/user_4034.html"}]}},"_links":{"self":[{"href":"https:\/\/www.fcbarcelonanoticias.com\/en\/wp-json\/wp\/v2\/posts\/142436","targetHints":{"allow":["GET"]}}],"collection":[{"href":"https:\/\/www.fcbarcelonanoticias.com\/en\/wp-json\/wp\/v2\/posts"}],"about":[{"href":"https:\/\/www.fcbarcelonanoticias.com\/en\/wp-json\/wp\/v2\/types\/post"}],"author":[{"embeddable":true,"href":"https:\/\/www.fcbarcelonanoticias.com\/en\/wp-json\/wp\/v2\/users\/378"}],"replies":[{"embeddable":true,"href":"https:\/\/www.fcbarcelonanoticias.com\/en\/wp-json\/wp\/v2\/comments?post=142436"}],"version-history":[{"count":1,"href":"https:\/\/www.fcbarcelonanoticias.com\/en\/wp-json\/wp\/v2\/posts\/142436\/revisions"}],"predecessor-version":[{"id":154952,"href":"https:\/\/www.fcbarcelonanoticias.com\/en\/wp-json\/wp\/v2\/posts\/142436\/revisions\/154952"}],"wp:featuredmedia":[{"embeddable":true,"href":"https:\/\/www.fcbarcelonanoticias.com\/en\/wp-json\/wp\/v2\/media\/142440"}],"wp:attachment":[{"href":"https:\/\/www.fcbarcelonanoticias.com\/en\/wp-json\/wp\/v2\/media?parent=142436"}],"wp:term":[{"taxonomy":"category","embeddable":true,"href":"https:\/\/www.fcbarcelonanoticias.com\/en\/wp-json\/wp\/v2\/categories?post=142436"},{"taxonomy":"post_tag","embeddable":true,"href":"https:\/\/www.fcbarcelonanoticias.com\/en\/wp-json\/wp\/v2\/tags?post=142436"}],"curies":[{"name":"wp","href":"https:\/\/api.w.org\/{rel}","templated":true}]}}