{"id":142592,"date":"2022-01-28T18:05:00","date_gmt":"2022-01-28T17:05:00","guid":{"rendered":"https:\/\/weisetech.dev\/fc-barcelona-noticias\/en\/the-juventus-does-official-the-signing-of-dusan-vlahovic_277350_102\/"},"modified":"2022-01-28T21:46:00","modified_gmt":"2022-01-28T20:46:00","slug":"the-juventus-does-official-the-signing-of-dusan-vlahovic_277350_102","status":"publish","type":"post","link":"https:\/\/www.fcbarcelonanoticias.com\/en\/transfers\/the-juventus-does-official-the-signing-of-dusan-vlahovic_277350_102.html","title":{"rendered":"Juventus makes the signing of Dusan Vlahovic official"},"content":{"rendered":"<h2 class=\"wp-block-heading\">Dusan Vlahovic has already passed the medical examination after remaining isolated after his positive for Covid-19. The Serb has been strongly attacked by the Fiorentina fans, who consider his departure as a &#8216;betrayal&#8217;<\/h2>  \r\n<div class=\"article-addons\">\r\n    <a href=\"https:\/\/www.fcbarcelonanoticias.com\/en\/calendar-fc-barcelona.html\"\r\n       target=\"_self\"\r\n       title=\"Calendar of FC Barcelona\"\r\n       class=\"blue-gredient-btn\">\r\n       \r\n        Calendar of FC Barcelona    <\/a>\r\n<\/div>   <p>Finally, the Juventus of Tur\u00edn has done with one of the most wished signings of the market. The Serbian <a data-external=\"0\" data-intl-links-en=\"https:\/\/www.fcbarcelonanoticias.com\/en\/transfers\/the-factor-that-has-delayed-the-signing-of-vlahovic-by-the-juventus_277316_102.html\" data-intl-links-es=\"https:\/\/www.fcbarcelonanoticias.com\/fichajes\/factor-ha-retrasado-fichaje-vlahovic-por-juventus_277316_102.html\" href=\"https:\/\/www.fcbarcelonanoticias.com\/en\/transfers\/the-factor-that-has-delayed-the-signing-of-vlahovic-by-the-juventus_277316_102.html\" rel=\"follow\" target=\"_self\" title=\"El 'factor' que ha retrasado el fichaje de Vlahovic por la Juventus\">Dusan Vlahovic<\/a>, the one who <strong>remained isolated after giving positive in a test of Covid<\/strong>, has been in the north city of Italy to clear his agreement with the team &#8216;bianconero&#8217;. Vlahovic Already has happened the medical recognition and will incorporate to the staff in the next hours.<\/p>  <p>Previously, the directive of the &#8216;Vecchia Signora&#8217; had agreed the commission that would receive the representatives of the forward, one of the last formalities that remained slopes for oficializar his traspaso. In total, will be 10 million euros those that will receive Ristic, whereas <strong>the <a data-external=\"0\" data-intl-links-en=\"https:\/\/www.fcbarcelonanoticias.com\/en\/fc-barcelona\/option-for-the-barca-vlahovic-will-not-follow-with-the-fiorentina_275987_102.html\" data-intl-links-es=\"https:\/\/www.fcbarcelonanoticias.com\/fc-barcelona\/opcion-barca-vlahovi-no-seguira-con-fiorentina_275987_102.html\" href=\"https:\/\/www.fcbarcelonanoticias.com\/en\/fc-barcelona\/option-for-the-barca-vlahovic-will-not-follow-with-the-fiorentina_275987_102.html\" rel=\"follow\" target=\"_self\" title=\"\u00a1Opci\u00f3n para el Bar\u00e7a! Vlahovi\u0107 no seguir\u00e1 con la Fiorentina\">Fiorentina<\/a> finish receiving 75 &#8216;kilos&#8217;<\/strong> to leave go to one of the main current figures of the &#8216;Calcium&#8217;.<\/p>  <p>The mount corresponds so much to the fixed payment by the signing as to the variables by performance, results or future traspasos. The agreement of the Balkan will be in force until the summer of 2026. The gross cost, including the wage that will perceive the footballer and the payments by concept of taxes rises to the <strong>150 million euros<\/strong>.<\/p>  <p>As it was to expect , his traspaso has not seated them well to the &#8216;tifosi&#8217; of the &#8216;Violate&#8217;. In fact, some of them have manifested in the streets of Florencia with <strong>banners in which they read insults and threats to his ancient artilleryman<\/strong>, in front of what consider an act of betrayal. It is not the first time that a player of the Fiorentina leaves to the Juve. In the past, other figures like Baggio, Bernardeschi or Chiesa followed suit.<\/p>  <h3>Vlahovic Chooses dorsal<\/h3>  <p>In accordance with &#8216;The Gazzetta dello Sport&#8217;, the Italian team would have offered him carry the &#8216;7&#8217; left by Cristiano Ronaldo in his back. However, Vlahovic has thrown of the c\u00e1bala and<strong> has opted for continuing using the 28, the first that used when it dressed the T-shirt of the Fiorentina<\/strong>, with which left his register goleador of the course in 17 targets<\/p> ","protected":false},"excerpt":{"rendered":"<p>Dusan Vlahovic has already passed the medical examination after remaining isolated after his positive for Covid-19. The Serb has been strongly attacked by the Fiorentina fans, who consider his departure as a &#8216;betrayal&#8217; Finally, the Juventus of Tur\u00edn has done with one of the most wished signings of the market. The Serbian Dusan Vlahovic, the [&hellip;]<\/p>\n","protected":false},"author":378,"featured_media":142597,"comment_status":"closed","ping_status":"open","sticky":false,"template":"","format":"standard","meta":{"_acf_changed":false,"inline_featured_image":false,"_nextfly_llmd_date_locked":false,"footnotes":""},"categories":[106,449],"tags":[105],"class_list":["post-142592","post","type-post","status-publish","format-standard","has-post-thumbnail","hentry","category-transfers","category-transfers-2","tag-juventus"],"acf":[],"yoast_head":"<!-- This site is optimized with the Yoast SEO plugin v27.3 - https:\/\/yoast.com\/product\/yoast-seo-wordpress\/ -->\n<title>The Juventus does official the signing of Dusan Vlahovic<\/title>\n<meta name=\"description\" content=\"Dusan Vlahovic Already has happened the medical review after remaining isolated after his positive by Covid-19- The Serbian has been strongly attacked by the afic...\" \/>\n<meta name=\"robots\" content=\"index, follow, max-snippet:-1, max-image-preview:large, max-video-preview:-1\" \/>\n<link rel=\"canonical\" href=\"https:\/\/www.fcbarcelonanoticias.com\/en\/transfers\/the-juventus-does-official-the-signing-of-dusan-vlahovic_277350_102.html\" \/>\n<meta property=\"og:locale\" content=\"en_US\" \/>\n<meta property=\"og:type\" content=\"article\" \/>\n<meta property=\"og:title\" content=\"The Juventus does official the signing of Dusan Vlahovic\" \/>\n<meta property=\"og:description\" content=\"Dusan Vlahovic Already has happened the medical review after remaining isolated after his positive by Covid-19- The Serbian has been strongly attacked by the afic...\" \/>\n<meta property=\"og:url\" content=\"https:\/\/www.fcbarcelonanoticias.com\/en\/transfers\/the-juventus-does-official-the-signing-of-dusan-vlahovic_277350_102.html\" \/>\n<meta property=\"og:site_name\" content=\"EN - FC Barcelona Noticias\" \/>\n<meta property=\"article:published_time\" content=\"2022-01-28T17:05:00+00:00\" \/>\n<meta property=\"article:modified_time\" content=\"2022-01-28T20:46:00+00:00\" \/>\n<meta property=\"og:image\" content=\"https:\/\/www.fcbarcelonanoticias.com\/en\/wp-content\/uploads\/sites\/2\/2022\/01\/acf-fiorentina-v-ac-milan-serie-a-1.jpeg\" \/>\n\t<meta property=\"og:image:width\" content=\"1200\" \/>\n\t<meta property=\"og:image:height\" content=\"735\" \/>\n\t<meta property=\"og:image:type\" content=\"image\/jpeg\" \/>\n<meta name=\"author\" content=\"user_4034\" \/>\n<meta name=\"twitter:card\" content=\"summary_large_image\" \/>\n<meta name=\"twitter:label1\" content=\"Written by\" \/>\n\t<meta name=\"twitter:data1\" content=\"user_4034\" \/>\n\t<meta name=\"twitter:label2\" content=\"Est. reading time\" \/>\n\t<meta name=\"twitter:data2\" content=\"2 minutes\" \/>\n<script type=\"application\/ld+json\" class=\"yoast-schema-graph\">{\"@context\":\"https:\\\/\\\/schema.org\",\"@graph\":[{\"@type\":\"Article\",\"@id\":\"https:\\\/\\\/www.fcbarcelonanoticias.com\\\/en\\\/transfers\\\/the-juventus-does-official-the-signing-of-dusan-vlahovic_277350_102.html#article\",\"isPartOf\":{\"@id\":\"https:\\\/\\\/www.fcbarcelonanoticias.com\\\/en\\\/transfers\\\/the-juventus-does-official-the-signing-of-dusan-vlahovic_277350_102.html\"},\"author\":{\"name\":\"user_4034\",\"@id\":\"https:\\\/\\\/www.fcbarcelonanoticias.com\\\/en\\\/#\\\/schema\\\/person\\\/af5ca539abaaa1bd2753d05ef7a706d0\"},\"headline\":\"Juventus makes the signing of Dusan Vlahovic official\",\"datePublished\":\"2022-01-28T17:05:00+00:00\",\"dateModified\":\"2022-01-28T20:46:00+00:00\",\"mainEntityOfPage\":{\"@id\":\"https:\\\/\\\/www.fcbarcelonanoticias.com\\\/en\\\/transfers\\\/the-juventus-does-official-the-signing-of-dusan-vlahovic_277350_102.html\"},\"wordCount\":372,\"image\":{\"@id\":\"https:\\\/\\\/www.fcbarcelonanoticias.com\\\/en\\\/transfers\\\/the-juventus-does-official-the-signing-of-dusan-vlahovic_277350_102.html#primaryimage\"},\"thumbnailUrl\":\"https:\\\/\\\/www.fcbarcelonanoticias.com\\\/en\\\/wp-content\\\/uploads\\\/sites\\\/2\\\/2022\\\/01\\\/acf-fiorentina-v-ac-milan-serie-a-1.jpeg\",\"keywords\":[\"Juventus\"],\"articleSection\":[\"Transfers\",\"Transfers\"],\"inLanguage\":\"en-US\"},{\"@type\":\"WebPage\",\"@id\":\"https:\\\/\\\/www.fcbarcelonanoticias.com\\\/en\\\/transfers\\\/the-juventus-does-official-the-signing-of-dusan-vlahovic_277350_102.html\",\"url\":\"https:\\\/\\\/www.fcbarcelonanoticias.com\\\/en\\\/transfers\\\/the-juventus-does-official-the-signing-of-dusan-vlahovic_277350_102.html\",\"name\":\"The Juventus does official the signing of Dusan Vlahovic\",\"isPartOf\":{\"@id\":\"https:\\\/\\\/www.fcbarcelonanoticias.com\\\/en\\\/#website\"},\"primaryImageOfPage\":{\"@id\":\"https:\\\/\\\/www.fcbarcelonanoticias.com\\\/en\\\/transfers\\\/the-juventus-does-official-the-signing-of-dusan-vlahovic_277350_102.html#primaryimage\"},\"image\":{\"@id\":\"https:\\\/\\\/www.fcbarcelonanoticias.com\\\/en\\\/transfers\\\/the-juventus-does-official-the-signing-of-dusan-vlahovic_277350_102.html#primaryimage\"},\"thumbnailUrl\":\"https:\\\/\\\/www.fcbarcelonanoticias.com\\\/en\\\/wp-content\\\/uploads\\\/sites\\\/2\\\/2022\\\/01\\\/acf-fiorentina-v-ac-milan-serie-a-1.jpeg\",\"datePublished\":\"2022-01-28T17:05:00+00:00\",\"dateModified\":\"2022-01-28T20:46:00+00:00\",\"author\":{\"@id\":\"https:\\\/\\\/www.fcbarcelonanoticias.com\\\/en\\\/#\\\/schema\\\/person\\\/af5ca539abaaa1bd2753d05ef7a706d0\"},\"description\":\"Dusan Vlahovic Already has happened the medical review after remaining isolated after his positive by Covid-19- The Serbian has been strongly attacked by the afic...\",\"breadcrumb\":{\"@id\":\"https:\\\/\\\/www.fcbarcelonanoticias.com\\\/en\\\/transfers\\\/the-juventus-does-official-the-signing-of-dusan-vlahovic_277350_102.html#breadcrumb\"},\"inLanguage\":\"en-US\",\"potentialAction\":[{\"@type\":\"ReadAction\",\"target\":[\"https:\\\/\\\/www.fcbarcelonanoticias.com\\\/en\\\/transfers\\\/the-juventus-does-official-the-signing-of-dusan-vlahovic_277350_102.html\"]}]},{\"@type\":\"ImageObject\",\"inLanguage\":\"en-US\",\"@id\":\"https:\\\/\\\/www.fcbarcelonanoticias.com\\\/en\\\/transfers\\\/the-juventus-does-official-the-signing-of-dusan-vlahovic_277350_102.html#primaryimage\",\"url\":\"https:\\\/\\\/www.fcbarcelonanoticias.com\\\/en\\\/wp-content\\\/uploads\\\/sites\\\/2\\\/2022\\\/01\\\/acf-fiorentina-v-ac-milan-serie-a-1.jpeg\",\"contentUrl\":\"https:\\\/\\\/www.fcbarcelonanoticias.com\\\/en\\\/wp-content\\\/uploads\\\/sites\\\/2\\\/2022\\\/01\\\/acf-fiorentina-v-ac-milan-serie-a-1.jpeg\",\"width\":1200,\"height\":735},{\"@type\":\"BreadcrumbList\",\"@id\":\"https:\\\/\\\/www.fcbarcelonanoticias.com\\\/en\\\/transfers\\\/the-juventus-does-official-the-signing-of-dusan-vlahovic_277350_102.html#breadcrumb\",\"itemListElement\":[{\"@type\":\"ListItem\",\"position\":1,\"name\":\"Portada\",\"item\":\"https:\\\/\\\/www.fcbarcelonanoticias.com\\\/en\\\/\"},{\"@type\":\"ListItem\",\"position\":2,\"name\":\"Juventus makes the signing of Dusan Vlahovic official\"}]},{\"@type\":\"WebSite\",\"@id\":\"https:\\\/\\\/www.fcbarcelonanoticias.com\\\/en\\\/#website\",\"url\":\"https:\\\/\\\/www.fcbarcelonanoticias.com\\\/en\\\/\",\"name\":\"EN - FC Barcelona Noticias\",\"description\":\"\",\"potentialAction\":[{\"@type\":\"SearchAction\",\"target\":{\"@type\":\"EntryPoint\",\"urlTemplate\":\"https:\\\/\\\/www.fcbarcelonanoticias.com\\\/en\\\/?s={search_term_string}\"},\"query-input\":{\"@type\":\"PropertyValueSpecification\",\"valueRequired\":true,\"valueName\":\"search_term_string\"}}],\"inLanguage\":\"en-US\"},{\"@type\":\"Person\",\"@id\":\"https:\\\/\\\/www.fcbarcelonanoticias.com\\\/en\\\/#\\\/schema\\\/person\\\/af5ca539abaaa1bd2753d05ef7a706d0\",\"name\":\"user_4034\",\"image\":{\"@type\":\"ImageObject\",\"inLanguage\":\"en-US\",\"@id\":\"https:\\\/\\\/secure.gravatar.com\\\/avatar\\\/?s=96&d=mm&r=g\",\"url\":\"https:\\\/\\\/secure.gravatar.com\\\/avatar\\\/?s=96&d=mm&r=g\",\"contentUrl\":\"https:\\\/\\\/secure.gravatar.com\\\/avatar\\\/?s=96&d=mm&r=g\",\"caption\":\"user_4034\"},\"url\":\"https:\\\/\\\/www.fcbarcelonanoticias.com\\\/en\\\/user_4034.html\"}]}<\/script>\n<!-- \/ Yoast SEO plugin. -->","yoast_head_json":{"title":"The Juventus does official the signing of Dusan Vlahovic","description":"Dusan Vlahovic Already has happened the medical review after remaining isolated after his positive by Covid-19- The Serbian has been strongly attacked by the afic...","robots":{"index":"index","follow":"follow","max-snippet":"max-snippet:-1","max-image-preview":"max-image-preview:large","max-video-preview":"max-video-preview:-1"},"canonical":"https:\/\/www.fcbarcelonanoticias.com\/en\/transfers\/the-juventus-does-official-the-signing-of-dusan-vlahovic_277350_102.html","og_locale":"en_US","og_type":"article","og_title":"The Juventus does official the signing of Dusan Vlahovic","og_description":"Dusan Vlahovic Already has happened the medical review after remaining isolated after his positive by Covid-19- The Serbian has been strongly attacked by the afic...","og_url":"https:\/\/www.fcbarcelonanoticias.com\/en\/transfers\/the-juventus-does-official-the-signing-of-dusan-vlahovic_277350_102.html","og_site_name":"EN - FC Barcelona Noticias","article_published_time":"2022-01-28T17:05:00+00:00","article_modified_time":"2022-01-28T20:46:00+00:00","og_image":[{"width":1200,"height":735,"url":"https:\/\/www.fcbarcelonanoticias.com\/en\/wp-content\/uploads\/sites\/2\/2022\/01\/acf-fiorentina-v-ac-milan-serie-a-1.jpeg","type":"image\/jpeg"}],"author":"user_4034","twitter_card":"summary_large_image","twitter_misc":{"Written by":"user_4034","Est. reading time":"2 minutes"},"schema":{"@context":"https:\/\/schema.org","@graph":[{"@type":"Article","@id":"https:\/\/www.fcbarcelonanoticias.com\/en\/transfers\/the-juventus-does-official-the-signing-of-dusan-vlahovic_277350_102.html#article","isPartOf":{"@id":"https:\/\/www.fcbarcelonanoticias.com\/en\/transfers\/the-juventus-does-official-the-signing-of-dusan-vlahovic_277350_102.html"},"author":{"name":"user_4034","@id":"https:\/\/www.fcbarcelonanoticias.com\/en\/#\/schema\/person\/af5ca539abaaa1bd2753d05ef7a706d0"},"headline":"Juventus makes the signing of Dusan Vlahovic official","datePublished":"2022-01-28T17:05:00+00:00","dateModified":"2022-01-28T20:46:00+00:00","mainEntityOfPage":{"@id":"https:\/\/www.fcbarcelonanoticias.com\/en\/transfers\/the-juventus-does-official-the-signing-of-dusan-vlahovic_277350_102.html"},"wordCount":372,"image":{"@id":"https:\/\/www.fcbarcelonanoticias.com\/en\/transfers\/the-juventus-does-official-the-signing-of-dusan-vlahovic_277350_102.html#primaryimage"},"thumbnailUrl":"https:\/\/www.fcbarcelonanoticias.com\/en\/wp-content\/uploads\/sites\/2\/2022\/01\/acf-fiorentina-v-ac-milan-serie-a-1.jpeg","keywords":["Juventus"],"articleSection":["Transfers","Transfers"],"inLanguage":"en-US"},{"@type":"WebPage","@id":"https:\/\/www.fcbarcelonanoticias.com\/en\/transfers\/the-juventus-does-official-the-signing-of-dusan-vlahovic_277350_102.html","url":"https:\/\/www.fcbarcelonanoticias.com\/en\/transfers\/the-juventus-does-official-the-signing-of-dusan-vlahovic_277350_102.html","name":"The Juventus does official the signing of Dusan Vlahovic","isPartOf":{"@id":"https:\/\/www.fcbarcelonanoticias.com\/en\/#website"},"primaryImageOfPage":{"@id":"https:\/\/www.fcbarcelonanoticias.com\/en\/transfers\/the-juventus-does-official-the-signing-of-dusan-vlahovic_277350_102.html#primaryimage"},"image":{"@id":"https:\/\/www.fcbarcelonanoticias.com\/en\/transfers\/the-juventus-does-official-the-signing-of-dusan-vlahovic_277350_102.html#primaryimage"},"thumbnailUrl":"https:\/\/www.fcbarcelonanoticias.com\/en\/wp-content\/uploads\/sites\/2\/2022\/01\/acf-fiorentina-v-ac-milan-serie-a-1.jpeg","datePublished":"2022-01-28T17:05:00+00:00","dateModified":"2022-01-28T20:46:00+00:00","author":{"@id":"https:\/\/www.fcbarcelonanoticias.com\/en\/#\/schema\/person\/af5ca539abaaa1bd2753d05ef7a706d0"},"description":"Dusan Vlahovic Already has happened the medical review after remaining isolated after his positive by Covid-19- The Serbian has been strongly attacked by the afic...","breadcrumb":{"@id":"https:\/\/www.fcbarcelonanoticias.com\/en\/transfers\/the-juventus-does-official-the-signing-of-dusan-vlahovic_277350_102.html#breadcrumb"},"inLanguage":"en-US","potentialAction":[{"@type":"ReadAction","target":["https:\/\/www.fcbarcelonanoticias.com\/en\/transfers\/the-juventus-does-official-the-signing-of-dusan-vlahovic_277350_102.html"]}]},{"@type":"ImageObject","inLanguage":"en-US","@id":"https:\/\/www.fcbarcelonanoticias.com\/en\/transfers\/the-juventus-does-official-the-signing-of-dusan-vlahovic_277350_102.html#primaryimage","url":"https:\/\/www.fcbarcelonanoticias.com\/en\/wp-content\/uploads\/sites\/2\/2022\/01\/acf-fiorentina-v-ac-milan-serie-a-1.jpeg","contentUrl":"https:\/\/www.fcbarcelonanoticias.com\/en\/wp-content\/uploads\/sites\/2\/2022\/01\/acf-fiorentina-v-ac-milan-serie-a-1.jpeg","width":1200,"height":735},{"@type":"BreadcrumbList","@id":"https:\/\/www.fcbarcelonanoticias.com\/en\/transfers\/the-juventus-does-official-the-signing-of-dusan-vlahovic_277350_102.html#breadcrumb","itemListElement":[{"@type":"ListItem","position":1,"name":"Portada","item":"https:\/\/www.fcbarcelonanoticias.com\/en\/"},{"@type":"ListItem","position":2,"name":"Juventus makes the signing of Dusan Vlahovic official"}]},{"@type":"WebSite","@id":"https:\/\/www.fcbarcelonanoticias.com\/en\/#website","url":"https:\/\/www.fcbarcelonanoticias.com\/en\/","name":"EN - FC Barcelona Noticias","description":"","potentialAction":[{"@type":"SearchAction","target":{"@type":"EntryPoint","urlTemplate":"https:\/\/www.fcbarcelonanoticias.com\/en\/?s={search_term_string}"},"query-input":{"@type":"PropertyValueSpecification","valueRequired":true,"valueName":"search_term_string"}}],"inLanguage":"en-US"},{"@type":"Person","@id":"https:\/\/www.fcbarcelonanoticias.com\/en\/#\/schema\/person\/af5ca539abaaa1bd2753d05ef7a706d0","name":"user_4034","image":{"@type":"ImageObject","inLanguage":"en-US","@id":"https:\/\/secure.gravatar.com\/avatar\/?s=96&d=mm&r=g","url":"https:\/\/secure.gravatar.com\/avatar\/?s=96&d=mm&r=g","contentUrl":"https:\/\/secure.gravatar.com\/avatar\/?s=96&d=mm&r=g","caption":"user_4034"},"url":"https:\/\/www.fcbarcelonanoticias.com\/en\/user_4034.html"}]}},"_links":{"self":[{"href":"https:\/\/www.fcbarcelonanoticias.com\/en\/wp-json\/wp\/v2\/posts\/142592","targetHints":{"allow":["GET"]}}],"collection":[{"href":"https:\/\/www.fcbarcelonanoticias.com\/en\/wp-json\/wp\/v2\/posts"}],"about":[{"href":"https:\/\/www.fcbarcelonanoticias.com\/en\/wp-json\/wp\/v2\/types\/post"}],"author":[{"embeddable":true,"href":"https:\/\/www.fcbarcelonanoticias.com\/en\/wp-json\/wp\/v2\/users\/378"}],"replies":[{"embeddable":true,"href":"https:\/\/www.fcbarcelonanoticias.com\/en\/wp-json\/wp\/v2\/comments?post=142592"}],"version-history":[{"count":1,"href":"https:\/\/www.fcbarcelonanoticias.com\/en\/wp-json\/wp\/v2\/posts\/142592\/revisions"}],"predecessor-version":[{"id":154957,"href":"https:\/\/www.fcbarcelonanoticias.com\/en\/wp-json\/wp\/v2\/posts\/142592\/revisions\/154957"}],"wp:featuredmedia":[{"embeddable":true,"href":"https:\/\/www.fcbarcelonanoticias.com\/en\/wp-json\/wp\/v2\/media\/142597"}],"wp:attachment":[{"href":"https:\/\/www.fcbarcelonanoticias.com\/en\/wp-json\/wp\/v2\/media?parent=142592"}],"wp:term":[{"taxonomy":"category","embeddable":true,"href":"https:\/\/www.fcbarcelonanoticias.com\/en\/wp-json\/wp\/v2\/categories?post=142592"},{"taxonomy":"post_tag","embeddable":true,"href":"https:\/\/www.fcbarcelonanoticias.com\/en\/wp-json\/wp\/v2\/tags?post=142592"}],"curies":[{"name":"wp","href":"https:\/\/api.w.org\/{rel}","templated":true}]}}