{"id":142773,"date":"2024-07-18T17:31:00","date_gmt":"2024-07-18T15:31:00","guid":{"rendered":"https:\/\/weisetech.dev\/fc-barcelona-noticias\/en\/the-barca-refuses-the-signing-of-an-old-aim-for-the-midfield_305569_102\/"},"modified":"2024-07-18T17:31:00","modified_gmt":"2024-07-18T15:31:00","slug":"the-barca-refuses-the-signing-of-an-old-aim-for-the-midfield_305569_102","status":"publish","type":"post","link":"https:\/\/www.fcbarcelonanoticias.com\/en\/transfers\/the-barca-refuses-the-signing-of-an-old-aim-for-the-midfield_305569_102.html","title":{"rendered":"Bar\u00e7a rejects the signing of an old target for the midfield"},"content":{"rendered":"<h2 class=\"wp-block-heading\">Nasser Al Khela\u00effi offered the signing of Carlos Soler to Bar\u00e7a for 20 million euros. Joan Laporta rejected the option since neither Deco nor Hansi Flick consider it necessary<\/h2>  \r\n<div class=\"article-addons\">\r\n    <a href=\"https:\/\/www.fcbarcelonanoticias.com\/en\/calendar-fc-barcelona.html\"\r\n       target=\"_self\"\r\n       title=\"Calendar of FC Barcelona\"\r\n       class=\"blue-gredient-btn\">\r\n       \r\n        Calendar of FC Barcelona    <\/a>\r\n<\/div>   <p>Although the priority of the market of signings of the FC Barcelona is the incorporation of a player of band for the attack, <a data-external=\"0\" data-intl-links-en=\"https:\/\/www.fcbarcelonanoticias.com\/en\/transfers\/ernesto-valverde-reta-to-the-fc-barcelona-with-the-signing-of-nico-williams_305563_102.html\" data-intl-links-es=\"https:\/\/www.fcbarcelonanoticias.com\/fichajes\/ernesto-valverde-reta-fc-barcelona-con-fichaje-nico-williams_305563_102.html\" href=\"https:\/\/www.fcbarcelonanoticias.com\/en\/transfers\/ernesto-valverde-reta-to-the-fc-barcelona-with-the-signing-of-nico-williams_305563_102.html\" rel=\"follow\" target=\"_self\" title=\"Ernesto Valverde 'reta' al FC Barcelona con el fichaje de Nico Williams\">being Nico Williams the big favourite in the Barcelona entity<\/a>, <strong>is very known that in the offices of the Spotify Camp Nou also work in the contracting of a midfield player to reinforce the medullary<\/strong>. Several names have been related to the club, but is <a data-external=\"0\" data-intl-links-en=\"https:\/\/www.fcbarcelonanoticias.com\/en\/transfers\/the-new-barter-in-which-it-thinks-the-fc-barcelona-to-recess-the-price-of-mikel-merino_305531_102.html\" data-intl-links-es=\"https:\/\/www.fcbarcelonanoticias.com\/fichajes\/nuevo-trueque-en-piensa-fc-barcelona-rebajar-precio-mikel-merino_305531_102.html\" href=\"https:\/\/www.fcbarcelonanoticias.com\/en\/transfers\/the-new-barter-in-which-it-thinks-the-fc-barcelona-to-recess-the-price-of-mikel-merino_305531_102.html\" rel=\"follow\" target=\"_self\" title=\"El FC Barcelona incluye 1 jugador para rebajar el precio de Mikel Merino: Estos son los 4 candidatos\">Mikel Merino the one who seems to have consecrated like the preferred of Hansi Flick<\/a>.<\/p>  <p>However, the operation of the player of the Real Sociedad is &#8216;stagnated&#8217;. <strong>The agreement of the midfield player with the &#8216;txuri-urdin&#8217; expires in 2025 and everything aims to that will abandon Anoeta this summer<\/strong>, by what the donostiarras will have to access to a traspaso &#8216;low cost&#8217;. In spite of this, his signing would not be priority, for the moment, for the Catalans, that have put all his efforts in the arrival of Williams to the City Condal and achieve the return to the rule 1\/1.<\/p>  <p>This situation could put in risk his landing in the Spotify Camp Nou, since the Arsenal and the Athletic of Madrid yes would be &#8216;presionando&#8217; by the landing of the navarro. By this reason, in Can Bar\u00e7a handle other alternatives and, conscious of this context, <strong>Paris Saint-Germain would have put on the table of the club a new option for the half of the field<\/strong>, although the Catalans would have refused it.<\/p>  <p><strong>Such is the case of Carlos Soler, footballer that was in the Barcelona diary does a pair of summers<\/strong>. The periplo of the Valencian in the Park of the Princes has been a failure rotundo, reason whereby expects that it do the cases this summer after the capitalianos have put him in the list of transferibles. In fact, the newspaper &#8216;The Nacional.cat&#8217; has ensured that Nasser To the-Khela\u00effi offered the signing of the player to Joan Laporta by 20 million euros, but the president there would be descartado the proposal.<\/p>  <h2>Flick Does not want it<\/h2>  <p>The reason behind the negative blaugrana is that so much Flick like Deco do not consider him necessary,<strong> and the figure of 20 millions seems exaggerated for a footballer that grieve has had minutes in Paris<\/strong>. Nevertheless, Be used to still would have market in LaLiga, where the Villarreal and the Real Sociedad (how substitute of Merino?) himself They would be by the work to incorporate to the midfield player of 27 years to his teams.<\/p> ","protected":false},"excerpt":{"rendered":"<p>Nasser Al Khela\u00effi offered the signing of Carlos Soler to Bar\u00e7a for 20 million euros. Joan Laporta rejected the option since neither Deco nor Hansi Flick consider it necessary Although the priority of the market of signings of the FC Barcelona is the incorporation of a player of band for the attack, being Nico Williams [&hellip;]<\/p>\n","protected":false},"author":358,"featured_media":142779,"comment_status":"closed","ping_status":"open","sticky":false,"template":"","format":"standard","meta":{"_acf_changed":false,"inline_featured_image":false,"_nextfly_llmd_date_locked":false,"footnotes":""},"categories":[106,449],"tags":[88,72,93],"class_list":["post-142773","post","type-post","status-publish","format-standard","has-post-thumbnail","hentry","category-transfers","category-transfers-2","tag-paris-saint-germain","tag-real-sociedad","tag-villarreal-cf"],"acf":[],"yoast_head":"<!-- This site is optimized with the Yoast SEO plugin v27.3 - https:\/\/yoast.com\/product\/yoast-seo-wordpress\/ -->\n<title>The Bar\u00e7a refuses the signing of an old aim for the midfield<\/title>\n<meta name=\"description\" content=\"Nasser To the Khela\u00effi offered the signing of Carlos Soler to the Bar\u00e7a by 20 million euros. Joan Laporta refused the option since neither Deco neither Hansi Flick consider him necessary\" \/>\n<meta name=\"robots\" content=\"index, follow, max-snippet:-1, max-image-preview:large, max-video-preview:-1\" \/>\n<link rel=\"canonical\" href=\"https:\/\/www.fcbarcelonanoticias.com\/en\/transfers\/the-barca-refuses-the-signing-of-an-old-aim-for-the-midfield_305569_102.html\" \/>\n<meta property=\"og:locale\" content=\"en_US\" \/>\n<meta property=\"og:type\" content=\"article\" \/>\n<meta property=\"og:title\" content=\"The Bar\u00e7a refuses the signing of an old aim for the midfield\" \/>\n<meta property=\"og:description\" content=\"Nasser To the Khela\u00effi offered the signing of Carlos Soler to the Bar\u00e7a by 20 million euros. Joan Laporta refused the option since neither Deco neither Hansi Flick consider him necessary\" \/>\n<meta property=\"og:url\" content=\"https:\/\/www.fcbarcelonanoticias.com\/en\/transfers\/the-barca-refuses-the-signing-of-an-old-aim-for-the-midfield_305569_102.html\" \/>\n<meta property=\"og:site_name\" content=\"EN - FC Barcelona Noticias\" \/>\n<meta property=\"article:published_time\" content=\"2024-07-18T15:31:00+00:00\" \/>\n<meta property=\"og:image\" content=\"https:\/\/www.fcbarcelonanoticias.com\/en\/wp-content\/uploads\/sites\/2\/2024\/07\/laporta-rafa-yuste-y-deco-directivos-del-barca-2.jpeg\" \/>\n\t<meta property=\"og:image:width\" content=\"1200\" \/>\n\t<meta property=\"og:image:height\" content=\"675\" \/>\n\t<meta property=\"og:image:type\" content=\"image\/jpeg\" \/>\n<meta name=\"author\" content=\"Juan Pablo Berdugo\" \/>\n<meta name=\"twitter:card\" content=\"summary_large_image\" \/>\n<meta name=\"twitter:label1\" content=\"Written by\" \/>\n\t<meta name=\"twitter:data1\" content=\"Juan Pablo Berdugo\" \/>\n\t<meta name=\"twitter:label2\" content=\"Est. reading time\" \/>\n\t<meta name=\"twitter:data2\" content=\"2 minutes\" \/>\n<script type=\"application\/ld+json\" class=\"yoast-schema-graph\">{\"@context\":\"https:\\\/\\\/schema.org\",\"@graph\":[{\"@type\":\"Article\",\"@id\":\"https:\\\/\\\/www.fcbarcelonanoticias.com\\\/en\\\/transfers\\\/the-barca-refuses-the-signing-of-an-old-aim-for-the-midfield_305569_102.html#article\",\"isPartOf\":{\"@id\":\"https:\\\/\\\/www.fcbarcelonanoticias.com\\\/en\\\/transfers\\\/the-barca-refuses-the-signing-of-an-old-aim-for-the-midfield_305569_102.html\"},\"author\":{\"name\":\"Juan Pablo Berdugo\",\"@id\":\"https:\\\/\\\/www.fcbarcelonanoticias.com\\\/en\\\/#\\\/schema\\\/person\\\/88d756918a0a1ae9fa593b5edddd1815\"},\"headline\":\"Bar\u00e7a rejects the signing of an old target for the midfield\",\"datePublished\":\"2024-07-18T15:31:00+00:00\",\"mainEntityOfPage\":{\"@id\":\"https:\\\/\\\/www.fcbarcelonanoticias.com\\\/en\\\/transfers\\\/the-barca-refuses-the-signing-of-an-old-aim-for-the-midfield_305569_102.html\"},\"wordCount\":452,\"image\":{\"@id\":\"https:\\\/\\\/www.fcbarcelonanoticias.com\\\/en\\\/transfers\\\/the-barca-refuses-the-signing-of-an-old-aim-for-the-midfield_305569_102.html#primaryimage\"},\"thumbnailUrl\":\"https:\\\/\\\/www.fcbarcelonanoticias.com\\\/en\\\/wp-content\\\/uploads\\\/sites\\\/2\\\/2024\\\/07\\\/laporta-rafa-yuste-y-deco-directivos-del-barca-2.jpeg\",\"keywords\":[\"Paris Saint-Germain\",\"Real Sociedad\",\"Villarreal CF\"],\"articleSection\":[\"Transfers\",\"Transfers\"],\"inLanguage\":\"en-US\"},{\"@type\":\"WebPage\",\"@id\":\"https:\\\/\\\/www.fcbarcelonanoticias.com\\\/en\\\/transfers\\\/the-barca-refuses-the-signing-of-an-old-aim-for-the-midfield_305569_102.html\",\"url\":\"https:\\\/\\\/www.fcbarcelonanoticias.com\\\/en\\\/transfers\\\/the-barca-refuses-the-signing-of-an-old-aim-for-the-midfield_305569_102.html\",\"name\":\"The Bar\u00e7a refuses the signing of an old aim for the midfield\",\"isPartOf\":{\"@id\":\"https:\\\/\\\/www.fcbarcelonanoticias.com\\\/en\\\/#website\"},\"primaryImageOfPage\":{\"@id\":\"https:\\\/\\\/www.fcbarcelonanoticias.com\\\/en\\\/transfers\\\/the-barca-refuses-the-signing-of-an-old-aim-for-the-midfield_305569_102.html#primaryimage\"},\"image\":{\"@id\":\"https:\\\/\\\/www.fcbarcelonanoticias.com\\\/en\\\/transfers\\\/the-barca-refuses-the-signing-of-an-old-aim-for-the-midfield_305569_102.html#primaryimage\"},\"thumbnailUrl\":\"https:\\\/\\\/www.fcbarcelonanoticias.com\\\/en\\\/wp-content\\\/uploads\\\/sites\\\/2\\\/2024\\\/07\\\/laporta-rafa-yuste-y-deco-directivos-del-barca-2.jpeg\",\"datePublished\":\"2024-07-18T15:31:00+00:00\",\"author\":{\"@id\":\"https:\\\/\\\/www.fcbarcelonanoticias.com\\\/en\\\/#\\\/schema\\\/person\\\/88d756918a0a1ae9fa593b5edddd1815\"},\"description\":\"Nasser To the Khela\u00effi offered the signing of Carlos Soler to the Bar\u00e7a by 20 million euros. Joan Laporta refused the option since neither Deco neither Hansi Flick consider him necessary\",\"breadcrumb\":{\"@id\":\"https:\\\/\\\/www.fcbarcelonanoticias.com\\\/en\\\/transfers\\\/the-barca-refuses-the-signing-of-an-old-aim-for-the-midfield_305569_102.html#breadcrumb\"},\"inLanguage\":\"en-US\",\"potentialAction\":[{\"@type\":\"ReadAction\",\"target\":[\"https:\\\/\\\/www.fcbarcelonanoticias.com\\\/en\\\/transfers\\\/the-barca-refuses-the-signing-of-an-old-aim-for-the-midfield_305569_102.html\"]}]},{\"@type\":\"ImageObject\",\"inLanguage\":\"en-US\",\"@id\":\"https:\\\/\\\/www.fcbarcelonanoticias.com\\\/en\\\/transfers\\\/the-barca-refuses-the-signing-of-an-old-aim-for-the-midfield_305569_102.html#primaryimage\",\"url\":\"https:\\\/\\\/www.fcbarcelonanoticias.com\\\/en\\\/wp-content\\\/uploads\\\/sites\\\/2\\\/2024\\\/07\\\/laporta-rafa-yuste-y-deco-directivos-del-barca-2.jpeg\",\"contentUrl\":\"https:\\\/\\\/www.fcbarcelonanoticias.com\\\/en\\\/wp-content\\\/uploads\\\/sites\\\/2\\\/2024\\\/07\\\/laporta-rafa-yuste-y-deco-directivos-del-barca-2.jpeg\",\"width\":1200,\"height\":675},{\"@type\":\"BreadcrumbList\",\"@id\":\"https:\\\/\\\/www.fcbarcelonanoticias.com\\\/en\\\/transfers\\\/the-barca-refuses-the-signing-of-an-old-aim-for-the-midfield_305569_102.html#breadcrumb\",\"itemListElement\":[{\"@type\":\"ListItem\",\"position\":1,\"name\":\"Portada\",\"item\":\"https:\\\/\\\/www.fcbarcelonanoticias.com\\\/en\\\/\"},{\"@type\":\"ListItem\",\"position\":2,\"name\":\"Bar\u00e7a rejects the signing of an old target for the midfield\"}]},{\"@type\":\"WebSite\",\"@id\":\"https:\\\/\\\/www.fcbarcelonanoticias.com\\\/en\\\/#website\",\"url\":\"https:\\\/\\\/www.fcbarcelonanoticias.com\\\/en\\\/\",\"name\":\"EN - FC Barcelona Noticias\",\"description\":\"\",\"potentialAction\":[{\"@type\":\"SearchAction\",\"target\":{\"@type\":\"EntryPoint\",\"urlTemplate\":\"https:\\\/\\\/www.fcbarcelonanoticias.com\\\/en\\\/?s={search_term_string}\"},\"query-input\":{\"@type\":\"PropertyValueSpecification\",\"valueRequired\":true,\"valueName\":\"search_term_string\"}}],\"inLanguage\":\"en-US\"},{\"@type\":\"Person\",\"@id\":\"https:\\\/\\\/www.fcbarcelonanoticias.com\\\/en\\\/#\\\/schema\\\/person\\\/88d756918a0a1ae9fa593b5edddd1815\",\"name\":\"Juan Pablo Berdugo\",\"image\":{\"@type\":\"ImageObject\",\"inLanguage\":\"en-US\",\"@id\":\"https:\\\/\\\/secure.gravatar.com\\\/avatar\\\/?s=96&d=mm&r=g\",\"url\":\"https:\\\/\\\/secure.gravatar.com\\\/avatar\\\/?s=96&d=mm&r=g\",\"contentUrl\":\"https:\\\/\\\/secure.gravatar.com\\\/avatar\\\/?s=96&d=mm&r=g\",\"caption\":\"Juan Pablo Berdugo\"},\"description\":\"Juan Pablo Berdugo es graduado en Periodismo. Colabora con FCBN como especialista en informaci\u00f3n del primer equipo del FC Barcelona, f\u00fatbol internacional y mercado de fichajes. Destaca por su enfoque anal\u00edtico, su rigor informativo y su capacidad para detectar tendencias emergentes en el f\u00fatbol global.\",\"url\":\"https:\\\/\\\/www.fcbarcelonanoticias.com\\\/en\\\/fc-barcelona\\\/juan-pablo-berdugo_18_115.html\"}]}<\/script>\n<!-- \/ Yoast SEO plugin. -->","yoast_head_json":{"title":"The Bar\u00e7a refuses the signing of an old aim for the midfield","description":"Nasser To the Khela\u00effi offered the signing of Carlos Soler to the Bar\u00e7a by 20 million euros. Joan Laporta refused the option since neither Deco neither Hansi Flick consider him necessary","robots":{"index":"index","follow":"follow","max-snippet":"max-snippet:-1","max-image-preview":"max-image-preview:large","max-video-preview":"max-video-preview:-1"},"canonical":"https:\/\/www.fcbarcelonanoticias.com\/en\/transfers\/the-barca-refuses-the-signing-of-an-old-aim-for-the-midfield_305569_102.html","og_locale":"en_US","og_type":"article","og_title":"The Bar\u00e7a refuses the signing of an old aim for the midfield","og_description":"Nasser To the Khela\u00effi offered the signing of Carlos Soler to the Bar\u00e7a by 20 million euros. Joan Laporta refused the option since neither Deco neither Hansi Flick consider him necessary","og_url":"https:\/\/www.fcbarcelonanoticias.com\/en\/transfers\/the-barca-refuses-the-signing-of-an-old-aim-for-the-midfield_305569_102.html","og_site_name":"EN - FC Barcelona Noticias","article_published_time":"2024-07-18T15:31:00+00:00","og_image":[{"width":1200,"height":675,"url":"https:\/\/www.fcbarcelonanoticias.com\/en\/wp-content\/uploads\/sites\/2\/2024\/07\/laporta-rafa-yuste-y-deco-directivos-del-barca-2.jpeg","type":"image\/jpeg"}],"author":"Juan Pablo Berdugo","twitter_card":"summary_large_image","twitter_misc":{"Written by":"Juan Pablo Berdugo","Est. reading time":"2 minutes"},"schema":{"@context":"https:\/\/schema.org","@graph":[{"@type":"Article","@id":"https:\/\/www.fcbarcelonanoticias.com\/en\/transfers\/the-barca-refuses-the-signing-of-an-old-aim-for-the-midfield_305569_102.html#article","isPartOf":{"@id":"https:\/\/www.fcbarcelonanoticias.com\/en\/transfers\/the-barca-refuses-the-signing-of-an-old-aim-for-the-midfield_305569_102.html"},"author":{"name":"Juan Pablo Berdugo","@id":"https:\/\/www.fcbarcelonanoticias.com\/en\/#\/schema\/person\/88d756918a0a1ae9fa593b5edddd1815"},"headline":"Bar\u00e7a rejects the signing of an old target for the midfield","datePublished":"2024-07-18T15:31:00+00:00","mainEntityOfPage":{"@id":"https:\/\/www.fcbarcelonanoticias.com\/en\/transfers\/the-barca-refuses-the-signing-of-an-old-aim-for-the-midfield_305569_102.html"},"wordCount":452,"image":{"@id":"https:\/\/www.fcbarcelonanoticias.com\/en\/transfers\/the-barca-refuses-the-signing-of-an-old-aim-for-the-midfield_305569_102.html#primaryimage"},"thumbnailUrl":"https:\/\/www.fcbarcelonanoticias.com\/en\/wp-content\/uploads\/sites\/2\/2024\/07\/laporta-rafa-yuste-y-deco-directivos-del-barca-2.jpeg","keywords":["Paris Saint-Germain","Real Sociedad","Villarreal CF"],"articleSection":["Transfers","Transfers"],"inLanguage":"en-US"},{"@type":"WebPage","@id":"https:\/\/www.fcbarcelonanoticias.com\/en\/transfers\/the-barca-refuses-the-signing-of-an-old-aim-for-the-midfield_305569_102.html","url":"https:\/\/www.fcbarcelonanoticias.com\/en\/transfers\/the-barca-refuses-the-signing-of-an-old-aim-for-the-midfield_305569_102.html","name":"The Bar\u00e7a refuses the signing of an old aim for the midfield","isPartOf":{"@id":"https:\/\/www.fcbarcelonanoticias.com\/en\/#website"},"primaryImageOfPage":{"@id":"https:\/\/www.fcbarcelonanoticias.com\/en\/transfers\/the-barca-refuses-the-signing-of-an-old-aim-for-the-midfield_305569_102.html#primaryimage"},"image":{"@id":"https:\/\/www.fcbarcelonanoticias.com\/en\/transfers\/the-barca-refuses-the-signing-of-an-old-aim-for-the-midfield_305569_102.html#primaryimage"},"thumbnailUrl":"https:\/\/www.fcbarcelonanoticias.com\/en\/wp-content\/uploads\/sites\/2\/2024\/07\/laporta-rafa-yuste-y-deco-directivos-del-barca-2.jpeg","datePublished":"2024-07-18T15:31:00+00:00","author":{"@id":"https:\/\/www.fcbarcelonanoticias.com\/en\/#\/schema\/person\/88d756918a0a1ae9fa593b5edddd1815"},"description":"Nasser To the Khela\u00effi offered the signing of Carlos Soler to the Bar\u00e7a by 20 million euros. Joan Laporta refused the option since neither Deco neither Hansi Flick consider him necessary","breadcrumb":{"@id":"https:\/\/www.fcbarcelonanoticias.com\/en\/transfers\/the-barca-refuses-the-signing-of-an-old-aim-for-the-midfield_305569_102.html#breadcrumb"},"inLanguage":"en-US","potentialAction":[{"@type":"ReadAction","target":["https:\/\/www.fcbarcelonanoticias.com\/en\/transfers\/the-barca-refuses-the-signing-of-an-old-aim-for-the-midfield_305569_102.html"]}]},{"@type":"ImageObject","inLanguage":"en-US","@id":"https:\/\/www.fcbarcelonanoticias.com\/en\/transfers\/the-barca-refuses-the-signing-of-an-old-aim-for-the-midfield_305569_102.html#primaryimage","url":"https:\/\/www.fcbarcelonanoticias.com\/en\/wp-content\/uploads\/sites\/2\/2024\/07\/laporta-rafa-yuste-y-deco-directivos-del-barca-2.jpeg","contentUrl":"https:\/\/www.fcbarcelonanoticias.com\/en\/wp-content\/uploads\/sites\/2\/2024\/07\/laporta-rafa-yuste-y-deco-directivos-del-barca-2.jpeg","width":1200,"height":675},{"@type":"BreadcrumbList","@id":"https:\/\/www.fcbarcelonanoticias.com\/en\/transfers\/the-barca-refuses-the-signing-of-an-old-aim-for-the-midfield_305569_102.html#breadcrumb","itemListElement":[{"@type":"ListItem","position":1,"name":"Portada","item":"https:\/\/www.fcbarcelonanoticias.com\/en\/"},{"@type":"ListItem","position":2,"name":"Bar\u00e7a rejects the signing of an old target for the midfield"}]},{"@type":"WebSite","@id":"https:\/\/www.fcbarcelonanoticias.com\/en\/#website","url":"https:\/\/www.fcbarcelonanoticias.com\/en\/","name":"EN - FC Barcelona Noticias","description":"","potentialAction":[{"@type":"SearchAction","target":{"@type":"EntryPoint","urlTemplate":"https:\/\/www.fcbarcelonanoticias.com\/en\/?s={search_term_string}"},"query-input":{"@type":"PropertyValueSpecification","valueRequired":true,"valueName":"search_term_string"}}],"inLanguage":"en-US"},{"@type":"Person","@id":"https:\/\/www.fcbarcelonanoticias.com\/en\/#\/schema\/person\/88d756918a0a1ae9fa593b5edddd1815","name":"Juan Pablo Berdugo","image":{"@type":"ImageObject","inLanguage":"en-US","@id":"https:\/\/secure.gravatar.com\/avatar\/?s=96&d=mm&r=g","url":"https:\/\/secure.gravatar.com\/avatar\/?s=96&d=mm&r=g","contentUrl":"https:\/\/secure.gravatar.com\/avatar\/?s=96&d=mm&r=g","caption":"Juan Pablo Berdugo"},"description":"Juan Pablo Berdugo es graduado en Periodismo. Colabora con FCBN como especialista en informaci\u00f3n del primer equipo del FC Barcelona, f\u00fatbol internacional y mercado de fichajes. Destaca por su enfoque anal\u00edtico, su rigor informativo y su capacidad para detectar tendencias emergentes en el f\u00fatbol global.","url":"https:\/\/www.fcbarcelonanoticias.com\/en\/fc-barcelona\/juan-pablo-berdugo_18_115.html"}]}},"_links":{"self":[{"href":"https:\/\/www.fcbarcelonanoticias.com\/en\/wp-json\/wp\/v2\/posts\/142773","targetHints":{"allow":["GET"]}}],"collection":[{"href":"https:\/\/www.fcbarcelonanoticias.com\/en\/wp-json\/wp\/v2\/posts"}],"about":[{"href":"https:\/\/www.fcbarcelonanoticias.com\/en\/wp-json\/wp\/v2\/types\/post"}],"author":[{"embeddable":true,"href":"https:\/\/www.fcbarcelonanoticias.com\/en\/wp-json\/wp\/v2\/users\/358"}],"replies":[{"embeddable":true,"href":"https:\/\/www.fcbarcelonanoticias.com\/en\/wp-json\/wp\/v2\/comments?post=142773"}],"version-history":[{"count":1,"href":"https:\/\/www.fcbarcelonanoticias.com\/en\/wp-json\/wp\/v2\/posts\/142773\/revisions"}],"predecessor-version":[{"id":155503,"href":"https:\/\/www.fcbarcelonanoticias.com\/en\/wp-json\/wp\/v2\/posts\/142773\/revisions\/155503"}],"wp:featuredmedia":[{"embeddable":true,"href":"https:\/\/www.fcbarcelonanoticias.com\/en\/wp-json\/wp\/v2\/media\/142779"}],"wp:attachment":[{"href":"https:\/\/www.fcbarcelonanoticias.com\/en\/wp-json\/wp\/v2\/media?parent=142773"}],"wp:term":[{"taxonomy":"category","embeddable":true,"href":"https:\/\/www.fcbarcelonanoticias.com\/en\/wp-json\/wp\/v2\/categories?post=142773"},{"taxonomy":"post_tag","embeddable":true,"href":"https:\/\/www.fcbarcelonanoticias.com\/en\/wp-json\/wp\/v2\/tags?post=142773"}],"curies":[{"name":"wp","href":"https:\/\/api.w.org\/{rel}","templated":true}]}}