{"id":142795,"date":"2022-07-02T18:09:00","date_gmt":"2022-07-02T16:09:00","guid":{"rendered":"https:\/\/weisetech.dev\/fc-barcelona-noticias\/en\/the-juventus-tighten-by-koulibaly-to-replace-to-of_281817_102\/"},"modified":"2022-07-02T18:44:00","modified_gmt":"2022-07-02T16:44:00","slug":"the-juventus-tighten-by-koulibaly-to-replace-to-of_281817_102","status":"publish","type":"post","link":"https:\/\/www.fcbarcelonanoticias.com\/en\/transfers\/the-juventus-tighten-by-koulibaly-to-replace-to-of_281817_102.html","title":{"rendered":"Juventus &#8216;press&#8217; for Koulibaly to replace De Ligt"},"content":{"rendered":"<h2 class=\"wp-block-heading\">Napoli will have to sell Kalidou Koulibaly for less than his market value. Given the Senegalese&#8217;s refusal to renew, the &#8216;partenopeo&#8217; team could lose him for free in 2023 and Juventus will try to take advantage of this &#8216;bargain&#8217;<\/h2>  \r\n<div class=\"article-addons\">\r\n    <a href=\"https:\/\/www.fcbarcelonanoticias.com\/en\/calendar-fc-barcelona.html\"\r\n       target=\"_self\"\r\n       title=\"Calendar of FC Barcelona\"\r\n       class=\"blue-gredient-btn\">\r\n       \r\n        Calendar of FC Barcelona    <\/a>\r\n<\/div>   <p>The Juventus will go seriously to by the signing of Kalidou Koulibaly. <strong>In Tur\u00edn know that Matthijs of Ligt could go out in summer and want to ensure his replacement with the Senegalese<\/strong>, a central &#8216;to low cost&#8217; that offers guarantees thanks to wide experience in Italy. The priority of the group &#8216;partenopeo&#8217; was to renew to the defender, but the refusal of the player of 31 years and his only remaining year of agreement do not leave him more alternative to the ones of the south of Italy that sell him, even, by an inferior price to his value of market.<\/p>  <p>In this sense, Koulibaly turns into a very interesting option for the FC Barcelona. <strong>Further that the priority is fichar to <a data-external=\"0\" data-intl-links-en=\"https:\/\/www.fcbarcelonanoticias.com\/en\/transfers\/the-conditions-of-the-barca-for-fichar-to-jules-kounde-this-summer_281797_102.html\" data-intl-links-es=\"https:\/\/www.fcbarcelonanoticias.com\/fichajes\/condiciones-barcelona-fichar-jules-kounde-este-verano_281797_102.html\" href=\"https:\/\/www.fcbarcelonanoticias.com\/en\/transfers\/the-conditions-of-the-barca-for-fichar-to-jules-kounde-this-summer_281797_102.html\" rel=\"follow\" target=\"_self\" title=\"Las condiciones del Bar\u00e7a para fichar a Jules Kound\u00e9 este verano\">Jules Kound\u00e9<\/a>, the price that the Seville demands by the French is very high for the financial actuality blaugrana<\/strong>. In this sense, the one of Saint-Di\u00e9-give-Vosges would be an excellent reinforcement that could arrive by around 20 million euros, as long as the &#8216;Vecchia Signora&#8217; do not advance .<\/p>  <p>For Massimiliano Allegri, the need of fichar a central is vital for the 2022-23. Further to lose to Of Ligt, <strong>the drop of Giorgio Chiellini and the experience of Leonardo Bonucci leave very weakened to the saga &#8216;bianconera&#8217;<\/strong>, that already offered few guarantees in the past season, the first without titles for the &#8216;Juve&#8217; from the 2010-11. Thus, the managerial juventina trusts to close a reinforcement for his defence in his ac\u00e9rrimo rival, with the one who already has concretised important businesses in the recent past.<\/p>  <p><strong>In 2016, the Juventus paid 90 million euros to the Napoli by Gonzalo Higua\u00edn<\/strong>. Although the priority of the Senegalese is to test luck in another different league to the Series To and the group &#8216;partenopeo&#8217; would prefer to see him with another different T-shirt to the &#8216;bianconera&#8217;, the &#8216;Juve&#8217; would be in better position for ficharle, since<strong> it splits of the money ingresado by Of Ligt would be allocated to buy to a Koulibaly <\/strong>that comes to contest 313 matches in eight years with the Napoli.<\/p>  <h3>Of Ligt no longer is intrasferible for the Juventus<\/h3>  <p>&#8220;Today it is impossible to keep to a player that wants to go, but always is a question of numbers. It is not that if somebody wants to go go and answer him: &#8216;please, it takes seat&#8217;. <strong>It is difficult to keep to a player, but of the table of negotiation the three parts have to raise satisfied. This yes: The one who has the money, wins&#8221;<\/strong>, affirmed <strong>Maurizio <\/strong>Arrivabene, sportive director of the &#8216;Juve&#8217;, on the posiblidad to sell to Matthijs of Ligt.<\/p>  <p>In an interview with &#8216;Tuttosport&#8217;, the director &#8216;bianconero&#8217; left clear that the Dutch could go out in this market if it arrives an offer convincente. <strong>Chelsea would be one of the interested in hiring to the tulip for suplir the drops of Andreas Christensen (<a data-external=\"0\" data-intl-links-en=\"https:\/\/www.fcbarcelonanoticias.com\/en\/transfers\/scheduled-date-by-barcelona-announce-its-first-two-signings_281813_102.html\" data-intl-links-es=\"https:\/\/www.fcbarcelonanoticias.com\/fichajes\/fecha-prevista-por-barcelona-anunciar-sus-dos-primeros-fichajes_281813_102.html\" href=\"https:\/\/www.fcbarcelonanoticias.com\/en\/transfers\/scheduled-date-by-barcelona-announce-its-first-two-signings_281813_102.html\" rel=\"follow\" target=\"_self\" title=\"La fecha prevista por el Bar\u00e7a para anunciar sus dos primeros fichajes\">Bar\u00e7a<\/a>) and Antonio R\u00fcdiger (Real Madrid)<\/strong>, in an operation that rondar\u00eda the 70 million euros. Of Ligt has agreement until 2024 and already has left to glimpse his wish to test luck in another club. From here that the &#8216;Juve&#8217; take seriously the &#8216;operation Koulibaly&#8217;.<\/p> ","protected":false},"excerpt":{"rendered":"<p>Napoli will have to sell Kalidou Koulibaly for less than his market value. Given the Senegalese&#8217;s refusal to renew, the &#8216;partenopeo&#8217; team could lose him for free in 2023 and Juventus will try to take advantage of this &#8216;bargain&#8217; The Juventus will go seriously to by the signing of Kalidou Koulibaly. In Tur\u00edn know that [&hellip;]<\/p>\n","protected":false},"author":347,"featured_media":142800,"comment_status":"closed","ping_status":"open","sticky":false,"template":"","format":"standard","meta":{"_acf_changed":false,"inline_featured_image":false,"_nextfly_llmd_date_locked":false,"footnotes":""},"categories":[449,106],"tags":[105,51],"class_list":["post-142795","post","type-post","status-publish","format-standard","has-post-thumbnail","hentry","category-transfers-2","category-transfers","tag-juventus","tag-napoli"],"acf":[],"yoast_head":"<!-- This site is optimized with the Yoast SEO plugin v27.3 - https:\/\/yoast.com\/product\/yoast-seo-wordpress\/ -->\n<title>Juventus &#039;press&#039; for Koulibaly to replace De Ligt<\/title>\n<meta name=\"description\" content=\"The Napoli will have to sell to Kalidou Koulibaly by an inferior price to his value of market. In front of the refusal of the Senegalese to renew, the group &#039;partenopeo&#039;...\" \/>\n<meta name=\"robots\" content=\"index, follow, max-snippet:-1, max-image-preview:large, max-video-preview:-1\" \/>\n<link rel=\"canonical\" href=\"https:\/\/www.fcbarcelonanoticias.com\/en\/transfers\/the-juventus-tighten-by-koulibaly-to-replace-to-of_281817_102.html\" \/>\n<meta property=\"og:locale\" content=\"en_US\" \/>\n<meta property=\"og:type\" content=\"article\" \/>\n<meta property=\"og:title\" content=\"Juventus &#039;press&#039; for Koulibaly to replace De Ligt\" \/>\n<meta property=\"og:description\" content=\"The Napoli will have to sell to Kalidou Koulibaly by an inferior price to his value of market. In front of the refusal of the Senegalese to renew, the group &#039;partenopeo&#039;...\" \/>\n<meta property=\"og:url\" content=\"https:\/\/www.fcbarcelonanoticias.com\/en\/transfers\/the-juventus-tighten-by-koulibaly-to-replace-to-of_281817_102.html\" \/>\n<meta property=\"og:site_name\" content=\"EN - FC Barcelona Noticias\" \/>\n<meta property=\"article:published_time\" content=\"2022-07-02T16:09:00+00:00\" \/>\n<meta property=\"article:modified_time\" content=\"2022-07-02T16:44:00+00:00\" \/>\n<meta property=\"og:image\" content=\"https:\/\/www.fcbarcelonanoticias.com\/en\/wp-content\/uploads\/sites\/2\/2022\/07\/kalidou-koulibaly-celebrando-un-gol.jpeg\" \/>\n\t<meta property=\"og:image:width\" content=\"1300\" \/>\n\t<meta property=\"og:image:height\" content=\"737\" \/>\n\t<meta property=\"og:image:type\" content=\"image\/jpeg\" \/>\n<meta name=\"author\" content=\"Andr\u00e9s Quiroz\" \/>\n<meta name=\"twitter:card\" content=\"summary_large_image\" \/>\n<meta name=\"twitter:label1\" content=\"Written by\" \/>\n\t<meta name=\"twitter:data1\" content=\"Andr\u00e9s Quiroz\" \/>\n\t<meta name=\"twitter:label2\" content=\"Est. reading time\" \/>\n\t<meta name=\"twitter:data2\" content=\"3 minutes\" \/>\n<script type=\"application\/ld+json\" class=\"yoast-schema-graph\">{\"@context\":\"https:\\\/\\\/schema.org\",\"@graph\":[{\"@type\":\"Article\",\"@id\":\"https:\\\/\\\/www.fcbarcelonanoticias.com\\\/en\\\/transfers\\\/the-juventus-tighten-by-koulibaly-to-replace-to-of_281817_102.html#article\",\"isPartOf\":{\"@id\":\"https:\\\/\\\/www.fcbarcelonanoticias.com\\\/en\\\/transfers\\\/the-juventus-tighten-by-koulibaly-to-replace-to-of_281817_102.html\"},\"author\":{\"name\":\"Andr\u00e9s Quiroz\",\"@id\":\"https:\\\/\\\/www.fcbarcelonanoticias.com\\\/en\\\/#\\\/schema\\\/person\\\/c2cd9f6fa1af5c0d0eccd0fefa575c88\"},\"headline\":\"Juventus &#8216;press&#8217; for Koulibaly to replace De Ligt\",\"datePublished\":\"2022-07-02T16:09:00+00:00\",\"dateModified\":\"2022-07-02T16:44:00+00:00\",\"mainEntityOfPage\":{\"@id\":\"https:\\\/\\\/www.fcbarcelonanoticias.com\\\/en\\\/transfers\\\/the-juventus-tighten-by-koulibaly-to-replace-to-of_281817_102.html\"},\"wordCount\":573,\"image\":{\"@id\":\"https:\\\/\\\/www.fcbarcelonanoticias.com\\\/en\\\/transfers\\\/the-juventus-tighten-by-koulibaly-to-replace-to-of_281817_102.html#primaryimage\"},\"thumbnailUrl\":\"https:\\\/\\\/www.fcbarcelonanoticias.com\\\/en\\\/wp-content\\\/uploads\\\/sites\\\/2\\\/2022\\\/07\\\/kalidou-koulibaly-celebrando-un-gol.jpeg\",\"keywords\":[\"Juventus\",\"Napoli\"],\"articleSection\":[\"Transfers\",\"Transfers\"],\"inLanguage\":\"en-US\"},{\"@type\":\"WebPage\",\"@id\":\"https:\\\/\\\/www.fcbarcelonanoticias.com\\\/en\\\/transfers\\\/the-juventus-tighten-by-koulibaly-to-replace-to-of_281817_102.html\",\"url\":\"https:\\\/\\\/www.fcbarcelonanoticias.com\\\/en\\\/transfers\\\/the-juventus-tighten-by-koulibaly-to-replace-to-of_281817_102.html\",\"name\":\"Juventus 'press' for Koulibaly to replace De Ligt\",\"isPartOf\":{\"@id\":\"https:\\\/\\\/www.fcbarcelonanoticias.com\\\/en\\\/#website\"},\"primaryImageOfPage\":{\"@id\":\"https:\\\/\\\/www.fcbarcelonanoticias.com\\\/en\\\/transfers\\\/the-juventus-tighten-by-koulibaly-to-replace-to-of_281817_102.html#primaryimage\"},\"image\":{\"@id\":\"https:\\\/\\\/www.fcbarcelonanoticias.com\\\/en\\\/transfers\\\/the-juventus-tighten-by-koulibaly-to-replace-to-of_281817_102.html#primaryimage\"},\"thumbnailUrl\":\"https:\\\/\\\/www.fcbarcelonanoticias.com\\\/en\\\/wp-content\\\/uploads\\\/sites\\\/2\\\/2022\\\/07\\\/kalidou-koulibaly-celebrando-un-gol.jpeg\",\"datePublished\":\"2022-07-02T16:09:00+00:00\",\"dateModified\":\"2022-07-02T16:44:00+00:00\",\"author\":{\"@id\":\"https:\\\/\\\/www.fcbarcelonanoticias.com\\\/en\\\/#\\\/schema\\\/person\\\/c2cd9f6fa1af5c0d0eccd0fefa575c88\"},\"description\":\"The Napoli will have to sell to Kalidou Koulibaly by an inferior price to his value of market. In front of the refusal of the Senegalese to renew, the group 'partenopeo'...\",\"breadcrumb\":{\"@id\":\"https:\\\/\\\/www.fcbarcelonanoticias.com\\\/en\\\/transfers\\\/the-juventus-tighten-by-koulibaly-to-replace-to-of_281817_102.html#breadcrumb\"},\"inLanguage\":\"en-US\",\"potentialAction\":[{\"@type\":\"ReadAction\",\"target\":[\"https:\\\/\\\/www.fcbarcelonanoticias.com\\\/en\\\/transfers\\\/the-juventus-tighten-by-koulibaly-to-replace-to-of_281817_102.html\"]}]},{\"@type\":\"ImageObject\",\"inLanguage\":\"en-US\",\"@id\":\"https:\\\/\\\/www.fcbarcelonanoticias.com\\\/en\\\/transfers\\\/the-juventus-tighten-by-koulibaly-to-replace-to-of_281817_102.html#primaryimage\",\"url\":\"https:\\\/\\\/www.fcbarcelonanoticias.com\\\/en\\\/wp-content\\\/uploads\\\/sites\\\/2\\\/2022\\\/07\\\/kalidou-koulibaly-celebrando-un-gol.jpeg\",\"contentUrl\":\"https:\\\/\\\/www.fcbarcelonanoticias.com\\\/en\\\/wp-content\\\/uploads\\\/sites\\\/2\\\/2022\\\/07\\\/kalidou-koulibaly-celebrando-un-gol.jpeg\",\"width\":1300,\"height\":737},{\"@type\":\"BreadcrumbList\",\"@id\":\"https:\\\/\\\/www.fcbarcelonanoticias.com\\\/en\\\/transfers\\\/the-juventus-tighten-by-koulibaly-to-replace-to-of_281817_102.html#breadcrumb\",\"itemListElement\":[{\"@type\":\"ListItem\",\"position\":1,\"name\":\"Portada\",\"item\":\"https:\\\/\\\/www.fcbarcelonanoticias.com\\\/en\\\/\"},{\"@type\":\"ListItem\",\"position\":2,\"name\":\"Juventus &#8216;press&#8217; for Koulibaly to replace De Ligt\"}]},{\"@type\":\"WebSite\",\"@id\":\"https:\\\/\\\/www.fcbarcelonanoticias.com\\\/en\\\/#website\",\"url\":\"https:\\\/\\\/www.fcbarcelonanoticias.com\\\/en\\\/\",\"name\":\"EN - FC Barcelona Noticias\",\"description\":\"\",\"potentialAction\":[{\"@type\":\"SearchAction\",\"target\":{\"@type\":\"EntryPoint\",\"urlTemplate\":\"https:\\\/\\\/www.fcbarcelonanoticias.com\\\/en\\\/?s={search_term_string}\"},\"query-input\":{\"@type\":\"PropertyValueSpecification\",\"valueRequired\":true,\"valueName\":\"search_term_string\"}}],\"inLanguage\":\"en-US\"},{\"@type\":\"Person\",\"@id\":\"https:\\\/\\\/www.fcbarcelonanoticias.com\\\/en\\\/#\\\/schema\\\/person\\\/c2cd9f6fa1af5c0d0eccd0fefa575c88\",\"name\":\"Andr\u00e9s Quiroz\",\"image\":{\"@type\":\"ImageObject\",\"inLanguage\":\"en-US\",\"@id\":\"https:\\\/\\\/secure.gravatar.com\\\/avatar\\\/?s=96&d=mm&r=g\",\"url\":\"https:\\\/\\\/secure.gravatar.com\\\/avatar\\\/?s=96&d=mm&r=g\",\"contentUrl\":\"https:\\\/\\\/secure.gravatar.com\\\/avatar\\\/?s=96&d=mm&r=g\",\"caption\":\"Andr\u00e9s Quiroz\"},\"description\":\"Licenciado en Periodismo por la Universidad de los Andes. Me encargo de analizar y compartir los contenidos m\u00e1s destacados de la\u00a0actualidad del F\u00fatbol Club Barcelona, Mercado de Fichajes y F\u00fatbol Internacional en FCBN. La informaci\u00f3n es poder, pero tambi\u00e9n conocimiento.\",\"url\":\"https:\\\/\\\/www.fcbarcelonanoticias.com\\\/en\\\/fc-barcelona\\\/andres-quiroz_17_115.html\"}]}<\/script>\n<!-- \/ Yoast SEO plugin. -->","yoast_head_json":{"title":"Juventus 'press' for Koulibaly to replace De Ligt","description":"The Napoli will have to sell to Kalidou Koulibaly by an inferior price to his value of market. In front of the refusal of the Senegalese to renew, the group 'partenopeo'...","robots":{"index":"index","follow":"follow","max-snippet":"max-snippet:-1","max-image-preview":"max-image-preview:large","max-video-preview":"max-video-preview:-1"},"canonical":"https:\/\/www.fcbarcelonanoticias.com\/en\/transfers\/the-juventus-tighten-by-koulibaly-to-replace-to-of_281817_102.html","og_locale":"en_US","og_type":"article","og_title":"Juventus 'press' for Koulibaly to replace De Ligt","og_description":"The Napoli will have to sell to Kalidou Koulibaly by an inferior price to his value of market. In front of the refusal of the Senegalese to renew, the group 'partenopeo'...","og_url":"https:\/\/www.fcbarcelonanoticias.com\/en\/transfers\/the-juventus-tighten-by-koulibaly-to-replace-to-of_281817_102.html","og_site_name":"EN - FC Barcelona Noticias","article_published_time":"2022-07-02T16:09:00+00:00","article_modified_time":"2022-07-02T16:44:00+00:00","og_image":[{"width":1300,"height":737,"url":"https:\/\/www.fcbarcelonanoticias.com\/en\/wp-content\/uploads\/sites\/2\/2022\/07\/kalidou-koulibaly-celebrando-un-gol.jpeg","type":"image\/jpeg"}],"author":"Andr\u00e9s Quiroz","twitter_card":"summary_large_image","twitter_misc":{"Written by":"Andr\u00e9s Quiroz","Est. reading time":"3 minutes"},"schema":{"@context":"https:\/\/schema.org","@graph":[{"@type":"Article","@id":"https:\/\/www.fcbarcelonanoticias.com\/en\/transfers\/the-juventus-tighten-by-koulibaly-to-replace-to-of_281817_102.html#article","isPartOf":{"@id":"https:\/\/www.fcbarcelonanoticias.com\/en\/transfers\/the-juventus-tighten-by-koulibaly-to-replace-to-of_281817_102.html"},"author":{"name":"Andr\u00e9s Quiroz","@id":"https:\/\/www.fcbarcelonanoticias.com\/en\/#\/schema\/person\/c2cd9f6fa1af5c0d0eccd0fefa575c88"},"headline":"Juventus &#8216;press&#8217; for Koulibaly to replace De Ligt","datePublished":"2022-07-02T16:09:00+00:00","dateModified":"2022-07-02T16:44:00+00:00","mainEntityOfPage":{"@id":"https:\/\/www.fcbarcelonanoticias.com\/en\/transfers\/the-juventus-tighten-by-koulibaly-to-replace-to-of_281817_102.html"},"wordCount":573,"image":{"@id":"https:\/\/www.fcbarcelonanoticias.com\/en\/transfers\/the-juventus-tighten-by-koulibaly-to-replace-to-of_281817_102.html#primaryimage"},"thumbnailUrl":"https:\/\/www.fcbarcelonanoticias.com\/en\/wp-content\/uploads\/sites\/2\/2022\/07\/kalidou-koulibaly-celebrando-un-gol.jpeg","keywords":["Juventus","Napoli"],"articleSection":["Transfers","Transfers"],"inLanguage":"en-US"},{"@type":"WebPage","@id":"https:\/\/www.fcbarcelonanoticias.com\/en\/transfers\/the-juventus-tighten-by-koulibaly-to-replace-to-of_281817_102.html","url":"https:\/\/www.fcbarcelonanoticias.com\/en\/transfers\/the-juventus-tighten-by-koulibaly-to-replace-to-of_281817_102.html","name":"Juventus 'press' for Koulibaly to replace De Ligt","isPartOf":{"@id":"https:\/\/www.fcbarcelonanoticias.com\/en\/#website"},"primaryImageOfPage":{"@id":"https:\/\/www.fcbarcelonanoticias.com\/en\/transfers\/the-juventus-tighten-by-koulibaly-to-replace-to-of_281817_102.html#primaryimage"},"image":{"@id":"https:\/\/www.fcbarcelonanoticias.com\/en\/transfers\/the-juventus-tighten-by-koulibaly-to-replace-to-of_281817_102.html#primaryimage"},"thumbnailUrl":"https:\/\/www.fcbarcelonanoticias.com\/en\/wp-content\/uploads\/sites\/2\/2022\/07\/kalidou-koulibaly-celebrando-un-gol.jpeg","datePublished":"2022-07-02T16:09:00+00:00","dateModified":"2022-07-02T16:44:00+00:00","author":{"@id":"https:\/\/www.fcbarcelonanoticias.com\/en\/#\/schema\/person\/c2cd9f6fa1af5c0d0eccd0fefa575c88"},"description":"The Napoli will have to sell to Kalidou Koulibaly by an inferior price to his value of market. In front of the refusal of the Senegalese to renew, the group 'partenopeo'...","breadcrumb":{"@id":"https:\/\/www.fcbarcelonanoticias.com\/en\/transfers\/the-juventus-tighten-by-koulibaly-to-replace-to-of_281817_102.html#breadcrumb"},"inLanguage":"en-US","potentialAction":[{"@type":"ReadAction","target":["https:\/\/www.fcbarcelonanoticias.com\/en\/transfers\/the-juventus-tighten-by-koulibaly-to-replace-to-of_281817_102.html"]}]},{"@type":"ImageObject","inLanguage":"en-US","@id":"https:\/\/www.fcbarcelonanoticias.com\/en\/transfers\/the-juventus-tighten-by-koulibaly-to-replace-to-of_281817_102.html#primaryimage","url":"https:\/\/www.fcbarcelonanoticias.com\/en\/wp-content\/uploads\/sites\/2\/2022\/07\/kalidou-koulibaly-celebrando-un-gol.jpeg","contentUrl":"https:\/\/www.fcbarcelonanoticias.com\/en\/wp-content\/uploads\/sites\/2\/2022\/07\/kalidou-koulibaly-celebrando-un-gol.jpeg","width":1300,"height":737},{"@type":"BreadcrumbList","@id":"https:\/\/www.fcbarcelonanoticias.com\/en\/transfers\/the-juventus-tighten-by-koulibaly-to-replace-to-of_281817_102.html#breadcrumb","itemListElement":[{"@type":"ListItem","position":1,"name":"Portada","item":"https:\/\/www.fcbarcelonanoticias.com\/en\/"},{"@type":"ListItem","position":2,"name":"Juventus &#8216;press&#8217; for Koulibaly to replace De Ligt"}]},{"@type":"WebSite","@id":"https:\/\/www.fcbarcelonanoticias.com\/en\/#website","url":"https:\/\/www.fcbarcelonanoticias.com\/en\/","name":"EN - FC Barcelona Noticias","description":"","potentialAction":[{"@type":"SearchAction","target":{"@type":"EntryPoint","urlTemplate":"https:\/\/www.fcbarcelonanoticias.com\/en\/?s={search_term_string}"},"query-input":{"@type":"PropertyValueSpecification","valueRequired":true,"valueName":"search_term_string"}}],"inLanguage":"en-US"},{"@type":"Person","@id":"https:\/\/www.fcbarcelonanoticias.com\/en\/#\/schema\/person\/c2cd9f6fa1af5c0d0eccd0fefa575c88","name":"Andr\u00e9s Quiroz","image":{"@type":"ImageObject","inLanguage":"en-US","@id":"https:\/\/secure.gravatar.com\/avatar\/?s=96&d=mm&r=g","url":"https:\/\/secure.gravatar.com\/avatar\/?s=96&d=mm&r=g","contentUrl":"https:\/\/secure.gravatar.com\/avatar\/?s=96&d=mm&r=g","caption":"Andr\u00e9s Quiroz"},"description":"Licenciado en Periodismo por la Universidad de los Andes. Me encargo de analizar y compartir los contenidos m\u00e1s destacados de la\u00a0actualidad del F\u00fatbol Club Barcelona, Mercado de Fichajes y F\u00fatbol Internacional en FCBN. La informaci\u00f3n es poder, pero tambi\u00e9n conocimiento.","url":"https:\/\/www.fcbarcelonanoticias.com\/en\/fc-barcelona\/andres-quiroz_17_115.html"}]}},"_links":{"self":[{"href":"https:\/\/www.fcbarcelonanoticias.com\/en\/wp-json\/wp\/v2\/posts\/142795","targetHints":{"allow":["GET"]}}],"collection":[{"href":"https:\/\/www.fcbarcelonanoticias.com\/en\/wp-json\/wp\/v2\/posts"}],"about":[{"href":"https:\/\/www.fcbarcelonanoticias.com\/en\/wp-json\/wp\/v2\/types\/post"}],"author":[{"embeddable":true,"href":"https:\/\/www.fcbarcelonanoticias.com\/en\/wp-json\/wp\/v2\/users\/347"}],"replies":[{"embeddable":true,"href":"https:\/\/www.fcbarcelonanoticias.com\/en\/wp-json\/wp\/v2\/comments?post=142795"}],"version-history":[{"count":1,"href":"https:\/\/www.fcbarcelonanoticias.com\/en\/wp-json\/wp\/v2\/posts\/142795\/revisions"}],"predecessor-version":[{"id":154961,"href":"https:\/\/www.fcbarcelonanoticias.com\/en\/wp-json\/wp\/v2\/posts\/142795\/revisions\/154961"}],"wp:featuredmedia":[{"embeddable":true,"href":"https:\/\/www.fcbarcelonanoticias.com\/en\/wp-json\/wp\/v2\/media\/142800"}],"wp:attachment":[{"href":"https:\/\/www.fcbarcelonanoticias.com\/en\/wp-json\/wp\/v2\/media?parent=142795"}],"wp:term":[{"taxonomy":"category","embeddable":true,"href":"https:\/\/www.fcbarcelonanoticias.com\/en\/wp-json\/wp\/v2\/categories?post=142795"},{"taxonomy":"post_tag","embeddable":true,"href":"https:\/\/www.fcbarcelonanoticias.com\/en\/wp-json\/wp\/v2\/tags?post=142795"}],"curies":[{"name":"wp","href":"https:\/\/api.w.org\/{rel}","templated":true}]}}