{"id":142829,"date":"2016-09-19T08:22:00","date_gmt":"2016-09-19T06:22:00","guid":{"rendered":"https:\/\/weisetech.dev\/fc-barcelona-noticias\/en\/the-barca-reopens-the-option-of-bellerin-for-the-right-side_192239_102\/"},"modified":"2026-04-16T09:57:05","modified_gmt":"2026-04-16T07:57:05","slug":"the-barca-reopens-the-option-of-bellerin-for-the-right-side_192239_102","status":"publish","type":"post","link":"https:\/\/www.fcbarcelonanoticias.com\/en\/transfers\/the-barca-reopens-the-option-of-bellerin-for-the-right-side_192239_102.html","title":{"rendered":"The Bar\u00e7a reopens the option of Beller\u00edn for the right side"},"content":{"rendered":"<h2 class=\"wp-block-heading\">The FC Barcelona would have gone back to put the eye on H\u00e9ctor Beller\u00edn like ideal reinforcement for the right side, since Aleix Vidal would be seeing very complicated his continuity in the club to the not explaining practically for Luis Enrique<\/h2>  \r\n<div class=\"article-addons\">\r\n    <a href=\"https:\/\/www.fcbarcelonanoticias.com\/en\/calendar-fc-barcelona.html\"\r\n       target=\"_self\"\r\n       title=\"Calendar of FC Barcelona\"\r\n       class=\"blue-gredient-btn\">\r\n       \r\n        Calendar of FC Barcelona    <\/a>\r\n<\/div>   <p><strong>The FC Barcelona would have reopened the file of H\u00e9ctor Beller\u00edn<\/strong> like candidate of luxury to reinforce of here some months the right side of the staff of Luis Enrique, to tenor of the situation of ostracism that crosses Aleix Vidal, and that it could force him to abandon the club in the next market of winter to have of minutes of game in another part.<\/p> <p>The Bar\u00e7a would have marked in red the name of Beller\u00edn like <a href=\"https:\/\/www.fcbarcelonanoticias.com\/jugadores\/sergi-roberto-aparta-a-un-aleix-vidal-que-interesa-al-inter_192082_102.html\"><strong>the best possible option to compete with Sergi Roberto<\/strong><\/a> by the titularity, since Luis Enrique seems not having an Aleix Vidal that, although during the pre-season 2016 seemed that it had done the peaces with &#8220;Struggle&#8221;, has not finished to adapt  t\u00e1cticamente to the needs of the team.<\/p> <p>The Barcelona club, in any case, <strong>will not have at all easy the incorporation of H\u00e9ctor Beller\u00edn<\/strong>.&nbsp;The secretary of the FC Barcelona, Robert Fern\u00e1ndez, already contacted personally with the one of Calella to finals of the past month of May to transmit him the Barcelona interest.<\/p> <p>The Arsenal, however, <strong>denied  in rotundo at least to negotiate the sale of Beller\u00edn<\/strong>, and the own player left clear in the back interviews that was very happy in the club &#8220;gunner&#8221; and did not pose  to these heights, neither much less, an exit.<\/p> <p>But the case is that the sportive area of the FC Barcelona needs to a young right side and of offensive profile, able to contribute stability in said position. To his 21 years, Beller\u00edn is the best possible alternative in <a href=\"https:\/\/www.fcbarcelonanoticias.com\/fc-barcelona\/fichajes.html\"><strong>the market of signings<\/strong><\/a>&#8230; Although neither the only.<\/p> ","protected":false},"excerpt":{"rendered":"<p>The FC Barcelona would have gone back to put the eye on H\u00e9ctor Beller\u00edn like ideal reinforcement for the right side, since Aleix Vidal would be seeing very complicated his continuity in the club to the not explaining practically for Luis Enrique The FC Barcelona would have reopened the file of H\u00e9ctor Beller\u00edn like candidate [&hellip;]<\/p>\n","protected":false},"author":366,"featured_media":142833,"comment_status":"closed","ping_status":"open","sticky":false,"template":"","format":"standard","meta":{"_acf_changed":false,"inline_featured_image":false,"_nextfly_llmd_date_locked":false,"footnotes":""},"categories":[449,106],"tags":[203],"class_list":["post-142829","post","type-post","status-publish","format-standard","has-post-thumbnail","hentry","category-transfers-2","category-transfers","tag-aleix-vidal"],"acf":[],"yoast_head":"<!-- This site is optimized with the Yoast SEO plugin v27.3 - https:\/\/yoast.com\/product\/yoast-seo-wordpress\/ -->\n<title>The Bar\u00e7a reopens the option of Beller\u00edn for the right side<\/title>\n<meta name=\"description\" content=\"The FC Barcelona would have gone back to put the eye on H\u00e9ctor Beller\u00edn like ideal reinforcement for the right side, since Aleix Vidal would be...\" \/>\n<meta name=\"robots\" content=\"index, follow, max-snippet:-1, max-image-preview:large, max-video-preview:-1\" \/>\n<link rel=\"canonical\" href=\"https:\/\/www.fcbarcelonanoticias.com\/en\/transfers\/the-barca-reopens-the-option-of-bellerin-for-the-right-side_192239_102.html\" \/>\n<meta property=\"og:locale\" content=\"en_US\" \/>\n<meta property=\"og:type\" content=\"article\" \/>\n<meta property=\"og:title\" content=\"The Bar\u00e7a reopens the option of Beller\u00edn for the right side\" \/>\n<meta property=\"og:description\" content=\"The FC Barcelona would have gone back to put the eye on H\u00e9ctor Beller\u00edn like ideal reinforcement for the right side, since Aleix Vidal would be...\" \/>\n<meta property=\"og:url\" content=\"https:\/\/www.fcbarcelonanoticias.com\/en\/transfers\/the-barca-reopens-the-option-of-bellerin-for-the-right-side_192239_102.html\" \/>\n<meta property=\"og:site_name\" content=\"EN - FC Barcelona Noticias\" \/>\n<meta property=\"article:published_time\" content=\"2016-09-19T06:22:00+00:00\" \/>\n<meta property=\"article:modified_time\" content=\"2026-04-16T07:57:05+00:00\" \/>\n<meta property=\"og:image\" content=\"https:\/\/www.fcbarcelonanoticias.com\/en\/wp-content\/uploads\/sites\/2\/2016\/09\/hector-bellerin-197882.png\" \/>\n\t<meta property=\"og:image:width\" content=\"1198\" \/>\n\t<meta property=\"og:image:height\" content=\"674\" \/>\n\t<meta property=\"og:image:type\" content=\"image\/png\" \/>\n<meta name=\"author\" content=\"Carlos Dom\u00ednguez\" \/>\n<meta name=\"twitter:card\" content=\"summary_large_image\" \/>\n<meta name=\"twitter:label1\" content=\"Written by\" \/>\n\t<meta name=\"twitter:data1\" content=\"Carlos Dom\u00ednguez\" \/>\n\t<meta name=\"twitter:label2\" content=\"Est. reading time\" \/>\n\t<meta name=\"twitter:data2\" content=\"2 minutes\" \/>\n<script type=\"application\/ld+json\" class=\"yoast-schema-graph\">{\"@context\":\"https:\\\/\\\/schema.org\",\"@graph\":[{\"@type\":\"Article\",\"@id\":\"https:\\\/\\\/www.fcbarcelonanoticias.com\\\/en\\\/transfers\\\/the-barca-reopens-the-option-of-bellerin-for-the-right-side_192239_102.html#article\",\"isPartOf\":{\"@id\":\"https:\\\/\\\/www.fcbarcelonanoticias.com\\\/en\\\/transfers\\\/the-barca-reopens-the-option-of-bellerin-for-the-right-side_192239_102.html\"},\"author\":{\"name\":\"Carlos Dom\u00ednguez\",\"@id\":\"https:\\\/\\\/www.fcbarcelonanoticias.com\\\/en\\\/#\\\/schema\\\/person\\\/888e29b17b79c70d1c617d8a7bc9b8c6\"},\"headline\":\"The Bar\u00e7a reopens the option of Beller\u00edn for the right side\",\"datePublished\":\"2016-09-19T06:22:00+00:00\",\"dateModified\":\"2026-04-16T07:57:05+00:00\",\"mainEntityOfPage\":{\"@id\":\"https:\\\/\\\/www.fcbarcelonanoticias.com\\\/en\\\/transfers\\\/the-barca-reopens-the-option-of-bellerin-for-the-right-side_192239_102.html\"},\"wordCount\":331,\"image\":{\"@id\":\"https:\\\/\\\/www.fcbarcelonanoticias.com\\\/en\\\/transfers\\\/the-barca-reopens-the-option-of-bellerin-for-the-right-side_192239_102.html#primaryimage\"},\"thumbnailUrl\":\"https:\\\/\\\/www.fcbarcelonanoticias.com\\\/en\\\/wp-content\\\/uploads\\\/sites\\\/2\\\/2016\\\/09\\\/hector-bellerin-197882.png\",\"keywords\":[\"Aleix Vidal\"],\"articleSection\":[\"Transfers\",\"Transfers\"],\"inLanguage\":\"en-US\"},{\"@type\":\"WebPage\",\"@id\":\"https:\\\/\\\/www.fcbarcelonanoticias.com\\\/en\\\/transfers\\\/the-barca-reopens-the-option-of-bellerin-for-the-right-side_192239_102.html\",\"url\":\"https:\\\/\\\/www.fcbarcelonanoticias.com\\\/en\\\/transfers\\\/the-barca-reopens-the-option-of-bellerin-for-the-right-side_192239_102.html\",\"name\":\"The Bar\u00e7a reopens the option of Beller\u00edn for the right side\",\"isPartOf\":{\"@id\":\"https:\\\/\\\/www.fcbarcelonanoticias.com\\\/en\\\/#website\"},\"primaryImageOfPage\":{\"@id\":\"https:\\\/\\\/www.fcbarcelonanoticias.com\\\/en\\\/transfers\\\/the-barca-reopens-the-option-of-bellerin-for-the-right-side_192239_102.html#primaryimage\"},\"image\":{\"@id\":\"https:\\\/\\\/www.fcbarcelonanoticias.com\\\/en\\\/transfers\\\/the-barca-reopens-the-option-of-bellerin-for-the-right-side_192239_102.html#primaryimage\"},\"thumbnailUrl\":\"https:\\\/\\\/www.fcbarcelonanoticias.com\\\/en\\\/wp-content\\\/uploads\\\/sites\\\/2\\\/2016\\\/09\\\/hector-bellerin-197882.png\",\"datePublished\":\"2016-09-19T06:22:00+00:00\",\"dateModified\":\"2026-04-16T07:57:05+00:00\",\"author\":{\"@id\":\"https:\\\/\\\/www.fcbarcelonanoticias.com\\\/en\\\/#\\\/schema\\\/person\\\/888e29b17b79c70d1c617d8a7bc9b8c6\"},\"description\":\"The FC Barcelona would have gone back to put the eye on H\u00e9ctor Beller\u00edn like ideal reinforcement for the right side, since Aleix Vidal would be...\",\"breadcrumb\":{\"@id\":\"https:\\\/\\\/www.fcbarcelonanoticias.com\\\/en\\\/transfers\\\/the-barca-reopens-the-option-of-bellerin-for-the-right-side_192239_102.html#breadcrumb\"},\"inLanguage\":\"en-US\",\"potentialAction\":[{\"@type\":\"ReadAction\",\"target\":[\"https:\\\/\\\/www.fcbarcelonanoticias.com\\\/en\\\/transfers\\\/the-barca-reopens-the-option-of-bellerin-for-the-right-side_192239_102.html\"]}]},{\"@type\":\"ImageObject\",\"inLanguage\":\"en-US\",\"@id\":\"https:\\\/\\\/www.fcbarcelonanoticias.com\\\/en\\\/transfers\\\/the-barca-reopens-the-option-of-bellerin-for-the-right-side_192239_102.html#primaryimage\",\"url\":\"https:\\\/\\\/www.fcbarcelonanoticias.com\\\/en\\\/wp-content\\\/uploads\\\/sites\\\/2\\\/2016\\\/09\\\/hector-bellerin-197882.png\",\"contentUrl\":\"https:\\\/\\\/www.fcbarcelonanoticias.com\\\/en\\\/wp-content\\\/uploads\\\/sites\\\/2\\\/2016\\\/09\\\/hector-bellerin-197882.png\",\"width\":1198,\"height\":674},{\"@type\":\"BreadcrumbList\",\"@id\":\"https:\\\/\\\/www.fcbarcelonanoticias.com\\\/en\\\/transfers\\\/the-barca-reopens-the-option-of-bellerin-for-the-right-side_192239_102.html#breadcrumb\",\"itemListElement\":[{\"@type\":\"ListItem\",\"position\":1,\"name\":\"Portada\",\"item\":\"https:\\\/\\\/www.fcbarcelonanoticias.com\\\/en\\\/\"},{\"@type\":\"ListItem\",\"position\":2,\"name\":\"The Bar\u00e7a reopens the option of Beller\u00edn for the right side\"}]},{\"@type\":\"WebSite\",\"@id\":\"https:\\\/\\\/www.fcbarcelonanoticias.com\\\/en\\\/#website\",\"url\":\"https:\\\/\\\/www.fcbarcelonanoticias.com\\\/en\\\/\",\"name\":\"EN - FC Barcelona Noticias\",\"description\":\"\",\"potentialAction\":[{\"@type\":\"SearchAction\",\"target\":{\"@type\":\"EntryPoint\",\"urlTemplate\":\"https:\\\/\\\/www.fcbarcelonanoticias.com\\\/en\\\/?s={search_term_string}\"},\"query-input\":{\"@type\":\"PropertyValueSpecification\",\"valueRequired\":true,\"valueName\":\"search_term_string\"}}],\"inLanguage\":\"en-US\"},{\"@type\":\"Person\",\"@id\":\"https:\\\/\\\/www.fcbarcelonanoticias.com\\\/en\\\/#\\\/schema\\\/person\\\/888e29b17b79c70d1c617d8a7bc9b8c6\",\"name\":\"Carlos Dom\u00ednguez\",\"image\":{\"@type\":\"ImageObject\",\"inLanguage\":\"en-US\",\"@id\":\"https:\\\/\\\/secure.gravatar.com\\\/avatar\\\/?s=96&d=mm&r=g\",\"url\":\"https:\\\/\\\/secure.gravatar.com\\\/avatar\\\/?s=96&d=mm&r=g\",\"contentUrl\":\"https:\\\/\\\/secure.gravatar.com\\\/avatar\\\/?s=96&d=mm&r=g\",\"caption\":\"Carlos Dom\u00ednguez\"},\"url\":\"https:\\\/\\\/www.fcbarcelonanoticias.com\\\/en\\\/carlos-dominguez_2_115.html\"}]}<\/script>\n<!-- \/ Yoast SEO plugin. -->","yoast_head_json":{"title":"The Bar\u00e7a reopens the option of Beller\u00edn for the right side","description":"The FC Barcelona would have gone back to put the eye on H\u00e9ctor Beller\u00edn like ideal reinforcement for the right side, since Aleix Vidal would be...","robots":{"index":"index","follow":"follow","max-snippet":"max-snippet:-1","max-image-preview":"max-image-preview:large","max-video-preview":"max-video-preview:-1"},"canonical":"https:\/\/www.fcbarcelonanoticias.com\/en\/transfers\/the-barca-reopens-the-option-of-bellerin-for-the-right-side_192239_102.html","og_locale":"en_US","og_type":"article","og_title":"The Bar\u00e7a reopens the option of Beller\u00edn for the right side","og_description":"The FC Barcelona would have gone back to put the eye on H\u00e9ctor Beller\u00edn like ideal reinforcement for the right side, since Aleix Vidal would be...","og_url":"https:\/\/www.fcbarcelonanoticias.com\/en\/transfers\/the-barca-reopens-the-option-of-bellerin-for-the-right-side_192239_102.html","og_site_name":"EN - FC Barcelona Noticias","article_published_time":"2016-09-19T06:22:00+00:00","article_modified_time":"2026-04-16T07:57:05+00:00","og_image":[{"width":1198,"height":674,"url":"https:\/\/www.fcbarcelonanoticias.com\/en\/wp-content\/uploads\/sites\/2\/2016\/09\/hector-bellerin-197882.png","type":"image\/png"}],"author":"Carlos Dom\u00ednguez","twitter_card":"summary_large_image","twitter_misc":{"Written by":"Carlos Dom\u00ednguez","Est. reading time":"2 minutes"},"schema":{"@context":"https:\/\/schema.org","@graph":[{"@type":"Article","@id":"https:\/\/www.fcbarcelonanoticias.com\/en\/transfers\/the-barca-reopens-the-option-of-bellerin-for-the-right-side_192239_102.html#article","isPartOf":{"@id":"https:\/\/www.fcbarcelonanoticias.com\/en\/transfers\/the-barca-reopens-the-option-of-bellerin-for-the-right-side_192239_102.html"},"author":{"name":"Carlos Dom\u00ednguez","@id":"https:\/\/www.fcbarcelonanoticias.com\/en\/#\/schema\/person\/888e29b17b79c70d1c617d8a7bc9b8c6"},"headline":"The Bar\u00e7a reopens the option of Beller\u00edn for the right side","datePublished":"2016-09-19T06:22:00+00:00","dateModified":"2026-04-16T07:57:05+00:00","mainEntityOfPage":{"@id":"https:\/\/www.fcbarcelonanoticias.com\/en\/transfers\/the-barca-reopens-the-option-of-bellerin-for-the-right-side_192239_102.html"},"wordCount":331,"image":{"@id":"https:\/\/www.fcbarcelonanoticias.com\/en\/transfers\/the-barca-reopens-the-option-of-bellerin-for-the-right-side_192239_102.html#primaryimage"},"thumbnailUrl":"https:\/\/www.fcbarcelonanoticias.com\/en\/wp-content\/uploads\/sites\/2\/2016\/09\/hector-bellerin-197882.png","keywords":["Aleix Vidal"],"articleSection":["Transfers","Transfers"],"inLanguage":"en-US"},{"@type":"WebPage","@id":"https:\/\/www.fcbarcelonanoticias.com\/en\/transfers\/the-barca-reopens-the-option-of-bellerin-for-the-right-side_192239_102.html","url":"https:\/\/www.fcbarcelonanoticias.com\/en\/transfers\/the-barca-reopens-the-option-of-bellerin-for-the-right-side_192239_102.html","name":"The Bar\u00e7a reopens the option of Beller\u00edn for the right side","isPartOf":{"@id":"https:\/\/www.fcbarcelonanoticias.com\/en\/#website"},"primaryImageOfPage":{"@id":"https:\/\/www.fcbarcelonanoticias.com\/en\/transfers\/the-barca-reopens-the-option-of-bellerin-for-the-right-side_192239_102.html#primaryimage"},"image":{"@id":"https:\/\/www.fcbarcelonanoticias.com\/en\/transfers\/the-barca-reopens-the-option-of-bellerin-for-the-right-side_192239_102.html#primaryimage"},"thumbnailUrl":"https:\/\/www.fcbarcelonanoticias.com\/en\/wp-content\/uploads\/sites\/2\/2016\/09\/hector-bellerin-197882.png","datePublished":"2016-09-19T06:22:00+00:00","dateModified":"2026-04-16T07:57:05+00:00","author":{"@id":"https:\/\/www.fcbarcelonanoticias.com\/en\/#\/schema\/person\/888e29b17b79c70d1c617d8a7bc9b8c6"},"description":"The FC Barcelona would have gone back to put the eye on H\u00e9ctor Beller\u00edn like ideal reinforcement for the right side, since Aleix Vidal would be...","breadcrumb":{"@id":"https:\/\/www.fcbarcelonanoticias.com\/en\/transfers\/the-barca-reopens-the-option-of-bellerin-for-the-right-side_192239_102.html#breadcrumb"},"inLanguage":"en-US","potentialAction":[{"@type":"ReadAction","target":["https:\/\/www.fcbarcelonanoticias.com\/en\/transfers\/the-barca-reopens-the-option-of-bellerin-for-the-right-side_192239_102.html"]}]},{"@type":"ImageObject","inLanguage":"en-US","@id":"https:\/\/www.fcbarcelonanoticias.com\/en\/transfers\/the-barca-reopens-the-option-of-bellerin-for-the-right-side_192239_102.html#primaryimage","url":"https:\/\/www.fcbarcelonanoticias.com\/en\/wp-content\/uploads\/sites\/2\/2016\/09\/hector-bellerin-197882.png","contentUrl":"https:\/\/www.fcbarcelonanoticias.com\/en\/wp-content\/uploads\/sites\/2\/2016\/09\/hector-bellerin-197882.png","width":1198,"height":674},{"@type":"BreadcrumbList","@id":"https:\/\/www.fcbarcelonanoticias.com\/en\/transfers\/the-barca-reopens-the-option-of-bellerin-for-the-right-side_192239_102.html#breadcrumb","itemListElement":[{"@type":"ListItem","position":1,"name":"Portada","item":"https:\/\/www.fcbarcelonanoticias.com\/en\/"},{"@type":"ListItem","position":2,"name":"The Bar\u00e7a reopens the option of Beller\u00edn for the right side"}]},{"@type":"WebSite","@id":"https:\/\/www.fcbarcelonanoticias.com\/en\/#website","url":"https:\/\/www.fcbarcelonanoticias.com\/en\/","name":"EN - FC Barcelona Noticias","description":"","potentialAction":[{"@type":"SearchAction","target":{"@type":"EntryPoint","urlTemplate":"https:\/\/www.fcbarcelonanoticias.com\/en\/?s={search_term_string}"},"query-input":{"@type":"PropertyValueSpecification","valueRequired":true,"valueName":"search_term_string"}}],"inLanguage":"en-US"},{"@type":"Person","@id":"https:\/\/www.fcbarcelonanoticias.com\/en\/#\/schema\/person\/888e29b17b79c70d1c617d8a7bc9b8c6","name":"Carlos Dom\u00ednguez","image":{"@type":"ImageObject","inLanguage":"en-US","@id":"https:\/\/secure.gravatar.com\/avatar\/?s=96&d=mm&r=g","url":"https:\/\/secure.gravatar.com\/avatar\/?s=96&d=mm&r=g","contentUrl":"https:\/\/secure.gravatar.com\/avatar\/?s=96&d=mm&r=g","caption":"Carlos Dom\u00ednguez"},"url":"https:\/\/www.fcbarcelonanoticias.com\/en\/carlos-dominguez_2_115.html"}]}},"_links":{"self":[{"href":"https:\/\/www.fcbarcelonanoticias.com\/en\/wp-json\/wp\/v2\/posts\/142829","targetHints":{"allow":["GET"]}}],"collection":[{"href":"https:\/\/www.fcbarcelonanoticias.com\/en\/wp-json\/wp\/v2\/posts"}],"about":[{"href":"https:\/\/www.fcbarcelonanoticias.com\/en\/wp-json\/wp\/v2\/types\/post"}],"author":[{"embeddable":true,"href":"https:\/\/www.fcbarcelonanoticias.com\/en\/wp-json\/wp\/v2\/users\/366"}],"replies":[{"embeddable":true,"href":"https:\/\/www.fcbarcelonanoticias.com\/en\/wp-json\/wp\/v2\/comments?post=142829"}],"version-history":[{"count":3,"href":"https:\/\/www.fcbarcelonanoticias.com\/en\/wp-json\/wp\/v2\/posts\/142829\/revisions"}],"predecessor-version":[{"id":182736,"href":"https:\/\/www.fcbarcelonanoticias.com\/en\/wp-json\/wp\/v2\/posts\/142829\/revisions\/182736"}],"wp:featuredmedia":[{"embeddable":true,"href":"https:\/\/www.fcbarcelonanoticias.com\/en\/wp-json\/wp\/v2\/media\/142833"}],"wp:attachment":[{"href":"https:\/\/www.fcbarcelonanoticias.com\/en\/wp-json\/wp\/v2\/media?parent=142829"}],"wp:term":[{"taxonomy":"category","embeddable":true,"href":"https:\/\/www.fcbarcelonanoticias.com\/en\/wp-json\/wp\/v2\/categories?post=142829"},{"taxonomy":"post_tag","embeddable":true,"href":"https:\/\/www.fcbarcelonanoticias.com\/en\/wp-json\/wp\/v2\/tags?post=142829"}],"curies":[{"name":"wp","href":"https:\/\/api.w.org\/{rel}","templated":true}]}}