{"id":142918,"date":"2022-08-08T13:32:00","date_gmt":"2022-08-08T11:32:00","guid":{"rendered":"https:\/\/weisetech.dev\/fc-barcelona-noticias\/en\/the-barca-presiona-to-laliga-so-that-it-approve-the-accounts-and_283008_102\/"},"modified":"2022-08-08T17:21:00","modified_gmt":"2022-08-08T15:21:00","slug":"the-barca-presiona-to-laliga-so-that-it-approve-the-accounts-and_283008_102","status":"publish","type":"post","link":"https:\/\/www.fcbarcelonanoticias.com\/en\/transfers\/the-barca-presiona-to-laliga-so-that-it-approve-the-accounts-and_283008_102.html","title":{"rendered":"Bar\u00e7a pressures LaLiga to approve the accounts and allow registrations"},"content":{"rendered":"<h2 class=\"wp-block-heading\">Bar\u00e7a is waiting for LaLiga to find out if its figures conform to the limits of &#8216;financial fair play&#8217;. From the directive there is optimism, but other mechanisms can also be activated in case the entity chaired by Javier Tebas has other criteria<\/h2>  \r\n<div class=\"article-addons\">\r\n    <a href=\"https:\/\/www.fcbarcelonanoticias.com\/en\/calendar-fc-barcelona.html\"\r\n       target=\"_self\"\r\n       title=\"Calendar of FC Barcelona\"\r\n       class=\"blue-gredient-btn\">\r\n       \r\n        Calendar of FC Barcelona    <\/a>\r\n<\/div>   <p>To few days of the first party of the season, the FC Barcelona remains expectante in front of the decision of LaLiga to inscribe to the new signings. Although after the activation of the &#8216;crowbars&#8217; economic the managerial is optimistic,<strong> also there are plans of reservation in case to present some problem of last hour that can entorpecer the procedure<\/strong>.<\/p>  <p>In accordance with &#8216;Mark&#8217;, <strong>the club has ingresado some 760 million euros by concept of the sale of active<\/strong>, a mount sufficient so that Andreas Christensen, Franck Kessi\u00e9, Raphinha, Robert Lewandowski and Jules Kound\u00e9 can be inscribed in front of the patronal, as well as also in the cases of Sergi Roberto, Ousmane Demb\u00e9l\u00e9 and Gavi, with the one who already there would be agreement to renew to fault of official announcement.<\/p>  <p>Nevertheless, the Bar\u00e7a could require other movements so that the figures allow them inscribe players.<strong> The activation of <a data-external=\"0\" data-intl-links-en=\"https:\/\/www.fcbarcelonanoticias.com\/en\/club\/the-barca-works-to-activate-his-fourth-crowbar-economic_282933_102.html\" data-intl-links-es=\"https:\/\/www.fcbarcelonanoticias.com\/club\/barcelona-trabaja-activar-su-cuarta-palanca-economica_282933_102.html\" href=\"https:\/\/www.fcbarcelonanoticias.com\/en\/club\/the-barca-works-to-activate-his-fourth-crowbar-economic_282933_102.html\" rel=\"follow\" target=\"_self\" title=\"El Bar\u00e7a trabaja para activar su cuarta 'palanca' econ\u00f3mica\">a fourth &#8216;crowbar&#8217;<\/a> could help, although it also would be precise free mass salarial<\/strong> by means of the exit or reduction salarial of <a data-external=\"0\" data-intl-links-en=\"https:\/\/www.fcbarcelonanoticias.com\/en\/transfers\/chelsea-awaits-by-of-jong-to-present-his-first_282974_102.html\" data-intl-links-es=\"https:\/\/www.fcbarcelonanoticias.com\/fichajes\/chelsea-aguarda-por-jong-presentar-primera-oferta_282974_102.html\" href=\"https:\/\/www.fcbarcelonanoticias.com\/en\/transfers\/chelsea-awaits-by-of-jong-to-present-his-first_282974_102.html\" rel=\"follow\" target=\"_self\" title=\"El Chelsea aguarda por De Jong para presentar su primera oferta\">Frenkie of Jong<\/a> in addition to the course of Memphis Depay. Even some cession could be useful for the club in function of his aim.<\/p>  <p>The last monetary injection, to be necessary, would consist in <strong>the sale of the 24,5 % remaining of Bar\u00e7a Studios in return of 100 million euros<\/strong>. Although the directive does not contemplate to activate it by the moment, since they ensure that all the accounts adjust to the established, the possibility remains on the table waiting for the pronouncement of LaLiga.<\/p>  <h3>Laporta Is optimistic<\/h3>  <p>Even so, the criteria could be very distinct to the ones of the auditors and the economic commission of the Barcelona. In fact, Joan Laporta expects that LaLiga keep the same criterion to the hour to do the accounts: &#8220;we Have worked to inscribe them to all. We have worked strong and well, with such to fulfil the requirements.<strong> And if it does lacking to do some operation more, will do it. We are expecting. It is a decision that has to take LaLiga<\/strong>. We have fulfilled with what requires. We are trusted that we will be able to inscribe them&#8221;.<\/p> ","protected":false},"excerpt":{"rendered":"<p>Bar\u00e7a is waiting for LaLiga to find out if its figures conform to the limits of &#8216;financial fair play&#8217;. From the directive there is optimism, but other mechanisms can also be activated in case the entity chaired by Javier Tebas has other criteria To few days of the first party of the season, the FC [&hellip;]<\/p>\n","protected":false},"author":378,"featured_media":142922,"comment_status":"closed","ping_status":"open","sticky":false,"template":"","format":"standard","meta":{"_acf_changed":false,"inline_featured_image":false,"_nextfly_llmd_date_locked":false,"footnotes":""},"categories":[106,449],"tags":[158],"class_list":["post-142918","post","type-post","status-publish","format-standard","has-post-thumbnail","hentry","category-transfers","category-transfers-2","tag-joan-laporta"],"acf":[],"yoast_head":"<!-- This site is optimized with the Yoast SEO plugin v27.3 - https:\/\/yoast.com\/product\/yoast-seo-wordpress\/ -->\n<title>Bar\u00e7a pressures LaLiga to approve the accounts and allow registrations<\/title>\n<meta name=\"description\" content=\"The Bar\u00e7a expects by LaLiga to know sis his figures adjust to the limits of the &#039;fair play financial&#039;. From the directive there is optimism, but also pu...\" \/>\n<meta name=\"robots\" content=\"index, follow, max-snippet:-1, max-image-preview:large, max-video-preview:-1\" \/>\n<link rel=\"canonical\" href=\"https:\/\/www.fcbarcelonanoticias.com\/en\/transfers\/the-barca-presiona-to-laliga-so-that-it-approve-the-accounts-and_283008_102.html\" \/>\n<meta property=\"og:locale\" content=\"en_US\" \/>\n<meta property=\"og:type\" content=\"article\" \/>\n<meta property=\"og:title\" content=\"Bar\u00e7a pressures LaLiga to approve the accounts and allow registrations\" \/>\n<meta property=\"og:description\" content=\"The Bar\u00e7a expects by LaLiga to know sis his figures adjust to the limits of the &#039;fair play financial&#039;. From the directive there is optimism, but also pu...\" \/>\n<meta property=\"og:url\" content=\"https:\/\/www.fcbarcelonanoticias.com\/en\/transfers\/the-barca-presiona-to-laliga-so-that-it-approve-the-accounts-and_283008_102.html\" \/>\n<meta property=\"og:site_name\" content=\"EN - FC Barcelona Noticias\" \/>\n<meta property=\"article:published_time\" content=\"2022-08-08T11:32:00+00:00\" \/>\n<meta property=\"article:modified_time\" content=\"2022-08-08T15:21:00+00:00\" \/>\n<meta property=\"og:image\" content=\"https:\/\/www.fcbarcelonanoticias.com\/en\/wp-content\/uploads\/sites\/2\/2022\/08\/fbl-esp-liga-barcelona-7-1.jpeg\" \/>\n\t<meta property=\"og:image:width\" content=\"1200\" \/>\n\t<meta property=\"og:image:height\" content=\"749\" \/>\n\t<meta property=\"og:image:type\" content=\"image\/jpeg\" \/>\n<meta name=\"author\" content=\"user_4034\" \/>\n<meta name=\"twitter:card\" content=\"summary_large_image\" \/>\n<meta name=\"twitter:label1\" content=\"Written by\" \/>\n\t<meta name=\"twitter:data1\" content=\"user_4034\" \/>\n\t<meta name=\"twitter:label2\" content=\"Est. reading time\" \/>\n\t<meta name=\"twitter:data2\" content=\"2 minutes\" \/>\n<script type=\"application\/ld+json\" class=\"yoast-schema-graph\">{\"@context\":\"https:\\\/\\\/schema.org\",\"@graph\":[{\"@type\":\"Article\",\"@id\":\"https:\\\/\\\/www.fcbarcelonanoticias.com\\\/en\\\/transfers\\\/the-barca-presiona-to-laliga-so-that-it-approve-the-accounts-and_283008_102.html#article\",\"isPartOf\":{\"@id\":\"https:\\\/\\\/www.fcbarcelonanoticias.com\\\/en\\\/transfers\\\/the-barca-presiona-to-laliga-so-that-it-approve-the-accounts-and_283008_102.html\"},\"author\":{\"name\":\"user_4034\",\"@id\":\"https:\\\/\\\/www.fcbarcelonanoticias.com\\\/en\\\/#\\\/schema\\\/person\\\/af5ca539abaaa1bd2753d05ef7a706d0\"},\"headline\":\"Bar\u00e7a pressures LaLiga to approve the accounts and allow registrations\",\"datePublished\":\"2022-08-08T11:32:00+00:00\",\"dateModified\":\"2022-08-08T15:21:00+00:00\",\"mainEntityOfPage\":{\"@id\":\"https:\\\/\\\/www.fcbarcelonanoticias.com\\\/en\\\/transfers\\\/the-barca-presiona-to-laliga-so-that-it-approve-the-accounts-and_283008_102.html\"},\"wordCount\":417,\"image\":{\"@id\":\"https:\\\/\\\/www.fcbarcelonanoticias.com\\\/en\\\/transfers\\\/the-barca-presiona-to-laliga-so-that-it-approve-the-accounts-and_283008_102.html#primaryimage\"},\"thumbnailUrl\":\"https:\\\/\\\/www.fcbarcelonanoticias.com\\\/en\\\/wp-content\\\/uploads\\\/sites\\\/2\\\/2022\\\/08\\\/fbl-esp-liga-barcelona-7-1.jpeg\",\"keywords\":[\"Joan Laporta\"],\"articleSection\":[\"Transfers\",\"Transfers\"],\"inLanguage\":\"en-US\"},{\"@type\":\"WebPage\",\"@id\":\"https:\\\/\\\/www.fcbarcelonanoticias.com\\\/en\\\/transfers\\\/the-barca-presiona-to-laliga-so-that-it-approve-the-accounts-and_283008_102.html\",\"url\":\"https:\\\/\\\/www.fcbarcelonanoticias.com\\\/en\\\/transfers\\\/the-barca-presiona-to-laliga-so-that-it-approve-the-accounts-and_283008_102.html\",\"name\":\"Bar\u00e7a pressures LaLiga to approve the accounts and allow registrations\",\"isPartOf\":{\"@id\":\"https:\\\/\\\/www.fcbarcelonanoticias.com\\\/en\\\/#website\"},\"primaryImageOfPage\":{\"@id\":\"https:\\\/\\\/www.fcbarcelonanoticias.com\\\/en\\\/transfers\\\/the-barca-presiona-to-laliga-so-that-it-approve-the-accounts-and_283008_102.html#primaryimage\"},\"image\":{\"@id\":\"https:\\\/\\\/www.fcbarcelonanoticias.com\\\/en\\\/transfers\\\/the-barca-presiona-to-laliga-so-that-it-approve-the-accounts-and_283008_102.html#primaryimage\"},\"thumbnailUrl\":\"https:\\\/\\\/www.fcbarcelonanoticias.com\\\/en\\\/wp-content\\\/uploads\\\/sites\\\/2\\\/2022\\\/08\\\/fbl-esp-liga-barcelona-7-1.jpeg\",\"datePublished\":\"2022-08-08T11:32:00+00:00\",\"dateModified\":\"2022-08-08T15:21:00+00:00\",\"author\":{\"@id\":\"https:\\\/\\\/www.fcbarcelonanoticias.com\\\/en\\\/#\\\/schema\\\/person\\\/af5ca539abaaa1bd2753d05ef7a706d0\"},\"description\":\"The Bar\u00e7a expects by LaLiga to know sis his figures adjust to the limits of the 'fair play financial'. From the directive there is optimism, but also pu...\",\"breadcrumb\":{\"@id\":\"https:\\\/\\\/www.fcbarcelonanoticias.com\\\/en\\\/transfers\\\/the-barca-presiona-to-laliga-so-that-it-approve-the-accounts-and_283008_102.html#breadcrumb\"},\"inLanguage\":\"en-US\",\"potentialAction\":[{\"@type\":\"ReadAction\",\"target\":[\"https:\\\/\\\/www.fcbarcelonanoticias.com\\\/en\\\/transfers\\\/the-barca-presiona-to-laliga-so-that-it-approve-the-accounts-and_283008_102.html\"]}]},{\"@type\":\"ImageObject\",\"inLanguage\":\"en-US\",\"@id\":\"https:\\\/\\\/www.fcbarcelonanoticias.com\\\/en\\\/transfers\\\/the-barca-presiona-to-laliga-so-that-it-approve-the-accounts-and_283008_102.html#primaryimage\",\"url\":\"https:\\\/\\\/www.fcbarcelonanoticias.com\\\/en\\\/wp-content\\\/uploads\\\/sites\\\/2\\\/2022\\\/08\\\/fbl-esp-liga-barcelona-7-1.jpeg\",\"contentUrl\":\"https:\\\/\\\/www.fcbarcelonanoticias.com\\\/en\\\/wp-content\\\/uploads\\\/sites\\\/2\\\/2022\\\/08\\\/fbl-esp-liga-barcelona-7-1.jpeg\",\"width\":1200,\"height\":749},{\"@type\":\"BreadcrumbList\",\"@id\":\"https:\\\/\\\/www.fcbarcelonanoticias.com\\\/en\\\/transfers\\\/the-barca-presiona-to-laliga-so-that-it-approve-the-accounts-and_283008_102.html#breadcrumb\",\"itemListElement\":[{\"@type\":\"ListItem\",\"position\":1,\"name\":\"Portada\",\"item\":\"https:\\\/\\\/www.fcbarcelonanoticias.com\\\/en\\\/\"},{\"@type\":\"ListItem\",\"position\":2,\"name\":\"Bar\u00e7a pressures LaLiga to approve the accounts and allow registrations\"}]},{\"@type\":\"WebSite\",\"@id\":\"https:\\\/\\\/www.fcbarcelonanoticias.com\\\/en\\\/#website\",\"url\":\"https:\\\/\\\/www.fcbarcelonanoticias.com\\\/en\\\/\",\"name\":\"EN - FC Barcelona Noticias\",\"description\":\"\",\"potentialAction\":[{\"@type\":\"SearchAction\",\"target\":{\"@type\":\"EntryPoint\",\"urlTemplate\":\"https:\\\/\\\/www.fcbarcelonanoticias.com\\\/en\\\/?s={search_term_string}\"},\"query-input\":{\"@type\":\"PropertyValueSpecification\",\"valueRequired\":true,\"valueName\":\"search_term_string\"}}],\"inLanguage\":\"en-US\"},{\"@type\":\"Person\",\"@id\":\"https:\\\/\\\/www.fcbarcelonanoticias.com\\\/en\\\/#\\\/schema\\\/person\\\/af5ca539abaaa1bd2753d05ef7a706d0\",\"name\":\"user_4034\",\"image\":{\"@type\":\"ImageObject\",\"inLanguage\":\"en-US\",\"@id\":\"https:\\\/\\\/secure.gravatar.com\\\/avatar\\\/?s=96&d=mm&r=g\",\"url\":\"https:\\\/\\\/secure.gravatar.com\\\/avatar\\\/?s=96&d=mm&r=g\",\"contentUrl\":\"https:\\\/\\\/secure.gravatar.com\\\/avatar\\\/?s=96&d=mm&r=g\",\"caption\":\"user_4034\"},\"url\":\"https:\\\/\\\/www.fcbarcelonanoticias.com\\\/en\\\/user_4034.html\"}]}<\/script>\n<!-- \/ Yoast SEO plugin. -->","yoast_head_json":{"title":"Bar\u00e7a pressures LaLiga to approve the accounts and allow registrations","description":"The Bar\u00e7a expects by LaLiga to know sis his figures adjust to the limits of the 'fair play financial'. From the directive there is optimism, but also pu...","robots":{"index":"index","follow":"follow","max-snippet":"max-snippet:-1","max-image-preview":"max-image-preview:large","max-video-preview":"max-video-preview:-1"},"canonical":"https:\/\/www.fcbarcelonanoticias.com\/en\/transfers\/the-barca-presiona-to-laliga-so-that-it-approve-the-accounts-and_283008_102.html","og_locale":"en_US","og_type":"article","og_title":"Bar\u00e7a pressures LaLiga to approve the accounts and allow registrations","og_description":"The Bar\u00e7a expects by LaLiga to know sis his figures adjust to the limits of the 'fair play financial'. From the directive there is optimism, but also pu...","og_url":"https:\/\/www.fcbarcelonanoticias.com\/en\/transfers\/the-barca-presiona-to-laliga-so-that-it-approve-the-accounts-and_283008_102.html","og_site_name":"EN - FC Barcelona Noticias","article_published_time":"2022-08-08T11:32:00+00:00","article_modified_time":"2022-08-08T15:21:00+00:00","og_image":[{"width":1200,"height":749,"url":"https:\/\/www.fcbarcelonanoticias.com\/en\/wp-content\/uploads\/sites\/2\/2022\/08\/fbl-esp-liga-barcelona-7-1.jpeg","type":"image\/jpeg"}],"author":"user_4034","twitter_card":"summary_large_image","twitter_misc":{"Written by":"user_4034","Est. reading time":"2 minutes"},"schema":{"@context":"https:\/\/schema.org","@graph":[{"@type":"Article","@id":"https:\/\/www.fcbarcelonanoticias.com\/en\/transfers\/the-barca-presiona-to-laliga-so-that-it-approve-the-accounts-and_283008_102.html#article","isPartOf":{"@id":"https:\/\/www.fcbarcelonanoticias.com\/en\/transfers\/the-barca-presiona-to-laliga-so-that-it-approve-the-accounts-and_283008_102.html"},"author":{"name":"user_4034","@id":"https:\/\/www.fcbarcelonanoticias.com\/en\/#\/schema\/person\/af5ca539abaaa1bd2753d05ef7a706d0"},"headline":"Bar\u00e7a pressures LaLiga to approve the accounts and allow registrations","datePublished":"2022-08-08T11:32:00+00:00","dateModified":"2022-08-08T15:21:00+00:00","mainEntityOfPage":{"@id":"https:\/\/www.fcbarcelonanoticias.com\/en\/transfers\/the-barca-presiona-to-laliga-so-that-it-approve-the-accounts-and_283008_102.html"},"wordCount":417,"image":{"@id":"https:\/\/www.fcbarcelonanoticias.com\/en\/transfers\/the-barca-presiona-to-laliga-so-that-it-approve-the-accounts-and_283008_102.html#primaryimage"},"thumbnailUrl":"https:\/\/www.fcbarcelonanoticias.com\/en\/wp-content\/uploads\/sites\/2\/2022\/08\/fbl-esp-liga-barcelona-7-1.jpeg","keywords":["Joan Laporta"],"articleSection":["Transfers","Transfers"],"inLanguage":"en-US"},{"@type":"WebPage","@id":"https:\/\/www.fcbarcelonanoticias.com\/en\/transfers\/the-barca-presiona-to-laliga-so-that-it-approve-the-accounts-and_283008_102.html","url":"https:\/\/www.fcbarcelonanoticias.com\/en\/transfers\/the-barca-presiona-to-laliga-so-that-it-approve-the-accounts-and_283008_102.html","name":"Bar\u00e7a pressures LaLiga to approve the accounts and allow registrations","isPartOf":{"@id":"https:\/\/www.fcbarcelonanoticias.com\/en\/#website"},"primaryImageOfPage":{"@id":"https:\/\/www.fcbarcelonanoticias.com\/en\/transfers\/the-barca-presiona-to-laliga-so-that-it-approve-the-accounts-and_283008_102.html#primaryimage"},"image":{"@id":"https:\/\/www.fcbarcelonanoticias.com\/en\/transfers\/the-barca-presiona-to-laliga-so-that-it-approve-the-accounts-and_283008_102.html#primaryimage"},"thumbnailUrl":"https:\/\/www.fcbarcelonanoticias.com\/en\/wp-content\/uploads\/sites\/2\/2022\/08\/fbl-esp-liga-barcelona-7-1.jpeg","datePublished":"2022-08-08T11:32:00+00:00","dateModified":"2022-08-08T15:21:00+00:00","author":{"@id":"https:\/\/www.fcbarcelonanoticias.com\/en\/#\/schema\/person\/af5ca539abaaa1bd2753d05ef7a706d0"},"description":"The Bar\u00e7a expects by LaLiga to know sis his figures adjust to the limits of the 'fair play financial'. From the directive there is optimism, but also pu...","breadcrumb":{"@id":"https:\/\/www.fcbarcelonanoticias.com\/en\/transfers\/the-barca-presiona-to-laliga-so-that-it-approve-the-accounts-and_283008_102.html#breadcrumb"},"inLanguage":"en-US","potentialAction":[{"@type":"ReadAction","target":["https:\/\/www.fcbarcelonanoticias.com\/en\/transfers\/the-barca-presiona-to-laliga-so-that-it-approve-the-accounts-and_283008_102.html"]}]},{"@type":"ImageObject","inLanguage":"en-US","@id":"https:\/\/www.fcbarcelonanoticias.com\/en\/transfers\/the-barca-presiona-to-laliga-so-that-it-approve-the-accounts-and_283008_102.html#primaryimage","url":"https:\/\/www.fcbarcelonanoticias.com\/en\/wp-content\/uploads\/sites\/2\/2022\/08\/fbl-esp-liga-barcelona-7-1.jpeg","contentUrl":"https:\/\/www.fcbarcelonanoticias.com\/en\/wp-content\/uploads\/sites\/2\/2022\/08\/fbl-esp-liga-barcelona-7-1.jpeg","width":1200,"height":749},{"@type":"BreadcrumbList","@id":"https:\/\/www.fcbarcelonanoticias.com\/en\/transfers\/the-barca-presiona-to-laliga-so-that-it-approve-the-accounts-and_283008_102.html#breadcrumb","itemListElement":[{"@type":"ListItem","position":1,"name":"Portada","item":"https:\/\/www.fcbarcelonanoticias.com\/en\/"},{"@type":"ListItem","position":2,"name":"Bar\u00e7a pressures LaLiga to approve the accounts and allow registrations"}]},{"@type":"WebSite","@id":"https:\/\/www.fcbarcelonanoticias.com\/en\/#website","url":"https:\/\/www.fcbarcelonanoticias.com\/en\/","name":"EN - FC Barcelona Noticias","description":"","potentialAction":[{"@type":"SearchAction","target":{"@type":"EntryPoint","urlTemplate":"https:\/\/www.fcbarcelonanoticias.com\/en\/?s={search_term_string}"},"query-input":{"@type":"PropertyValueSpecification","valueRequired":true,"valueName":"search_term_string"}}],"inLanguage":"en-US"},{"@type":"Person","@id":"https:\/\/www.fcbarcelonanoticias.com\/en\/#\/schema\/person\/af5ca539abaaa1bd2753d05ef7a706d0","name":"user_4034","image":{"@type":"ImageObject","inLanguage":"en-US","@id":"https:\/\/secure.gravatar.com\/avatar\/?s=96&d=mm&r=g","url":"https:\/\/secure.gravatar.com\/avatar\/?s=96&d=mm&r=g","contentUrl":"https:\/\/secure.gravatar.com\/avatar\/?s=96&d=mm&r=g","caption":"user_4034"},"url":"https:\/\/www.fcbarcelonanoticias.com\/en\/user_4034.html"}]}},"_links":{"self":[{"href":"https:\/\/www.fcbarcelonanoticias.com\/en\/wp-json\/wp\/v2\/posts\/142918","targetHints":{"allow":["GET"]}}],"collection":[{"href":"https:\/\/www.fcbarcelonanoticias.com\/en\/wp-json\/wp\/v2\/posts"}],"about":[{"href":"https:\/\/www.fcbarcelonanoticias.com\/en\/wp-json\/wp\/v2\/types\/post"}],"author":[{"embeddable":true,"href":"https:\/\/www.fcbarcelonanoticias.com\/en\/wp-json\/wp\/v2\/users\/378"}],"replies":[{"embeddable":true,"href":"https:\/\/www.fcbarcelonanoticias.com\/en\/wp-json\/wp\/v2\/comments?post=142918"}],"version-history":[{"count":1,"href":"https:\/\/www.fcbarcelonanoticias.com\/en\/wp-json\/wp\/v2\/posts\/142918\/revisions"}],"predecessor-version":[{"id":155357,"href":"https:\/\/www.fcbarcelonanoticias.com\/en\/wp-json\/wp\/v2\/posts\/142918\/revisions\/155357"}],"wp:featuredmedia":[{"embeddable":true,"href":"https:\/\/www.fcbarcelonanoticias.com\/en\/wp-json\/wp\/v2\/media\/142922"}],"wp:attachment":[{"href":"https:\/\/www.fcbarcelonanoticias.com\/en\/wp-json\/wp\/v2\/media?parent=142918"}],"wp:term":[{"taxonomy":"category","embeddable":true,"href":"https:\/\/www.fcbarcelonanoticias.com\/en\/wp-json\/wp\/v2\/categories?post=142918"},{"taxonomy":"post_tag","embeddable":true,"href":"https:\/\/www.fcbarcelonanoticias.com\/en\/wp-json\/wp\/v2\/tags?post=142918"}],"curies":[{"name":"wp","href":"https:\/\/api.w.org\/{rel}","templated":true}]}}